{"id":560,"date":"2021-04-08T14:18:40","date_gmt":"2021-04-08T19:18:40","guid":{"rendered":"https:\/\/colombiamarxista.com\/?p=560"},"modified":"2025-03-27T11:46:03","modified_gmt":"2025-03-27T16:46:03","slug":"las-lecciones-del-bogotazo-el-rol-de-gaitan","status":"publish","type":"post","link":"https:\/\/colombiamarxista.com\/?p=560","title":{"rendered":"Las lecciones de El Bogotazo: el rol de Gait\u00e1n"},"content":{"rendered":"\t\t<div data-elementor-type=\"wp-post\" data-elementor-id=\"560\" class=\"elementor elementor-560\">\n\t\t\t\t\t\t<section class=\"elementor-section elementor-top-section elementor-element elementor-element-71568763 elementor-section-boxed elementor-section-height-default elementor-section-height-default\" data-id=\"71568763\" data-element_type=\"section\">\n\t\t\t\t\t\t<div class=\"elementor-container elementor-column-gap-default\">\n\t\t\t\t\t<div class=\"elementor-column elementor-col-100 elementor-top-column elementor-element elementor-element-69c621e8\" data-id=\"69c621e8\" data-element_type=\"column\">\n\t\t\t<div class=\"elementor-widget-wrap elementor-element-populated\">\n\t\t\t\t\t\t<div class=\"elementor-element elementor-element-7caf2e20 elementor-widget elementor-widget-text-editor\" data-id=\"7caf2e20\" data-element_type=\"widget\" data-widget_type=\"text-editor.default\">\n\t\t\t\t<div class=\"elementor-widget-container\">\n\t\t\t\t\t\t\t<!-- wp:paragraph -->\n<p>La figura de Jorge Eliecer Gait\u00e1n sigue difusa en la memoria de los colombianos, por supuesto, esto se debe a la naturaleza de nuestras elites que no s\u00f3lo se conformaron con perseguir, calumniar y matar al hombre junto con su doctrina, sino que adem\u00e1s, despu\u00e9s de desaparecerle han hecho todo lo posible por tergiversar su mensaje e imagen hasta convertirlo en un s\u00edmbolo hier\u00e1tico e inofensivo.\u00a0\u00a0<\/p>\n<!-- \/wp:paragraph --><!-- wp:paragraph -->\n<p>La ideolog\u00eda gaitanista ha sido aprovechada por todas las orillas pol\u00edticas para acomodarla a sus intereses reaccionarios o reformistas. Sin embargo, no parece existir el prop\u00f3sito, en ninguno de ellos, de mirar con objetividad y verdadera curiosidad cient\u00edfica las ense\u00f1anzas que dejaron Gait\u00e1n y el proceso social que desat\u00f3. Sobre todo a la luz de nuestros tiempos y actual contexto.\u00a0<\/p>\n<!-- \/wp:paragraph --><!-- wp:paragraph -->\n<p>Por esta raz\u00f3n, creemos pertinente hacer un an\u00e1lisis profundo de los aciertos y errores de este gran hombre, estudiando al personaje y su contexto hist\u00f3rico desde una perspectiva cr\u00edtica y marxista, que no s\u00f3lo nos ayudar\u00e1 a entenderlo mejor sino que, sobre todo, nos ense\u00f1ar\u00e1 lecciones valiosas para las luchas que hoy afrontamos y aquellas que se avecinan.\u00a0<\/p>\n<!-- \/wp:paragraph --><!-- wp:paragraph -->\n<p><strong>LAS IDEAS SOCIALISTAS EN COLOMBIA<\/strong>:<\/p>\n<!-- \/wp:paragraph --><!-- wp:paragraph -->\n<p>A comienzos del siglo pasado un proletariado peque\u00f1o, que hab\u00eda crecido dolorosamente en medio de una Colombia principalmente campesina y econ\u00f3micamente atrasada, comenzaba a forjarse en sus primeras experiencias de lucha. Los artesanos, gremio experimentado por su rebeli\u00f3n de 1854, lideraban las huelgas espont\u00e1neas junto a ferrocarrileros, tranviarios, alba\u00f1iles y dem\u00e1s trabajadores de la industria que m\u00e1s adelante crecer\u00edan en n\u00famero y liderazgo.\u00a0\u00a0\u00a0<\/p>\n<!-- \/wp:paragraph --><!-- wp:paragraph -->\n<p>A la par, las fuerzas pol\u00edticas tradicionales comenzaban a anquilosarse, presentando pocas opciones a las clases marginadas. El Partido Conservador, por ejemplo, una de las dos grandes organizaciones pol\u00edticas de Colombia en aquella \u00e9poca, estaba en un periodo hegem\u00f3nico que durar\u00eda m\u00e1s de tres d\u00e9cadas y bajo el cual se perder\u00eda a Panam\u00e1 y se pelear\u00eda la Guerra de los Mil D\u00edas. Mientras, su oponente, el Partido Liberal, relegado del poder se mostraba como aliado de los oprimidos, pero con un programa ligado a los intereses del incipiente capitalismo y de la peque\u00f1a burgues\u00eda. Ninguna de estas dos opciones ofrec\u00eda soluciones efectivas al campesinado pobre que era v\u00edctima de un sistema semifeudal, principalmente dirigido por terratenientes que acumulaban grandes extensiones de tierra, explot\u00e1ndola a trav\u00e9s de la hacienda, con relaciones de trabajo atrasadas. Mucho menos ayudaba a los obreros de las ciudades que ten\u00edan paup\u00e9rrimos sueldos y muy escasas opciones laborales. Ser\u00edan los elementos m\u00e1s progresistas del liberalismo, aquellos que asumieron una posici\u00f3n m\u00e1s \u201cradical\u201d, los que encontrar\u00e1n alguna simpat\u00eda entre las masas y tambi\u00e9n ser\u00edan ellos los que, a trav\u00e9s de ediciones francesas, traer\u00e1n las primeras nociones del socialismo al pais.<\/p>\n<!-- \/wp:paragraph --><!-- wp:paragraph -->\n<p><img fetchpriority=\"high\" decoding=\"async\" src=\"https:\/\/docs.google.com\/drawings\/u\/1\/d\/sZc5fW8IdRBgZiVsukhpY5Q\/image?w=351&amp;h=432&amp;rev=1&amp;ac=1&amp;parent=1okUwfKNEe_4aeQtVfwkDNX3ZvYpORLx2\" width=\"351\" height=\"432\" \/><\/p>\n<!-- \/wp:paragraph --><!-- wp:paragraph -->\n<p>A ra\u00edz de esta b\u00fasqueda de ideas nuevas nacer\u00eda, en 1926, el socialdem\u00f3crata PSR (Partido Socialista Revolucionario), que ser\u00eda el predecesor del estalinista PCC (Partido Comunista Colombiano). Parad\u00f3jicamente, no iban a ser ellos los que har\u00edan la primera obra te\u00f3rica sobre socialismo en el pa\u00eds, este privilegio se lo llevar\u00eda el hijo de una maestra y un librero, liberales, de origen humilde y hermano de cinco, llamado Jorge Eli\u00e9cer Gait\u00e1n Ayala.\u00a0<\/p>\n<!-- \/wp:paragraph --><!-- wp:paragraph -->\n<p>Con 21 a\u00f1os de edad &lt;fn&gt; Existe cierta confusi\u00f3n con la fecha y el a\u00f1o de nacimiento de Gait\u00e1n. Las dos fechas que m\u00e1s se utilizan son 1898 y 1903.\u00a0 Se toma aqu\u00ed esta \u00faltima, ya que es la m\u00e1s aceptada. Esta aparece por primera vez en el libro \u201c<em>Uribe Uribe y Gait\u00e1n, caudillos del pueblo\u201d<\/em>\u00a0de Javier Henao Hidr\u00f3n. &lt;\/fn&gt; , este joven bogotano terminaba su carrera en Derecho en la Universidad Nacional de Colombia, mientras preparaba su conocida tesis de grado: \u201c<em>Las ideas socialistas en Colombia\u201d<\/em>. Este texto, casi \u00fanico en el contexto nacional, exhib\u00eda, por primera vez en la historia del pa\u00eds, el concepto de socialismo cient\u00edfico desde una mirada acad\u00e9mica, plante\u00e1ndose la posibilidad de implantarlo.\u00a0<\/p>\n<!-- \/wp:paragraph --><!-- wp:paragraph -->\n<p>Resulta asombrosa la relevancia de este documento, pues,\u00a0 no es com\u00fan que una tesis de grado de estas caracter\u00edsticas trascienda as\u00ed en nuestro pa\u00eds. La brillantez y el talento pol\u00edtico demostrados por Gait\u00e1n eran sorprendentes. Sobre todo, lo eran las observaciones, en general acertadas, actuales y extraordinariamente revolucionarias que se expon\u00edan en su libro. No todas eran atinadas; sin embargo, para ser el primero de su especie, se debe aceptar que el joven autor logr\u00f3 hacer una lectura certera del agudo conflicto de clases interno y de las innumerables dificultades que deb\u00edan enfrentar los campesinos pobres, obreros y artesanos en manos de la inoperante oligarqu\u00eda colombiana. Por supuesto, y a pesar de su buen sustento pol\u00edtico, las conclusiones dadas por Gait\u00e1n no dejaban de ser de corte liberal y no pasaban de hacer evidente la necesidad de desarrollar el capitalismo nacional y de sugerir una apertura a nuevas formas pol\u00edticas.\u00a0<\/p>\n<!-- \/wp:paragraph --><!-- wp:paragraph -->\n<p>El prestigio de Gait\u00e1n crecer\u00eda despu\u00e9s de presentar su tesis en 1924 y lo ayudar\u00eda con su carrera, facilitandole escalar diferentes cargos p\u00fablicos. El partido al que se afilia, casi por tradici\u00f3n familiar, es el Liberal.\u00a0\u00a0Esta no fue la \u00fanica tesis de Gait\u00e1n que recibi\u00f3 elogios, tambi\u00e9n los tendr\u00eda <em>\u201cEl criterio positivo de la premeditaci\u00f3n\u201d<\/em> que realiz\u00f3 en la Real Universidad de Roma &lt;fn&gt;El viaje de Gait\u00e1n a Roma se da en 1926. Logra realizarlo gracias a juntar algunos ahorros y con la ayuda de uno de sus hermanos. El viaje lo hace con el fin de continuar y mejorar sus estudios en Derecho Penal.\u00a0&lt;\/fn&gt; hacia el a\u00f1o 1927 y que fue laureada con el premio Enrico Ferri &lt;fn&gt; Durante el tiempo en que Gait\u00e1n estuvo en Italia el r\u00e9gimen fascista de Mussolini era el que estaba al mando. Ferri, maestro preferido de Jorge Eli\u00e9cer, era un penalista que fue secretario del PSI (Partido Socialista Italiano) para luego \u201cconvertirse\u201d al fascismo de manera abierta. Tambi\u00e9n, impuls\u00f3 la Escuela Positivista en Italia junto con Rafael Gar\u00f3falo y Cesare Lombroque, promoviendo con ella una doctrina idealista subjetiva. Esta relaci\u00f3n del caudillo colombiano con Enrico le valdr\u00eda de excusa al PCC para tildarlo de fascista, una afirmaci\u00f3n completamente falsa de la que se retractaron a\u00f1os m\u00e1s tarde.&lt;\/fn&gt;. La relevancia de esta \u00faltima no es la misma de la primera, no obstante, en ella se perciben los fundamentos ideol\u00f3gico-subjetivos de Gait\u00e1n que m\u00e1s adelante se traducir\u00edan en varios de sus mayores fallos pol\u00edticos.\u00a0\u00a0\u00a0<\/p>\n<!-- \/wp:paragraph --><!-- wp:paragraph -->\n<p><strong>LA MASACRE DE LAS BANANERAS:\u00a0<\/strong><\/p>\n<!-- \/wp:paragraph --><!-- wp:paragraph -->\n<p>La noche del 5 de diciembre de 1928 m\u00e1s de 2000 huelguistas depart\u00edan, instalados en la plaza de Ci\u00e9naga (Magdalena). Se hab\u00edan juntado all\u00ed, luego de varios d\u00edas de protesta sin llegar a ning\u00fan acuerdo, porque se les hab\u00eda hecho creer que al d\u00eda siguiente se encontraron con el gobernador de la regi\u00f3n para hablar sobre algunos puntos de su pliego de peticiones que, supuestamente, la United Fruit Company hab\u00eda aceptado. Mientras dorm\u00edan, muchos acompa\u00f1ados por sus familias, un batall\u00f3n de 300 soldados, bajo el mando del general Carlos Cort\u00e9s Vargas, arremeti\u00f3 con ametralladoras y fusiles en contra del desprevenido grupo. Fue una cruenta matanza que se prolongar\u00e1 hasta la madrugada del d\u00eda 6 y que continu\u00f3 durante 120 d\u00edas hasta casi exterminar el movimiento bananero.\u00a0<\/p>\n<!-- \/wp:paragraph --><!-- wp:paragraph -->\n<p>El gobierno del conservador Abad\u00eda M\u00e9ndez, c\u00f3mplice de la multinacional, al ver la magnitud de los sucesos puso todos sus recursos en marcha para desaparecer los cuerpos, tir\u00e1ndolos al mar o enterr\u00e1ndolos en las playas, y tergiversar los hechos, con tal esmero, que a\u00fan hoy es un misterio el n\u00famero exacto de v\u00edctimas producidas durante aquel cobarde ataque. \u00a0&lt;fn&gt; \u00a0Las narraciones populares orales y escritas difieren en relaci\u00f3n al n\u00famero de muertos: de 800 a 3000.\u00a0 Al principio se hablaba de 9 muertos, los cuales dejaron tirados en la plaza y con los que hac\u00edan chistes crueles comparando su n\u00famero con el de los puntos en el pliego de peticiones de la huelga. Cort\u00e9s Vargas, general al mando de las tropas en la zona, dijo que fueron 47. Hoy gracias al esfuerzo de diversos investigadores se reconocen cerca de 1200, entre hombres, mujeres y ni\u00f1os. Eso sin sumar todos los que murieron durante la arremetida posterior en las plantaciones. Los primeros 15 d\u00edas, los m\u00e1s sangrientos, produjeron alrededor de 800.\u00a0\u00a0&lt;\/fn&gt;<\/p>\n<!-- \/wp:paragraph --><!-- wp:paragraph -->\n<p><br \/>Elegido en marzo de 1928 como representante a la C\u00e1mara por el Partido Liberal, El Negro, como llamaban a Gait\u00e1n los m\u00e1s cercanos, realiz\u00f3 una larga investigaci\u00f3n en la zona bananera para comprender mejor lo sucedido durante aquel periodo calamitoso. Lo que encontr\u00f3 fue tan importante que, durante tres d\u00edas, del 3 al 6 de septiembre de 1929, en debate del Congreso, el joven caudillo reconstruy\u00f3 los hechos con pruebas y declaraciones de testigos y fuentes oficiales, denunciando al Estado, su ej\u00e9rcito y a la oligarqu\u00eda colombiana por sus desastrosas acciones. Esta denuncia, que se conocer\u00eda como \u201c<em>El debate sobre las Bananeras\u201d, <\/em>&lt;fn&gt; \u00a0El debate lo presentar\u00e1n Jorge Eli\u00e9cer Gait\u00e1n junto con Gabriel Turbay, sin embargo es el primero quien hace toda la investigaci\u00f3n y exposici\u00f3n. Turbay, descendiente\u00a0 de los migrantes libaneses de mediados del siglo XIX , era un pol\u00edtico liberal que hac\u00eda parte de la oligarqu\u00eda nacional y cuyos intereses no trascend\u00edan a los de su clase y filiaci\u00f3n pol\u00edtica. Lo m\u00e1s seguro es que la aparici\u00f3n de su nombre en el debate fuera el resultado de un apoyo de bancada para mostrar uni\u00f3n de partido con el fin de recaudar votos, m\u00e1s que un genuino inter\u00e9s personal de justicia. M\u00e1s adelante, durante las elecciones presidenciales de 1946, Turbay ser\u00eda contrincante de Gait\u00e1n, tambi\u00e9n como candidato del partido Liberal.\u00a0 Su candidatura era percibida como la de los tradicionales del partido, los de clase alta, mientras que la de Gait\u00e1n representaba a la clase popular.\u00a0&lt;\/fn&gt; se transformar\u00eda en la respuesta al clamor popular que exig\u00eda el pronunciamiento de alguno de sus representantes.\u00a0<\/p>\n<!-- \/wp:paragraph --><!-- wp:paragraph -->\n<p>Vale la pena recordar aqu\u00ed que durante la d\u00e9cada de los veinte del siglo pasado las uniones sindicales crecieron en n\u00famero y consciencia de lucha en las diferentes regiones del pa\u00eds, su accionar rebelde tuvo un peso importante en los movimientos sociales y contagi\u00f3 a ind\u00edgenas y campesinos. El PSR, de manera acertada, cre\u00f3 lazos importantes con estas organizaciones obreras y logr\u00f3 encabezar varios de sus Comit\u00e9s de Huelga en Bogot\u00e1, Barrancabermeja, L\u00edbano y Ci\u00e9naga, entre muchos otros. Era su experiencia en campo, m\u00e1s que sus an\u00e1lisis te\u00f3ricos, la que los mov\u00eda al correcto acercamiento al proletariado.\u00a0<\/p>\n<!-- \/wp:paragraph --><!-- wp:paragraph -->\n<p>Durante la huelga establecida por la Uni\u00f3n Sindical del Magdalena contra la compa\u00f1\u00eda frutera en noviembre y diciembre de 1928 , el aporte organizativo del PSR hab\u00eda sido decisivo. La determinaci\u00f3n de parar actividades se dio, en parte, gracias a la influencia de Eduardo Mahecha, militante del partido enviado, junto con otros cuadros, con el fin de hacer agitaci\u00f3n y formaci\u00f3n a dirigentes locales. Al mismo tiempo, el Secretario del partido Tom\u00e1s Uribe M\u00e1rquez, instalado en Bogot\u00e1, daba orientaciones a Mahecha quien las transmit\u00eda a los trabajadores.\u00a0<\/p>\n<!-- \/wp:paragraph --><!-- wp:paragraph -->\n<p>Despu\u00e9s de lo acontecido, la noche del 5, la institucionalidad intensific\u00f3 su represi\u00f3n &lt;fn&gt; \u00a0Para comienzo de ese a\u00f1o el ministro de guerra Ignacio Rengifo sac\u00f3 un decreto llamado la Ley Heroica que prohib\u00eda cualquier encuentro grupal con fines comunistas, socialistas o bolcheviques. Bajo la ejecuci\u00f3n de este decreto aumentaron los arrestos de trabajadores sindicales y miembros del PSR y se allanaron viviendas de simpatizantes e imprentas con material propagand\u00edstico.\u00a0&lt;\/fn&gt;, persiguiendo a todo aquel que hubiese tenido algo que ver con la Zona Bananera y sembrando el terror entre los trabajadores. Sin preparaci\u00f3n para un evento de estas proporciones los socialistas involucrados fueron asesinados o exiliados. Esto represent\u00f3 un golpe tenaz para la organizaci\u00f3n que termin\u00f3 debilitada y con cierto descr\u00e9dito. La falta de una formaci\u00f3n y un an\u00e1lisis te\u00f3rico correctos, contrastados a la luz de la realidad nacional del momento y al servicio de las bases, no les permiti\u00f3 defenderse de estos hechos violentos, ni determinar acciones estrat\u00e9gicas que hubiesen podido evitar la magnitud de ese desastre.\u00a0<\/p>\n<!-- \/wp:paragraph --><!-- wp:paragraph -->\n<p>El logro de Gait\u00e1n durante este debate fue, precisamente, el de dar voz a las v\u00edctimas y poner su grito en los o\u00eddos de las masas. Lo hizo con tal \u00e9xito que para el final de la \u00faltima sesi\u00f3n del debate de las Bananeras, las gradas del recinto estaban repletas de estudiantes y obreros que gritaban su nombre acompa\u00f1ado de vivas, mientras muchas de las sillas de los representantes a la C\u00e1mara y congresistas quedaban desocupadas. Ante la implacable represi\u00f3n estatal y el silencio de quienes se autoproclaman hombres del pueblo, era evidente que este esfuerzo llamar\u00eda la atenci\u00f3n de los despose\u00eddos. Jorge Eli\u00e9cer Gait\u00e1n se mostraba ante todos como el mejor l\u00edder posible, el m\u00e1s revolucionario, y parec\u00eda que lo era.<\/p>\n<!-- \/wp:paragraph --><!-- wp:paragraph -->\n<p>S\u00f3lo exist\u00eda un problema, su posici\u00f3n. Esta se ce\u00f1\u00eda estrictamente a la ley. La conclusi\u00f3n de su debate se podr\u00eda resumir en un llamamiento a respetar las leyes burguesas, nacionales e internacionales, y a buscar, a trav\u00e9s de estas, el saneamiento del Estado colombiano de los par\u00e1sitos corruptos que lo contaminaban. Pese a tener las mayor\u00edas de su lado Jorge Eli\u00e9cer prefer\u00eda las v\u00edas legales a las grandes movilizaciones. A\u00f1os despu\u00e9s aprender\u00eda lo poderosa que pod\u00eda llegar a ser la clase trabajadora enardecida, aunque nunca se alejar\u00eda de su idea principal de cambiar el Estado burgu\u00e9s con las mismas armas de las que este se val\u00eda para reprimir. Por supuesto la historia le mostrar\u00eda su error.<\/p>\n<!-- \/wp:paragraph --><!-- wp:paragraph -->\n<p><strong>EL ASCENSO DEL CAUDILLO:<\/strong><\/p>\n<!-- \/wp:paragraph --><!-- wp:paragraph -->\n<p>La subida al poder de Olaya Herrera en 1930, un liberal de la \u00e9lite, le dio a Gait\u00e1n la oportunidad de crecer dentro del aparato burocr\u00e1tico nacional y al mismo tiempo le facilit\u00f3 su cercan\u00eda a las masas. Sus puestos como representante a la C\u00e1mara, alcalde de la capital y ministro de Educaci\u00f3n le allanaron el camino para su ascenso pol\u00edtico y le mostraron de cerca la podredumbre institucional. De igual manera los aprovech\u00f3 para generar beneficios masivos como la campa\u00f1a de alfabetizaci\u00f3n que emprendi\u00f3 en 1940, acompa\u00f1ada por un fuerte apoyo a las artes.\u00a0<\/p>\n<!-- \/wp:paragraph --><!-- wp:paragraph -->\n<p>Pronto se convenci\u00f3 de que la soluci\u00f3n estaba fuera de las envejecidas estructuras bipartidistas y para 1933 crear\u00eda la UNIR (Uni\u00f3n Nacional de Izquierda Revolucionaria)\u00a0 junto con otros liberales de posturas de izquierda. Este era un partido que pretend\u00eda hacer frente unido para dar una nueva opci\u00f3n al pa\u00eds. El experimento tendr\u00eda una vida corta, en 1935 Gait\u00e1n regresar\u00eda al liberalismo. No obstante, el conjunto de sus ideas pol\u00edticas se desarrollar\u00edan durante este periodo, tanto as\u00ed que el programa propuesto para dicho partido, uno basado en el desarrollo del capital con una visi\u00f3n liberal, ser\u00eda el mismo con el que se presentar\u00eda a la presidencia en 1946.\u00a0<\/p>\n<!-- \/wp:paragraph --><!-- wp:paragraph -->\n<p><br \/>Se necesitaba un programa verdaderamente revolucionario, pero esto nunca lleg\u00f3. Lo que s\u00ed lleg\u00f3 fue la propuesta liberal con tintes socialdem\u00f3cratas de Gait\u00e1n que, aunque era moderado, daba opciones de cambio al pa\u00eds y a los m\u00e1s desfavorecidos. En \u00e9l se vinculaba a la clase trabajadora y se la pon\u00eda en el centro como productora de riquezas, se le daba importancia al sector agrario y se le exig\u00eda esfuerzo a los capitalistas nacionales para organizarse y trabajar en la elaboraci\u00f3n formal de empresas. \u201cPropon\u00eda una pol\u00edtica de mayor intervenci\u00f3n estatal, en defensa del peque\u00f1o capital y en contra del grande, en especial del norteamericano; de ah\u00ed su orientaci\u00f3n anti-imperialista.\u201d.\u00a0&lt;fn&gt;\u00a0Extra\u00eddo de: \u201cEconom\u00eda y Naci\u00f3n una breve historia de Colombia\u201d cuarta edici\u00f3n: 1994 de Salom\u00f3n Kalmanovitz.\u00a0 &lt;\/fn&gt; Todo adornado con un empaque de moralidad y \u00e9tica positivistas.<\/p>\n<!-- \/wp:paragraph --><!-- wp:paragraph -->\n<p>Gait\u00e1n comprend\u00eda que la clase trabajadora crec\u00eda en n\u00famero y que el grueso de \u00e9sta estaba en las bases de los dos partidos tradicionales. Por ende, enfoc\u00f3 su atenci\u00f3n en esas mayor\u00edas m\u00e1s pobres, sin importar si eran liberales o conservadoras, y logr\u00f3 despertar en ellas su inter\u00e9s.\u00a0<\/p>\n<!-- \/wp:paragraph --><!-- wp:paragraph -->\n<p>As\u00ed, en 1945, en plaza p\u00fablica, lanz\u00f3 su candidatura presidencial enfrent\u00e1ndose al conservador Mariano Ospina P\u00e9rez y al tambi\u00e9n liberal Gabriel Turbay, candidato de la oficialidad. Esta candidatura fue ratificada por las bases liberales y el partido tuvo que aceptarla de mala gana. Desde ese momento Gait\u00e1n se convirti\u00f3 en el candidato del pueblo y en su caudillo. Durante el discurso de lanzamiento, el Jefe resaltaba la importancia de unirse como clase trabajadora bajo un mismo partido contra la corrupci\u00f3n de la elite, fraccionada por sus intereses encontrados y capaz de los horrores m\u00e1s perversos. Poco a poco fue despertando la consciencia de clase de sus seguidores, d\u00e1ndoles un objetivo y proyecto pol\u00edtico por los cuales luchar.\u00a0<\/p>\n<!-- \/wp:paragraph --><!-- wp:paragraph -->\n<p>Por supuesto, el m\u00e9rito no era s\u00f3lo suyo. Las luchas de las organizaciones estudiantiles, sindicales y campesinas contribu\u00edan al ambiente de indignaci\u00f3n, a pesar de no tener ya la misma fuerza de los a\u00f1os veinte o a las mayor\u00edas de su lado. Tambi\u00e9n, la oligarqu\u00eda hab\u00eda minado la confianza de la gente, los gobiernos liberales que vinieron despu\u00e9s de los 41 a\u00f1os de hegemon\u00eda conservadora no lograron cambiar la situaci\u00f3n miserable y atrasada que reinaba en el pa\u00eds. Al contrario, la empeoraban m\u00e1s. Por ejemplo, en el campo, adem\u00e1s de enfrentarse al abandono estatal y a una estructura social m\u00e1s parecida al feudalismo que a otra cosa, deb\u00edan soportar una oleada de violencia bipartidista, instigada por el conservadurismo e ignorada por la oficialidad; las ciudades continuaban con altos \u00edndices de desempleo y bajas opciones de estudio y la corrupci\u00f3n estatal crec\u00eda manchando a todos sus funcionarios. La mecha estaba encendida, lo \u00fanico que hac\u00eda falta era un detonante.\u00a0<\/p>\n<!-- \/wp:paragraph --><!-- wp:paragraph -->\n<p><strong>EL FACTOR SUBJETIVO:<\/strong><\/p>\n<!-- \/wp:paragraph --><!-- wp:paragraph -->\n<p>Si bien era cierto que un c\u00f3ctel se preparaba, la historia nos ha ense\u00f1ado que un pueblo iracundo y una elite inepta no son ingredientes suficientes para tener una revoluci\u00f3n socialista; hacen falta muchos elementos m\u00e1s. Por ejemplo, un partido verdaderamente revolucionario que aglutine a lo m\u00e1s avanzado de la clase trabajadora y comprenda desde el an\u00e1lisis de las coyunturas socioecon\u00f3micas los problemas que afectan a su clase y las soluciones m\u00e1s acertadas para construir un programa que los enfrente. Sin este factor subjetivo no pod\u00eda existir posibilidad de \u00e9xito, ni para la Colombia de entonces, ni para la de ahora.\u00a0<\/p>\n<!-- \/wp:paragraph --><!-- wp:paragraph -->\n<p>Gait\u00e1n era un l\u00edder \u00fanico al que le cab\u00eda el pa\u00eds en la cabeza, pero demostr\u00f3 no tener ning\u00fan inter\u00e9s en el crecimiento intelectual y estrat\u00e9gico de los dirigentes gaitanistas que lo segu\u00edan, en su mayor\u00eda gente trabajadora. Confiaba m\u00e1s en los elementos burgueses y elitistas, a la cabeza del Partido Liberal, que en aquellas masas atentas y fieles a su discurso. Esta posici\u00f3n mostr\u00f3 sus fallas en el desenvolvimiento de los escabrosos sucesos del Bogotazo.\u00a0<\/p>\n<!-- \/wp:paragraph --><!-- wp:paragraph -->\n<p>Despu\u00e9s de las elecciones presidenciales de 1946 \u2014las cuales hab\u00edan perdido los dos candidato liberales contra el conservador Mariano Ospina P\u00e9rez\u2014, Gait\u00e1n, hab\u00eda reforzado su trabajo pol\u00edtico, convirti\u00e9ndose en el Jefe \u00fanico del partido Liberal y aprovechando esa plaza y su bien formado m\u00fasculo social para reunir a las mayor\u00edas oprimidas de todas las orillas bajo su bandera. El entendimiento de la derrota electoral, fundamentado en la lucha de clases, y el mal gobierno de P\u00e9rez, le abrieron el espacio al caudillo para poner en marcha a esas mayor\u00edas, convocando varias de las m\u00e1s grandes manifestaciones hechas, hasta la fecha, en el pa\u00eds. Eran expresiones casi \u00fanicas de coordinaci\u00f3n y solidaridad obrera. Entre las m\u00e1s remarcables est\u00e1 la denominada Marcha del Silencio, realizada el 17 de febrero de 1948 en Bogot\u00e1 y en la que los manifestantes marcharon en completo silencio como se\u00f1al de duelo por la violencia que ejerc\u00eda la Polic\u00eda Pol\u00edtica sobre la base liberal, principalmente en las regiones rurales. La fuerza demostrada por estas manifestaciones estimul\u00f3 la fe del proletariado y campesinado pobre en su propia fuerza, a favor de la defensa de las ideas gaitanistas, as\u00ed como inst\u00f3 el miedo y recelo de las clases dominantes.\u00a0\u00a0\u00a0<\/p>\n<!-- \/wp:paragraph --><!-- wp:paragraph -->\n<p>Es precisamente en Bogot\u00e1 donde el gaitanismo es acogido con mayor euforia, pues al ser la capital del pa\u00eds, conten\u00eda en su interior un n\u00famero mayor de trabajadores en comparaci\u00f3n a otras zonas. El crecimiento industrial promovido por las reformas liberales en la d\u00e9cada de los treinta y la movilizaci\u00f3n de la ruralidad hacia la ciudad, huyendo de la pobreza y la violencia, aport\u00f3 al incremento de ese n\u00famero y ayud\u00f3 a que el movimiento capitalino fuera m\u00e1s robusto y organizado.<\/p>\n<!-- \/wp:paragraph --><!-- wp:paragraph -->\n<p>Igual ayuda prestaron los despidos y el desmejoramiento de la calidad de vida de la clase trabajadora, como resultado de un aumento en la inflaci\u00f3n, en 1948, que ven\u00eda en ascenso desde mitad de esa d\u00e9cada. Muchas familias tuvieron que regresar al campo o decidieron vivir del rebusque en las calles. Los barrios populares vieron un aumento de la pobreza y la miseria. La copa se llenar\u00eda hasta el borde con la realizaci\u00f3n de la Novena Conferencia Panamericana que trajo consigo un obsceno gasto de dinero con el fin de supuestamente embellecer a la ciudad. Estos ingredientes se sumaron a esa furia agazapada y las filas del gaitanismo se engrosaron bajo la arenga de \u201c\u00a1A la carga!\u201d que sol\u00eda esgrimir su Tribuno con pasi\u00f3n.\u00a0<\/p>\n<!-- \/wp:paragraph --><!-- wp:paragraph -->\n<p><br \/>El viernes 9 de abril de 1948, a la 1:15 de la tarde, Jorge Eliecer sal\u00eda de su oficina acompa\u00f1ado por varios de sus amigos y compa\u00f1eros de partido. Al llegar a la puerta del edificio, ni bien cruzaba el quicio de \u00e9sta, una serie de disparos de rev\u00f3lver &lt;fn&gt; \u00a0Existen varias confusiones alrededor de la muerte de Gait\u00e1n, una de ellas es la referente con la cantidad de personas involucradas en el asesinato del l\u00edder, o la identidad de \u00e9stas. Juan Roa Sierra, el \u00fanico hombre identificado como culpable y al que el pueblo iracundo arrastr\u00f3, despu\u00e9s de golpearlo hasta la muerte,\u00a0 desde el lugar en que ocurrieron los hechos hasta la Plaza de Bol\u00edvar, cumpli\u00f3 el papel de chivo expiatorio, recayendo sobre \u00e9l toda la atenci\u00f3n medi\u00e1tica. Aunque todas las pruebas apuntan a su culpabilidad, es seguro que no fue el \u00fanico involucrado y que la acci\u00f3n asesina no naci\u00f3 de una iniciativa personal. &lt;\/fn&gt; lo impactaron, caus\u00e1ndole heridas mortales. El crimen, que marcar\u00eda un hito de gran importancia en la historia colombiana, despert\u00f3 la indomable ira popular.<\/p>\n<!-- \/wp:paragraph --><!-- wp:paragraph -->\n<p>Las calles estaban colmadas de gente desesperada, llorando y maldiciendo por lo sucedido. La multitud entendi\u00f3, de pronto, cu\u00e1l era su enemigo natural y sin dudarlo dos veces arremeti\u00f3 contra todo aquello que representaba al poder establecido. Varios de los edificios m\u00e1s representativos del Estado fueron atacados, cayendo, algunos de ellos, bajo el poder destructivo de las mayor\u00edas. Por ejemplo, el edificio donde se realizaba la IX Conferencia Panamericana, qued\u00f3 reducido a cenizas . &lt;fn&gt; \u00a0La IX Conferencia Panamericana, celebrada en Bogot\u00e1 por aquellos d\u00edas, tuvo como asistentes a varias figuras internacionales de renombre, como el general George C. Marshall , quien fuera galardonado con el premio Nobel de la Paz por su conocido Plan Marshall. Un plan que pretend\u00eda ayudar a los pa\u00edses europeos devastados por la II Guerra Mundial y cuyo verdadero fin era el de perseguir el comunismo o todo aquello que se le pareciera. Luego de los acontecimientos del Bogotazo, la sede donde se realizaba dicho evento y que hab\u00eda sido construida exclusivamente para el encuentro, fue destrozada por la enardecida masa obrera, por esta raz\u00f3n la conferencia fue trasladada a uno de los colegios m\u00e1s prestigiosos de la ciudad, siendo fuertemente escoltado por militares. As\u00ed, mientras afuera acribillaban a los insurrectos, dentro se continuar\u00eda con el encuentro internacional que, como resultado final, tendr\u00eda la creaci\u00f3n de la OEA (Organizaci\u00f3n de los Estados Americanos).\u00a0\u00a0\u00a0&lt;\/fn&gt;<\/p>\n<!-- \/wp:paragraph --><!-- wp:paragraph -->\n<p><img decoding=\"async\" src=\"https:\/\/docs.google.com\/drawings\/u\/1\/d\/s9Ed0V0-FCY95XBttT2lWqg\/image?w=564&amp;h=372&amp;rev=1&amp;ac=1&amp;parent=1okUwfKNEe_4aeQtVfwkDNX3ZvYpORLx2\" width=\"564\" height=\"372\" \/><\/p>\n<!-- \/wp:paragraph --><!-- wp:paragraph -->\n<p>Por todas partes se escuchaban llamados para ir a Palacio y cortar la cabeza del presidente. La Radiodifusora Nacional, una de las m\u00e1s importantes del pa\u00eds, fue tomada, al igual que muchas otras emisoras, por estudiantes y sublevados que gritaban emocionados a los micr\u00f3fonos: \u201c\u00a1revoluci\u00f3n!\u201d; y anunciaban, embriagados por el af\u00e1n, el triunfo de manos de los \u201csolidarizados\u201d militares. Esto \u00faltimo, por supuesto una falsedad, cobr\u00f3 cientos de vidas cuando un tanque de guerra acribill\u00f3 a un grupo de amotinados cerca de la Plaza de Bol\u00edvar que, confiados por esas espurias declaraciones, le dejaron pasar y tomar posici\u00f3n. Quienes s\u00ed se contagiaron por el furor fueron las bases de la polic\u00eda urbana, en su mayor\u00eda liberal. Poni\u00e9ndose al servicio de los sublevados, repartiendo armas entre \u00e9stos y ofreciendo sus cuarteles para el resguardo y la protecci\u00f3n de quienes los necesitaran.\u00a0<\/p>\n<!-- \/wp:paragraph --><!-- wp:paragraph -->\n<p>Los escasos grupos organizados esperaban por una respuesta de la direcci\u00f3n liberal, que nunca lleg\u00f3. Al caer la noche, la masa desorganizada degener\u00f3 hasta la anarqu\u00eda, entreg\u00e1ndose al licor y el saqueo. La reacci\u00f3n, por otro lado, aprovech\u00f3 el caos para reordenar sus fuerzas y hall\u00f3 apoyo en puntos estrat\u00e9gicos como los campanarios de las iglesias. Desde lo alto se posicionaron francotiradores, muchos de ellos eran los propios cl\u00e9rigos, que disparaban indiscriminadamente a cualquiera que estuviera en la calle sin importar si era hombre, mujer o ni\u00f1o.\u00a0\u00a0<\/p>\n<!-- \/wp:paragraph --><!-- wp:paragraph -->\n<p>En general era un cataclismo, casi se podr\u00eda decir, una revoluci\u00f3n. Sin embargo, como ya hemos resaltado antes, hac\u00edan falta ingredientes fundamentales para que lo fuera. Entre los l\u00edderes del gaitanismo, no hab\u00eda una sola persona capaz de dirigir estrat\u00e9gicamente la revuelta para llevarla a la victoria, menos entre los comunistas que no contaban con el aprecio de las mayor\u00edas por su posici\u00f3n opositora a Gait\u00e1n, inducida por la estrategia del frente popular. Adem\u00e1s, parte de su maniobra fue dirigida exclusivamente a la acci\u00f3n, con escasa organizaci\u00f3n estrat\u00e9gica. El resultado termin\u00f3 siendo la r\u00e1pida degradaci\u00f3n del movimiento, el aplastamiento brutal y violento de los insurreccionados y la diluci\u00f3n de una posibilidad de cambio para el pa\u00eds. Mientras todo esto suced\u00eda, los bur\u00f3cratas liberales se escond\u00edan en el Palacio de Nari\u00f1o y daban largas a las preguntas de la insurrecci\u00f3n sobre qu\u00e9 hacer.\u00a0<\/p>\n<!-- \/wp:paragraph --><!-- wp:paragraph -->\n<p>A partir del Bogotazo, la violencia se recrudeci\u00f3 y profundiz\u00f3 en el pa\u00eds, disemin\u00e1ndose por todo el territorio y volvi\u00e9ndose regla. Las autodefensas campesinas, futuras guerrillas liberales y luego \u201ccomunistas\u201d, tendr\u00edan su g\u00e9nesis en el campo bajo el aumento\u00a0 de los hostigamientos.\u00a0<\/p>\n<!-- \/wp:paragraph --><!-- wp:paragraph -->\n<p>El uso de la represi\u00f3n constante, proveniente de las instituciones o de agentes paraestatales, es la mejor herramienta que ha encontrado nuestra \u00e9lite para mantenerse en el poder. Con ella ejecuta toda clase de maniobras pol\u00edticas en contra de las clases menos favorecidas. Como ejemplo tenemos los asesinatos cometidos por la polic\u00eda durante las marchas del pasado 9 de septiembre del a\u00f1o pasado, o las recientes masacres de l\u00edderes sociales y sindicales.\u00a0<\/p>\n<!-- \/wp:paragraph --><!-- wp:paragraph -->\n<p>El caudillismo ha sido uno de los mayores problemas a los que se ha tenido que enfrentar la pol\u00edtica colombiana. Hacer de una persona el \u00fanico faro idealizado capaz de cambiar la historia nacional es una enfermedad terrible que puede llevar a la muerte del dirigente y con \u00e9l a la de su movimiento social. Tampoco resulta nueva para nosotros como colombianos. Desde la independencia se encuentra este fen\u00f3meno y desde entonces hemos experimentado sus consecuencias.<\/p>\n<!-- \/wp:paragraph --><!-- wp:paragraph -->\n<p><strong>NUESTRO PRESENTE Y FUTURO:\u00a0<\/strong><\/p>\n<!-- \/wp:paragraph --><!-- wp:paragraph -->\n<p>Es necesario, entonces, aprender de estos acontecimientos hist\u00f3ricos y llevar m\u00e1s lejos la lucha. La historia no es hecha por los individuos, sino por las masas. Un l\u00edder \u00fanico y experimentado dej\u00f3 de ser la respuesta desde hace mucho. Un nuevo movimiento debe surgir y su confianza deber\u00e1 descansar en la clase obrera colombiana e internacional por lo m\u00e1s avanzado de las ideas del marxismo.<\/p>\n<!-- \/wp:paragraph --><!-- wp:paragraph -->\n<p>Hoy nuestra sociedad es m\u00e1s avanzada y calificada que la de los a\u00f1os del Bogotazo, no obstante, la desconfianza en el poder\u00edo de sus bases persiste. \u00bfPor qu\u00e9 insistir en l\u00edderes individuales y reformistas? La historia demuestra que la organizaci\u00f3n de las mayor\u00edas alrededor de un programa que responda a sus problem\u00e1ticas es posible y necesaria. Ejemplos como el partido Bolchevique nos demuestran la necesidad de un liderazgo revolucionario que pueda llevar insurrecciones como el Bogotazo o la huelga general del 19 de Noviembre a sus conclusiones naturales.\u00a0<\/p>\n<!-- \/wp:paragraph --><!-- wp:paragraph -->\n<p>Una direcci\u00f3n audaz, organizada y con un programa socialista y verdaderamente revolucionario habr\u00eda transformado la sublevaci\u00f3n de 1948 en una verdadera revoluci\u00f3n, pero ante la ausencia de la cabeza el cuerpo enloqueci\u00f3 entregando lo m\u00e1s importante de su lucha a las garras de la muerte. No podemos repetir esto hoy, la juventud y clase trabajadora comprenden ya el valor de la organizaci\u00f3n y comienzan a generar embriones de lucha que se preparan para el combate, pero la batalla en las calles puede perder sentido o representar una p\u00e9rdida innecesaria de vidas sin un entendimiento del rol hist\u00f3rico de la clase obrera o de la necesidad de abolir este sistema de una vez por todas.\u00a0<\/p>\n<!-- \/wp:paragraph --><!-- wp:paragraph -->\n<p>La historia de Gait\u00e1n se debe leer como una tragedia. Un hombre que logr\u00f3 poner su dedo en el pulso de las masas y entender la fuente de su sufrimiento pero no ten\u00eda una idea clara de c\u00f3mo luchar contra la enfermedad de esta sociedad: un modo de producci\u00f3n que ya ha expirado. Si bien su sagacidad y su esp\u00edritu de lucha son inspiradores, no podemos ser rom\u00e1nticos a la hora de evaluar a estos actores hist\u00f3ricos. Tenemos que considerar el papel que jugaron objetivamente y el problema de Gait\u00e1n fue claramente su inhabilidad de confiar en las masas a la hora de jugar su rol hist\u00f3rico. La v\u00eda legal al socialismo es un callej\u00f3n sin salida. Una a la que reformistas como Salvador Allende han tratado de caminar constantemente con finales ignominiosos para las masas. Nuestra tarea es aprender de estos errores fatales y no repetirlos.\u00a0<\/p>\n<!-- \/wp:paragraph --><!-- wp:paragraph -->\n<p>Debemos dejar el caudillismo de lado y confiar en la fuerza de las masas proletarias y en sus elementos m\u00e1s revolucionarios, l\u00edderes y lideresas que se est\u00e1n forjando al calor de nuestro nuevo despertar pol\u00edtico, ya que son la \u00fanica clase capaz de lograr la revoluci\u00f3n y han demostrado tener la valent\u00eda y capacidad para hacer temblar a las clases dominantes.\u00a0<\/p>\n<!-- \/wp:paragraph --><!-- wp:paragraph -->\n<p>Es hoy m\u00e1s necesario que nunca, cuando las condiciones de vida en Colombia son una receta perfecta para un nuevo Bogotazo, al fuego de una de las crisis m\u00e1s profundas que hayamos enfrentado.\u00a0 Hemos visto eventos como la huelga general de Noviembre 19 y los disturbios de Septiembre 2020 en respuesta al asesinato de Javier Ordo\u00f1ez. Es claro que las masas de Colombia est\u00e1n dispuestas a luchar. Pero la energ\u00eda de las masas no es eterna, y sin direcci\u00f3n, est\u00e1 destinada a disiparse. Pero con un partido revolucionario con un estudio concreto de las condiciones del d\u00eda a dia y un entendimiento de las lecciones de d\u00e9cadas de luchas de clase, la fuerza de las masas se puede concentrar para atacar exactamente d\u00f3nde le duele a nuestra clase opresora.\u00a0<\/p>\n<!-- \/wp:paragraph --><!-- wp:paragraph -->\n<p>Esto claramente no ser\u00e1 f\u00e1cil y necesitar\u00e1 del aprendizaje arduo de las mayor\u00edas. Por eso nosotros proponemos, desde nuestra tendencia, comenzar con el estudio de la teor\u00eda, acerc\u00e1ndose a las ideas del marxismo cl\u00e1sico (Marx, Engels, Lenin, Luxemburgo, Trotsky). S\u00f3lo un programa revolucionario construido desde el an\u00e1lisis de nuestro contexto ser\u00e1 el \u00fanico capaz de responder a los intereses de esas mayor\u00edas. Por eso les invitamos a acompa\u00f1arnos en nuestros c\u00edrculos de lectura marxista a los que esperamos sumar m\u00e1s estudiantes y trabajadores, o a que ustedes mismos conformen estos espacios de discusi\u00f3n. Y si estas ideas le interesan, le urgimos unirse a este esfuerzo para esparcir estas ideas en su lugar de trabajo, su hogar, su vecindario y dem\u00e1s.<\/p>\n<!-- \/wp:paragraph -->\t\t\t\t\t\t<\/div>\n\t\t\t\t<\/div>\n\t\t\t\t\t<\/div>\n\t\t<\/div>\n\t\t\t\t\t<\/div>\n\t\t<\/section>\n\t\t\t\t<\/div>\n\t\t","protected":false},"excerpt":{"rendered":"<p>El viernes 9 de abril de 1948, a la 1:15 de la tarde, Jorge Eliecer sal\u00eda de su oficina acompa\u00f1ado por varios de sus amigos y compa\u00f1eros de partido. Al llegar a la puerta del edificio, ni bien cruzaba el quicio de \u00e9sta, una serie de disparos de rev\u00f3lver lo impactaron, caus\u00e1ndole heridas mortales. El crimen, que marcar\u00eda un hito de gran importancia en la historia Colombiana, despert\u00f3 la indomable ira popular. <\/p>\n","protected":false},"author":4,"featured_media":561,"comment_status":"open","ping_status":"open","sticky":false,"template":"elementor_theme","format":"standard","meta":{"footnotes":""},"categories":[201],"tags":[],"class_list":["post-560","post","type-post","status-publish","format-standard","has-post-thumbnail","hentry","category-politica"],"yoast_head":"<!-- This site is optimized with the Yoast SEO plugin v27.5 - https:\/\/yoast.com\/product\/yoast-seo-wordpress\/ -->\n<title>Las lecciones de El Bogotazo: el rol de Gait\u00e1n - Comunistas Revolucionarios de Colombia<\/title>\n<meta name=\"robots\" content=\"index, follow, max-snippet:-1, max-image-preview:large, max-video-preview:-1\" \/>\n<link rel=\"canonical\" href=\"https:\/\/colombiamarxista.com\/?p=560\" \/>\n<meta property=\"og:locale\" content=\"es_ES\" \/>\n<meta property=\"og:type\" content=\"article\" \/>\n<meta property=\"og:title\" content=\"Las lecciones de El Bogotazo: el rol de Gait\u00e1n - Comunistas Revolucionarios de Colombia\" \/>\n<meta property=\"og:description\" content=\"El viernes 9 de abril de 1948, a la 1:15 de la tarde, Jorge Eliecer sal\u00eda de su oficina acompa\u00f1ado por varios de sus amigos y compa\u00f1eros de partido. Al llegar a la puerta del edificio, ni bien cruzaba el quicio de \u00e9sta, una serie de disparos de rev\u00f3lver lo impactaron, caus\u00e1ndole heridas mortales. El crimen, que marcar\u00eda un hito de gran importancia en la historia Colombiana, despert\u00f3 la indomable ira popular.\" \/>\n<meta property=\"og:url\" content=\"https:\/\/colombiamarxista.com\/?p=560\" \/>\n<meta property=\"og:site_name\" content=\"Comunistas Revolucionarios de Colombia\" \/>\n<meta property=\"article:published_time\" content=\"2021-04-08T19:18:40+00:00\" \/>\n<meta property=\"article:modified_time\" content=\"2025-03-27T16:46:03+00:00\" \/>\n<meta property=\"og:image\" content=\"https:\/\/colombiamarxista.com\/wp-content\/uploads\/2021\/04\/gaitan.jpeg\" \/>\n\t<meta property=\"og:image:width\" content=\"950\" \/>\n\t<meta property=\"og:image:height\" content=\"475\" \/>\n\t<meta property=\"og:image:type\" content=\"image\/jpeg\" \/>\n<meta name=\"author\" content=\"Camilo Buenaventura\" \/>\n<meta name=\"twitter:card\" content=\"summary_large_image\" \/>\n<meta name=\"twitter:label1\" content=\"Escrito por\" \/>\n\t<meta name=\"twitter:data1\" content=\"Camilo Buenaventura\" \/>\n\t<meta name=\"twitter:label2\" content=\"Tiempo de lectura\" \/>\n\t<meta name=\"twitter:data2\" content=\"24 minutos\" \/>\n<script type=\"application\/ld+json\" class=\"yoast-schema-graph\">{\"@context\":\"https:\\\/\\\/schema.org\",\"@graph\":[{\"@type\":\"Article\",\"@id\":\"https:\\\/\\\/colombiamarxista.com\\\/?p=560#article\",\"isPartOf\":{\"@id\":\"https:\\\/\\\/colombiamarxista.com\\\/?p=560\"},\"author\":{\"name\":\"Camilo Buenaventura\",\"@id\":\"https:\\\/\\\/colombiamarxista.com\\\/#\\\/schema\\\/person\\\/0fe6fa48836cbcf2759e0db820141456\"},\"headline\":\"Las lecciones de El Bogotazo: el rol de Gait\u00e1n\",\"datePublished\":\"2021-04-08T19:18:40+00:00\",\"dateModified\":\"2025-03-27T16:46:03+00:00\",\"mainEntityOfPage\":{\"@id\":\"https:\\\/\\\/colombiamarxista.com\\\/?p=560\"},\"wordCount\":5651,\"commentCount\":0,\"publisher\":{\"@id\":\"https:\\\/\\\/colombiamarxista.com\\\/#organization\"},\"image\":{\"@id\":\"https:\\\/\\\/colombiamarxista.com\\\/?p=560#primaryimage\"},\"thumbnailUrl\":\"https:\\\/\\\/colombiamarxista.com\\\/wp-content\\\/uploads\\\/2021\\\/04\\\/gaitan.jpeg\",\"articleSection\":[\"Pol\u00edtica\"],\"inLanguage\":\"es-CO\",\"potentialAction\":[{\"@type\":\"CommentAction\",\"name\":\"Comment\",\"target\":[\"https:\\\/\\\/colombiamarxista.com\\\/?p=560#respond\"]}]},{\"@type\":\"WebPage\",\"@id\":\"https:\\\/\\\/colombiamarxista.com\\\/?p=560\",\"url\":\"https:\\\/\\\/colombiamarxista.com\\\/?p=560\",\"name\":\"Las lecciones de El Bogotazo: el rol de Gait\u00e1n - Comunistas Revolucionarios de Colombia\",\"isPartOf\":{\"@id\":\"https:\\\/\\\/colombiamarxista.com\\\/#website\"},\"primaryImageOfPage\":{\"@id\":\"https:\\\/\\\/colombiamarxista.com\\\/?p=560#primaryimage\"},\"image\":{\"@id\":\"https:\\\/\\\/colombiamarxista.com\\\/?p=560#primaryimage\"},\"thumbnailUrl\":\"https:\\\/\\\/colombiamarxista.com\\\/wp-content\\\/uploads\\\/2021\\\/04\\\/gaitan.jpeg\",\"datePublished\":\"2021-04-08T19:18:40+00:00\",\"dateModified\":\"2025-03-27T16:46:03+00:00\",\"breadcrumb\":{\"@id\":\"https:\\\/\\\/colombiamarxista.com\\\/?p=560#breadcrumb\"},\"inLanguage\":\"es-CO\",\"potentialAction\":[{\"@type\":\"ReadAction\",\"target\":[\"https:\\\/\\\/colombiamarxista.com\\\/?p=560\"]}]},{\"@type\":\"ImageObject\",\"inLanguage\":\"es-CO\",\"@id\":\"https:\\\/\\\/colombiamarxista.com\\\/?p=560#primaryimage\",\"url\":\"https:\\\/\\\/colombiamarxista.com\\\/wp-content\\\/uploads\\\/2021\\\/04\\\/gaitan.jpeg\",\"contentUrl\":\"https:\\\/\\\/colombiamarxista.com\\\/wp-content\\\/uploads\\\/2021\\\/04\\\/gaitan.jpeg\",\"width\":950,\"height\":475},{\"@type\":\"BreadcrumbList\",\"@id\":\"https:\\\/\\\/colombiamarxista.com\\\/?p=560#breadcrumb\",\"itemListElement\":[{\"@type\":\"ListItem\",\"position\":1,\"name\":\"Home\",\"item\":\"https:\\\/\\\/colombiamarxista.com\\\/\"},{\"@type\":\"ListItem\",\"position\":2,\"name\":\"Las lecciones de El Bogotazo: el rol de Gait\u00e1n\"}]},{\"@type\":\"WebSite\",\"@id\":\"https:\\\/\\\/colombiamarxista.com\\\/#website\",\"url\":\"https:\\\/\\\/colombiamarxista.com\\\/\",\"name\":\"Comunistas Revolucionarios de Colombia\",\"description\":\"\",\"publisher\":{\"@id\":\"https:\\\/\\\/colombiamarxista.com\\\/#organization\"},\"potentialAction\":[{\"@type\":\"SearchAction\",\"target\":{\"@type\":\"EntryPoint\",\"urlTemplate\":\"https:\\\/\\\/colombiamarxista.com\\\/?s={search_term_string}\"},\"query-input\":{\"@type\":\"PropertyValueSpecification\",\"valueRequired\":true,\"valueName\":\"search_term_string\"}}],\"inLanguage\":\"es-CO\"},{\"@type\":\"Organization\",\"@id\":\"https:\\\/\\\/colombiamarxista.com\\\/#organization\",\"name\":\"Comunistas Revolucionarios de Colombia\",\"url\":\"https:\\\/\\\/colombiamarxista.com\\\/\",\"logo\":{\"@type\":\"ImageObject\",\"inLanguage\":\"es-CO\",\"@id\":\"https:\\\/\\\/colombiamarxista.com\\\/#\\\/schema\\\/logo\\\/image\\\/\",\"url\":\"https:\\\/\\\/colombiamarxista.com\\\/wp-content\\\/uploads\\\/2026\\\/04\\\/logo-crc_Mesa-de-trabajo-1-scaled.png\",\"contentUrl\":\"https:\\\/\\\/colombiamarxista.com\\\/wp-content\\\/uploads\\\/2026\\\/04\\\/logo-crc_Mesa-de-trabajo-1-scaled.png\",\"width\":2560,\"height\":1920,\"caption\":\"Comunistas Revolucionarios de Colombia\"},\"image\":{\"@id\":\"https:\\\/\\\/colombiamarxista.com\\\/#\\\/schema\\\/logo\\\/image\\\/\"}},{\"@type\":\"Person\",\"@id\":\"https:\\\/\\\/colombiamarxista.com\\\/#\\\/schema\\\/person\\\/0fe6fa48836cbcf2759e0db820141456\",\"name\":\"Camilo Buenaventura\",\"image\":{\"@type\":\"ImageObject\",\"inLanguage\":\"es-CO\",\"@id\":\"https:\\\/\\\/secure.gravatar.com\\\/avatar\\\/0ed8f0f4038ff29891c3dee7dc33fe374ec2a48069d5beb428305f5b448b7e11?s=96&d=mm&r=g\",\"url\":\"https:\\\/\\\/secure.gravatar.com\\\/avatar\\\/0ed8f0f4038ff29891c3dee7dc33fe374ec2a48069d5beb428305f5b448b7e11?s=96&d=mm&r=g\",\"contentUrl\":\"https:\\\/\\\/secure.gravatar.com\\\/avatar\\\/0ed8f0f4038ff29891c3dee7dc33fe374ec2a48069d5beb428305f5b448b7e11?s=96&d=mm&r=g\",\"caption\":\"Camilo Buenaventura\"},\"url\":\"https:\\\/\\\/colombiamarxista.com\\\/?author=4\"}]}<\/script>\n<!-- \/ Yoast SEO plugin. -->","yoast_head_json":{"title":"Las lecciones de El Bogotazo: el rol de Gait\u00e1n - Comunistas Revolucionarios de Colombia","robots":{"index":"index","follow":"follow","max-snippet":"max-snippet:-1","max-image-preview":"max-image-preview:large","max-video-preview":"max-video-preview:-1"},"canonical":"https:\/\/colombiamarxista.com\/?p=560","og_locale":"es_ES","og_type":"article","og_title":"Las lecciones de El Bogotazo: el rol de Gait\u00e1n - Comunistas Revolucionarios de Colombia","og_description":"El viernes 9 de abril de 1948, a la 1:15 de la tarde, Jorge Eliecer sal\u00eda de su oficina acompa\u00f1ado por varios de sus amigos y compa\u00f1eros de partido. Al llegar a la puerta del edificio, ni bien cruzaba el quicio de \u00e9sta, una serie de disparos de rev\u00f3lver lo impactaron, caus\u00e1ndole heridas mortales. El crimen, que marcar\u00eda un hito de gran importancia en la historia Colombiana, despert\u00f3 la indomable ira popular.","og_url":"https:\/\/colombiamarxista.com\/?p=560","og_site_name":"Comunistas Revolucionarios de Colombia","article_published_time":"2021-04-08T19:18:40+00:00","article_modified_time":"2025-03-27T16:46:03+00:00","og_image":[{"width":950,"height":475,"url":"https:\/\/colombiamarxista.com\/wp-content\/uploads\/2021\/04\/gaitan.jpeg","type":"image\/jpeg"}],"author":"Camilo Buenaventura","twitter_card":"summary_large_image","twitter_misc":{"Escrito por":"Camilo Buenaventura","Tiempo de lectura":"24 minutos"},"schema":{"@context":"https:\/\/schema.org","@graph":[{"@type":"Article","@id":"https:\/\/colombiamarxista.com\/?p=560#article","isPartOf":{"@id":"https:\/\/colombiamarxista.com\/?p=560"},"author":{"name":"Camilo Buenaventura","@id":"https:\/\/colombiamarxista.com\/#\/schema\/person\/0fe6fa48836cbcf2759e0db820141456"},"headline":"Las lecciones de El Bogotazo: el rol de Gait\u00e1n","datePublished":"2021-04-08T19:18:40+00:00","dateModified":"2025-03-27T16:46:03+00:00","mainEntityOfPage":{"@id":"https:\/\/colombiamarxista.com\/?p=560"},"wordCount":5651,"commentCount":0,"publisher":{"@id":"https:\/\/colombiamarxista.com\/#organization"},"image":{"@id":"https:\/\/colombiamarxista.com\/?p=560#primaryimage"},"thumbnailUrl":"https:\/\/colombiamarxista.com\/wp-content\/uploads\/2021\/04\/gaitan.jpeg","articleSection":["Pol\u00edtica"],"inLanguage":"es-CO","potentialAction":[{"@type":"CommentAction","name":"Comment","target":["https:\/\/colombiamarxista.com\/?p=560#respond"]}]},{"@type":"WebPage","@id":"https:\/\/colombiamarxista.com\/?p=560","url":"https:\/\/colombiamarxista.com\/?p=560","name":"Las lecciones de El Bogotazo: el rol de Gait\u00e1n - Comunistas Revolucionarios de Colombia","isPartOf":{"@id":"https:\/\/colombiamarxista.com\/#website"},"primaryImageOfPage":{"@id":"https:\/\/colombiamarxista.com\/?p=560#primaryimage"},"image":{"@id":"https:\/\/colombiamarxista.com\/?p=560#primaryimage"},"thumbnailUrl":"https:\/\/colombiamarxista.com\/wp-content\/uploads\/2021\/04\/gaitan.jpeg","datePublished":"2021-04-08T19:18:40+00:00","dateModified":"2025-03-27T16:46:03+00:00","breadcrumb":{"@id":"https:\/\/colombiamarxista.com\/?p=560#breadcrumb"},"inLanguage":"es-CO","potentialAction":[{"@type":"ReadAction","target":["https:\/\/colombiamarxista.com\/?p=560"]}]},{"@type":"ImageObject","inLanguage":"es-CO","@id":"https:\/\/colombiamarxista.com\/?p=560#primaryimage","url":"https:\/\/colombiamarxista.com\/wp-content\/uploads\/2021\/04\/gaitan.jpeg","contentUrl":"https:\/\/colombiamarxista.com\/wp-content\/uploads\/2021\/04\/gaitan.jpeg","width":950,"height":475},{"@type":"BreadcrumbList","@id":"https:\/\/colombiamarxista.com\/?p=560#breadcrumb","itemListElement":[{"@type":"ListItem","position":1,"name":"Home","item":"https:\/\/colombiamarxista.com\/"},{"@type":"ListItem","position":2,"name":"Las lecciones de El Bogotazo: el rol de Gait\u00e1n"}]},{"@type":"WebSite","@id":"https:\/\/colombiamarxista.com\/#website","url":"https:\/\/colombiamarxista.com\/","name":"Comunistas Revolucionarios de Colombia","description":"","publisher":{"@id":"https:\/\/colombiamarxista.com\/#organization"},"potentialAction":[{"@type":"SearchAction","target":{"@type":"EntryPoint","urlTemplate":"https:\/\/colombiamarxista.com\/?s={search_term_string}"},"query-input":{"@type":"PropertyValueSpecification","valueRequired":true,"valueName":"search_term_string"}}],"inLanguage":"es-CO"},{"@type":"Organization","@id":"https:\/\/colombiamarxista.com\/#organization","name":"Comunistas Revolucionarios de Colombia","url":"https:\/\/colombiamarxista.com\/","logo":{"@type":"ImageObject","inLanguage":"es-CO","@id":"https:\/\/colombiamarxista.com\/#\/schema\/logo\/image\/","url":"https:\/\/colombiamarxista.com\/wp-content\/uploads\/2026\/04\/logo-crc_Mesa-de-trabajo-1-scaled.png","contentUrl":"https:\/\/colombiamarxista.com\/wp-content\/uploads\/2026\/04\/logo-crc_Mesa-de-trabajo-1-scaled.png","width":2560,"height":1920,"caption":"Comunistas Revolucionarios de Colombia"},"image":{"@id":"https:\/\/colombiamarxista.com\/#\/schema\/logo\/image\/"}},{"@type":"Person","@id":"https:\/\/colombiamarxista.com\/#\/schema\/person\/0fe6fa48836cbcf2759e0db820141456","name":"Camilo Buenaventura","image":{"@type":"ImageObject","inLanguage":"es-CO","@id":"https:\/\/secure.gravatar.com\/avatar\/0ed8f0f4038ff29891c3dee7dc33fe374ec2a48069d5beb428305f5b448b7e11?s=96&d=mm&r=g","url":"https:\/\/secure.gravatar.com\/avatar\/0ed8f0f4038ff29891c3dee7dc33fe374ec2a48069d5beb428305f5b448b7e11?s=96&d=mm&r=g","contentUrl":"https:\/\/secure.gravatar.com\/avatar\/0ed8f0f4038ff29891c3dee7dc33fe374ec2a48069d5beb428305f5b448b7e11?s=96&d=mm&r=g","caption":"Camilo Buenaventura"},"url":"https:\/\/colombiamarxista.com\/?author=4"}]}},"_links":{"self":[{"href":"https:\/\/colombiamarxista.com\/index.php?rest_route=\/wp\/v2\/posts\/560","targetHints":{"allow":["GET"]}}],"collection":[{"href":"https:\/\/colombiamarxista.com\/index.php?rest_route=\/wp\/v2\/posts"}],"about":[{"href":"https:\/\/colombiamarxista.com\/index.php?rest_route=\/wp\/v2\/types\/post"}],"author":[{"embeddable":true,"href":"https:\/\/colombiamarxista.com\/index.php?rest_route=\/wp\/v2\/users\/4"}],"replies":[{"embeddable":true,"href":"https:\/\/colombiamarxista.com\/index.php?rest_route=%2Fwp%2Fv2%2Fcomments&post=560"}],"version-history":[{"count":3,"href":"https:\/\/colombiamarxista.com\/index.php?rest_route=\/wp\/v2\/posts\/560\/revisions"}],"predecessor-version":[{"id":4670,"href":"https:\/\/colombiamarxista.com\/index.php?rest_route=\/wp\/v2\/posts\/560\/revisions\/4670"}],"wp:featuredmedia":[{"embeddable":true,"href":"https:\/\/colombiamarxista.com\/index.php?rest_route=\/wp\/v2\/media\/561"}],"wp:attachment":[{"href":"https:\/\/colombiamarxista.com\/index.php?rest_route=%2Fwp%2Fv2%2Fmedia&parent=560"}],"wp:term":[{"taxonomy":"category","embeddable":true,"href":"https:\/\/colombiamarxista.com\/index.php?rest_route=%2Fwp%2Fv2%2Fcategories&post=560"},{"taxonomy":"post_tag","embeddable":true,"href":"https:\/\/colombiamarxista.com\/index.php?rest_route=%2Fwp%2Fv2%2Ftags&post=560"}],"curies":[{"name":"wp","href":"https:\/\/api.w.org\/{rel}","templated":true}]}}