{"id":5435,"date":"2026-03-06T11:06:10","date_gmt":"2026-03-06T16:06:10","guid":{"rendered":"https:\/\/colombiamarxista.com\/?p=5435"},"modified":"2026-03-06T11:06:25","modified_gmt":"2026-03-06T16:06:25","slug":"paro-en-la-unal-como-sacar-a-pena","status":"publish","type":"post","link":"https:\/\/colombiamarxista.com\/?p=5435","title":{"rendered":"Paro en la UNAL: \u00bfC\u00f3mo sacar a Pe\u00f1a?"},"content":{"rendered":"\n<p>La Asamblea Triestamentaria de la Universidad Nacional decidi\u00f3 entrar en <a href=\"https:\/\/x.com\/i\/status\/2026719319736926406\">paro acad\u00e9mico<\/a> hasta el 20 de marzo. Esta medida responde a la injerencia del Consejo de Estado en la autonom\u00eda universitaria y a la imposici\u00f3n del nombramiento de Ismael Pe\u00f1a como rector.<\/p>\n\n\n\n<p>Su elecci\u00f3n, adem\u00e1s de antidemocr\u00e1tica, representa un riesgo para los derechos laborales y estudiantiles, as\u00ed como los fondos p\u00fablicos. Los antecedentes de Pe\u00f1a as\u00ed lo evidencian, por ejemplo, cuando fue vicerrector de la sede Bogot\u00e1, designado por Dolly Montoya,&nbsp; ubic\u00f3 a personas de su c\u00edrculo cercano en cargos estrat\u00e9gicos, promovi\u00f3 la instalaci\u00f3n de torniquetes para restringir el acceso al campus, prohibi\u00f3 la ocupaci\u00f3n de edificios y <a href=\"https:\/\/x.com\/JoseIsmaelPena\/status\/1629471060356734976\">criminaliz\u00f3<\/a> la protesta estudiantil. Asimismo, en medio de un contexto de aumento de la inflaci\u00f3n y de<a href=\"https:\/\/www.las2orillas.co\/crisis-de-matriculas-y-torniquetes-en-la-universidad-nacional\/\"> incrementos en las matr\u00edculas<\/a>, se destinaron millones de pesos a vi\u00e1ticos y otros gastos de manera injustificada.<\/p>\n\n\n\n<p>Igualmente, Pe\u00f1a ha defendido la <a href=\"https:\/\/revistaraya.com\/rotorr-el-contratadero-creado-por-exrectora-dolly-montoya-oculta-informacion-a-la-universidad-nacional.html\"><em>spin-off<\/em> Rotor<\/a>, una empresa promovida por Montoya que ejecuta contratos p\u00fablicos por m\u00e1s <a href=\"https:\/\/share.google\/fkW9vw046cP4f9KDM\">de 300 mil millones<\/a> de pesos y cuya gesti\u00f3n ha sido cuestionada por presunta opacidad y por gastos que han sido considerados injustificados.<\/p>\n\n\n\n<p>No obstante, el punto central es que su elecci\u00f3n fue el resultado de una decisi\u00f3n impuesta por instituciones del Estado e impulsada por sectores de la \u00e9lite nacional, pasando por encima de los derechos fundamentales de estudiantes, docentes y trabajadores.<\/p>\n\n\n\n<h3 class=\"wp-block-heading\">El comit\u00e9 de gesti\u00f3n de la burgues\u00eda<\/h3>\n\n\n\n<p>Tras el nombramiento de Pe\u00f1a como rector en marzo de 2024, se produjeron asambleas, movilizaciones y paros en rechazo a su designaci\u00f3n. El estudiantado sosten\u00eda que el cargo deb\u00eda recaer en Leopoldo M\u00fanera, quien hab\u00eda obtenido la votaci\u00f3n m\u00e1s alta (34%) en la consulta interna realizada en la universidad.<\/p>\n\n\n\n<figure class=\"wp-block-image size-large\"><img fetchpriority=\"high\" decoding=\"async\" width=\"1024\" height=\"768\" src=\"https:\/\/colombiamarxista.com\/wp-content\/uploads\/2026\/03\/Munera-1024x768.avif\" alt=\"\" class=\"wp-image-5448\" srcset=\"https:\/\/colombiamarxista.com\/wp-content\/uploads\/2026\/03\/Munera-1024x768.avif 1024w, https:\/\/colombiamarxista.com\/wp-content\/uploads\/2026\/03\/Munera-300x225.avif 300w, https:\/\/colombiamarxista.com\/wp-content\/uploads\/2026\/03\/Munera-768x576.avif 768w, https:\/\/colombiamarxista.com\/wp-content\/uploads\/2026\/03\/Munera-1536x1152.avif 1536w, https:\/\/colombiamarxista.com\/wp-content\/uploads\/2026\/03\/Munera-320x240.avif 320w, https:\/\/colombiamarxista.com\/wp-content\/uploads\/2026\/03\/Munera.avif 1960w\" sizes=\"(max-width: 1024px) 100vw, 1024px\" \/><\/figure>\n\n\n\n<p>Desde entonces se abri\u00f3 una prolongada disputa judicial que mantuvo encendida la tensi\u00f3n pol\u00edtica dentro y fuera del campus. Casi dos a\u00f1os despu\u00e9s, el Consejo de Estado fall\u00f3 a favor de Pe\u00f1a y en contra de M\u00fanera, dej\u00e1ndolo de manera definitiva al frente de la Rector\u00eda.<\/p>\n\n\n\n<p>Conviene recordar que el Consejo de Estado es la misma instituci\u00f3n que recientemente intent\u00f3 frenar el decreto de aumento del <a href=\"https:\/\/colombiamarxista.com\/?p=5390\">salario m\u00ednimo<\/a> expedido por el Gobierno a finales del a\u00f1o pasado. Tambi\u00e9n resulta relevante el papel desempe\u00f1ado por figuras como la actual aspirante a candidata presidencial por el Centro Democr\u00e1tico, Paloma Valencia, y el procurador delegado Samuel Arrieta, quienes desde sus cargos p\u00fablicos promovieron acciones jur\u00eddicas, intervenciones y pronunciamientos en respaldo de Pe\u00f1a.&nbsp;<\/p>\n\n\n\n<p>Todo ello sugiere que esta elecci\u00f3n trasciende el \u00e1mbito estrictamente universitario. Detr\u00e1s del pulso por la Rector\u00eda est\u00e1 la oligarqu\u00eda nacional que no solo buscan el usufructo de los recursos de la universidad y su eventual privatizaci\u00f3n, sino tambi\u00e9n la captura pol\u00edtica de la principal universidad p\u00fablica del pa\u00eds, hist\u00f3ricamente escenario de movimientos estudiantiles cr\u00edticos y combativos desde la \u00e9poca de Camilo Torres e incluso antes.&nbsp;<\/p>\n\n\n\n<p>Como escrib\u00eda Marx \u201cel Estado moderno no es m\u00e1s que un comit\u00e9 para gestionar los asuntos comunes de la burgues\u00eda\u201d.&nbsp;<\/p>\n\n\n\n<h3 class=\"wp-block-heading\">\u00bfC\u00f3mo unir fuerzas?<\/h3>\n\n\n\n<p>Aunque la Asamblea Triestamentaria cont\u00f3 con la participaci\u00f3n de estudiantes, sindicato de trabajadores y profesorado, y en el teatro Auditorio Le\u00f3n de Greiff se congregaron m\u00e1s de 2.000 estudiantes \u2014con cerca de 4.000 asistentes virtuales\u2014 en un ambiente claramente militante a favor del paro, es necesario se\u00f1alar algunos errores que hoy representan obst\u00e1culos para la lucha.<\/p>\n\n\n\n<p>En primer lugar, es innegable que existe cierto desgaste en el movimiento tras la movilizaci\u00f3n sostenida desde 2024, que se suspendi\u00f3 bajo la promesa de alcanzar los objetivos a trav\u00e9s de la Constituyente. La posterior elecci\u00f3n de Jos\u00e9 Ismael Pe\u00f1a, sin que la&nbsp; MECUN (Mesa Constituyente Universitaria) lograra incidir de manera decisiva, pese a solicitar al Consejo Superior Universitario (CSU) no votar por Pe\u00f1a y reabrir el proceso electoral, min\u00f3 la confianza de un sector del estudiantado en el movimiento y en su direcci\u00f3n.&nbsp;<\/p>\n\n\n\n<p>Ante esto, desde algunos espacios se ha respondido afirmando que al interior de la universidad crecen el fascismo y las ideas de derecha, se\u00f1alando incluso a determinadas facultades como \u201cnidos\u201d de agentes reaccionarios. Sin duda, existen grupos de derecha que avanzan y deben ser enfrentados pol\u00edticamente; pero no constituyen la mayor\u00eda del estudiantado.<\/p>\n\n\n\n<p>As\u00ed lo evidencia una encuesta impulsada por un representante estudiantil oportunista, en la que el 56,8 % manifest\u00f3 no querer el paro, mientras el 38,8 % expres\u00f3 estar de acuerdo. Sin embargo, esto no significa, como pretende dicho representante, que la mayor\u00eda est\u00e9 \u201ccansada\u201d del paro por simple deseo de volver a clases. Lo que revela es un agotamiento frente al mecanismo del paro tal como se ha venido desarrollando. Seg\u00fan el propio encuestador, muchos de quienes rechazaron la movilizaci\u00f3n tambi\u00e9n manifestaron su desacuerdo con la elecci\u00f3n de Pe\u00f1a, pero no ve\u00edan en ella una v\u00eda efectiva para revertirla.<\/p>\n\n\n\n<p>Esto obedece a que, casi dos a\u00f1os despu\u00e9s de la gran movilizaci\u00f3n de 2024, no se percibe una victoria clara. Para muchos fue un golpe que el CSU eligiera a Pe\u00f1a y que, pese a los pronunciamientos del MECUN, no hubiera consecuencias concretas. A ello se suma que parte de la dirigencia ha reproducido un discurso que no ofrece una perspectiva convincente de triunfo.<\/p>\n\n\n\n<p>No obstante, el hecho de que la mayor\u00eda exprese su inconformidad con la elecci\u00f3n del rector demuestra que existe una base objetiva para reconectar con ese sector. Si se presenta una estrategia clara y una salida real, es posible ganar su simpat\u00eda hacia una movilizaci\u00f3n orientada a exigir la salida de Pe\u00f1a.<\/p>\n\n\n\n<p>En la misma Asamblea, un dirigente del sindicato de trabajadores se\u00f1al\u00f3 que ya se perciben los efectos del regreso del nuevo rector: despidos a dedo y contrataciones arbitrarias. Plante\u00f3 que, de ir a paro, los trabajadores recurrir\u00edan a la huelga, una herramienta seria que compromete directamente el sustento de las familias, y que, de adoptarse esa v\u00eda, requerir\u00edan el respaldo decidido del estudiantado. Estas palabras fueron recibidas con aplausos y consignas de apoyo. Sin embargo, luego aclar\u00f3 que no convocaban a la huelga para no asumir protagonismo frente a las demandas estudiantiles, pues consideraban que era \u201cla lucha de los estudiantes\u201d. Esa posici\u00f3n es equivocada. Precisamente porque la huelga es una herramienta seria, su potencial es enorme: si se paraliza efectivamente la universidad, se coloca en jaque a la c\u00fapula administrativa y se obliga a retroceder. Esa presi\u00f3n fue determinante en 2024 para impedir inicialmente la consolidaci\u00f3n de Pe\u00f1a en la rector\u00eda.<\/p>\n\n\n\n<p>No se trata de luchas separadas entre estudiantes, trabajadores y profesores. Es una sola lucha. La demanda es com\u00fan: la salida de Pe\u00f1a. Es \u00e9l, junto con su grupo y los sectores dominantes que lo respaldan, quien amenaza el trabajo, la educaci\u00f3n p\u00fablica y la libertad de c\u00e1tedra.<\/p>\n\n\n\n<p>Por ello, la pelea debe asumirse de manera unificada y hasta el final. Sumando incluso a los trabajadores no organizados que son tercerizados y trabajan por bajos sueldos en porter\u00edas y aseo. Si esto se explica con claridad, sin maniobras ret\u00f3ricas ni ambig\u00fcedades, ser\u00e1 posible convencer a los indecisos y demostrar a los esc\u00e9pticos hasta d\u00f3nde puede llegar una movilizaci\u00f3n conjunta y decidida.<\/p>\n\n\n\n<h3 class=\"wp-block-heading\">Constituyente o poder genuino&nbsp;&nbsp;&nbsp;<\/h3>\n\n\n\n<p>Otra de las ideas que circul\u00f3 el 24 de febrero fue que no deb\u00eda convocarse un paro para tumbar al nuevo rector, sino limitarse a defender la Constituyente Universitaria, que estar\u00eda en riesgo con la nueva administraci\u00f3n. Este mecanismo ven\u00eda plante\u00e1ndose desde la rector\u00eda de Dolly Montoya y cobr\u00f3 mayor fuerza con M\u00fanera, consolid\u00e1ndose como una promesa de reforma de los procesos administrativos en la Universidad Nacional de Colombia para ampliar la participaci\u00f3n del estudiantado y los dem\u00e1s estamentos.<\/p>\n\n\n\n<figure class=\"wp-block-image size-large\"><img decoding=\"async\" width=\"1024\" height=\"714\" src=\"https:\/\/colombiamarxista.com\/wp-content\/uploads\/2026\/03\/Constituyente-4-1-1024x714.jpg\" alt=\"\" class=\"wp-image-5449\" srcset=\"https:\/\/colombiamarxista.com\/wp-content\/uploads\/2026\/03\/Constituyente-4-1-1024x714.jpg 1024w, https:\/\/colombiamarxista.com\/wp-content\/uploads\/2026\/03\/Constituyente-4-1-300x209.jpg 300w, https:\/\/colombiamarxista.com\/wp-content\/uploads\/2026\/03\/Constituyente-4-1-768x535.jpg 768w, https:\/\/colombiamarxista.com\/wp-content\/uploads\/2026\/03\/Constituyente-4-1-1536x1070.jpg 1536w, https:\/\/colombiamarxista.com\/wp-content\/uploads\/2026\/03\/Constituyente-4-1.jpg 2048w\" sizes=\"(max-width: 1024px) 100vw, 1024px\" \/><\/figure>\n\n\n\n<p>En cierta medida, oper\u00f3 como un factor de contenci\u00f3n frente a las movilizaciones de 2024. Sin embargo, abandonar la consigna contra Pe\u00f1a para centrarse exclusivamente en la defensa de la Constituyente es, a nuestro juicio, un error. En primer lugar, porque hoy quien amenaza esta herramienta es el propio Pe\u00f1a; y, sobre todo, porque la Constituyente no resuelve el problema de fondo: qui\u00e9nes de verdad&nbsp; controlan la universidad y toman decisiones dentro de ella.&nbsp;&nbsp;<\/p>\n\n\n\n<p>Hist\u00f3ricamente, las constituciones han sido el andamiaje legal del Estado, el marco normativo que delimita lo permitido dentro de un orden determinado. Pero el Estado no es un simple aparato administrativo neutral; es un instrumento mediante el cual una clase ejerce dominio sobre otra.&nbsp;<\/p>\n\n\n\n<p>Como se\u00f1alaba Vladimir Lenin en 1919, el Estado surge cuando aparece un grupo especializado en gobernar que requiere un aparato de coerci\u00f3n para imponer su voluntad. Esto evidencia que la clase dominante controla las reglas y las adapta a sus intereses. Un ejemplo es la Constituci\u00f3n Pol\u00edtica de Colombia de 1991, que consagra principios sobre la distribuci\u00f3n de la tierra y la protecci\u00f3n ambiental mientras, en la pr\u00e1ctica, el campo sigue concentrado en manos de terratenientes y la selva es explotada por multinacionales. En t\u00e9rminos materiales, quien detenta el poder econ\u00f3mico controla tambi\u00e9n el Estado.&nbsp;<\/p>\n\n\n\n<p>En la universidad ocurre algo similar. Las burocracias que dirigen el campus est\u00e1n encabezadas por personas que obtienen beneficios directos de su posici\u00f3n y no tienen inter\u00e9s en transformar la estructura que les permite mantenerse en ella. Los altos salarios desde la rector\u00eda hacia abajo son muestra de ello: el rector puede percibir hasta <a href=\"https:\/\/personal.manizales.unal.edu.co\/fileadmin\/user_upload\/REMUNERACION-PLANTA-ADMINISTRATIVA-VIGENCIA-2020.pdf\">20 millones de pesos<\/a> mensuales, adem\u00e1s de vi\u00e1ticos millonarios sin controles efectivos, como lo evidencian los <a href=\"https:\/\/revistaraya.com\/universidad-nacional-entre-la-rosca-y-salarios-de-68-millones\">142 millones<\/a> desaparecidos durante la administraci\u00f3n de Dolly. En estas condiciones, es previsible que quienes ocupan esos cargos busquen preservar su control sobre las decisiones administrativas.<\/p>\n\n\n\n<p>No es equivocado aspirar a una gesti\u00f3n m\u00e1s democr\u00e1tica mediante la Constituyente. El problema es creer que un \u00f3rgano intermediario para la elecci\u00f3n del rector, sin modificar la estructura que sostiene a estos bloques burocr\u00e1ticos, producir\u00e1 un cambio real. La \u00fanica v\u00eda efectiva es que la clase trabajadora y el estudiantado administren directamente la universidad, sin intermediarios, a trav\u00e9s de una instancia conjunta con representantes de profesores, trabajadores y estudiantes, sin privilegios salariales y con revocabilidad.&nbsp;<\/p>\n\n\n\n<p>La MECUN, instalada en 2025 con 228 representantes, es lo m\u00e1s cercano a una expresi\u00f3n de poder universitario amplio. No obstante, no debe convertirse en un \u00f3rgano meramente consultivo o limitado a defender la Constituyente, sino en una instancia de decisi\u00f3n directa sobre el rumbo de la universidad, libre de injerencias de clase y de oportunismos. Esto implica, entre otras medidas, reducir los altos salarios de los funcionarios y garantizar que quienes asuman responsabilidades respondan a las demandas claras del movimiento.&nbsp;<\/p>\n\n\n\n<p>El hecho de que el actual rector intente <a href=\"https:\/\/archive.ph\/L638v#selection-801.0-801.103\">negociar la Constituyente<\/a> a cambio de levantar el paro demuestra que la presi\u00f3n ejercida es real y leg\u00edtima. No tiene sentido, entonces, negociar con quien ha desconocido normas cuando le conviene y ha utilizado el aparato estatal para beneficio propio. No es posible conquistar una gesti\u00f3n verdaderamente democr\u00e1tica si la exigencia se limita a \u201cun poco m\u00e1s\u201d de participaci\u00f3n mientras se negocia con quienes han construido durante a\u00f1os mecanismos para restringir la decisi\u00f3n de las mayor\u00edas.&nbsp;<\/p>\n\n\n\n<p>Por ello, el paro deber\u00eda ser indefinido y tener como consignas centrales la salida de Pe\u00f1a y la instauraci\u00f3n de un gobierno universitario dirigido por la clase trabajadora y el movimiento estudiantil. Al mismo tiempo, es fundamental impulsar una participaci\u00f3n abierta y amplia mediante comit\u00e9s de discusi\u00f3n que involucren a todos los sectores y reactiven el \u00e1nimo colectivo, superando la incertidumbre que llev\u00f3 a que solo la mitad de las facultades se sumaran al paro hasta el 20 de marzo.&nbsp;<\/p>\n\n\n\n<p>Para esto es imperativo pedir m\u00e1s decisi\u00f3n de la direcci\u00f3n del movimiento, que parece limitarse por los obst\u00e1culos legales. C\u00f3mo escrib\u00eda Le\u00f3n Trotsky en 1936:&nbsp; \u201cLas burocracias del Partido Laborista y de la central sindical no son sino la polic\u00eda pol\u00edtica del capital en el seno del movimiento obrero. Los revolucionarios que s\u00f3lo hacen lo que la polic\u00eda les permite, no son revolucionarios.\u201d<\/p>\n\n\n\n<p>No obstante, esta lucha debe proyectarse m\u00e1s all\u00e1 de los muros universitarios, entendiendo que el conflicto en la UNAL forma parte de una confrontaci\u00f3n m\u00e1s amplia contra la oligarqu\u00eda colombiana y el sistema que esta sostiene.&nbsp;<\/p>\n\n\n\n<h3 class=\"wp-block-heading\">Sin revoluci\u00f3n no hay educaci\u00f3n&nbsp;&nbsp;&nbsp;<\/h3>\n\n\n\n<p>El sistema capitalista atraviesa una crisis profunda que se intensifica cada d\u00eda, cerrando la posibilidad de una paz entre las clases basada en reformas dentro del propio sistema. El llamado \u201corden basado en reglas\u201d ha ca\u00eddo y la ley del m\u00e1s fuerte, siempre existente, ahora se muestra abiertamente. Sin embargo, esta situaci\u00f3n ha impulsado grandes movilizaciones en todo el mundo, desde Minneapolis hasta Francia, Italia, Sri Lanka y Colombia.<\/p>\n\n\n\n<p>Tras el Paro Nacional del 2021 las masas han pasado a la defensa de las reformas. Pero la clase dominante no puede permitir ese avance, cada reforma, desde la laboral hasta la pensional afecta sus intereses econ\u00f3micos y por eso las combate sistem\u00e1ticamente.<\/p>\n\n\n\n<p>La educaci\u00f3n no es la excepci\u00f3n. La defensa de la universidad p\u00fablica y su reforma chocan con esos intereses y, como muestra la situaci\u00f3n con M\u00fanera y Pe\u00f1a, cualquier conquista puede revertirse mientras el sistema permanezca intacto. Por ello, la lucha por las reformas debe avanzar hasta sus \u00faltimas consecuencias: s\u00f3lo una revoluci\u00f3n socialista dirigida por la clase trabajadora y organizada en un partido obrero basado en el marxismo puede hacerlas permanentes.<\/p>\n\n\n\n<p>Esa es la tarea del pr\u00f3ximo per\u00edodo y la responsabilidad de la juventud colombiana, que hoy lucha por la educaci\u00f3n y ma\u00f1ana lo har\u00e1 por la clase a la que pertenecer\u00e1: la trabajadora. Como afirmaba Karl Liebknecht: \u201cLa juventud es la llama de la revoluci\u00f3n proletaria\u201d. Es necesario encender esa llama.<\/p>\n\n\n\n<p><\/p>\n","protected":false},"excerpt":{"rendered":"<p>La Asamblea Triestamentaria de la Universidad Nacional decidi\u00f3 entrar en paro acad\u00e9mico hasta el 20 de marzo. Esta medida responde a la injerencia del Consejo de Estado en la autonom\u00eda universitaria y a la imposici\u00f3n del nombramiento de Ismael Pe\u00f1a como rector. Su elecci\u00f3n, adem\u00e1s de antidemocr\u00e1tica, representa un riesgo para los derechos laborales y [&hellip;]<\/p>\n","protected":false},"author":4,"featured_media":5436,"comment_status":"open","ping_status":"open","sticky":false,"template":"","format":"standard","meta":{"footnotes":"[]"},"categories":[200,202],"tags":[],"class_list":["post-5435","post","type-post","status-publish","format-standard","has-post-thumbnail","hentry","category-movilizacion","category-pronunciamientos"],"yoast_head":"<!-- This site is optimized with the Yoast SEO plugin v27.5 - https:\/\/yoast.com\/product\/yoast-seo-wordpress\/ -->\n<title>Paro en la UNAL: \u00bfC\u00f3mo sacar a Pe\u00f1a? - Comunistas Revolucionarios de Colombia<\/title>\n<meta name=\"robots\" content=\"index, follow, max-snippet:-1, max-image-preview:large, max-video-preview:-1\" \/>\n<link rel=\"canonical\" href=\"https:\/\/colombiamarxista.com\/?p=5435\" \/>\n<meta property=\"og:locale\" content=\"es_ES\" \/>\n<meta property=\"og:type\" content=\"article\" \/>\n<meta property=\"og:title\" content=\"Paro en la UNAL: \u00bfC\u00f3mo sacar a Pe\u00f1a? - Comunistas Revolucionarios de Colombia\" \/>\n<meta property=\"og:description\" content=\"La Asamblea Triestamentaria de la Universidad Nacional decidi\u00f3 entrar en paro acad\u00e9mico hasta el 20 de marzo. Esta medida responde a la injerencia del Consejo de Estado en la autonom\u00eda universitaria y a la imposici\u00f3n del nombramiento de Ismael Pe\u00f1a como rector. Su elecci\u00f3n, adem\u00e1s de antidemocr\u00e1tica, representa un riesgo para los derechos laborales y [&hellip;]\" \/>\n<meta property=\"og:url\" content=\"https:\/\/colombiamarxista.com\/?p=5435\" \/>\n<meta property=\"og:site_name\" content=\"Comunistas Revolucionarios de Colombia\" \/>\n<meta property=\"article:published_time\" content=\"2026-03-06T16:06:10+00:00\" \/>\n<meta property=\"article:modified_time\" content=\"2026-03-06T16:06:25+00:00\" \/>\n<meta property=\"og:image\" content=\"https:\/\/colombiamarxista.com\/wp-content\/uploads\/2026\/03\/Articulo-metro-foto-2.png\" \/>\n\t<meta property=\"og:image:width\" content=\"1417\" \/>\n\t<meta property=\"og:image:height\" content=\"964\" \/>\n\t<meta property=\"og:image:type\" content=\"image\/png\" \/>\n<meta name=\"author\" content=\"Camilo Buenaventura\" \/>\n<meta name=\"twitter:card\" content=\"summary_large_image\" \/>\n<meta name=\"twitter:label1\" content=\"Escrito por\" \/>\n\t<meta name=\"twitter:data1\" content=\"Camilo Buenaventura\" \/>\n\t<meta name=\"twitter:label2\" content=\"Tiempo de lectura\" \/>\n\t<meta name=\"twitter:data2\" content=\"11 minutos\" \/>\n<script type=\"application\/ld+json\" class=\"yoast-schema-graph\">{\"@context\":\"https:\\\/\\\/schema.org\",\"@graph\":[{\"@type\":\"Article\",\"@id\":\"https:\\\/\\\/colombiamarxista.com\\\/?p=5435#article\",\"isPartOf\":{\"@id\":\"https:\\\/\\\/colombiamarxista.com\\\/?p=5435\"},\"author\":{\"name\":\"Camilo Buenaventura\",\"@id\":\"https:\\\/\\\/colombiamarxista.com\\\/#\\\/schema\\\/person\\\/0fe6fa48836cbcf2759e0db820141456\"},\"headline\":\"Paro en la UNAL: \u00bfC\u00f3mo sacar a Pe\u00f1a?\",\"datePublished\":\"2026-03-06T16:06:10+00:00\",\"dateModified\":\"2026-03-06T16:06:25+00:00\",\"mainEntityOfPage\":{\"@id\":\"https:\\\/\\\/colombiamarxista.com\\\/?p=5435\"},\"wordCount\":2428,\"commentCount\":0,\"publisher\":{\"@id\":\"https:\\\/\\\/colombiamarxista.com\\\/#organization\"},\"image\":{\"@id\":\"https:\\\/\\\/colombiamarxista.com\\\/?p=5435#primaryimage\"},\"thumbnailUrl\":\"https:\\\/\\\/colombiamarxista.com\\\/wp-content\\\/uploads\\\/2026\\\/03\\\/Articulo-metro-foto-2.png\",\"articleSection\":[\"Movilizaci\u00f3n\",\"Pronunciamientos\"],\"inLanguage\":\"es-CO\",\"potentialAction\":[{\"@type\":\"CommentAction\",\"name\":\"Comment\",\"target\":[\"https:\\\/\\\/colombiamarxista.com\\\/?p=5435#respond\"]}]},{\"@type\":\"WebPage\",\"@id\":\"https:\\\/\\\/colombiamarxista.com\\\/?p=5435\",\"url\":\"https:\\\/\\\/colombiamarxista.com\\\/?p=5435\",\"name\":\"Paro en la UNAL: \u00bfC\u00f3mo sacar a Pe\u00f1a? - Comunistas Revolucionarios de Colombia\",\"isPartOf\":{\"@id\":\"https:\\\/\\\/colombiamarxista.com\\\/#website\"},\"primaryImageOfPage\":{\"@id\":\"https:\\\/\\\/colombiamarxista.com\\\/?p=5435#primaryimage\"},\"image\":{\"@id\":\"https:\\\/\\\/colombiamarxista.com\\\/?p=5435#primaryimage\"},\"thumbnailUrl\":\"https:\\\/\\\/colombiamarxista.com\\\/wp-content\\\/uploads\\\/2026\\\/03\\\/Articulo-metro-foto-2.png\",\"datePublished\":\"2026-03-06T16:06:10+00:00\",\"dateModified\":\"2026-03-06T16:06:25+00:00\",\"breadcrumb\":{\"@id\":\"https:\\\/\\\/colombiamarxista.com\\\/?p=5435#breadcrumb\"},\"inLanguage\":\"es-CO\",\"potentialAction\":[{\"@type\":\"ReadAction\",\"target\":[\"https:\\\/\\\/colombiamarxista.com\\\/?p=5435\"]}]},{\"@type\":\"ImageObject\",\"inLanguage\":\"es-CO\",\"@id\":\"https:\\\/\\\/colombiamarxista.com\\\/?p=5435#primaryimage\",\"url\":\"https:\\\/\\\/colombiamarxista.com\\\/wp-content\\\/uploads\\\/2026\\\/03\\\/Articulo-metro-foto-2.png\",\"contentUrl\":\"https:\\\/\\\/colombiamarxista.com\\\/wp-content\\\/uploads\\\/2026\\\/03\\\/Articulo-metro-foto-2.png\",\"width\":1417,\"height\":964},{\"@type\":\"BreadcrumbList\",\"@id\":\"https:\\\/\\\/colombiamarxista.com\\\/?p=5435#breadcrumb\",\"itemListElement\":[{\"@type\":\"ListItem\",\"position\":1,\"name\":\"Home\",\"item\":\"https:\\\/\\\/colombiamarxista.com\\\/\"},{\"@type\":\"ListItem\",\"position\":2,\"name\":\"Paro en la UNAL: \u00bfC\u00f3mo sacar a Pe\u00f1a?\"}]},{\"@type\":\"WebSite\",\"@id\":\"https:\\\/\\\/colombiamarxista.com\\\/#website\",\"url\":\"https:\\\/\\\/colombiamarxista.com\\\/\",\"name\":\"Comunistas Revolucionarios de Colombia\",\"description\":\"\",\"publisher\":{\"@id\":\"https:\\\/\\\/colombiamarxista.com\\\/#organization\"},\"potentialAction\":[{\"@type\":\"SearchAction\",\"target\":{\"@type\":\"EntryPoint\",\"urlTemplate\":\"https:\\\/\\\/colombiamarxista.com\\\/?s={search_term_string}\"},\"query-input\":{\"@type\":\"PropertyValueSpecification\",\"valueRequired\":true,\"valueName\":\"search_term_string\"}}],\"inLanguage\":\"es-CO\"},{\"@type\":\"Organization\",\"@id\":\"https:\\\/\\\/colombiamarxista.com\\\/#organization\",\"name\":\"Comunistas Revolucionarios de Colombia\",\"url\":\"https:\\\/\\\/colombiamarxista.com\\\/\",\"logo\":{\"@type\":\"ImageObject\",\"inLanguage\":\"es-CO\",\"@id\":\"https:\\\/\\\/colombiamarxista.com\\\/#\\\/schema\\\/logo\\\/image\\\/\",\"url\":\"https:\\\/\\\/colombiamarxista.com\\\/wp-content\\\/uploads\\\/2026\\\/04\\\/logo-crc_Mesa-de-trabajo-1-scaled.png\",\"contentUrl\":\"https:\\\/\\\/colombiamarxista.com\\\/wp-content\\\/uploads\\\/2026\\\/04\\\/logo-crc_Mesa-de-trabajo-1-scaled.png\",\"width\":2560,\"height\":1920,\"caption\":\"Comunistas Revolucionarios de Colombia\"},\"image\":{\"@id\":\"https:\\\/\\\/colombiamarxista.com\\\/#\\\/schema\\\/logo\\\/image\\\/\"}},{\"@type\":\"Person\",\"@id\":\"https:\\\/\\\/colombiamarxista.com\\\/#\\\/schema\\\/person\\\/0fe6fa48836cbcf2759e0db820141456\",\"name\":\"Camilo Buenaventura\",\"image\":{\"@type\":\"ImageObject\",\"inLanguage\":\"es-CO\",\"@id\":\"https:\\\/\\\/secure.gravatar.com\\\/avatar\\\/0ed8f0f4038ff29891c3dee7dc33fe374ec2a48069d5beb428305f5b448b7e11?s=96&d=mm&r=g\",\"url\":\"https:\\\/\\\/secure.gravatar.com\\\/avatar\\\/0ed8f0f4038ff29891c3dee7dc33fe374ec2a48069d5beb428305f5b448b7e11?s=96&d=mm&r=g\",\"contentUrl\":\"https:\\\/\\\/secure.gravatar.com\\\/avatar\\\/0ed8f0f4038ff29891c3dee7dc33fe374ec2a48069d5beb428305f5b448b7e11?s=96&d=mm&r=g\",\"caption\":\"Camilo Buenaventura\"},\"url\":\"https:\\\/\\\/colombiamarxista.com\\\/?author=4\"}]}<\/script>\n<!-- \/ Yoast SEO plugin. -->","yoast_head_json":{"title":"Paro en la UNAL: \u00bfC\u00f3mo sacar a Pe\u00f1a? - Comunistas Revolucionarios de Colombia","robots":{"index":"index","follow":"follow","max-snippet":"max-snippet:-1","max-image-preview":"max-image-preview:large","max-video-preview":"max-video-preview:-1"},"canonical":"https:\/\/colombiamarxista.com\/?p=5435","og_locale":"es_ES","og_type":"article","og_title":"Paro en la UNAL: \u00bfC\u00f3mo sacar a Pe\u00f1a? - Comunistas Revolucionarios de Colombia","og_description":"La Asamblea Triestamentaria de la Universidad Nacional decidi\u00f3 entrar en paro acad\u00e9mico hasta el 20 de marzo. Esta medida responde a la injerencia del Consejo de Estado en la autonom\u00eda universitaria y a la imposici\u00f3n del nombramiento de Ismael Pe\u00f1a como rector. Su elecci\u00f3n, adem\u00e1s de antidemocr\u00e1tica, representa un riesgo para los derechos laborales y [&hellip;]","og_url":"https:\/\/colombiamarxista.com\/?p=5435","og_site_name":"Comunistas Revolucionarios de Colombia","article_published_time":"2026-03-06T16:06:10+00:00","article_modified_time":"2026-03-06T16:06:25+00:00","og_image":[{"width":1417,"height":964,"url":"https:\/\/colombiamarxista.com\/wp-content\/uploads\/2026\/03\/Articulo-metro-foto-2.png","type":"image\/png"}],"author":"Camilo Buenaventura","twitter_card":"summary_large_image","twitter_misc":{"Escrito por":"Camilo Buenaventura","Tiempo de lectura":"11 minutos"},"schema":{"@context":"https:\/\/schema.org","@graph":[{"@type":"Article","@id":"https:\/\/colombiamarxista.com\/?p=5435#article","isPartOf":{"@id":"https:\/\/colombiamarxista.com\/?p=5435"},"author":{"name":"Camilo Buenaventura","@id":"https:\/\/colombiamarxista.com\/#\/schema\/person\/0fe6fa48836cbcf2759e0db820141456"},"headline":"Paro en la UNAL: \u00bfC\u00f3mo sacar a Pe\u00f1a?","datePublished":"2026-03-06T16:06:10+00:00","dateModified":"2026-03-06T16:06:25+00:00","mainEntityOfPage":{"@id":"https:\/\/colombiamarxista.com\/?p=5435"},"wordCount":2428,"commentCount":0,"publisher":{"@id":"https:\/\/colombiamarxista.com\/#organization"},"image":{"@id":"https:\/\/colombiamarxista.com\/?p=5435#primaryimage"},"thumbnailUrl":"https:\/\/colombiamarxista.com\/wp-content\/uploads\/2026\/03\/Articulo-metro-foto-2.png","articleSection":["Movilizaci\u00f3n","Pronunciamientos"],"inLanguage":"es-CO","potentialAction":[{"@type":"CommentAction","name":"Comment","target":["https:\/\/colombiamarxista.com\/?p=5435#respond"]}]},{"@type":"WebPage","@id":"https:\/\/colombiamarxista.com\/?p=5435","url":"https:\/\/colombiamarxista.com\/?p=5435","name":"Paro en la UNAL: \u00bfC\u00f3mo sacar a Pe\u00f1a? - Comunistas Revolucionarios de Colombia","isPartOf":{"@id":"https:\/\/colombiamarxista.com\/#website"},"primaryImageOfPage":{"@id":"https:\/\/colombiamarxista.com\/?p=5435#primaryimage"},"image":{"@id":"https:\/\/colombiamarxista.com\/?p=5435#primaryimage"},"thumbnailUrl":"https:\/\/colombiamarxista.com\/wp-content\/uploads\/2026\/03\/Articulo-metro-foto-2.png","datePublished":"2026-03-06T16:06:10+00:00","dateModified":"2026-03-06T16:06:25+00:00","breadcrumb":{"@id":"https:\/\/colombiamarxista.com\/?p=5435#breadcrumb"},"inLanguage":"es-CO","potentialAction":[{"@type":"ReadAction","target":["https:\/\/colombiamarxista.com\/?p=5435"]}]},{"@type":"ImageObject","inLanguage":"es-CO","@id":"https:\/\/colombiamarxista.com\/?p=5435#primaryimage","url":"https:\/\/colombiamarxista.com\/wp-content\/uploads\/2026\/03\/Articulo-metro-foto-2.png","contentUrl":"https:\/\/colombiamarxista.com\/wp-content\/uploads\/2026\/03\/Articulo-metro-foto-2.png","width":1417,"height":964},{"@type":"BreadcrumbList","@id":"https:\/\/colombiamarxista.com\/?p=5435#breadcrumb","itemListElement":[{"@type":"ListItem","position":1,"name":"Home","item":"https:\/\/colombiamarxista.com\/"},{"@type":"ListItem","position":2,"name":"Paro en la UNAL: \u00bfC\u00f3mo sacar a Pe\u00f1a?"}]},{"@type":"WebSite","@id":"https:\/\/colombiamarxista.com\/#website","url":"https:\/\/colombiamarxista.com\/","name":"Comunistas Revolucionarios de Colombia","description":"","publisher":{"@id":"https:\/\/colombiamarxista.com\/#organization"},"potentialAction":[{"@type":"SearchAction","target":{"@type":"EntryPoint","urlTemplate":"https:\/\/colombiamarxista.com\/?s={search_term_string}"},"query-input":{"@type":"PropertyValueSpecification","valueRequired":true,"valueName":"search_term_string"}}],"inLanguage":"es-CO"},{"@type":"Organization","@id":"https:\/\/colombiamarxista.com\/#organization","name":"Comunistas Revolucionarios de Colombia","url":"https:\/\/colombiamarxista.com\/","logo":{"@type":"ImageObject","inLanguage":"es-CO","@id":"https:\/\/colombiamarxista.com\/#\/schema\/logo\/image\/","url":"https:\/\/colombiamarxista.com\/wp-content\/uploads\/2026\/04\/logo-crc_Mesa-de-trabajo-1-scaled.png","contentUrl":"https:\/\/colombiamarxista.com\/wp-content\/uploads\/2026\/04\/logo-crc_Mesa-de-trabajo-1-scaled.png","width":2560,"height":1920,"caption":"Comunistas Revolucionarios de Colombia"},"image":{"@id":"https:\/\/colombiamarxista.com\/#\/schema\/logo\/image\/"}},{"@type":"Person","@id":"https:\/\/colombiamarxista.com\/#\/schema\/person\/0fe6fa48836cbcf2759e0db820141456","name":"Camilo Buenaventura","image":{"@type":"ImageObject","inLanguage":"es-CO","@id":"https:\/\/secure.gravatar.com\/avatar\/0ed8f0f4038ff29891c3dee7dc33fe374ec2a48069d5beb428305f5b448b7e11?s=96&d=mm&r=g","url":"https:\/\/secure.gravatar.com\/avatar\/0ed8f0f4038ff29891c3dee7dc33fe374ec2a48069d5beb428305f5b448b7e11?s=96&d=mm&r=g","contentUrl":"https:\/\/secure.gravatar.com\/avatar\/0ed8f0f4038ff29891c3dee7dc33fe374ec2a48069d5beb428305f5b448b7e11?s=96&d=mm&r=g","caption":"Camilo Buenaventura"},"url":"https:\/\/colombiamarxista.com\/?author=4"}]}},"_links":{"self":[{"href":"https:\/\/colombiamarxista.com\/index.php?rest_route=\/wp\/v2\/posts\/5435","targetHints":{"allow":["GET"]}}],"collection":[{"href":"https:\/\/colombiamarxista.com\/index.php?rest_route=\/wp\/v2\/posts"}],"about":[{"href":"https:\/\/colombiamarxista.com\/index.php?rest_route=\/wp\/v2\/types\/post"}],"author":[{"embeddable":true,"href":"https:\/\/colombiamarxista.com\/index.php?rest_route=\/wp\/v2\/users\/4"}],"replies":[{"embeddable":true,"href":"https:\/\/colombiamarxista.com\/index.php?rest_route=%2Fwp%2Fv2%2Fcomments&post=5435"}],"version-history":[{"count":6,"href":"https:\/\/colombiamarxista.com\/index.php?rest_route=\/wp\/v2\/posts\/5435\/revisions"}],"predecessor-version":[{"id":5450,"href":"https:\/\/colombiamarxista.com\/index.php?rest_route=\/wp\/v2\/posts\/5435\/revisions\/5450"}],"wp:featuredmedia":[{"embeddable":true,"href":"https:\/\/colombiamarxista.com\/index.php?rest_route=\/wp\/v2\/media\/5436"}],"wp:attachment":[{"href":"https:\/\/colombiamarxista.com\/index.php?rest_route=%2Fwp%2Fv2%2Fmedia&parent=5435"}],"wp:term":[{"taxonomy":"category","embeddable":true,"href":"https:\/\/colombiamarxista.com\/index.php?rest_route=%2Fwp%2Fv2%2Fcategories&post=5435"},{"taxonomy":"post_tag","embeddable":true,"href":"https:\/\/colombiamarxista.com\/index.php?rest_route=%2Fwp%2Fv2%2Ftags&post=5435"}],"curies":[{"name":"wp","href":"https:\/\/api.w.org\/{rel}","templated":true}]}}