{"id":5166,"date":"2025-10-21T06:15:09","date_gmt":"2025-10-21T11:15:09","guid":{"rendered":"https:\/\/colombiamarxista.com\/?p=5166"},"modified":"2025-10-24T20:13:44","modified_gmt":"2025-10-25T01:13:44","slug":"declaracion-manos-fuera-de-colombia-y-venezuela","status":"publish","type":"post","link":"https:\/\/colombiamarxista.com\/?p=5166","title":{"rendered":"\u00a1Manos fuera de Colombia y Venezuela!"},"content":{"rendered":"\n<p>En los \u00faltimos 10 meses, Donald Trump ha utilizado el enorme peso de la relaci\u00f3n entre Estados Unidos y Colombia para aumentar la presi\u00f3n contra el gobierno de Gustavo Petro. El ejemplo m\u00e1s reciente ha sido la acusaci\u00f3n escandalosa en contra del presidente colombiano, denunciandolo como un \u201cl\u00edder del narcotr\u00e1fico&#8221;.<\/p>\n\n\n\n<p>Sin embargo, la motivaci\u00f3n de estas medidas no es simplemente econ\u00f3mica. Petro ha <a href=\"https:\/\/x.com\/petrogustavo\/status\/1979761472914801121\">denunciado<\/a> correctamente estos bombardeos como una medida del imperialismo estadounidense que amenaza a la soberan\u00eda de los pa\u00edses en Am\u00e9rica Latina. No solo esto, pero a trav\u00e9s del \u00faltimo a\u00f1o, Petro ha criticado las deportaciones y la criminalizaci\u00f3n de inmigrantes en Estados Unidos y denunciado la complicidad de los Estados Unidos con el genocidio en Gaza.<\/p>\n\n\n\n<p>Por su lado, la secretar\u00eda de seguridad nacional de los Estados Unidos, Kristi Noem, ha acusado a Petro de proteger al Tren De Aragua. El secretario de estado, Marco Rubio, ha revocado la visa de Gustavo Petro y varios de su funcionarios despu\u00e9s de la intervenci\u00f3n de Petro en la Asamblea General de la ONU al igual que una manifestaci\u00f3n en contra del genocidio.&nbsp;<\/p>\n\n\n\n<p>En este contexto, es evidente que los aranceles son una herramienta de presi\u00f3n de parte del imperialismo estadounidense. La raz\u00f3n detr\u00e1s de esto es clara: La Casa Blanca considera peligroso tener a un presidente reformista de izquierda en la Casa de Nari\u00f1o que no sigue las directrices exactas de Washington.&nbsp;<\/p>\n\n\n\n<p>Esto es parte de la pol\u00edtica general de la clase dominante del norte, que demanda completa sumisi\u00f3n de parte de los pa\u00edses del sur. De all\u00ed los bombardeos a Venezuela y los aranceles a Brasil, pa\u00edses que se han acercado a Rusia y, especialmente, a China, un rival directo del imperialismo estadounidense en la contienda por esferas de influencia.&nbsp;<\/p>\n\n\n\n<p>El objetivo de estas medidas en Colombia es movilizar a la oligarqu\u00eda tradicional a aumentar el hostigamiento pol\u00edtico contra el gobierno Petro y poner a la clase obrera y campesinado en contra de los reformistas. La amenaza es impl\u00edcita: \u201cSi votan por el partido de Petro en 2026, haremos que la econom\u00eda colombiana sufra\u201d<\/p>\n\n\n\n<p>Como comunistas colombianos, declaramos nuestra completa oposici\u00f3n al imperialismo yanqui. Si bien tenemos diferencias pol\u00edticas con Gustavo Petro, el asunto de qui\u00e9n gobierna este pa\u00eds solo puede ser decidido por la propia clase obrera y el campesinado colombiano.&nbsp;<\/p>\n\n\n\n<p>Tambi\u00e9n tenemos que denunciar el car\u00e1cter cipayo de la clase dominante nacional, que se ha postrado ante la Casa Blanca, rogando la intervenci\u00f3n de Trump y sus secuaces en la pol\u00edtica colombiana. El hecho de que tengan que recurrir a sus verdaderos patrones en el exterior es un reflejo de su completa debilidad e impopularidad en el interior. Esta debilidad ha llegado al punto en el cu\u00e1l figuras como <a href=\"https:\/\/www.infobae.com\/colombia\/2025\/09\/17\/petro-comparte-investigacion-que-vincula-a-alvaro-leyva-con-congresistas-republicanos-para-promover-descertificacion-de-colombia-quiere-vengarse\/\">\u00c1lvaro Leyva<\/a> han ido a Estados Unidos a rogarle a los senadores republicanos que ayuden a \u201cgestionar la salida de Petro\u201d.&nbsp;<\/p>\n\n\n\n<p>En \u00faltima instancia, es claro que la oligarqu\u00eda nacional est\u00e1 atada por miles de hilos a la repugnante clase dominante del norte. Es por esto que, en cada una de las confrontaciones entre Petro y Trump, han tomado invariablemente el lado del enemigo. Vale la pena recordar que en Enero fueron a Washington a rogarle a sus amos que orientaran su lucha hacia Petro y no hacia Colombia.&nbsp;<\/p>\n\n\n\n<p>Esta es la esencia del asunto: Las clases dominantes de Estados Unidos y Colombia est\u00e1n amangualadas para restringir el margen de maniobra del primer gobierno de izquierda del pa\u00eds, a pesar de ser el gobierno con mayor cantidad de votos en la historia nacional.&nbsp;<\/p>\n\n\n\n<p>Esto pone a la clase obrera de nuestro pa\u00eds en un curso de colisi\u00f3n directa con el imperialismo. La lucha por las reformas es la lucha contra la clase dominante colombiana, que tiene detr\u00e1s de ella las reservas y el apoyo del ej\u00e9rcito m\u00e1s grande del planeta.&nbsp;<\/p>\n\n\n\n<p>Sin embargo, la realidad es que la oligarqu\u00eda nacional no tiene condiciones favorables para poder retomar las riendas del asunto como quisiera. La lucha por la reforma laboral, en donde las masas de la clase obrera y el campesinado solo movieron su dedo me\u00f1ique y asustaron a la oligarqu\u00eda hasta el punto que pasaron la reforma, lo demuestra.<\/p>\n\n\n\n<p>Por ese lado, la respuesta de la clase obrera y el Pacto Hist\u00f3rico debe ser contundente: Es necesario remover las siete bases del ej\u00e9rcito Estadounidense al igual que todo personal militar en territorio colombiano. Tambi\u00e9n es necesario expropiar las 500 empresas estadounidenses operando en nuestro territorio y ponerlas bajo control obrero. Si los estadounidenses quieren abandonar las f\u00e1bricas para exportar el desempleo, como obreros, es nuestro deber ocuparlas.&nbsp;<\/p>\n\n\n\n<p>La \u00fanica clase que puede defender la soberan\u00eda nacional es la clase obrera colombiana. Pero no se hace en nombre de un nacionalismo estrecho, sino en nombre de defender a la clase obrera y al campesinado de Am\u00e9rica Latina que se encuentran bajo asedio de parte del coloso del norte. Esta lucha, sin embargo, no solo se lucha en el frente \u201ccolombiano\u201d.&nbsp;<\/p>\n\n\n\n<p>El impacto de una movilizaci\u00f3n victoriosa de nuestra clase resonar\u00eda a trav\u00e9s de todo el mundo, pero especialmente en la clase obrera estadounidense que ver\u00eda de manera clara que su clase dominante ya no es el enorme tit\u00e1n que puede dominar el mundo con tanta facilidad como antes e iniciar el proceso de la ca\u00edda de la fuerza m\u00e1s reaccionaria en el planeta.<\/p>\n\n\n\n<p><strong>\u00a1Manos fuera de Colombia y Venezuela!<\/strong><\/p>\n\n\n\n<p><strong>\u00a1Fuera el imperialismo gringo y la oligarqu\u00eda c\u00f3mplice!&nbsp;<\/strong><\/p>\n\n\n\n<p><strong>\u00a1No volver\u00e1n!<\/strong><\/p>\n\n\n\n<p>[NOTA DE EDITOR: La versi\u00f3n original de la declaraci\u00f3n menciona la imposici\u00f3n de aranceles del 25%. En verdad, estas no fueron impuestas a pesar de las amenazas de Trump de incrementar los aranceles desde el Air Force One en Oct 19]<\/p>\n","protected":false},"excerpt":{"rendered":"<p>En los \u00faltimos 10 meses, Donald Trump ha utilizado el enorme peso de la relaci\u00f3n entre Estados Unidos y Colombia para aumentar la presi\u00f3n contra el gobierno de Gustavo Petro. El ejemplo m\u00e1s reciente ha sido la acusaci\u00f3n escandalosa en contra del presidente colombiano, denunciandolo como un \u201cl\u00edder del narcotr\u00e1fico&#8221;. Sin embargo, la motivaci\u00f3n de [&hellip;]<\/p>\n","protected":false},"author":1,"featured_media":5167,"comment_status":"open","ping_status":"open","sticky":false,"template":"","format":"standard","meta":{"footnotes":""},"categories":[202,400],"tags":[330,391,491],"class_list":["post-5166","post","type-post","status-publish","format-standard","has-post-thumbnail","hentry","category-pronunciamientos","category-colombia-marxista","tag-imperialismo","tag-ee-uu","tag-trump"],"yoast_head":"<!-- This site is optimized with the Yoast SEO plugin v27.5 - https:\/\/yoast.com\/product\/yoast-seo-wordpress\/ -->\n<title>\u00a1Manos fuera de Colombia y Venezuela! - Comunistas Revolucionarios de Colombia<\/title>\n<meta name=\"robots\" content=\"index, follow, max-snippet:-1, max-image-preview:large, max-video-preview:-1\" \/>\n<link rel=\"canonical\" href=\"https:\/\/colombiamarxista.com\/?p=5166\" \/>\n<meta property=\"og:locale\" content=\"es_ES\" \/>\n<meta property=\"og:type\" content=\"article\" \/>\n<meta property=\"og:title\" content=\"\u00a1Manos fuera de Colombia y Venezuela!\" \/>\n<meta property=\"og:description\" content=\"En los \u00faltimos 10 meses, Donald Trump ha utilizado el enorme peso de la relaci\u00f3n entre Estados Unidos y Colombia para aumentar la presi\u00f3n contra el gobierno de Gustavo Petro. El ejemplo m\u00e1s reciente ha sido la acusaci\u00f3n escandalosa en contra del presidente colombiano, denunciandolo como un \u201cl\u00edder del narcotr\u00e1fico&#8221;. Sin embargo, la motivaci\u00f3n de [&hellip;]\" \/>\n<meta property=\"og:url\" content=\"https:\/\/colombiamarxista.com\/?p=5166\" \/>\n<meta property=\"og:site_name\" content=\"Comunistas Revolucionarios de Colombia\" \/>\n<meta property=\"article:published_time\" content=\"2025-10-21T11:15:09+00:00\" \/>\n<meta property=\"article:modified_time\" content=\"2025-10-25T01:13:44+00:00\" \/>\n<meta property=\"og:image\" content=\"https:\/\/colombiamarxista.com\/wp-content\/uploads\/2025\/10\/Imagen-de-WhatsApp-2025-10-20-a-las-18.18.45_df245208.jpg\" \/>\n\t<meta property=\"og:image:width\" content=\"1417\" \/>\n\t<meta property=\"og:image:height\" content=\"964\" \/>\n\t<meta property=\"og:image:type\" content=\"image\/jpeg\" \/>\n<meta name=\"author\" content=\"Consejo Editorial De Colombia Marxista\" \/>\n<meta name=\"twitter:card\" content=\"summary_large_image\" \/>\n<meta name=\"twitter:label1\" content=\"Escrito por\" \/>\n\t<meta name=\"twitter:data1\" content=\"Consejo Editorial De Colombia Marxista\" \/>\n\t<meta name=\"twitter:label2\" content=\"Tiempo de lectura\" \/>\n\t<meta name=\"twitter:data2\" content=\"5 minutos\" \/>\n<script type=\"application\/ld+json\" class=\"yoast-schema-graph\">{\"@context\":\"https:\\\/\\\/schema.org\",\"@graph\":[{\"@type\":\"Article\",\"@id\":\"https:\\\/\\\/colombiamarxista.com\\\/?p=5166#article\",\"isPartOf\":{\"@id\":\"https:\\\/\\\/colombiamarxista.com\\\/?p=5166\"},\"author\":{\"name\":\"Consejo Editorial De Colombia Marxista\",\"@id\":\"https:\\\/\\\/colombiamarxista.com\\\/#\\\/schema\\\/person\\\/e37d02f1454a536d01306cf74ee02c39\"},\"headline\":\"\u00a1Manos fuera de Colombia y Venezuela!\",\"datePublished\":\"2025-10-21T11:15:09+00:00\",\"dateModified\":\"2025-10-25T01:13:44+00:00\",\"mainEntityOfPage\":{\"@id\":\"https:\\\/\\\/colombiamarxista.com\\\/?p=5166\"},\"wordCount\":1022,\"commentCount\":0,\"publisher\":{\"@id\":\"https:\\\/\\\/colombiamarxista.com\\\/#organization\"},\"image\":{\"@id\":\"https:\\\/\\\/colombiamarxista.com\\\/?p=5166#primaryimage\"},\"thumbnailUrl\":\"https:\\\/\\\/colombiamarxista.com\\\/wp-content\\\/uploads\\\/2025\\\/10\\\/Imagen-de-WhatsApp-2025-10-20-a-las-18.18.45_df245208.jpg\",\"keywords\":[\"imperialismo\",\"EE.UU\",\"Trump\"],\"articleSection\":[\"Pronunciamientos\",\"Colombia Marxista\"],\"inLanguage\":\"es-CO\",\"potentialAction\":[{\"@type\":\"CommentAction\",\"name\":\"Comment\",\"target\":[\"https:\\\/\\\/colombiamarxista.com\\\/?p=5166#respond\"]}]},{\"@type\":\"WebPage\",\"@id\":\"https:\\\/\\\/colombiamarxista.com\\\/?p=5166\",\"url\":\"https:\\\/\\\/colombiamarxista.com\\\/?p=5166\",\"name\":\"\u00a1Manos fuera de Colombia y Venezuela! - Comunistas Revolucionarios de Colombia\",\"isPartOf\":{\"@id\":\"https:\\\/\\\/colombiamarxista.com\\\/#website\"},\"primaryImageOfPage\":{\"@id\":\"https:\\\/\\\/colombiamarxista.com\\\/?p=5166#primaryimage\"},\"image\":{\"@id\":\"https:\\\/\\\/colombiamarxista.com\\\/?p=5166#primaryimage\"},\"thumbnailUrl\":\"https:\\\/\\\/colombiamarxista.com\\\/wp-content\\\/uploads\\\/2025\\\/10\\\/Imagen-de-WhatsApp-2025-10-20-a-las-18.18.45_df245208.jpg\",\"datePublished\":\"2025-10-21T11:15:09+00:00\",\"dateModified\":\"2025-10-25T01:13:44+00:00\",\"breadcrumb\":{\"@id\":\"https:\\\/\\\/colombiamarxista.com\\\/?p=5166#breadcrumb\"},\"inLanguage\":\"es-CO\",\"potentialAction\":[{\"@type\":\"ReadAction\",\"target\":[\"https:\\\/\\\/colombiamarxista.com\\\/?p=5166\"]}]},{\"@type\":\"ImageObject\",\"inLanguage\":\"es-CO\",\"@id\":\"https:\\\/\\\/colombiamarxista.com\\\/?p=5166#primaryimage\",\"url\":\"https:\\\/\\\/colombiamarxista.com\\\/wp-content\\\/uploads\\\/2025\\\/10\\\/Imagen-de-WhatsApp-2025-10-20-a-las-18.18.45_df245208.jpg\",\"contentUrl\":\"https:\\\/\\\/colombiamarxista.com\\\/wp-content\\\/uploads\\\/2025\\\/10\\\/Imagen-de-WhatsApp-2025-10-20-a-las-18.18.45_df245208.jpg\",\"width\":1417,\"height\":964},{\"@type\":\"BreadcrumbList\",\"@id\":\"https:\\\/\\\/colombiamarxista.com\\\/?p=5166#breadcrumb\",\"itemListElement\":[{\"@type\":\"ListItem\",\"position\":1,\"name\":\"Home\",\"item\":\"https:\\\/\\\/colombiamarxista.com\\\/\"},{\"@type\":\"ListItem\",\"position\":2,\"name\":\"\u00a1Manos fuera de Colombia y Venezuela!\"}]},{\"@type\":\"WebSite\",\"@id\":\"https:\\\/\\\/colombiamarxista.com\\\/#website\",\"url\":\"https:\\\/\\\/colombiamarxista.com\\\/\",\"name\":\"Comunistas Revolucionarios de Colombia\",\"description\":\"\",\"publisher\":{\"@id\":\"https:\\\/\\\/colombiamarxista.com\\\/#organization\"},\"potentialAction\":[{\"@type\":\"SearchAction\",\"target\":{\"@type\":\"EntryPoint\",\"urlTemplate\":\"https:\\\/\\\/colombiamarxista.com\\\/?s={search_term_string}\"},\"query-input\":{\"@type\":\"PropertyValueSpecification\",\"valueRequired\":true,\"valueName\":\"search_term_string\"}}],\"inLanguage\":\"es-CO\"},{\"@type\":\"Organization\",\"@id\":\"https:\\\/\\\/colombiamarxista.com\\\/#organization\",\"name\":\"Comunistas Revolucionarios de Colombia\",\"url\":\"https:\\\/\\\/colombiamarxista.com\\\/\",\"logo\":{\"@type\":\"ImageObject\",\"inLanguage\":\"es-CO\",\"@id\":\"https:\\\/\\\/colombiamarxista.com\\\/#\\\/schema\\\/logo\\\/image\\\/\",\"url\":\"https:\\\/\\\/colombiamarxista.com\\\/wp-content\\\/uploads\\\/2026\\\/04\\\/logo-crc_Mesa-de-trabajo-1-scaled.png\",\"contentUrl\":\"https:\\\/\\\/colombiamarxista.com\\\/wp-content\\\/uploads\\\/2026\\\/04\\\/logo-crc_Mesa-de-trabajo-1-scaled.png\",\"width\":2560,\"height\":1920,\"caption\":\"Comunistas Revolucionarios de Colombia\"},\"image\":{\"@id\":\"https:\\\/\\\/colombiamarxista.com\\\/#\\\/schema\\\/logo\\\/image\\\/\"}},{\"@type\":\"Person\",\"@id\":\"https:\\\/\\\/colombiamarxista.com\\\/#\\\/schema\\\/person\\\/e37d02f1454a536d01306cf74ee02c39\",\"name\":\"Consejo Editorial De Colombia Marxista\",\"image\":{\"@type\":\"ImageObject\",\"inLanguage\":\"es-CO\",\"@id\":\"https:\\\/\\\/secure.gravatar.com\\\/avatar\\\/27d462afb069d4f31317c3decd42f1acedbc140f1342d432b75cc0cb867e5fb1?s=96&d=mm&r=g\",\"url\":\"https:\\\/\\\/secure.gravatar.com\\\/avatar\\\/27d462afb069d4f31317c3decd42f1acedbc140f1342d432b75cc0cb867e5fb1?s=96&d=mm&r=g\",\"contentUrl\":\"https:\\\/\\\/secure.gravatar.com\\\/avatar\\\/27d462afb069d4f31317c3decd42f1acedbc140f1342d432b75cc0cb867e5fb1?s=96&d=mm&r=g\",\"caption\":\"Consejo Editorial De Colombia Marxista\"},\"sameAs\":[\"http:\\\/\\\/colombiamarxista.com\"],\"url\":\"https:\\\/\\\/colombiamarxista.com\\\/?author=1\"}]}<\/script>\n<!-- \/ Yoast SEO plugin. -->","yoast_head_json":{"title":"\u00a1Manos fuera de Colombia y Venezuela! - Comunistas Revolucionarios de Colombia","robots":{"index":"index","follow":"follow","max-snippet":"max-snippet:-1","max-image-preview":"max-image-preview:large","max-video-preview":"max-video-preview:-1"},"canonical":"https:\/\/colombiamarxista.com\/?p=5166","og_locale":"es_ES","og_type":"article","og_title":"\u00a1Manos fuera de Colombia y Venezuela!","og_description":"En los \u00faltimos 10 meses, Donald Trump ha utilizado el enorme peso de la relaci\u00f3n entre Estados Unidos y Colombia para aumentar la presi\u00f3n contra el gobierno de Gustavo Petro. El ejemplo m\u00e1s reciente ha sido la acusaci\u00f3n escandalosa en contra del presidente colombiano, denunciandolo como un \u201cl\u00edder del narcotr\u00e1fico&#8221;. Sin embargo, la motivaci\u00f3n de [&hellip;]","og_url":"https:\/\/colombiamarxista.com\/?p=5166","og_site_name":"Comunistas Revolucionarios de Colombia","article_published_time":"2025-10-21T11:15:09+00:00","article_modified_time":"2025-10-25T01:13:44+00:00","og_image":[{"width":1417,"height":964,"url":"https:\/\/colombiamarxista.com\/wp-content\/uploads\/2025\/10\/Imagen-de-WhatsApp-2025-10-20-a-las-18.18.45_df245208.jpg","type":"image\/jpeg"}],"author":"Consejo Editorial De Colombia Marxista","twitter_card":"summary_large_image","twitter_misc":{"Escrito por":"Consejo Editorial De Colombia Marxista","Tiempo de lectura":"5 minutos"},"schema":{"@context":"https:\/\/schema.org","@graph":[{"@type":"Article","@id":"https:\/\/colombiamarxista.com\/?p=5166#article","isPartOf":{"@id":"https:\/\/colombiamarxista.com\/?p=5166"},"author":{"name":"Consejo Editorial De Colombia Marxista","@id":"https:\/\/colombiamarxista.com\/#\/schema\/person\/e37d02f1454a536d01306cf74ee02c39"},"headline":"\u00a1Manos fuera de Colombia y Venezuela!","datePublished":"2025-10-21T11:15:09+00:00","dateModified":"2025-10-25T01:13:44+00:00","mainEntityOfPage":{"@id":"https:\/\/colombiamarxista.com\/?p=5166"},"wordCount":1022,"commentCount":0,"publisher":{"@id":"https:\/\/colombiamarxista.com\/#organization"},"image":{"@id":"https:\/\/colombiamarxista.com\/?p=5166#primaryimage"},"thumbnailUrl":"https:\/\/colombiamarxista.com\/wp-content\/uploads\/2025\/10\/Imagen-de-WhatsApp-2025-10-20-a-las-18.18.45_df245208.jpg","keywords":["imperialismo","EE.UU","Trump"],"articleSection":["Pronunciamientos","Colombia Marxista"],"inLanguage":"es-CO","potentialAction":[{"@type":"CommentAction","name":"Comment","target":["https:\/\/colombiamarxista.com\/?p=5166#respond"]}]},{"@type":"WebPage","@id":"https:\/\/colombiamarxista.com\/?p=5166","url":"https:\/\/colombiamarxista.com\/?p=5166","name":"\u00a1Manos fuera de Colombia y Venezuela! - Comunistas Revolucionarios de Colombia","isPartOf":{"@id":"https:\/\/colombiamarxista.com\/#website"},"primaryImageOfPage":{"@id":"https:\/\/colombiamarxista.com\/?p=5166#primaryimage"},"image":{"@id":"https:\/\/colombiamarxista.com\/?p=5166#primaryimage"},"thumbnailUrl":"https:\/\/colombiamarxista.com\/wp-content\/uploads\/2025\/10\/Imagen-de-WhatsApp-2025-10-20-a-las-18.18.45_df245208.jpg","datePublished":"2025-10-21T11:15:09+00:00","dateModified":"2025-10-25T01:13:44+00:00","breadcrumb":{"@id":"https:\/\/colombiamarxista.com\/?p=5166#breadcrumb"},"inLanguage":"es-CO","potentialAction":[{"@type":"ReadAction","target":["https:\/\/colombiamarxista.com\/?p=5166"]}]},{"@type":"ImageObject","inLanguage":"es-CO","@id":"https:\/\/colombiamarxista.com\/?p=5166#primaryimage","url":"https:\/\/colombiamarxista.com\/wp-content\/uploads\/2025\/10\/Imagen-de-WhatsApp-2025-10-20-a-las-18.18.45_df245208.jpg","contentUrl":"https:\/\/colombiamarxista.com\/wp-content\/uploads\/2025\/10\/Imagen-de-WhatsApp-2025-10-20-a-las-18.18.45_df245208.jpg","width":1417,"height":964},{"@type":"BreadcrumbList","@id":"https:\/\/colombiamarxista.com\/?p=5166#breadcrumb","itemListElement":[{"@type":"ListItem","position":1,"name":"Home","item":"https:\/\/colombiamarxista.com\/"},{"@type":"ListItem","position":2,"name":"\u00a1Manos fuera de Colombia y Venezuela!"}]},{"@type":"WebSite","@id":"https:\/\/colombiamarxista.com\/#website","url":"https:\/\/colombiamarxista.com\/","name":"Comunistas Revolucionarios de Colombia","description":"","publisher":{"@id":"https:\/\/colombiamarxista.com\/#organization"},"potentialAction":[{"@type":"SearchAction","target":{"@type":"EntryPoint","urlTemplate":"https:\/\/colombiamarxista.com\/?s={search_term_string}"},"query-input":{"@type":"PropertyValueSpecification","valueRequired":true,"valueName":"search_term_string"}}],"inLanguage":"es-CO"},{"@type":"Organization","@id":"https:\/\/colombiamarxista.com\/#organization","name":"Comunistas Revolucionarios de Colombia","url":"https:\/\/colombiamarxista.com\/","logo":{"@type":"ImageObject","inLanguage":"es-CO","@id":"https:\/\/colombiamarxista.com\/#\/schema\/logo\/image\/","url":"https:\/\/colombiamarxista.com\/wp-content\/uploads\/2026\/04\/logo-crc_Mesa-de-trabajo-1-scaled.png","contentUrl":"https:\/\/colombiamarxista.com\/wp-content\/uploads\/2026\/04\/logo-crc_Mesa-de-trabajo-1-scaled.png","width":2560,"height":1920,"caption":"Comunistas Revolucionarios de Colombia"},"image":{"@id":"https:\/\/colombiamarxista.com\/#\/schema\/logo\/image\/"}},{"@type":"Person","@id":"https:\/\/colombiamarxista.com\/#\/schema\/person\/e37d02f1454a536d01306cf74ee02c39","name":"Consejo Editorial De Colombia Marxista","image":{"@type":"ImageObject","inLanguage":"es-CO","@id":"https:\/\/secure.gravatar.com\/avatar\/27d462afb069d4f31317c3decd42f1acedbc140f1342d432b75cc0cb867e5fb1?s=96&d=mm&r=g","url":"https:\/\/secure.gravatar.com\/avatar\/27d462afb069d4f31317c3decd42f1acedbc140f1342d432b75cc0cb867e5fb1?s=96&d=mm&r=g","contentUrl":"https:\/\/secure.gravatar.com\/avatar\/27d462afb069d4f31317c3decd42f1acedbc140f1342d432b75cc0cb867e5fb1?s=96&d=mm&r=g","caption":"Consejo Editorial De Colombia Marxista"},"sameAs":["http:\/\/colombiamarxista.com"],"url":"https:\/\/colombiamarxista.com\/?author=1"}]}},"_links":{"self":[{"href":"https:\/\/colombiamarxista.com\/index.php?rest_route=\/wp\/v2\/posts\/5166","targetHints":{"allow":["GET"]}}],"collection":[{"href":"https:\/\/colombiamarxista.com\/index.php?rest_route=\/wp\/v2\/posts"}],"about":[{"href":"https:\/\/colombiamarxista.com\/index.php?rest_route=\/wp\/v2\/types\/post"}],"author":[{"embeddable":true,"href":"https:\/\/colombiamarxista.com\/index.php?rest_route=\/wp\/v2\/users\/1"}],"replies":[{"embeddable":true,"href":"https:\/\/colombiamarxista.com\/index.php?rest_route=%2Fwp%2Fv2%2Fcomments&post=5166"}],"version-history":[{"count":3,"href":"https:\/\/colombiamarxista.com\/index.php?rest_route=\/wp\/v2\/posts\/5166\/revisions"}],"predecessor-version":[{"id":5177,"href":"https:\/\/colombiamarxista.com\/index.php?rest_route=\/wp\/v2\/posts\/5166\/revisions\/5177"}],"wp:featuredmedia":[{"embeddable":true,"href":"https:\/\/colombiamarxista.com\/index.php?rest_route=\/wp\/v2\/media\/5167"}],"wp:attachment":[{"href":"https:\/\/colombiamarxista.com\/index.php?rest_route=%2Fwp%2Fv2%2Fmedia&parent=5166"}],"wp:term":[{"taxonomy":"category","embeddable":true,"href":"https:\/\/colombiamarxista.com\/index.php?rest_route=%2Fwp%2Fv2%2Fcategories&post=5166"},{"taxonomy":"post_tag","embeddable":true,"href":"https:\/\/colombiamarxista.com\/index.php?rest_route=%2Fwp%2Fv2%2Ftags&post=5166"}],"curies":[{"name":"wp","href":"https:\/\/api.w.org\/{rel}","templated":true}]}}