{"id":4910,"date":"2025-07-08T04:57:36","date_gmt":"2025-07-08T09:57:36","guid":{"rendered":"https:\/\/colombiamarxista.com\/?p=4910"},"modified":"2025-07-08T05:08:19","modified_gmt":"2025-07-08T10:08:19","slug":"las-grabaciones-de-leyva-revelan-el-caracter-sumiso-de-la-burguesia-colombiana","status":"publish","type":"post","link":"https:\/\/colombiamarxista.com\/?p=4910","title":{"rendered":"Las grabaciones de Leyva revelan el car\u00e1cter sumiso de la burgues\u00eda colombiana"},"content":{"rendered":"\n<p>En Julio 3, Estados Unidos <a href=\"https:\/\/x.com\/SecRubio\/status\/1940824556467282124\">llam\u00f3<\/a> a su embajador en Colombia para consultas urgentes al respecto de \u201cdeclaraciones infundadas y reprobables\u201d de parte del Presidente Gustavo Petro. Marco Rubio, el secretario de Estado, no especific\u00f3 cu\u00e1les son estas supuestas declaraciones infundadas ni que otras medidas est\u00e1 adoptando Washington.\u00a0<\/p>\n\n\n\n<p>Sin embargo, estas medidas ocurren en medio del esc\u00e1ndalo por la revelaci\u00f3n hecha por el diario El Pa\u00eds de Espa\u00f1a&nbsp; de unas <a href=\"https:\/\/elpais.com\/america-colombia\/2025-06-29\/alvaro-leyva-busco-en-estados-unidos-la-complicidad-de-trump-para-tumbar-a-petro.html\">grabaciones<\/a> del ex-canciller Alvaro Leyva donde hablaba de un plan&nbsp; de un golpe de Estado con la ayuda del gobierno Norteamericano y la complicidad de&nbsp; senadores como D\u00edaz-Balart y Carlos Anton\u00edo Gimenez. Estas medidas tienen precedentes, teniendo en cuenta la guerra arancelaria que Trump y Petro estuvieron a punto de iniciar en Enero con respecto al trato&nbsp; represivo de los inmigrantes deportados por el gobierno de Trump.<\/p>\n\n\n\n<h3 class=\"wp-block-heading\">El patio trasero de los imperialistas<\/h3>\n\n\n\n<p>La historia de Estados Unidos est\u00e1 llena de complots, golpes de estados e&nbsp; intervenciones en el Cono Sur, desde el derrocamiento de Salvador Allende en Chile hasta el de Jacobo Arbenz en Guatemala, pasando por su intento de golpe al gobierno de Hugo Chavez en 2002. En ese sentido, las <a href=\"https:\/\/elpais.com\/america-colombia\/2025-06-12\/cali-la-atemorizada-ciudad-que-recibe-a-petro.html\">declaraciones<\/a> de Petro de Julio 11 \u2014que probablemente motivaron esta respuesta\u2014 sobre la posibilidad de un golpe de Estado gestionado por los Estados Unidos no son \u201cinfundadas\u201d, sino que cuentan con un&nbsp; claro precedente hist\u00f3rico.<\/p>\n\n\n\n<p>La pol\u00edtica exterior de Estados Unidos, desde la llegada de Donald Trump a la presidencia, se ha caracterizado por el uso de&nbsp; t\u00e1cticas de presi\u00f3n a sus \u201caliados\u201d y supuestos socios&nbsp; para forzarlos a renegociar acuerdos comerciales en t\u00e9rminos m\u00e1s favorables para Washington. Esta estrategia ha llegado incluso a categorizar a pa\u00edses como M\u00e9xico bajo el r\u00f3tulo de \u201cnarco-estados\u201d para implementar medidas antiterroristas y presionarlos a aceptar los aranceles sin represalias.&nbsp;<\/p>\n\n\n\n<p>En este contexto, la respuesta de la oligarqu\u00eda colombiana est\u00e1 guiada por un principio por encima de todos: preservar su relaci\u00f3n sumisa a los imperialistas para recibir las pocas migas de pan que se les caen del plato durante su fest\u00edn. Este mismo principio fue el que gui\u00f3 la implementaci\u00f3n del&nbsp; Plan Colombia y la construcci\u00f3n de bases militares en territorio colombiano, cercando la frontera con Venezuela durante los primeros a\u00f1os de la Revoluci\u00f3n Bolivariana.&nbsp;<\/p>\n\n\n\n<p>M\u00e1s recientemente, fue el <em>establishment<\/em> pol\u00edtico de la oligarqu\u00eda colombiana el que llam\u00f3 a funcionarios y senadores estadounidenses para deslindarse de la ret\u00f3rica de Petro y alcanzar, entre bastidores, un acuerdo&nbsp; que garantizara la continuidad de&nbsp; las relaciones comerciales.&nbsp;<\/p>\n\n\n\n<p>Durante esa confrontaci\u00f3n, Petro obtuvo concesiones simb\u00f3licas al respecto del trato de los migrantes; sin embargo, en \u00faltima instancia, se dobleg\u00f3 ante el acuerdo conseguido por la oligarqu\u00eda a los Estados Unidos. En esta ocasi\u00f3n, despu\u00e9s de 15 d\u00edas, envi\u00f3 una <a href=\"https:\/\/elpais.com\/america-colombia\/2025-07-07\/una-carta-revela-que-petro-busco-apaciguar-la-tension-con-estados-unidos-no-tenia-la-intencion-de-senalar-a-nadie.html\">carta<\/a> a Donald Trump aclarando que sus declaraciones en Cali no eran nada m\u00e1s que una advertencia sobre desestabilizaci\u00f3n en la regi\u00f3n y que \u00e9l buscaba mayor colaboraci\u00f3n con los Estados Unidos. La realidad es que la relaci\u00f3n entre Estados Unidos y Colombia es demasiado importante para el capitalismo colombiano, que Petro defiende, para librar una lucha a como d\u00e9 lugar contra los imperialistas.&nbsp;<\/p>\n\n\n\n<h3 class=\"wp-block-heading\">El car\u00e1cter sumiso de la clase dominante colombiana<\/h3>\n\n\n\n<p>Los hechos son los siguientes: un ala de la clase dominante colombiana ha estado en contacto constante con senadores estadounidenses, planeando por meses como<a href=\"https:\/\/www.elespectador.com\/judicial\/quien-es-el-titiritero-detras-de-la-marioneta-montealegre-sobre-audios-de-leyva\/\"> \u201cgestionar la salida de Petro\u201d<\/a>. Ahora que se ha revelado este complot, el gobierno de los Estados Unidos est\u00e1 usando su poder\u00edo para aumentar la presi\u00f3n hacia un presidente elegido democr\u00e1ticamente por las masas colombianas sin ninguna raz\u00f3n expl\u00edcita. Hasta ahora, su \u00fanico \u201ccrimen\u201d ha sido intentar implementar el programa por el que ha recibido la mayor votaci\u00f3n en la historia del pa\u00eds.<\/p>\n\n\n\n<p>La esencia de la situaci\u00f3n es que los imperialistas Estadounidenses consideran necesario disciplinar a los estados del sur que se salgan de la l\u00ednea para as\u00ed asegurar su control de la regi\u00f3n. En esta nueva campa\u00f1a del imperialismo estadounidense, la clase dominante colombiana ha decidido tomar el bando de los imperialistas ya que tienen muy claro donde est\u00e1n sus intereses. De all\u00ed ha surgido una campa\u00f1a de calumnias que ha involucrado a todos los medios, atacando al primer gobierno de izquierda con todas las t\u00e1cticas de presi\u00f3n medi\u00e1tica posibles.<\/p>\n\n\n\n<p>Esta ha sido la t\u00e1ctica preferida de la clase dominante hasta ahora debido a su temor a la respuesta de la clase obrera a un verdadero golpe de Estado. La realidad es que semejante aventura contra Petro ser\u00eda respondida con un movimiento de masas similar, o m\u00e1s grande,&nbsp; al del Paro Nacional del 2021. Esto ha sido comprobado en parte por las enormes movilizaciones de los \u00faltimos tres meses en la lucha por la reforma laboral, culminando en las marchas del 1ro de Mayo m\u00e1s grandes en la historia del pa\u00eds. Es por esto que el complot de Leyva no obtuvo un mayor eco dentro de las altas c\u00fapulas de la clase dominante estadounidense y tuvo que ser rechazado p\u00fablicamente por la oligarqu\u00eda que quer\u00eda limpiar su reputaci\u00f3n.&nbsp;<\/p>\n\n\n\n<p>Si bien no pueden derrocar militarmente al presidente, es claro que la oligarqu\u00eda va a librar una lucha sin cuartel contra las reformas y este gobierno a trav\u00e9s de las \u201cinstituciones democr\u00e1ticas\u201d dise\u00f1adas para defender la propiedad privada al igual que la prensa burguesa. Esto se debe a que el gobierno de Petro representa un riesgo enorme para esa \u00e9lite nacional.&nbsp;<\/p>\n\n\n\n<p>Para ellos, no hay nada m\u00e1s peligroso que un gobierno que intente representar genuinamente las aspiraciones de la clase obrera y el campesinado, ya que semejante movimiento podr\u00eda inspirar a las masas a ir m\u00e1s all\u00e1 de los l\u00edmites impuestos por el reformismo. Es por esto que esta interferencia de parte de la burgues\u00eda colombiana y sus aliados en Washington nunca se detendr\u00e1.&nbsp;<\/p>\n\n\n\n<p>.<\/p>\n\n\n\n<h3 class=\"wp-block-heading\">Una respuesta revolucionaria<\/h3>\n\n\n\n<p>La realidad es que la \u201cguerra arancelaria\u201d de Enero y este nuevo episodio de injerencia imperialista revelan las debilidades del Pacto Hist\u00f3rico. Una coalici\u00f3n que incluye elementos como \u00c1lvaro Leyva (proveniente del Partido Conservador y la \u00e9lite pol\u00edtica colombiana) y Armando Benedetti (militante del Uribismo, luego del Santismo y ahora el Petrismo) tiene fisuras por dentro que ser\u00e1n expuestas en medio de crisis como estas.&nbsp;<\/p>\n\n\n\n<p>Los eventos en enero nos dieron una demostraci\u00f3n de esto. Cuando Petro se atrevi\u00f3 a desafiar el trato represivo de inmigrantes colombianos de parte del ICE, la oligarqu\u00eda colombiana moviliz\u00f3 todas sus fuerzas para conciliar con la clase dominante estadounidense, disculp\u00e1ndose por las declaraciones de Petro, de acuerdo al <a href=\"https:\/\/www.nytimes.com\/2025\/01\/27\/world\/americas\/colombia-trump-deportation-flights-migrants.html\">New York Times<\/a>:<\/p>\n\n\n\n<p>\u201cAl menos tres ex presidentes, entre ellos Uribe, un l\u00edder de derechas enemistado desde hace tiempo con Petro, tambi\u00e9n se ofrecieron a ayudar a capear el temporal. Un funcionario con conocimiento de los acontecimientos dijo que el Sr. Uribe hab\u00eda llamado a la Sra. Sarabia y le dijo, esencialmente: Tenemos diferencias con el presidente Petro. Ha cometido un error. Pero tenemos que resolverlo. \u00bfC\u00f3mo puedo ayudar? Sarabia inst\u00f3 a Uribe a llamar a sus amigos en Washington, incluido el nuevo secretario de Estado, Marco Rubio.\u201d&nbsp;<\/p>\n\n\n\n<p>A trav\u00e9s de los \u00faltimos seis meses, las injerencias estadounidenses en contra del primer gobierno de izquierda han aumentado. Desde la presi\u00f3n a trav\u00e9s de los aranceles al inicio de la administraci\u00f3n Trump han habido todo tipo de roces con la administraci\u00f3n Trump, incluyendo la acusaci\u00f3n a Petro de defender a narcotraficantes del Tren de Aragua de parte de la Secretaria de Seguridad Nacional, Kristi Noem.<\/p>\n\n\n\n<p>Petro hasta ahora no ha cedido ante la presi\u00f3n, ciertamente. Pero su programa pol\u00edtico de reformas lo pone en un curso de colisi\u00f3n directa con la burgues\u00eda estadounidense que necesita reafirmar su control de las Am\u00e9ricas para empezar a contraatacar el avance de China en el control del mercado mundial. En un momento u otro, ser\u00e1 confrontado con la realidad de que no se puede servir a dos amos al mismo tiempo y tendr\u00e1 que decidir entre el capitalismo colombiano (que depende de la inversi\u00f3n extranjera para sobrevivir) o las reformas (a las que los inversores extranjeros temen debido a que amenazan sus ganancias)<\/p>\n\n\n\n<p>El Pacto Hist\u00f3rico tiene que trazar una l\u00ednea en la arena y remover a todos aquellos elementos alineados con la burgues\u00eda nacional cuyos intereses materiales est\u00e1n directamente alineados con el imperialismo estadounidense y dependen de la explotaci\u00f3n de los obreros para sobrevivir. Aquellos que acepten mantener su militancia dentro del Pacto Hist\u00f3rico deben aceptar un programa pol\u00edtico expl\u00edcitamente anti-imperialista y rendir cuentas a las masas a trav\u00e9s del principio electivo. En caso de que sus acciones se deslinden del programa, deben ser reemplazados por militantes de base que est\u00e9n dispuestos a defender el programa que defiende las reformas.&nbsp;<\/p>\n\n\n\n<p>Es enteramente posible que en la lucha por las reformas, los imperialistas decidan intervenir de manera m\u00e1s directa y aislar a la econom\u00eda colombiana del mercado mundial para frustrar su programa pol\u00edtico. Es necesaria una pol\u00edtica expl\u00edcitamente internacionalista que apele directamente a los obreros y campesinos de la regi\u00f3n latinoamericana en general para sobrellevar esto. Un llamamiento de Colombia al resto de la regi\u00f3n a luchar contra el imperialismo estadounidense ser\u00eda un toque de clar\u00edn a los oprimidos de Am\u00e9rica Latina a saldar cuenta con la fuerza m\u00e1s reaccionaria en la historia, que ha apretado su bota en el cuello de la clase obrera y el campesinado de Latinoam\u00e9rica por d\u00e9cadas.&nbsp;<\/p>\n\n\n\n<p>Sin embargo, para que este llamamiento tenga un eco, tiene que estar combinado con un programa socialista que muestre en los hechos que la clase obrera tiene la capacidad de resolver la crisis del capitalismo en Colombia y en Am\u00e9rica Latina. Solo sobre la base de un partido independiente de la clase obrera que enarbole la bandera de la revoluci\u00f3n socialista se podr\u00e1 ponerle fin de una vez por todas a las injerencias del imperialismo estadounidense y la clase obrera podr\u00e1 tomar control de su propio destino.<\/p>\n\n\n\n<p><\/p>\n","protected":false},"excerpt":{"rendered":"<p>En Julio 3, Estados Unidos llam\u00f3 a su embajador en Colombia para consultas urgentes al respecto de \u201cdeclaraciones infundadas y reprobables\u201d de parte del Presidente Gustavo Petro. Marco Rubio, el secretario de Estado, no especific\u00f3 cu\u00e1les son estas supuestas declaraciones infundadas ni que otras medidas est\u00e1 adoptando Washington.\u00a0 Sin embargo, estas medidas ocurren en medio [&hellip;]<\/p>\n","protected":false},"author":2,"featured_media":4912,"comment_status":"open","ping_status":"open","sticky":false,"template":"","format":"standard","meta":{"footnotes":""},"categories":[201],"tags":[],"class_list":["post-4910","post","type-post","status-publish","format-standard","has-post-thumbnail","hentry","category-politica"],"yoast_head":"<!-- This site is optimized with the Yoast SEO plugin v27.5 - https:\/\/yoast.com\/product\/yoast-seo-wordpress\/ -->\n<title>Las grabaciones de Leyva revelan el car\u00e1cter sumiso de la burgues\u00eda colombiana - Comunistas Revolucionarios de Colombia<\/title>\n<meta name=\"robots\" content=\"index, follow, max-snippet:-1, max-image-preview:large, max-video-preview:-1\" \/>\n<link rel=\"canonical\" href=\"https:\/\/colombiamarxista.com\/?p=4910\" \/>\n<meta property=\"og:locale\" content=\"es_ES\" \/>\n<meta property=\"og:type\" content=\"article\" \/>\n<meta property=\"og:title\" content=\"Las grabaciones de Leyva revelan el caracter sumiso de la burgues\u00eda colombiana\" \/>\n<meta property=\"og:description\" content=\"En Julio 3, Estados Unidos llam\u00f3 a su embajador en Colombia para consultas urgentes al respecto de \u201cdeclaraciones infundadas y reprobables\u201d de parte del Presidente Gustavo Petro. Marco Rubio, el secretario de Estado, no especific\u00f3 cu\u00e1les son estas supuestas declaraciones infundadas ni que otras medidas est\u00e1 adoptando Washington.\u00a0 Sin embargo, estas medidas ocurren en medio [&hellip;]\" \/>\n<meta property=\"og:url\" content=\"https:\/\/colombiamarxista.com\/?p=4910\" \/>\n<meta property=\"og:site_name\" content=\"Comunistas Revolucionarios de Colombia\" \/>\n<meta property=\"article:published_time\" content=\"2025-07-08T09:57:36+00:00\" \/>\n<meta property=\"article:modified_time\" content=\"2025-07-08T10:08:19+00:00\" \/>\n<meta property=\"og:image\" content=\"https:\/\/colombiamarxista.com\/wp-content\/uploads\/2025\/07\/Trump-y-la-casa-blanca.png\" \/>\n\t<meta property=\"og:image:width\" content=\"1417\" \/>\n\t<meta property=\"og:image:height\" content=\"964\" \/>\n\t<meta property=\"og:image:type\" content=\"image\/png\" \/>\n<meta name=\"author\" content=\"Gabriel Galeano\" \/>\n<meta name=\"twitter:card\" content=\"summary_large_image\" \/>\n<meta name=\"twitter:label1\" content=\"Escrito por\" \/>\n\t<meta name=\"twitter:data1\" content=\"Gabriel Galeano\" \/>\n\t<meta name=\"twitter:label2\" content=\"Tiempo de lectura\" \/>\n\t<meta name=\"twitter:data2\" content=\"8 minutos\" \/>\n<script type=\"application\/ld+json\" class=\"yoast-schema-graph\">{\"@context\":\"https:\\\/\\\/schema.org\",\"@graph\":[{\"@type\":\"Article\",\"@id\":\"https:\\\/\\\/colombiamarxista.com\\\/?p=4910#article\",\"isPartOf\":{\"@id\":\"https:\\\/\\\/colombiamarxista.com\\\/?p=4910\"},\"author\":{\"name\":\"Gabriel Galeano\",\"@id\":\"https:\\\/\\\/colombiamarxista.com\\\/#\\\/schema\\\/person\\\/7144a9d3ac99877932a4974fbd819cbf\"},\"headline\":\"Las grabaciones de Leyva revelan el car\u00e1cter sumiso de la burgues\u00eda colombiana\",\"datePublished\":\"2025-07-08T09:57:36+00:00\",\"dateModified\":\"2025-07-08T10:08:19+00:00\",\"mainEntityOfPage\":{\"@id\":\"https:\\\/\\\/colombiamarxista.com\\\/?p=4910\"},\"wordCount\":1779,\"commentCount\":0,\"publisher\":{\"@id\":\"https:\\\/\\\/colombiamarxista.com\\\/#organization\"},\"image\":{\"@id\":\"https:\\\/\\\/colombiamarxista.com\\\/?p=4910#primaryimage\"},\"thumbnailUrl\":\"https:\\\/\\\/colombiamarxista.com\\\/wp-content\\\/uploads\\\/2025\\\/07\\\/Trump-y-la-casa-blanca.png\",\"articleSection\":[\"Pol\u00edtica\"],\"inLanguage\":\"es-CO\",\"potentialAction\":[{\"@type\":\"CommentAction\",\"name\":\"Comment\",\"target\":[\"https:\\\/\\\/colombiamarxista.com\\\/?p=4910#respond\"]}]},{\"@type\":\"WebPage\",\"@id\":\"https:\\\/\\\/colombiamarxista.com\\\/?p=4910\",\"url\":\"https:\\\/\\\/colombiamarxista.com\\\/?p=4910\",\"name\":\"Las grabaciones de Leyva revelan el car\u00e1cter sumiso de la burgues\u00eda colombiana - Comunistas Revolucionarios de Colombia\",\"isPartOf\":{\"@id\":\"https:\\\/\\\/colombiamarxista.com\\\/#website\"},\"primaryImageOfPage\":{\"@id\":\"https:\\\/\\\/colombiamarxista.com\\\/?p=4910#primaryimage\"},\"image\":{\"@id\":\"https:\\\/\\\/colombiamarxista.com\\\/?p=4910#primaryimage\"},\"thumbnailUrl\":\"https:\\\/\\\/colombiamarxista.com\\\/wp-content\\\/uploads\\\/2025\\\/07\\\/Trump-y-la-casa-blanca.png\",\"datePublished\":\"2025-07-08T09:57:36+00:00\",\"dateModified\":\"2025-07-08T10:08:19+00:00\",\"breadcrumb\":{\"@id\":\"https:\\\/\\\/colombiamarxista.com\\\/?p=4910#breadcrumb\"},\"inLanguage\":\"es-CO\",\"potentialAction\":[{\"@type\":\"ReadAction\",\"target\":[\"https:\\\/\\\/colombiamarxista.com\\\/?p=4910\"]}]},{\"@type\":\"ImageObject\",\"inLanguage\":\"es-CO\",\"@id\":\"https:\\\/\\\/colombiamarxista.com\\\/?p=4910#primaryimage\",\"url\":\"https:\\\/\\\/colombiamarxista.com\\\/wp-content\\\/uploads\\\/2025\\\/07\\\/Trump-y-la-casa-blanca.png\",\"contentUrl\":\"https:\\\/\\\/colombiamarxista.com\\\/wp-content\\\/uploads\\\/2025\\\/07\\\/Trump-y-la-casa-blanca.png\",\"width\":1417,\"height\":964},{\"@type\":\"BreadcrumbList\",\"@id\":\"https:\\\/\\\/colombiamarxista.com\\\/?p=4910#breadcrumb\",\"itemListElement\":[{\"@type\":\"ListItem\",\"position\":1,\"name\":\"Home\",\"item\":\"https:\\\/\\\/colombiamarxista.com\\\/\"},{\"@type\":\"ListItem\",\"position\":2,\"name\":\"Las grabaciones de Leyva revelan el car\u00e1cter sumiso de la burgues\u00eda colombiana\"}]},{\"@type\":\"WebSite\",\"@id\":\"https:\\\/\\\/colombiamarxista.com\\\/#website\",\"url\":\"https:\\\/\\\/colombiamarxista.com\\\/\",\"name\":\"Comunistas Revolucionarios de Colombia\",\"description\":\"\",\"publisher\":{\"@id\":\"https:\\\/\\\/colombiamarxista.com\\\/#organization\"},\"potentialAction\":[{\"@type\":\"SearchAction\",\"target\":{\"@type\":\"EntryPoint\",\"urlTemplate\":\"https:\\\/\\\/colombiamarxista.com\\\/?s={search_term_string}\"},\"query-input\":{\"@type\":\"PropertyValueSpecification\",\"valueRequired\":true,\"valueName\":\"search_term_string\"}}],\"inLanguage\":\"es-CO\"},{\"@type\":\"Organization\",\"@id\":\"https:\\\/\\\/colombiamarxista.com\\\/#organization\",\"name\":\"Comunistas Revolucionarios de Colombia\",\"url\":\"https:\\\/\\\/colombiamarxista.com\\\/\",\"logo\":{\"@type\":\"ImageObject\",\"inLanguage\":\"es-CO\",\"@id\":\"https:\\\/\\\/colombiamarxista.com\\\/#\\\/schema\\\/logo\\\/image\\\/\",\"url\":\"https:\\\/\\\/colombiamarxista.com\\\/wp-content\\\/uploads\\\/2026\\\/04\\\/logo-crc_Mesa-de-trabajo-1-scaled.png\",\"contentUrl\":\"https:\\\/\\\/colombiamarxista.com\\\/wp-content\\\/uploads\\\/2026\\\/04\\\/logo-crc_Mesa-de-trabajo-1-scaled.png\",\"width\":2560,\"height\":1920,\"caption\":\"Comunistas Revolucionarios de Colombia\"},\"image\":{\"@id\":\"https:\\\/\\\/colombiamarxista.com\\\/#\\\/schema\\\/logo\\\/image\\\/\"}},{\"@type\":\"Person\",\"@id\":\"https:\\\/\\\/colombiamarxista.com\\\/#\\\/schema\\\/person\\\/7144a9d3ac99877932a4974fbd819cbf\",\"name\":\"Gabriel Galeano\",\"image\":{\"@type\":\"ImageObject\",\"inLanguage\":\"es-CO\",\"@id\":\"https:\\\/\\\/secure.gravatar.com\\\/avatar\\\/4f42705dcaa003feae644c4b7be0eb3a7f70ab67775c0c92a8b8eebb460d0140?s=96&d=mm&r=g\",\"url\":\"https:\\\/\\\/secure.gravatar.com\\\/avatar\\\/4f42705dcaa003feae644c4b7be0eb3a7f70ab67775c0c92a8b8eebb460d0140?s=96&d=mm&r=g\",\"contentUrl\":\"https:\\\/\\\/secure.gravatar.com\\\/avatar\\\/4f42705dcaa003feae644c4b7be0eb3a7f70ab67775c0c92a8b8eebb460d0140?s=96&d=mm&r=g\",\"caption\":\"Gabriel Galeano\"},\"url\":\"https:\\\/\\\/colombiamarxista.com\\\/?author=2\"}]}<\/script>\n<!-- \/ Yoast SEO plugin. -->","yoast_head_json":{"title":"Las grabaciones de Leyva revelan el car\u00e1cter sumiso de la burgues\u00eda colombiana - Comunistas Revolucionarios de Colombia","robots":{"index":"index","follow":"follow","max-snippet":"max-snippet:-1","max-image-preview":"max-image-preview:large","max-video-preview":"max-video-preview:-1"},"canonical":"https:\/\/colombiamarxista.com\/?p=4910","og_locale":"es_ES","og_type":"article","og_title":"Las grabaciones de Leyva revelan el caracter sumiso de la burgues\u00eda colombiana","og_description":"En Julio 3, Estados Unidos llam\u00f3 a su embajador en Colombia para consultas urgentes al respecto de \u201cdeclaraciones infundadas y reprobables\u201d de parte del Presidente Gustavo Petro. Marco Rubio, el secretario de Estado, no especific\u00f3 cu\u00e1les son estas supuestas declaraciones infundadas ni que otras medidas est\u00e1 adoptando Washington.\u00a0 Sin embargo, estas medidas ocurren en medio [&hellip;]","og_url":"https:\/\/colombiamarxista.com\/?p=4910","og_site_name":"Comunistas Revolucionarios de Colombia","article_published_time":"2025-07-08T09:57:36+00:00","article_modified_time":"2025-07-08T10:08:19+00:00","og_image":[{"width":1417,"height":964,"url":"https:\/\/colombiamarxista.com\/wp-content\/uploads\/2025\/07\/Trump-y-la-casa-blanca.png","type":"image\/png"}],"author":"Gabriel Galeano","twitter_card":"summary_large_image","twitter_misc":{"Escrito por":"Gabriel Galeano","Tiempo de lectura":"8 minutos"},"schema":{"@context":"https:\/\/schema.org","@graph":[{"@type":"Article","@id":"https:\/\/colombiamarxista.com\/?p=4910#article","isPartOf":{"@id":"https:\/\/colombiamarxista.com\/?p=4910"},"author":{"name":"Gabriel Galeano","@id":"https:\/\/colombiamarxista.com\/#\/schema\/person\/7144a9d3ac99877932a4974fbd819cbf"},"headline":"Las grabaciones de Leyva revelan el car\u00e1cter sumiso de la burgues\u00eda colombiana","datePublished":"2025-07-08T09:57:36+00:00","dateModified":"2025-07-08T10:08:19+00:00","mainEntityOfPage":{"@id":"https:\/\/colombiamarxista.com\/?p=4910"},"wordCount":1779,"commentCount":0,"publisher":{"@id":"https:\/\/colombiamarxista.com\/#organization"},"image":{"@id":"https:\/\/colombiamarxista.com\/?p=4910#primaryimage"},"thumbnailUrl":"https:\/\/colombiamarxista.com\/wp-content\/uploads\/2025\/07\/Trump-y-la-casa-blanca.png","articleSection":["Pol\u00edtica"],"inLanguage":"es-CO","potentialAction":[{"@type":"CommentAction","name":"Comment","target":["https:\/\/colombiamarxista.com\/?p=4910#respond"]}]},{"@type":"WebPage","@id":"https:\/\/colombiamarxista.com\/?p=4910","url":"https:\/\/colombiamarxista.com\/?p=4910","name":"Las grabaciones de Leyva revelan el car\u00e1cter sumiso de la burgues\u00eda colombiana - Comunistas Revolucionarios de Colombia","isPartOf":{"@id":"https:\/\/colombiamarxista.com\/#website"},"primaryImageOfPage":{"@id":"https:\/\/colombiamarxista.com\/?p=4910#primaryimage"},"image":{"@id":"https:\/\/colombiamarxista.com\/?p=4910#primaryimage"},"thumbnailUrl":"https:\/\/colombiamarxista.com\/wp-content\/uploads\/2025\/07\/Trump-y-la-casa-blanca.png","datePublished":"2025-07-08T09:57:36+00:00","dateModified":"2025-07-08T10:08:19+00:00","breadcrumb":{"@id":"https:\/\/colombiamarxista.com\/?p=4910#breadcrumb"},"inLanguage":"es-CO","potentialAction":[{"@type":"ReadAction","target":["https:\/\/colombiamarxista.com\/?p=4910"]}]},{"@type":"ImageObject","inLanguage":"es-CO","@id":"https:\/\/colombiamarxista.com\/?p=4910#primaryimage","url":"https:\/\/colombiamarxista.com\/wp-content\/uploads\/2025\/07\/Trump-y-la-casa-blanca.png","contentUrl":"https:\/\/colombiamarxista.com\/wp-content\/uploads\/2025\/07\/Trump-y-la-casa-blanca.png","width":1417,"height":964},{"@type":"BreadcrumbList","@id":"https:\/\/colombiamarxista.com\/?p=4910#breadcrumb","itemListElement":[{"@type":"ListItem","position":1,"name":"Home","item":"https:\/\/colombiamarxista.com\/"},{"@type":"ListItem","position":2,"name":"Las grabaciones de Leyva revelan el car\u00e1cter sumiso de la burgues\u00eda colombiana"}]},{"@type":"WebSite","@id":"https:\/\/colombiamarxista.com\/#website","url":"https:\/\/colombiamarxista.com\/","name":"Comunistas Revolucionarios de Colombia","description":"","publisher":{"@id":"https:\/\/colombiamarxista.com\/#organization"},"potentialAction":[{"@type":"SearchAction","target":{"@type":"EntryPoint","urlTemplate":"https:\/\/colombiamarxista.com\/?s={search_term_string}"},"query-input":{"@type":"PropertyValueSpecification","valueRequired":true,"valueName":"search_term_string"}}],"inLanguage":"es-CO"},{"@type":"Organization","@id":"https:\/\/colombiamarxista.com\/#organization","name":"Comunistas Revolucionarios de Colombia","url":"https:\/\/colombiamarxista.com\/","logo":{"@type":"ImageObject","inLanguage":"es-CO","@id":"https:\/\/colombiamarxista.com\/#\/schema\/logo\/image\/","url":"https:\/\/colombiamarxista.com\/wp-content\/uploads\/2026\/04\/logo-crc_Mesa-de-trabajo-1-scaled.png","contentUrl":"https:\/\/colombiamarxista.com\/wp-content\/uploads\/2026\/04\/logo-crc_Mesa-de-trabajo-1-scaled.png","width":2560,"height":1920,"caption":"Comunistas Revolucionarios de Colombia"},"image":{"@id":"https:\/\/colombiamarxista.com\/#\/schema\/logo\/image\/"}},{"@type":"Person","@id":"https:\/\/colombiamarxista.com\/#\/schema\/person\/7144a9d3ac99877932a4974fbd819cbf","name":"Gabriel Galeano","image":{"@type":"ImageObject","inLanguage":"es-CO","@id":"https:\/\/secure.gravatar.com\/avatar\/4f42705dcaa003feae644c4b7be0eb3a7f70ab67775c0c92a8b8eebb460d0140?s=96&d=mm&r=g","url":"https:\/\/secure.gravatar.com\/avatar\/4f42705dcaa003feae644c4b7be0eb3a7f70ab67775c0c92a8b8eebb460d0140?s=96&d=mm&r=g","contentUrl":"https:\/\/secure.gravatar.com\/avatar\/4f42705dcaa003feae644c4b7be0eb3a7f70ab67775c0c92a8b8eebb460d0140?s=96&d=mm&r=g","caption":"Gabriel Galeano"},"url":"https:\/\/colombiamarxista.com\/?author=2"}]}},"_links":{"self":[{"href":"https:\/\/colombiamarxista.com\/index.php?rest_route=\/wp\/v2\/posts\/4910","targetHints":{"allow":["GET"]}}],"collection":[{"href":"https:\/\/colombiamarxista.com\/index.php?rest_route=\/wp\/v2\/posts"}],"about":[{"href":"https:\/\/colombiamarxista.com\/index.php?rest_route=\/wp\/v2\/types\/post"}],"author":[{"embeddable":true,"href":"https:\/\/colombiamarxista.com\/index.php?rest_route=\/wp\/v2\/users\/2"}],"replies":[{"embeddable":true,"href":"https:\/\/colombiamarxista.com\/index.php?rest_route=%2Fwp%2Fv2%2Fcomments&post=4910"}],"version-history":[{"count":4,"href":"https:\/\/colombiamarxista.com\/index.php?rest_route=\/wp\/v2\/posts\/4910\/revisions"}],"predecessor-version":[{"id":4915,"href":"https:\/\/colombiamarxista.com\/index.php?rest_route=\/wp\/v2\/posts\/4910\/revisions\/4915"}],"wp:featuredmedia":[{"embeddable":true,"href":"https:\/\/colombiamarxista.com\/index.php?rest_route=\/wp\/v2\/media\/4912"}],"wp:attachment":[{"href":"https:\/\/colombiamarxista.com\/index.php?rest_route=%2Fwp%2Fv2%2Fmedia&parent=4910"}],"wp:term":[{"taxonomy":"category","embeddable":true,"href":"https:\/\/colombiamarxista.com\/index.php?rest_route=%2Fwp%2Fv2%2Fcategories&post=4910"},{"taxonomy":"post_tag","embeddable":true,"href":"https:\/\/colombiamarxista.com\/index.php?rest_route=%2Fwp%2Fv2%2Ftags&post=4910"}],"curies":[{"name":"wp","href":"https:\/\/api.w.org\/{rel}","templated":true}]}}