{"id":4556,"date":"2025-02-05T11:42:45","date_gmt":"2025-02-05T16:42:45","guid":{"rendered":"https:\/\/colombiamarxista.com\/?p=4556"},"modified":"2025-02-05T14:05:54","modified_gmt":"2025-02-05T19:05:54","slug":"escalada-del-conflicto-en-colombia-el-eln-y-el-catatumbo","status":"publish","type":"post","link":"https:\/\/colombiamarxista.com\/?p=4556","title":{"rendered":"Escalada del conflicto en Colombia: El ELN y el Catatumbo"},"content":{"rendered":"\n<p>El estado de conmoci\u00f3n debido a los eventos en el Catatumbo es un punto de giro significativo para la pol\u00edtica de paz total promovida por el gobierno de Gustavo Petro, el primer gobierno reformista de la historia de Colombia. El 17 de enero, el presidente suspendi\u00f3 negociaciones de paz con el ELN y la fiscal\u00eda hizo lo propio con la revocaci\u00f3n de las \u00f3rdenes de captura de \u201cAntonio Garc\u00eda\u201d (pseud\u00f3nimo<em> <\/em>del m\u00e1ximo dirigente del ELN, Eli\u00e9cer Chamorro). Como consecuencia m\u00e1s de 40000 personas han sido desplazadas de la regi\u00f3n, principalmente trabajadores y campesinos pobres, quienes se han repartido entre C\u00facuta, Oca\u00f1a y poblaciones cercanas, incluidas algunas ciudades venezolanas, desatando as\u00ed una grave crisis humanitaria.<\/p>\n\n\n\n<p>Todo esto sucede al noroeste de Colombia y expone el n\u00edvel de degeneraci\u00f3n pol\u00edtica del grupo guerrillero as\u00ed como el callej\u00f3n sin salida de la pol\u00edtica de la \u201cpaz total\u201d de Petro. Sin embargo, la oligarqu\u00eda colombiana es tambi\u00e9n responsable debido al papel rastrero que ha jugado desde la firma de los acuerdos de paz en 2016. Esta concatenaci\u00f3n de fuerzas demuestra que el capitalismo colombiano es simplemente incapaz de resolver los problemas que funcionan como ra\u00edz del conflicto armado.&nbsp;<\/p>\n\n\n\n<h3 class=\"wp-block-heading\">El mayor exportador de coca\u00edna en el mundo<\/h3>\n\n\n\n<p>El pa\u00eds ha <a href=\"https:\/\/elpais.com\/america-colombia\/2024-10-18\/colombia-bate-su-record-de-cultivos-de-coca-por-tercer-ano-consecutivo-con-25300-hectareas-en-2023.html\">incrementado<\/a> su producci\u00f3n de coca\u00edna a trav\u00e9s de los \u00faltimos a\u00f1os, llegando a las 2600 toneladas que salen al mercado mundial. De acuerdo a Bloomberg: \u201clos ingresos por exportaciones de coca\u00edna aumentaron a US$18.200 millones en 2022, no muy lejos de las exportaciones de petr\u00f3leo por US$19.100 millones del a\u00f1o pasado (2021)\u201d. De acuerdo a la <a href=\"https:\/\/www.unodc.org\/unodc\/en\/data-and-analysis\/world-drug-report-2024.html\">ONUDD<\/a> (Oficina de Drogas y Crimen de las Naciones Unidas), Colombia tiene dos tercios del \u00e1rea de producci\u00f3n de coca\u00edna en el planeta. El Catatumbo es una regi\u00f3n clave en este sentido, debido a que contiene 43000 hect\u00e1reas de las 229000 hect\u00e1reas que se usan en el pa\u00eds para el cultivo de coca.&nbsp;<\/p>\n\n\n\n<p>La base material del narcotr\u00e1fico tiene dos grandes pilares: el atraso de la econom\u00eda agr\u00edcola colombiana y la demanda de Estados Unidos y Europa que consumen alrededor del 52% de la coca\u00edna producida en el mundo. La baja rentabilidad del resto de los cultivos comerciales fuerza a campesinos de todo tipo de categor\u00edas de ingreso a integrarse al narcotr\u00e1fico. El precio del kilo de coca\u00edna puede llegar a los 5.200.000 de pesos colombianos (equivalente a 1238 USD) en el mercado local y puede costar hasta $69000 USD en Estados Unidos, de acuerdo al reporte de la ONUDD del 2023. El precio m\u00e1s alto para el caf\u00e9 (la mayor exportaci\u00f3n legal agr\u00edcola colombiana) es equivalente a 17 USD.&nbsp;<\/p>\n\n\n\n<h3 class=\"wp-block-heading\">La degeneraci\u00f3n de las guerrillas<\/h3>\n\n\n\n<p>Este mercado lucrativo ha atra\u00eddo a las guerrillas durante las \u00faltimas tres d\u00e9cadas, ya que la financiaci\u00f3n de la clandestinidad y la compra de armas requiere cantidades monumentales de dinero, especialmente para confrontar un aparato estatal armado por el imperialismo estadounidense. No obstante, la entrada de ese flujo de dinero constante reforz\u00f3 una l\u00f3gica mafiosa dentro de los militantes de la guerrilla que se mueven s\u00f3lo por el lucro personal y el control territorial.&nbsp;<\/p>\n\n\n\n<p>En ese sentido el Catatumbo es clave, debido al cultivo de coca\u00edna y a su posici\u00f3n estrat\u00e9gica en la frontera con Venezuela lo que facilita el tr\u00e1fico de drogas y migrantes.<\/p>\n\n\n\n<p>Esa es la raz\u00f3n que impuls\u00f3 la toma de este territorio&nbsp; y que, de acuerdo a las Naciones Unidas: \u201cha generado un desplazamiento sin precedentes en la regi\u00f3n, con 51.938 personas forzadas a huir de sus territorios, en lo que constituye el mayor desplazamiento masivo registrado en los \u00faltimos 28 a\u00f1os\u201d. Si bien se han confirmado 80 muertos, es muy probable que hayan cientos, de acuerdo a <a href=\"https:\/\/www.economist.com\/the-americas\/2025\/01\/30\/armed-groups-are-terrorising-colombias-border-with-venezuela\">The Economist<\/a>.<\/p>\n\n\n\n<p>Si alguna vez el ELN tuvo un norte pol\u00edtico, estas acciones demuestran que lo han perdido. Est\u00e1n completamente aislados de la clase obrera y el campesinado al que declaran representar. Esta guerrilla ha sido desde hace un tiempo una empresa criminal que se presenta como defensores de la revoluci\u00f3n bolivariana. Su financiamiento a trav\u00e9s del control de territorio y represi\u00f3n de los campesinos, su reclutamiento forzado y sus v\u00ednculos con el narcotr\u00e1fico y el gobierno anti-obrero de Maduro demuestran que el movimiento guerrillero, como m\u00e9todo de organizaci\u00f3n, s\u00f3lo puede acabar en la degeneraci\u00f3n pol\u00edtica debido al ciclo vicioso de aislamiento pol\u00edtico que generan las necesidades de financiar semejante aparato.&nbsp;<\/p>\n\n\n\n<p>Los comunistas no somos moralistas, entendemos que nuestras t\u00e1cticas y estrategias est\u00e1n vinculadas a la meta de llevar a la clase obrera al poder en Colombia y que estas pueden estar representadas en diferentes formas de luchar. Sin embargo, tambi\u00e9n comprendemos que esos m\u00e9todos deben responder a la fuerza y avance de consciencia del movimiento obrero y estar siempre conectado a las ra\u00edces del mismo. Nuestro m\u00e9todos se afianzan en la organizaci\u00f3n y educaci\u00f3n para prepararla a gobernar la sociedad y por eso rechazamos el terrorismo individual.&nbsp;<\/p>\n\n\n\n<p>Para citar a <a href=\"https:\/\/www.marxists.org\/espanol\/trotsky\/1910s\/19111100.htm\">Trotsky:<\/a><\/p>\n\n\n\n<blockquote class=\"wp-block-quote is-layout-flow wp-block-quote-is-layout-flow\">\n<p>A nuestro entender el terror individual es inadmisible precisamente porque deval\u00faa el papel de las masas en su propia consciencia, las hace resignarse a su impotencia y volver la mirada hacia un h\u00e9roe vengador y liberador que esperan llegar\u00e1 un d\u00eda y cumplir\u00e1 su misi\u00f3n. Los profetas anarquistas de la &#8220;propaganda de la acci\u00f3n&#8221; pueden mantener todo lo que quieran a prop\u00f3sito de la influencia exaltadora y estimulante de los actos terroristas sobre las masas. Las consideraciones te\u00f3ricas y la experiencia pol\u00edtica prueban que sucede todo lo contrario. Cuanto m\u00e1s &#8220;eficaces&#8221; son los actos terroristas y mayor es su impacto, m\u00e1s limitan el inter\u00e9s de las masas por su auto-organizaci\u00f3n y auto-educaci\u00f3n.<\/p>\n\n\n\n<p>Pero la confusi\u00f3n se evapora como el humo, el p\u00e1nico desaparece, un nuevo ministro ocupa el puesto del asesinado, la vida vuelve a su rutina y la rueda de la explotaci\u00f3n capitalista sigue girando como antes; s\u00f3lo la represi\u00f3n policial se hace m\u00e1s salvaje, segura de s\u00ed misma, imp\u00fadica. Y, en consecuencia, la desilusi\u00f3n y la apat\u00eda reemplazan las esperanzas y la excitaci\u00f3n que artificialmente se hab\u00edan despertado.<\/p>\n<\/blockquote>\n\n\n\n<h3 class=\"wp-block-heading\">El callej\u00f3n sin salida de \u201cla paz total\u201d<\/h3>\n\n\n\n<p>Durante su campa\u00f1a, Petro declar\u00f3 que iba a sentarse a negociar con las guerrillas y los carteles de manera simult\u00e1nea para negociar nuevos acuerdos de paz que pusieran fin al conflicto armado. Esta pol\u00edtica de \u201cpaz total\u201d iniciar\u00eda con negociaciones con el ELN. De hecho en campa\u00f1a especificaba que despu\u00e9s de tres meses, llegar\u00eda a un acuerdo de paz con ese grupo armado. Sin embargo, despu\u00e9s de dos a\u00f1os, ning\u00fan acuerdo se ha podido fijar.&nbsp;<\/p>\n\n\n\n<p>Para que las negociaciones av\u00e1nzaran se intent\u00f3 convencer a todos los actores del conflicto armado el no tomarse la oportunidad de las negociaciones para hacerse con m\u00e1s territorios y recursos de aquellos puestos en la negociaci\u00f3n. Lo que ha terminado ocurriendo, no obstante, es que el n\u00famero de conflictos entre estos grupos armados ha aumentado un 40%, de acuerdo a <a href=\"https:\/\/www.economist.com\/the-americas\/2024\/12\/01\/colombias-president-had-a-bold-peace-plan-it-is-not-working\">The Economist.&nbsp;<\/a><\/p>\n\n\n\n<p>Adem\u00e1s el ELN no ha cedido las armas debido a m\u00faltiples razones. Una de ellas son sus lazos con el gobierno de Nic\u00f3las Maduro con el que en 2021, se acord\u00f3 operaciones en conjunto para remover a las disidencias de las FARC de la frontera colombo-venezolana. Pero para el 31 de enero, Petro y Maduro anunciaron la \u201cOperaci\u00f3n Rel\u00e1mpago\u201d en nombre de resolver la situaci\u00f3n en el Catatumbo. Esta operaci\u00f3n es un campo minado para ambos gobiernos. Maduro se va en contra de un aliado \u00fatil mientras que Petro se arrima al gobierno de Venezuela a pesar del fraude electoral y las medidas antidemocr\u00e1ticas que el PSUV ha tenido que tomar para mantenerse en el poder lo que erosiona la credibilidad de su presidencia en Colombia.&nbsp;<\/p>\n\n\n\n<p>Por otro lado, la federalizaci\u00f3n de la guerrilla ha facilitado la degeneraci\u00f3n de los grupos semi-aut\u00f3nomos. En el caso del Catatumbo, el comandante \u201cPablito\u201d no obedece a las \u00f3rdenes de los comandantes que est\u00e1n sentados en la mesa de negociaci\u00f3n con el gobierno colombiano.&nbsp;<\/p>\n\n\n\n<p>Mientras que el Clan del Golfo se <a href=\"https:\/\/elpais.com\/america-colombia\/2024-10-07\/el-clan-del-golfo-se-expande-con-ruido-para-presionar-al-gobierno-de-petro-por-una-negociacion-politica.html\">expande<\/a> en las ciudades de Medell\u00edn y el ELN controla la frontera entre Venezuela y Colombia, el gabinete de Petro solo puede intentar conseguir el dinero suficiente para implementar medidas paliativas a la situaci\u00f3n, como \u201csuspender los tr\u00e1mites de otorgamiento de licencias, permisos, concesiones [para] nuevos proyectos en las zonas de la conmoci\u00f3n mientras se definen las condiciones ambientales de la zona\u201d y formalizar el trabajo remoto dentro de lo posible. El margen de maniobra del gobierno se encuentra limitado debido al presupuesto austero del estado a fecha de hoy. Para financiar medidas de respuesta (incluyendo los dos billones de pesos prometidos para el 3 de Febrero), Petro tendr\u00e1 que buscar nuevos ingresos a trav\u00e9s de impuestos.&nbsp;<\/p>\n\n\n\n<p>La cuesti\u00f3n central es que los problemas de ra\u00edz del Catatumbo no se pueden solucionar con despliegues militares. Esto puede solucionar el problema a corto plazo. Pero la cuesti\u00f3n no es militar sino econ\u00f3mica. Si bien Petro ha prometido invertir en escuelas y carreteras desde 2022, cuando lleg\u00f3 a la presidencia, la realidad es que estos proyectos no se han podido concretar y hay que decir que el capitalismo colombiano, que est\u00e1 luchando para financiar el presupuesto del erario en este momento, no podr\u00e1 resolver estos problemas.&nbsp;<\/p>\n\n\n\n<h3 class=\"wp-block-heading\">El fin de la pesadilla<\/h3>\n\n\n\n<p>En \u00faltima instancia, la crisis del Catatumbo pone de manifiesto que la clase dominante colombiana no tiene verdaderas soluciones para las ciudades y regiones fuera de Bogot\u00e1. Por los \u00faltimos cuarenta a\u00f1os, de hecho, ha sido la oligarqu\u00eda (compuesta de empresarios y latifundistas multimillonarios) quienes se han enriquecido directamente del narcotr\u00e1fico. Es bastante diciente que Alvaro Uribe Velez, el hijo de Alberto Uribe, asociado del Cartel de Medell\u00edn, llegara a la presidencia. Si bien, \u00e9l es el m\u00e1s prominente, la realidad es que el estado, el latifundio y el empresariado est\u00e1n conectados por miles de hilos.&nbsp;<\/p>\n\n\n\n<p>En este contexto, no es sorprendente que las guerrillas intentaran combatir fuego con fuego, especialmente en la medida en que los paramilitares <a href=\"https:\/\/oilprice.com\/Energy\/Crude-Oil\/Cocaine-Outpaces-Oil-as-Colombias-Most-Valuable-Export.html\">expandieron<\/a> la producci\u00f3n de coca\u00edna en los 90s. La lucha para agrandar su control territorial en las regiones donde se pudiera cosechar coca era existencial y necesaria para mantenerse al paso de los paramilitares que contaban con el financiamiento del narco y el apoyo del estado colombiano (por no mencionar a sus socios en Washington).&nbsp;<\/p>\n\n\n\n<p>Esta carrera ha llevado a las guerrillas a un callej\u00f3n sin salida. El ELN se presenta como un ej\u00e9rcito que defiende la revoluci\u00f3n bolivariana y lucha para ponerle fin al capitalismo en Colombia, pero ha terminado protegiendo la retaguardia de Nicol\u00e1s Maduro y los traidores a las ideas de la revoluci\u00f3n bolivariana. Mientras que el ELN se apoya en Maduro, Maduro se al\u00eda con Petro ya que ambos bandos entienden que necesitan calmar la situaci\u00f3n en el Catatumbo para poder preservar la estabilidad econ\u00f3mica para el capitalismo internacional que reconoce la <a href=\"https:\/\/www.bbc.com\/mundo\/articles\/cwyev560zgxo\">riqueza<\/a> de la regi\u00f3n.&nbsp;<\/p>\n\n\n\n<p>La firma de los acuerdos de paz del 2016 se convirtieron en un pre\u00e1mbulo a la reactivaci\u00f3n de la lucha de clases en Colombia. Los \u00faltimos 9 a\u00f1os han demostrado la sed de lucha de la juventud y la clase obrera, que se ha movilizado bajo la bandera del paro nacional del 2019, las insurrecciones del 2020 en Bogot\u00e1 y el paro nacional del 2021.&nbsp;<\/p>\n\n\n\n<p>La tarea de los comunistas en este peri\u00f3do, en donde nuestras ideas gozan del inter\u00e9s de los j\u00f3venes y los obreros que buscan armas ideol\u00f3gicas para luchar contra la oligarqu\u00eda, es abandonar por completo las t\u00e1cticas del guerrillismo y el terrorismo individual. La lucha armada sin la movilizaci\u00f3n de la clase obrera es una receta para el aislamiento de la \u00fanica clase que puede liderar una revoluci\u00f3n en contra de la oligarqu\u00eda colombiana, la trabajadora.&nbsp;<\/p>\n\n\n\n<p>Solo una revoluci\u00f3n socialista puede arrancar de ra\u00edz la base del conflicto armado: la monopolizaci\u00f3n de la tierra y su uso para el narcotr\u00e1fico a trav\u00e9s de la colectivizaci\u00f3n voluntaria de la tierra y su defensa con armas. Semejante logro pondr\u00eda a los campesinos del Catatumbo, en conjunto con los campesinos del resto del pa\u00eds, en control de sus propios destinos mientras que son abastecidos con lo mejor en maquinaria y t\u00e9cnica de parte de la clase obrera urbana. Sin embargo, para poder de verdad facilitar y mejorar las condiciones de la vida en la frontera con Venezuela es tambi\u00e9n necesaria una federaci\u00f3n socialista de Am\u00e9rica Latina que incluya a Colombia y Venezuela y facilite el manejo de recursos al igual que el desarrollo de infraestructura en el Catatumbo.&nbsp;<\/p>\n\n\n\n<p>Este panorama s\u00f3lo se puede lograr con una econom\u00eda planificada y har\u00eda del conflicto armado que ha azotado a la vida en Colombia por 60 a\u00f1os una memoria tr\u00e1gica en vez de una pesadilla hecha realidad.&nbsp;<\/p>\n","protected":false},"excerpt":{"rendered":"<p>El estado de conmoci\u00f3n debido a los eventos en el Catatumbo es un punto de giro significativo para la pol\u00edtica de paz total promovida por el gobierno de Gustavo Petro, el primer gobierno reformista de la historia de Colombia. El 17 de enero, el presidente suspendi\u00f3 negociaciones de paz con el ELN y la fiscal\u00eda [&hellip;]<\/p>\n","protected":false},"author":1,"featured_media":4557,"comment_status":"open","ping_status":"open","sticky":false,"template":"","format":"standard","meta":{"footnotes":""},"categories":[204],"tags":[264,494,495],"class_list":["post-4556","post","type-post","status-publish","format-standard","has-post-thumbnail","hentry","category-actualidad","tag-petro","tag-eln","tag-catatumbo"],"yoast_head":"<!-- This site is optimized with the Yoast SEO plugin v27.5 - https:\/\/yoast.com\/product\/yoast-seo-wordpress\/ -->\n<title>Escalada del conflicto en Colombia: El ELN y el Catatumbo - Comunistas Revolucionarios de Colombia<\/title>\n<meta name=\"robots\" content=\"index, follow, max-snippet:-1, max-image-preview:large, max-video-preview:-1\" \/>\n<link rel=\"canonical\" href=\"https:\/\/colombiamarxista.com\/?p=4556\" \/>\n<meta property=\"og:locale\" content=\"es_ES\" \/>\n<meta property=\"og:type\" content=\"article\" \/>\n<meta property=\"og:title\" content=\"Escalada del conflicto en Colombia: El ELN y el Catatumbo\" \/>\n<meta property=\"og:description\" content=\"El estado de conmoci\u00f3n debido a los eventos en el Catatumbo es un punto de giro significativo para la pol\u00edtica de paz total promovida por el gobierno de Gustavo Petro, el primer gobierno reformista de la historia de Colombia. El 17 de enero, el presidente suspendi\u00f3 negociaciones de paz con el ELN y la fiscal\u00eda [&hellip;]\" \/>\n<meta property=\"og:url\" content=\"https:\/\/colombiamarxista.com\/?p=4556\" \/>\n<meta property=\"og:site_name\" content=\"Comunistas Revolucionarios de Colombia\" \/>\n<meta property=\"article:published_time\" content=\"2025-02-05T16:42:45+00:00\" \/>\n<meta property=\"article:modified_time\" content=\"2025-02-05T19:05:54+00:00\" \/>\n<meta property=\"og:image\" content=\"https:\/\/colombiamarxista.com\/wp-content\/uploads\/2025\/02\/ELN-.jpg\" \/>\n\t<meta property=\"og:image:width\" content=\"1417\" \/>\n\t<meta property=\"og:image:height\" content=\"964\" \/>\n\t<meta property=\"og:image:type\" content=\"image\/jpeg\" \/>\n<meta name=\"author\" content=\"Consejo Editorial De Colombia Marxista\" \/>\n<meta name=\"twitter:card\" content=\"summary_large_image\" \/>\n<meta name=\"twitter:label1\" content=\"Escrito por\" \/>\n\t<meta name=\"twitter:data1\" content=\"Consejo Editorial De Colombia Marxista\" \/>\n\t<meta name=\"twitter:label2\" content=\"Tiempo de lectura\" \/>\n\t<meta name=\"twitter:data2\" content=\"9 minutos\" \/>\n<script type=\"application\/ld+json\" class=\"yoast-schema-graph\">{\"@context\":\"https:\\\/\\\/schema.org\",\"@graph\":[{\"@type\":\"Article\",\"@id\":\"https:\\\/\\\/colombiamarxista.com\\\/?p=4556#article\",\"isPartOf\":{\"@id\":\"https:\\\/\\\/colombiamarxista.com\\\/?p=4556\"},\"author\":{\"name\":\"Consejo Editorial De Colombia Marxista\",\"@id\":\"https:\\\/\\\/colombiamarxista.com\\\/#\\\/schema\\\/person\\\/e37d02f1454a536d01306cf74ee02c39\"},\"headline\":\"Escalada del conflicto en Colombia: El ELN y el Catatumbo\",\"datePublished\":\"2025-02-05T16:42:45+00:00\",\"dateModified\":\"2025-02-05T19:05:54+00:00\",\"mainEntityOfPage\":{\"@id\":\"https:\\\/\\\/colombiamarxista.com\\\/?p=4556\"},\"wordCount\":2283,\"commentCount\":0,\"publisher\":{\"@id\":\"https:\\\/\\\/colombiamarxista.com\\\/#organization\"},\"image\":{\"@id\":\"https:\\\/\\\/colombiamarxista.com\\\/?p=4556#primaryimage\"},\"thumbnailUrl\":\"https:\\\/\\\/colombiamarxista.com\\\/wp-content\\\/uploads\\\/2025\\\/02\\\/ELN-.jpg\",\"keywords\":[\"petro\",\"ELN\",\"Catatumbo\"],\"articleSection\":[\"Actualidad\"],\"inLanguage\":\"es-CO\",\"potentialAction\":[{\"@type\":\"CommentAction\",\"name\":\"Comment\",\"target\":[\"https:\\\/\\\/colombiamarxista.com\\\/?p=4556#respond\"]}]},{\"@type\":\"WebPage\",\"@id\":\"https:\\\/\\\/colombiamarxista.com\\\/?p=4556\",\"url\":\"https:\\\/\\\/colombiamarxista.com\\\/?p=4556\",\"name\":\"Escalada del conflicto en Colombia: El ELN y el Catatumbo - Comunistas Revolucionarios de Colombia\",\"isPartOf\":{\"@id\":\"https:\\\/\\\/colombiamarxista.com\\\/#website\"},\"primaryImageOfPage\":{\"@id\":\"https:\\\/\\\/colombiamarxista.com\\\/?p=4556#primaryimage\"},\"image\":{\"@id\":\"https:\\\/\\\/colombiamarxista.com\\\/?p=4556#primaryimage\"},\"thumbnailUrl\":\"https:\\\/\\\/colombiamarxista.com\\\/wp-content\\\/uploads\\\/2025\\\/02\\\/ELN-.jpg\",\"datePublished\":\"2025-02-05T16:42:45+00:00\",\"dateModified\":\"2025-02-05T19:05:54+00:00\",\"breadcrumb\":{\"@id\":\"https:\\\/\\\/colombiamarxista.com\\\/?p=4556#breadcrumb\"},\"inLanguage\":\"es-CO\",\"potentialAction\":[{\"@type\":\"ReadAction\",\"target\":[\"https:\\\/\\\/colombiamarxista.com\\\/?p=4556\"]}]},{\"@type\":\"ImageObject\",\"inLanguage\":\"es-CO\",\"@id\":\"https:\\\/\\\/colombiamarxista.com\\\/?p=4556#primaryimage\",\"url\":\"https:\\\/\\\/colombiamarxista.com\\\/wp-content\\\/uploads\\\/2025\\\/02\\\/ELN-.jpg\",\"contentUrl\":\"https:\\\/\\\/colombiamarxista.com\\\/wp-content\\\/uploads\\\/2025\\\/02\\\/ELN-.jpg\",\"width\":1417,\"height\":964},{\"@type\":\"BreadcrumbList\",\"@id\":\"https:\\\/\\\/colombiamarxista.com\\\/?p=4556#breadcrumb\",\"itemListElement\":[{\"@type\":\"ListItem\",\"position\":1,\"name\":\"Home\",\"item\":\"https:\\\/\\\/colombiamarxista.com\\\/\"},{\"@type\":\"ListItem\",\"position\":2,\"name\":\"Escalada del conflicto en Colombia: El ELN y el Catatumbo\"}]},{\"@type\":\"WebSite\",\"@id\":\"https:\\\/\\\/colombiamarxista.com\\\/#website\",\"url\":\"https:\\\/\\\/colombiamarxista.com\\\/\",\"name\":\"Comunistas Revolucionarios de Colombia\",\"description\":\"\",\"publisher\":{\"@id\":\"https:\\\/\\\/colombiamarxista.com\\\/#organization\"},\"potentialAction\":[{\"@type\":\"SearchAction\",\"target\":{\"@type\":\"EntryPoint\",\"urlTemplate\":\"https:\\\/\\\/colombiamarxista.com\\\/?s={search_term_string}\"},\"query-input\":{\"@type\":\"PropertyValueSpecification\",\"valueRequired\":true,\"valueName\":\"search_term_string\"}}],\"inLanguage\":\"es-CO\"},{\"@type\":\"Organization\",\"@id\":\"https:\\\/\\\/colombiamarxista.com\\\/#organization\",\"name\":\"Comunistas Revolucionarios de Colombia\",\"url\":\"https:\\\/\\\/colombiamarxista.com\\\/\",\"logo\":{\"@type\":\"ImageObject\",\"inLanguage\":\"es-CO\",\"@id\":\"https:\\\/\\\/colombiamarxista.com\\\/#\\\/schema\\\/logo\\\/image\\\/\",\"url\":\"https:\\\/\\\/colombiamarxista.com\\\/wp-content\\\/uploads\\\/2026\\\/04\\\/logo-crc_Mesa-de-trabajo-1-scaled.png\",\"contentUrl\":\"https:\\\/\\\/colombiamarxista.com\\\/wp-content\\\/uploads\\\/2026\\\/04\\\/logo-crc_Mesa-de-trabajo-1-scaled.png\",\"width\":2560,\"height\":1920,\"caption\":\"Comunistas Revolucionarios de Colombia\"},\"image\":{\"@id\":\"https:\\\/\\\/colombiamarxista.com\\\/#\\\/schema\\\/logo\\\/image\\\/\"}},{\"@type\":\"Person\",\"@id\":\"https:\\\/\\\/colombiamarxista.com\\\/#\\\/schema\\\/person\\\/e37d02f1454a536d01306cf74ee02c39\",\"name\":\"Consejo Editorial De Colombia Marxista\",\"image\":{\"@type\":\"ImageObject\",\"inLanguage\":\"es-CO\",\"@id\":\"https:\\\/\\\/secure.gravatar.com\\\/avatar\\\/27d462afb069d4f31317c3decd42f1acedbc140f1342d432b75cc0cb867e5fb1?s=96&d=mm&r=g\",\"url\":\"https:\\\/\\\/secure.gravatar.com\\\/avatar\\\/27d462afb069d4f31317c3decd42f1acedbc140f1342d432b75cc0cb867e5fb1?s=96&d=mm&r=g\",\"contentUrl\":\"https:\\\/\\\/secure.gravatar.com\\\/avatar\\\/27d462afb069d4f31317c3decd42f1acedbc140f1342d432b75cc0cb867e5fb1?s=96&d=mm&r=g\",\"caption\":\"Consejo Editorial De Colombia Marxista\"},\"sameAs\":[\"http:\\\/\\\/colombiamarxista.com\"],\"url\":\"https:\\\/\\\/colombiamarxista.com\\\/?author=1\"}]}<\/script>\n<!-- \/ Yoast SEO plugin. -->","yoast_head_json":{"title":"Escalada del conflicto en Colombia: El ELN y el Catatumbo - Comunistas Revolucionarios de Colombia","robots":{"index":"index","follow":"follow","max-snippet":"max-snippet:-1","max-image-preview":"max-image-preview:large","max-video-preview":"max-video-preview:-1"},"canonical":"https:\/\/colombiamarxista.com\/?p=4556","og_locale":"es_ES","og_type":"article","og_title":"Escalada del conflicto en Colombia: El ELN y el Catatumbo","og_description":"El estado de conmoci\u00f3n debido a los eventos en el Catatumbo es un punto de giro significativo para la pol\u00edtica de paz total promovida por el gobierno de Gustavo Petro, el primer gobierno reformista de la historia de Colombia. El 17 de enero, el presidente suspendi\u00f3 negociaciones de paz con el ELN y la fiscal\u00eda [&hellip;]","og_url":"https:\/\/colombiamarxista.com\/?p=4556","og_site_name":"Comunistas Revolucionarios de Colombia","article_published_time":"2025-02-05T16:42:45+00:00","article_modified_time":"2025-02-05T19:05:54+00:00","og_image":[{"width":1417,"height":964,"url":"https:\/\/colombiamarxista.com\/wp-content\/uploads\/2025\/02\/ELN-.jpg","type":"image\/jpeg"}],"author":"Consejo Editorial De Colombia Marxista","twitter_card":"summary_large_image","twitter_misc":{"Escrito por":"Consejo Editorial De Colombia Marxista","Tiempo de lectura":"9 minutos"},"schema":{"@context":"https:\/\/schema.org","@graph":[{"@type":"Article","@id":"https:\/\/colombiamarxista.com\/?p=4556#article","isPartOf":{"@id":"https:\/\/colombiamarxista.com\/?p=4556"},"author":{"name":"Consejo Editorial De Colombia Marxista","@id":"https:\/\/colombiamarxista.com\/#\/schema\/person\/e37d02f1454a536d01306cf74ee02c39"},"headline":"Escalada del conflicto en Colombia: El ELN y el Catatumbo","datePublished":"2025-02-05T16:42:45+00:00","dateModified":"2025-02-05T19:05:54+00:00","mainEntityOfPage":{"@id":"https:\/\/colombiamarxista.com\/?p=4556"},"wordCount":2283,"commentCount":0,"publisher":{"@id":"https:\/\/colombiamarxista.com\/#organization"},"image":{"@id":"https:\/\/colombiamarxista.com\/?p=4556#primaryimage"},"thumbnailUrl":"https:\/\/colombiamarxista.com\/wp-content\/uploads\/2025\/02\/ELN-.jpg","keywords":["petro","ELN","Catatumbo"],"articleSection":["Actualidad"],"inLanguage":"es-CO","potentialAction":[{"@type":"CommentAction","name":"Comment","target":["https:\/\/colombiamarxista.com\/?p=4556#respond"]}]},{"@type":"WebPage","@id":"https:\/\/colombiamarxista.com\/?p=4556","url":"https:\/\/colombiamarxista.com\/?p=4556","name":"Escalada del conflicto en Colombia: El ELN y el Catatumbo - Comunistas Revolucionarios de Colombia","isPartOf":{"@id":"https:\/\/colombiamarxista.com\/#website"},"primaryImageOfPage":{"@id":"https:\/\/colombiamarxista.com\/?p=4556#primaryimage"},"image":{"@id":"https:\/\/colombiamarxista.com\/?p=4556#primaryimage"},"thumbnailUrl":"https:\/\/colombiamarxista.com\/wp-content\/uploads\/2025\/02\/ELN-.jpg","datePublished":"2025-02-05T16:42:45+00:00","dateModified":"2025-02-05T19:05:54+00:00","breadcrumb":{"@id":"https:\/\/colombiamarxista.com\/?p=4556#breadcrumb"},"inLanguage":"es-CO","potentialAction":[{"@type":"ReadAction","target":["https:\/\/colombiamarxista.com\/?p=4556"]}]},{"@type":"ImageObject","inLanguage":"es-CO","@id":"https:\/\/colombiamarxista.com\/?p=4556#primaryimage","url":"https:\/\/colombiamarxista.com\/wp-content\/uploads\/2025\/02\/ELN-.jpg","contentUrl":"https:\/\/colombiamarxista.com\/wp-content\/uploads\/2025\/02\/ELN-.jpg","width":1417,"height":964},{"@type":"BreadcrumbList","@id":"https:\/\/colombiamarxista.com\/?p=4556#breadcrumb","itemListElement":[{"@type":"ListItem","position":1,"name":"Home","item":"https:\/\/colombiamarxista.com\/"},{"@type":"ListItem","position":2,"name":"Escalada del conflicto en Colombia: El ELN y el Catatumbo"}]},{"@type":"WebSite","@id":"https:\/\/colombiamarxista.com\/#website","url":"https:\/\/colombiamarxista.com\/","name":"Comunistas Revolucionarios de Colombia","description":"","publisher":{"@id":"https:\/\/colombiamarxista.com\/#organization"},"potentialAction":[{"@type":"SearchAction","target":{"@type":"EntryPoint","urlTemplate":"https:\/\/colombiamarxista.com\/?s={search_term_string}"},"query-input":{"@type":"PropertyValueSpecification","valueRequired":true,"valueName":"search_term_string"}}],"inLanguage":"es-CO"},{"@type":"Organization","@id":"https:\/\/colombiamarxista.com\/#organization","name":"Comunistas Revolucionarios de Colombia","url":"https:\/\/colombiamarxista.com\/","logo":{"@type":"ImageObject","inLanguage":"es-CO","@id":"https:\/\/colombiamarxista.com\/#\/schema\/logo\/image\/","url":"https:\/\/colombiamarxista.com\/wp-content\/uploads\/2026\/04\/logo-crc_Mesa-de-trabajo-1-scaled.png","contentUrl":"https:\/\/colombiamarxista.com\/wp-content\/uploads\/2026\/04\/logo-crc_Mesa-de-trabajo-1-scaled.png","width":2560,"height":1920,"caption":"Comunistas Revolucionarios de Colombia"},"image":{"@id":"https:\/\/colombiamarxista.com\/#\/schema\/logo\/image\/"}},{"@type":"Person","@id":"https:\/\/colombiamarxista.com\/#\/schema\/person\/e37d02f1454a536d01306cf74ee02c39","name":"Consejo Editorial De Colombia Marxista","image":{"@type":"ImageObject","inLanguage":"es-CO","@id":"https:\/\/secure.gravatar.com\/avatar\/27d462afb069d4f31317c3decd42f1acedbc140f1342d432b75cc0cb867e5fb1?s=96&d=mm&r=g","url":"https:\/\/secure.gravatar.com\/avatar\/27d462afb069d4f31317c3decd42f1acedbc140f1342d432b75cc0cb867e5fb1?s=96&d=mm&r=g","contentUrl":"https:\/\/secure.gravatar.com\/avatar\/27d462afb069d4f31317c3decd42f1acedbc140f1342d432b75cc0cb867e5fb1?s=96&d=mm&r=g","caption":"Consejo Editorial De Colombia Marxista"},"sameAs":["http:\/\/colombiamarxista.com"],"url":"https:\/\/colombiamarxista.com\/?author=1"}]}},"_links":{"self":[{"href":"https:\/\/colombiamarxista.com\/index.php?rest_route=\/wp\/v2\/posts\/4556","targetHints":{"allow":["GET"]}}],"collection":[{"href":"https:\/\/colombiamarxista.com\/index.php?rest_route=\/wp\/v2\/posts"}],"about":[{"href":"https:\/\/colombiamarxista.com\/index.php?rest_route=\/wp\/v2\/types\/post"}],"author":[{"embeddable":true,"href":"https:\/\/colombiamarxista.com\/index.php?rest_route=\/wp\/v2\/users\/1"}],"replies":[{"embeddable":true,"href":"https:\/\/colombiamarxista.com\/index.php?rest_route=%2Fwp%2Fv2%2Fcomments&post=4556"}],"version-history":[{"count":2,"href":"https:\/\/colombiamarxista.com\/index.php?rest_route=\/wp\/v2\/posts\/4556\/revisions"}],"predecessor-version":[{"id":4564,"href":"https:\/\/colombiamarxista.com\/index.php?rest_route=\/wp\/v2\/posts\/4556\/revisions\/4564"}],"wp:featuredmedia":[{"embeddable":true,"href":"https:\/\/colombiamarxista.com\/index.php?rest_route=\/wp\/v2\/media\/4557"}],"wp:attachment":[{"href":"https:\/\/colombiamarxista.com\/index.php?rest_route=%2Fwp%2Fv2%2Fmedia&parent=4556"}],"wp:term":[{"taxonomy":"category","embeddable":true,"href":"https:\/\/colombiamarxista.com\/index.php?rest_route=%2Fwp%2Fv2%2Fcategories&post=4556"},{"taxonomy":"post_tag","embeddable":true,"href":"https:\/\/colombiamarxista.com\/index.php?rest_route=%2Fwp%2Fv2%2Ftags&post=4556"}],"curies":[{"name":"wp","href":"https:\/\/api.w.org\/{rel}","templated":true}]}}