{"id":440,"date":"2021-01-20T08:02:13","date_gmt":"2021-01-20T13:02:13","guid":{"rendered":"https:\/\/colombiamarxista.com\/?p=440"},"modified":"2021-05-13T20:54:33","modified_gmt":"2021-05-14T01:54:33","slug":"joe-biden-y-colombia-la-continuacion-del-imperialismo","status":"publish","type":"post","link":"https:\/\/colombiamarxista.com\/?p=440","title":{"rendered":"Joe Biden y Colombia: la continuaci\u00f3n del imperialismo"},"content":{"rendered":"\n<p>Con la posesi\u00f3n de Joe Biden, la clase dominante internacional espera un retorno a la estabilidad de los a\u00f1os de Barack Obama. En la cobertura de las elecciones estadounidenses en nuestro pa\u00eds, es claro cu\u00e1l era el candidato preferido de los editores y periodistas colombianos, quienes en verdad cantan seg\u00fan la melod\u00eda de la clase dominante de nuestro pa\u00eds. Joe Biden representa las esperanzas de Wall Street para restaurar el orden despu\u00e9s de cuatro a\u00f1os de la presidencia ca\u00f3tica de Donald Trump. No hay que ver m\u00e1s all\u00e1 de encabezados como <a href=\"https:\/\/www.eltiempo.com\/opinion\/columnistas\/sergio-munoz-bata\/columna-de-sergio-munoz-bata-sobre-la-convencion-democrata-y-joe-biden-532890\">\u201cJoe Biden: honor, capacidad y decencia\u201d<\/a>&nbsp; de El Tiempo, <a href=\"https:\/\/www.portafolio.co\/tendencias\/como-sacar-ventaja-de-la-relacion-entre-colombia-y-ee-uu-en-la-era-biden-548171\">\u00bfC\u00f3mo sacar ventaja de relaci\u00f3n entre Colombia y EE.UU. en era Biden?<\/a> de Portafolio.co&nbsp; o <a href=\"https:\/\/www.elespectador.com\/noticias\/el-mundo\/elecciones-estados-unidos-2020-biden-seria-mas-benefico-para-colombia\/\">\u201cBiden ser\u00eda m\u00e1s ben\u00e9fico para Colombia\u201d<\/a> de El Espectador.&nbsp;<\/p>\n\n\n\n<p>Pero hay que ser claros, la elecci\u00f3n de Joe Biden no representa una soluci\u00f3n de la crisis del capitalismo que vivimos. El Banco de Inglaterra la ha llamado: la peor crisis en los \u00faltimos 300 a\u00f1os. De hecho, Joe Biden tom\u00f3 el poder en medio de esta crisis econ\u00f3mica con <a href=\"https:\/\/www.cbo.gov\/topics\/budget\">un d\u00e9ficit en el presupuesto federal<\/a> de $3.3 trillones de d\u00f3lares. En toda crisis econ\u00f3mica, hay una pregunta impl\u00edcita: \u00bfQui\u00e9n paga? \u00bfPaga la clase dominante que ha creado las condiciones para la crisis a trav\u00e9s de especulaci\u00f3n y explotaci\u00f3n? \u00bfO paga la clase obrera con despidos, austeridad y miseria? Esos 3.3 trillones de d\u00f3lares alarmaron a cualquier banquero de Wall Street y ejecutivo multimillonario en los Estados Unidos. Y son ellos quienes han elegido en Joe Biden a su campe\u00f3n.&nbsp;<\/p>\n\n\n\n<p>Es claro por qu\u00e9 la clase dominante Colombiana ve en Joe Biden un gran aliado. Joe Biden se jacta de haber sido <a href=\"https:\/\/twitter.com\/CPDAction\/status\/1218263185914056704\">el arquitecto del Plan Colombia<\/a>. El Plan Colombia le ofreci\u00f3 billones de d\u00f3lares a los gobiernos de Andres Pastrana y Alvaro Uribe Velez para \u201cpelear contra el Narcotr\u00e1fico\u201d. Naturalmente este dinero se us\u00f3 para armar a los Paramilitares y ayudar a la Narco-Derecha a tomar control de la tierra hasta el punto que \u201c<a href=\"https:\/\/sostenibilidad.semana.com\/impacto\/articulo\/concentracion-de-la-tierra-en-colombia-el-1-por-ciento-de-las-fincas-mas-grandes-ocupan-el-81-por-ciento-de-la-tierra\/40882#:~:text=El%201%20%25%20de%20las%20fincas,el%2060%20%25%20de%20la%20tierra.\">el 1 % de las fincas de mayor tama\u00f1o tienen en su poder el 81 % de la tierra colombiana. El 19 % de tierra restante se reparte entre el 99% de las fincas.<\/a>\u201d La misma CIA (Central Intelligence Agency, la Agencia de Inteligencia Central de los Estados Unidos) reconoce que <a href=\"https:\/\/www.cia.gov\/the-world-factbook\/countries\/colombia\/#terrorism\">casi ocho millones de Colombianos<\/a> han sido desplazados debido a este conflicto a un paso de 300,000 desplazados por a\u00f1o desde el 2000 (en otras palabras, desde la implementaci\u00f3n del Plan Colombia). No solo eso, pero fue durante este periodo que el uso de Falso Positivos y otras t\u00e1cticas sucias fueron implementadas y consolidadas con el objetivo de eliminar a l\u00edderes sociales, sindicales y activistas.&nbsp;&nbsp;<\/p>\n\n\n\n<p>Por otro lado, el Partido Dem\u00f3crata tiene su historial con Colombia m\u00e1s all\u00e1 de Joe Biden. Despu\u00e9s del Plan Colombia, vino el Tratado de Libre Comercio, implementado en el 2012. Hillary Clinton durante su campa\u00f1a presidencial del 2008 pretendi\u00f3 oponerse a este Tratado mientras que su esposo, Bill Clinton (anterior Presidente de los Estados Unidos) recibi\u00f3 $800.000 (USD) para hablar para Gold Service International, la compa\u00f1\u00eda basada en&nbsp; Colombia en defensa del tratado que su esposa supuestamente opuso. Despu\u00e9s de la elecci\u00f3n de Barack Obama en 2008, Hillary Clinton tom\u00f3 el puesto de Secretaria de Estado donde defendi\u00f3 el record de derechos humanos de Alvaro Uribe Velez durante su Presidencia y luego desarroll\u00f3 una asociaci\u00f3n con Frank Giustra, el fundador de Pacific Rubiales, una compa\u00f1\u00eda Petrolera operando en Colombia oriunda de Canad\u00e1 con un papel central en las luchas obreras de ese entonces. Esta asociaci\u00f3n termin\u00f3 con Giustra uni\u00e9ndose a la mesa de dirigentes de la Fundaci\u00f3n Clinton. Fue despu\u00e9s de esto (y donaciones enormes a la campa\u00f1a de Hillary Clinton para la presidencia) que Clinton decidi\u00f3 apoyar el tratado de Libre Comercio.<\/p>\n\n\n\n<figure class=\"wp-block-image size-large\"><img fetchpriority=\"high\" decoding=\"async\" width=\"713\" height=\"479\" src=\"https:\/\/colombiamarxista.com\/wp-content\/uploads\/2021\/01\/andres-pastrana-junto-a-joe-baiden.jpg\" alt=\"\" class=\"wp-image-441\" srcset=\"https:\/\/colombiamarxista.com\/wp-content\/uploads\/2021\/01\/andres-pastrana-junto-a-joe-baiden.jpg 713w, https:\/\/colombiamarxista.com\/wp-content\/uploads\/2021\/01\/andres-pastrana-junto-a-joe-baiden-300x202.jpg 300w, https:\/\/colombiamarxista.com\/wp-content\/uploads\/2021\/01\/andres-pastrana-junto-a-joe-baiden-696x468.jpg 696w, https:\/\/colombiamarxista.com\/wp-content\/uploads\/2021\/01\/andres-pastrana-junto-a-joe-baiden-625x420.jpg 625w\" sizes=\"(max-width: 713px) 100vw, 713px\" \/><\/figure>\n\n\n\n<p>El Tratado de Libre Comercio en su implementaci\u00f3n ha sido la arquitectura legal detr\u00e1s de la imposici\u00f3n de la voluntad del Imperialismo Americano en Colombia. De hecho, durante los primeros 10 meses de la presidencia de Juan Manuel Santos, 104 activistas fueron asesinados por paramilitares y sicarios. Compa\u00f1\u00edas como Dole, Coca-Cola y Chiquita (antes conocida como la United Fruit Company, infame por su rol en la Masacre de las Bananeras) han<a href=\"https:\/\/www.theguardian.com\/world\/2007\/may\/19\/colombia.foodanddrink\"> financiado a cuerpos paramilitares y sicarios<\/a> para prevenir la organizaci\u00f3n de obreros en f\u00e1bricas y sectores de industria claves tanto para la econom\u00eda Colombiana como para el lucro de los imperialistas.&nbsp;<\/p>\n\n\n\n<p>El disgusto con Trump es m\u00e1s que entendible. El hombre representa el elemento m\u00e1s obviamente xen\u00f3fobo, racista y sexista de la clase dominante estadounidense y es una caricatura del capitalismo traida a la vida. Pero hay una diferencia enorme entre la repelencia de la clase dominante colombiana hacia Trump y el disgusto de la clase obrera. Para la clase dominante colombiana, Trump representa un elemento rebelde que ha jugado con fuego con la econom\u00eda mundial y ha expuesto de la manera m\u00e1s clara los excesos del capitalismo mundial. En su pol\u00edtica extranjera, no hay diferencia substancial entre su agenda y la agenda de Joe Biden. Ambos est\u00e1n a favor de la perpetuaci\u00f3n del imperialismo estadounidense y de hecho Biden ve en Colombia a <a href=\"https:\/\/www.eltiempo.com\/politica\/gobierno\/declaraciones-de-joe-biden-sobre-colombia-en-cartagena-35507\">la piedra angular<\/a> (en otras palabras, el servidor principal de los Estados Unidos) y ambos defienden el r\u00e9cord de los Estados Unidos en Colombia, desde el Plan Colombia hasta el Tratado de Libre Comercio.&nbsp;<\/p>\n\n\n\n<p>El disgusto de los obreros hacia Trump es distinto. Es el disgusto de los explotados hacia un explotador empedernido. Alguien que no tiene ninguna verg\u00fcenza en aliarse con la supremac\u00eda blanca estadounidense o en tildar a todos los inmigrantes latinos como violadores y hampones. Alguien que se ufana de vivir en torres y apartamentos dorados mientras que emplea los peores m\u00e9todos de explotaci\u00f3n para competir en el negocio de bienes ra\u00edces. Alguien que no tiene ning\u00fan problema en legitimar a elementos similares como Jair Bolsonaro en Brasil, que se deleitan con el sufrimiento y la explotaci\u00f3n de la clase obrera. Para nosotros, Trump no es simplemente una anomal\u00eda del sistema sino, la representaci\u00f3n m\u00e1xima de la crueldad del capitalismo.&nbsp;<\/p>\n\n\n\n<p>Muchos en la izquierda internacional, sin embargo, a pesar de estos hechos han ca\u00eddo en la trampa de apoyar a Joe Biden en su campa\u00f1a presidencial, tildando a Donald Trump como el principio del fascismo estadounidense. En esto hay que ser m\u00e1s que claros: Donald Trump no es un fascista. El fascismo es un fen\u00f3meno espec\u00edfico, no una palabra que podemos escupir cada vez que la crueldad del capitalismo nos sea revelada. El fascismo se refiere a un movimiento en masa usado para destruir al movimiento obrero de manera contundente. En la Alemania Nazi, por ejemplo, los nazis se deleitaron en asesinar a los sindicalistas y quemar hasta los clubes de ajedrez de los sindicatos alemanes. En los Estados Unidos, de hecho, el movimiento obrero no ha sido destruido. Si acaso, ha sido revitalizado por los \u00faltimos cuatro a\u00f1os de crisis.&nbsp;<\/p>\n\n\n\n<p>Pero los l\u00edderes del renaciente movimiento obrero Estadounidense todav\u00eda siguen al Partido Dem\u00f3crata de la manera m\u00e1s devota posible. Millones de obreros organizados y cientos de miles de personas en organizaciones como el DSA (Socialistas Dem\u00f3cratas de Am\u00e9rica) han ca\u00eddo en la trampa del mal menor, declarando que hay que votar por Joe Biden para prevenir las peores consecuencias del capitalismo, mientras que el sistema se deteriora a nuestro alrededor.&nbsp;<\/p>\n\n\n\n<p>Desde Colombia Marxista, tenemos claro que la \u00fanica soluci\u00f3n al problema que la elecci\u00f3n de Joe Biden significa para la mayor\u00eda de nosotros es la formaci\u00f3n de un partido obrero independiente. Los n\u00fameros los hay. Esto se tiene que enfatizar una y otra vez. Si organizaciones como la Federaci\u00f3n Americana del Trabajo cogieran a todos los sindicatos que representan y los organizaran bajo una bandera pol\u00edtica, los obreros de los Estados Unidos podr\u00edan f\u00e1cilmente conectar todas sus luchas y convertirlas en una sola lucha contra la clase dominante Estadounidense.<\/p>\n\n\n\n<p>De igual modo, nuestro papel desde Colombia Marxista es proponer lo mismo para los trabajadores colombianos. Si organizaciones como la CUT y sus sindicatos m\u00e1s s\u00f3lidos como FECODE y USO, organizaran a sus obreros a nivel nacional bajo un programa pol\u00edtico que luche por los intereses de los obreros, los campesinos y los oprimidos del pa\u00eds, podr\u00edamos finalmente luchar contra el imperialismo americano. Es claro para nosotros que la clase dominante de Colombia no tiene ning\u00fan inter\u00e9s en detener a las compa\u00f1\u00edas norteamericanas y que, de hecho, se benefician enormemente del dinero estadounidense. Mientras que los medios de producci\u00f3n est\u00e9n en las manos de los patrones colombianos, es claro que los obreros y campesinos colombianos ser\u00e1n los empleados m\u00e1s baratos de la clase dominante estadounidense. Un partido obrero colombiano, si toma el poder, podr\u00eda rehusarse a pagar la deuda a los Estados Unidos que se usa para tomar control de la econom\u00eda y el estado colombiano. Asimismo, tambi\u00e9n podr\u00eda tomar control de los medios de producci\u00f3n y monopolizar el intercambio extranjero, poniendo fin a los explotadores colombianos.&nbsp;<\/p>\n\n\n\n<p>Joe Biden no representa un futuro brillante para Colombia, solo representa la continuaci\u00f3n clara del mismo <em>status quo<\/em> que permite que a los colombianos se les pague 1.88 centavos de d\u00f3lar por hora en un pa\u00eds en el cual el costo de vida se incrementa cada d\u00eda. Para Joe Biden y el partido Dem\u00f3crata, Colombia solo representa una f\u00e1brica y un campo m\u00e1s barato que el que se les garantiza en territorio Estadounidense. Nuestra tarea como Marxistas es exponer esto esto a la clase obrera y ayudarles a ponerle fin a esta relaci\u00f3n de explotaci\u00f3n que ha definido nuestra historia.<\/p>\n","protected":false},"excerpt":{"rendered":"<p>Con la posesi\u00f3n de Joe Biden, la clase dominante internacional espera un retorno a la estabilidad de los a\u00f1os de Barack Obama. En la cobertura de las elecciones estadounidenses en nuestro pa\u00eds, es claro cu\u00e1l era el candidato preferido de los editores y periodistas colombianos, quienes en verdad cantan seg\u00fan la melod\u00eda de la clase [&hellip;]<\/p>\n","protected":false},"author":2,"featured_media":443,"comment_status":"open","ping_status":"open","sticky":false,"template":"","format":"standard","meta":{"footnotes":""},"categories":[201],"tags":[],"class_list":["post-440","post","type-post","status-publish","format-standard","has-post-thumbnail","hentry","category-politica"],"yoast_head":"<!-- This site is optimized with the Yoast SEO plugin v27.5 - https:\/\/yoast.com\/product\/yoast-seo-wordpress\/ -->\n<title>Joe Biden y Colombia: la continuaci\u00f3n del imperialismo - Comunistas Revolucionarios de Colombia<\/title>\n<meta name=\"robots\" content=\"index, follow, max-snippet:-1, max-image-preview:large, max-video-preview:-1\" \/>\n<link rel=\"canonical\" href=\"https:\/\/colombiamarxista.com\/?p=440\" \/>\n<meta property=\"og:locale\" content=\"es_ES\" \/>\n<meta property=\"og:type\" content=\"article\" \/>\n<meta property=\"og:title\" content=\"Joe Biden y Colombia: la continuaci\u00f3n del imperialismo - Comunistas Revolucionarios de Colombia\" \/>\n<meta property=\"og:description\" content=\"Con la posesi\u00f3n de Joe Biden, la clase dominante internacional espera un retorno a la estabilidad de los a\u00f1os de Barack Obama. En la cobertura de las elecciones estadounidenses en nuestro pa\u00eds, es claro cu\u00e1l era el candidato preferido de los editores y periodistas colombianos, quienes en verdad cantan seg\u00fan la melod\u00eda de la clase [&hellip;]\" \/>\n<meta property=\"og:url\" content=\"https:\/\/colombiamarxista.com\/?p=440\" \/>\n<meta property=\"og:site_name\" content=\"Comunistas Revolucionarios de Colombia\" \/>\n<meta property=\"article:published_time\" content=\"2021-01-20T13:02:13+00:00\" \/>\n<meta property=\"article:modified_time\" content=\"2021-05-14T01:54:33+00:00\" \/>\n<meta property=\"og:image\" content=\"https:\/\/colombiamarxista.com\/wp-content\/uploads\/2021\/01\/joe-biden-y-duque.jpg\" \/>\n\t<meta property=\"og:image:width\" content=\"1200\" \/>\n\t<meta property=\"og:image:height\" content=\"675\" \/>\n\t<meta property=\"og:image:type\" content=\"image\/jpeg\" \/>\n<meta name=\"author\" content=\"Gabriel Galeano\" \/>\n<meta name=\"twitter:card\" content=\"summary_large_image\" \/>\n<meta name=\"twitter:label1\" content=\"Escrito por\" \/>\n\t<meta name=\"twitter:data1\" content=\"Gabriel Galeano\" \/>\n\t<meta name=\"twitter:label2\" content=\"Tiempo de lectura\" \/>\n\t<meta name=\"twitter:data2\" content=\"8 minutos\" \/>\n<script type=\"application\/ld+json\" class=\"yoast-schema-graph\">{\"@context\":\"https:\\\/\\\/schema.org\",\"@graph\":[{\"@type\":\"Article\",\"@id\":\"https:\\\/\\\/colombiamarxista.com\\\/?p=440#article\",\"isPartOf\":{\"@id\":\"https:\\\/\\\/colombiamarxista.com\\\/?p=440\"},\"author\":{\"name\":\"Gabriel Galeano\",\"@id\":\"https:\\\/\\\/colombiamarxista.com\\\/#\\\/schema\\\/person\\\/7144a9d3ac99877932a4974fbd819cbf\"},\"headline\":\"Joe Biden y Colombia: la continuaci\u00f3n del imperialismo\",\"datePublished\":\"2021-01-20T13:02:13+00:00\",\"dateModified\":\"2021-05-14T01:54:33+00:00\",\"mainEntityOfPage\":{\"@id\":\"https:\\\/\\\/colombiamarxista.com\\\/?p=440\"},\"wordCount\":1713,\"commentCount\":0,\"publisher\":{\"@id\":\"https:\\\/\\\/colombiamarxista.com\\\/#organization\"},\"image\":{\"@id\":\"https:\\\/\\\/colombiamarxista.com\\\/?p=440#primaryimage\"},\"thumbnailUrl\":\"https:\\\/\\\/colombiamarxista.com\\\/wp-content\\\/uploads\\\/2021\\\/01\\\/joe-biden-y-duque.jpg\",\"articleSection\":[\"Pol\u00edtica\"],\"inLanguage\":\"es-CO\",\"potentialAction\":[{\"@type\":\"CommentAction\",\"name\":\"Comment\",\"target\":[\"https:\\\/\\\/colombiamarxista.com\\\/?p=440#respond\"]}]},{\"@type\":\"WebPage\",\"@id\":\"https:\\\/\\\/colombiamarxista.com\\\/?p=440\",\"url\":\"https:\\\/\\\/colombiamarxista.com\\\/?p=440\",\"name\":\"Joe Biden y Colombia: la continuaci\u00f3n del imperialismo - Comunistas Revolucionarios de Colombia\",\"isPartOf\":{\"@id\":\"https:\\\/\\\/colombiamarxista.com\\\/#website\"},\"primaryImageOfPage\":{\"@id\":\"https:\\\/\\\/colombiamarxista.com\\\/?p=440#primaryimage\"},\"image\":{\"@id\":\"https:\\\/\\\/colombiamarxista.com\\\/?p=440#primaryimage\"},\"thumbnailUrl\":\"https:\\\/\\\/colombiamarxista.com\\\/wp-content\\\/uploads\\\/2021\\\/01\\\/joe-biden-y-duque.jpg\",\"datePublished\":\"2021-01-20T13:02:13+00:00\",\"dateModified\":\"2021-05-14T01:54:33+00:00\",\"breadcrumb\":{\"@id\":\"https:\\\/\\\/colombiamarxista.com\\\/?p=440#breadcrumb\"},\"inLanguage\":\"es-CO\",\"potentialAction\":[{\"@type\":\"ReadAction\",\"target\":[\"https:\\\/\\\/colombiamarxista.com\\\/?p=440\"]}]},{\"@type\":\"ImageObject\",\"inLanguage\":\"es-CO\",\"@id\":\"https:\\\/\\\/colombiamarxista.com\\\/?p=440#primaryimage\",\"url\":\"https:\\\/\\\/colombiamarxista.com\\\/wp-content\\\/uploads\\\/2021\\\/01\\\/joe-biden-y-duque.jpg\",\"contentUrl\":\"https:\\\/\\\/colombiamarxista.com\\\/wp-content\\\/uploads\\\/2021\\\/01\\\/joe-biden-y-duque.jpg\",\"width\":1200,\"height\":675},{\"@type\":\"BreadcrumbList\",\"@id\":\"https:\\\/\\\/colombiamarxista.com\\\/?p=440#breadcrumb\",\"itemListElement\":[{\"@type\":\"ListItem\",\"position\":1,\"name\":\"Home\",\"item\":\"https:\\\/\\\/colombiamarxista.com\\\/\"},{\"@type\":\"ListItem\",\"position\":2,\"name\":\"Joe Biden y Colombia: la continuaci\u00f3n del imperialismo\"}]},{\"@type\":\"WebSite\",\"@id\":\"https:\\\/\\\/colombiamarxista.com\\\/#website\",\"url\":\"https:\\\/\\\/colombiamarxista.com\\\/\",\"name\":\"Comunistas Revolucionarios de Colombia\",\"description\":\"\",\"publisher\":{\"@id\":\"https:\\\/\\\/colombiamarxista.com\\\/#organization\"},\"potentialAction\":[{\"@type\":\"SearchAction\",\"target\":{\"@type\":\"EntryPoint\",\"urlTemplate\":\"https:\\\/\\\/colombiamarxista.com\\\/?s={search_term_string}\"},\"query-input\":{\"@type\":\"PropertyValueSpecification\",\"valueRequired\":true,\"valueName\":\"search_term_string\"}}],\"inLanguage\":\"es-CO\"},{\"@type\":\"Organization\",\"@id\":\"https:\\\/\\\/colombiamarxista.com\\\/#organization\",\"name\":\"Comunistas Revolucionarios de Colombia\",\"url\":\"https:\\\/\\\/colombiamarxista.com\\\/\",\"logo\":{\"@type\":\"ImageObject\",\"inLanguage\":\"es-CO\",\"@id\":\"https:\\\/\\\/colombiamarxista.com\\\/#\\\/schema\\\/logo\\\/image\\\/\",\"url\":\"https:\\\/\\\/colombiamarxista.com\\\/wp-content\\\/uploads\\\/2026\\\/04\\\/logo-crc_Mesa-de-trabajo-1-scaled.png\",\"contentUrl\":\"https:\\\/\\\/colombiamarxista.com\\\/wp-content\\\/uploads\\\/2026\\\/04\\\/logo-crc_Mesa-de-trabajo-1-scaled.png\",\"width\":2560,\"height\":1920,\"caption\":\"Comunistas Revolucionarios de Colombia\"},\"image\":{\"@id\":\"https:\\\/\\\/colombiamarxista.com\\\/#\\\/schema\\\/logo\\\/image\\\/\"}},{\"@type\":\"Person\",\"@id\":\"https:\\\/\\\/colombiamarxista.com\\\/#\\\/schema\\\/person\\\/7144a9d3ac99877932a4974fbd819cbf\",\"name\":\"Gabriel Galeano\",\"image\":{\"@type\":\"ImageObject\",\"inLanguage\":\"es-CO\",\"@id\":\"https:\\\/\\\/secure.gravatar.com\\\/avatar\\\/4f42705dcaa003feae644c4b7be0eb3a7f70ab67775c0c92a8b8eebb460d0140?s=96&d=mm&r=g\",\"url\":\"https:\\\/\\\/secure.gravatar.com\\\/avatar\\\/4f42705dcaa003feae644c4b7be0eb3a7f70ab67775c0c92a8b8eebb460d0140?s=96&d=mm&r=g\",\"contentUrl\":\"https:\\\/\\\/secure.gravatar.com\\\/avatar\\\/4f42705dcaa003feae644c4b7be0eb3a7f70ab67775c0c92a8b8eebb460d0140?s=96&d=mm&r=g\",\"caption\":\"Gabriel Galeano\"},\"url\":\"https:\\\/\\\/colombiamarxista.com\\\/?author=2\"}]}<\/script>\n<!-- \/ Yoast SEO plugin. -->","yoast_head_json":{"title":"Joe Biden y Colombia: la continuaci\u00f3n del imperialismo - Comunistas Revolucionarios de Colombia","robots":{"index":"index","follow":"follow","max-snippet":"max-snippet:-1","max-image-preview":"max-image-preview:large","max-video-preview":"max-video-preview:-1"},"canonical":"https:\/\/colombiamarxista.com\/?p=440","og_locale":"es_ES","og_type":"article","og_title":"Joe Biden y Colombia: la continuaci\u00f3n del imperialismo - Comunistas Revolucionarios de Colombia","og_description":"Con la posesi\u00f3n de Joe Biden, la clase dominante internacional espera un retorno a la estabilidad de los a\u00f1os de Barack Obama. En la cobertura de las elecciones estadounidenses en nuestro pa\u00eds, es claro cu\u00e1l era el candidato preferido de los editores y periodistas colombianos, quienes en verdad cantan seg\u00fan la melod\u00eda de la clase [&hellip;]","og_url":"https:\/\/colombiamarxista.com\/?p=440","og_site_name":"Comunistas Revolucionarios de Colombia","article_published_time":"2021-01-20T13:02:13+00:00","article_modified_time":"2021-05-14T01:54:33+00:00","og_image":[{"width":1200,"height":675,"url":"https:\/\/colombiamarxista.com\/wp-content\/uploads\/2021\/01\/joe-biden-y-duque.jpg","type":"image\/jpeg"}],"author":"Gabriel Galeano","twitter_card":"summary_large_image","twitter_misc":{"Escrito por":"Gabriel Galeano","Tiempo de lectura":"8 minutos"},"schema":{"@context":"https:\/\/schema.org","@graph":[{"@type":"Article","@id":"https:\/\/colombiamarxista.com\/?p=440#article","isPartOf":{"@id":"https:\/\/colombiamarxista.com\/?p=440"},"author":{"name":"Gabriel Galeano","@id":"https:\/\/colombiamarxista.com\/#\/schema\/person\/7144a9d3ac99877932a4974fbd819cbf"},"headline":"Joe Biden y Colombia: la continuaci\u00f3n del imperialismo","datePublished":"2021-01-20T13:02:13+00:00","dateModified":"2021-05-14T01:54:33+00:00","mainEntityOfPage":{"@id":"https:\/\/colombiamarxista.com\/?p=440"},"wordCount":1713,"commentCount":0,"publisher":{"@id":"https:\/\/colombiamarxista.com\/#organization"},"image":{"@id":"https:\/\/colombiamarxista.com\/?p=440#primaryimage"},"thumbnailUrl":"https:\/\/colombiamarxista.com\/wp-content\/uploads\/2021\/01\/joe-biden-y-duque.jpg","articleSection":["Pol\u00edtica"],"inLanguage":"es-CO","potentialAction":[{"@type":"CommentAction","name":"Comment","target":["https:\/\/colombiamarxista.com\/?p=440#respond"]}]},{"@type":"WebPage","@id":"https:\/\/colombiamarxista.com\/?p=440","url":"https:\/\/colombiamarxista.com\/?p=440","name":"Joe Biden y Colombia: la continuaci\u00f3n del imperialismo - Comunistas Revolucionarios de Colombia","isPartOf":{"@id":"https:\/\/colombiamarxista.com\/#website"},"primaryImageOfPage":{"@id":"https:\/\/colombiamarxista.com\/?p=440#primaryimage"},"image":{"@id":"https:\/\/colombiamarxista.com\/?p=440#primaryimage"},"thumbnailUrl":"https:\/\/colombiamarxista.com\/wp-content\/uploads\/2021\/01\/joe-biden-y-duque.jpg","datePublished":"2021-01-20T13:02:13+00:00","dateModified":"2021-05-14T01:54:33+00:00","breadcrumb":{"@id":"https:\/\/colombiamarxista.com\/?p=440#breadcrumb"},"inLanguage":"es-CO","potentialAction":[{"@type":"ReadAction","target":["https:\/\/colombiamarxista.com\/?p=440"]}]},{"@type":"ImageObject","inLanguage":"es-CO","@id":"https:\/\/colombiamarxista.com\/?p=440#primaryimage","url":"https:\/\/colombiamarxista.com\/wp-content\/uploads\/2021\/01\/joe-biden-y-duque.jpg","contentUrl":"https:\/\/colombiamarxista.com\/wp-content\/uploads\/2021\/01\/joe-biden-y-duque.jpg","width":1200,"height":675},{"@type":"BreadcrumbList","@id":"https:\/\/colombiamarxista.com\/?p=440#breadcrumb","itemListElement":[{"@type":"ListItem","position":1,"name":"Home","item":"https:\/\/colombiamarxista.com\/"},{"@type":"ListItem","position":2,"name":"Joe Biden y Colombia: la continuaci\u00f3n del imperialismo"}]},{"@type":"WebSite","@id":"https:\/\/colombiamarxista.com\/#website","url":"https:\/\/colombiamarxista.com\/","name":"Comunistas Revolucionarios de Colombia","description":"","publisher":{"@id":"https:\/\/colombiamarxista.com\/#organization"},"potentialAction":[{"@type":"SearchAction","target":{"@type":"EntryPoint","urlTemplate":"https:\/\/colombiamarxista.com\/?s={search_term_string}"},"query-input":{"@type":"PropertyValueSpecification","valueRequired":true,"valueName":"search_term_string"}}],"inLanguage":"es-CO"},{"@type":"Organization","@id":"https:\/\/colombiamarxista.com\/#organization","name":"Comunistas Revolucionarios de Colombia","url":"https:\/\/colombiamarxista.com\/","logo":{"@type":"ImageObject","inLanguage":"es-CO","@id":"https:\/\/colombiamarxista.com\/#\/schema\/logo\/image\/","url":"https:\/\/colombiamarxista.com\/wp-content\/uploads\/2026\/04\/logo-crc_Mesa-de-trabajo-1-scaled.png","contentUrl":"https:\/\/colombiamarxista.com\/wp-content\/uploads\/2026\/04\/logo-crc_Mesa-de-trabajo-1-scaled.png","width":2560,"height":1920,"caption":"Comunistas Revolucionarios de Colombia"},"image":{"@id":"https:\/\/colombiamarxista.com\/#\/schema\/logo\/image\/"}},{"@type":"Person","@id":"https:\/\/colombiamarxista.com\/#\/schema\/person\/7144a9d3ac99877932a4974fbd819cbf","name":"Gabriel Galeano","image":{"@type":"ImageObject","inLanguage":"es-CO","@id":"https:\/\/secure.gravatar.com\/avatar\/4f42705dcaa003feae644c4b7be0eb3a7f70ab67775c0c92a8b8eebb460d0140?s=96&d=mm&r=g","url":"https:\/\/secure.gravatar.com\/avatar\/4f42705dcaa003feae644c4b7be0eb3a7f70ab67775c0c92a8b8eebb460d0140?s=96&d=mm&r=g","contentUrl":"https:\/\/secure.gravatar.com\/avatar\/4f42705dcaa003feae644c4b7be0eb3a7f70ab67775c0c92a8b8eebb460d0140?s=96&d=mm&r=g","caption":"Gabriel Galeano"},"url":"https:\/\/colombiamarxista.com\/?author=2"}]}},"_links":{"self":[{"href":"https:\/\/colombiamarxista.com\/index.php?rest_route=\/wp\/v2\/posts\/440","targetHints":{"allow":["GET"]}}],"collection":[{"href":"https:\/\/colombiamarxista.com\/index.php?rest_route=\/wp\/v2\/posts"}],"about":[{"href":"https:\/\/colombiamarxista.com\/index.php?rest_route=\/wp\/v2\/types\/post"}],"author":[{"embeddable":true,"href":"https:\/\/colombiamarxista.com\/index.php?rest_route=\/wp\/v2\/users\/2"}],"replies":[{"embeddable":true,"href":"https:\/\/colombiamarxista.com\/index.php?rest_route=%2Fwp%2Fv2%2Fcomments&post=440"}],"version-history":[{"count":0,"href":"https:\/\/colombiamarxista.com\/index.php?rest_route=\/wp\/v2\/posts\/440\/revisions"}],"wp:featuredmedia":[{"embeddable":true,"href":"https:\/\/colombiamarxista.com\/index.php?rest_route=\/wp\/v2\/media\/443"}],"wp:attachment":[{"href":"https:\/\/colombiamarxista.com\/index.php?rest_route=%2Fwp%2Fv2%2Fmedia&parent=440"}],"wp:term":[{"taxonomy":"category","embeddable":true,"href":"https:\/\/colombiamarxista.com\/index.php?rest_route=%2Fwp%2Fv2%2Fcategories&post=440"},{"taxonomy":"post_tag","embeddable":true,"href":"https:\/\/colombiamarxista.com\/index.php?rest_route=%2Fwp%2Fv2%2Ftags&post=440"}],"curies":[{"name":"wp","href":"https:\/\/api.w.org\/{rel}","templated":true}]}}