{"id":4167,"date":"2024-08-05T10:55:31","date_gmt":"2024-08-05T15:55:31","guid":{"rendered":"https:\/\/colombiamarxista.com\/?p=4167"},"modified":"2024-08-05T11:31:13","modified_gmt":"2024-08-05T16:31:13","slug":"venezuela-y-colombia-la-necesidad-de-una-revolucion-internacional","status":"publish","type":"post","link":"https:\/\/colombiamarxista.com\/?p=4167","title":{"rendered":"Venezuela y Colombia: La necesidad de una Revoluci\u00f3n internacional."},"content":{"rendered":"\n<p>La hipocres\u00eda de la burgues\u00eda colombiana y de sus representantes pol\u00edticos es evidente en su cr\u00edtica a la situaci\u00f3n en Venezuela. Figuras como Mar\u00eda Fernanda Cabal y Juan Manuel Santos, quienes representan a la ultraderecha y a la derecha liberal, muestran claramente que su preocupaci\u00f3n no es genuina. M\u00e1s bien, buscan promover los intereses del imperialismo y recuperar los negocios que la revoluci\u00f3n venezolana les arrebat\u00f3.<\/p>\n\n\n\n<p>Estos mismos pol\u00edticos que ahora critican la represi\u00f3n en Venezuela son los mismos cuyos gobiernos o partidos participaron activamente en los bloqueos econ\u00f3micos, intentos de golpe de estado e injerencias internacionales en la pol\u00edtica del pa\u00eds vecino.&nbsp; Igualmente callaron o incluso fomentaron la represi\u00f3n durante el paro nacional de 2021 en Colombia, donde, seg\u00fan un informe de la <a href=\"https:\/\/www.indepaz.org.co\/wp-content\/uploads\/2021\/06\/3.-INFORME-VIOLENCIAS-EN-EL-MARCO-DEL-PARO-NACIONAL-2021.pdf\">ONG Temblores<\/a>, se registraron 75 muertos y 1832 encarcelados en el primer mes. En contraste, en Venezuela, seg\u00fan el reporte de <a href=\"https:\/\/www.biobiochile.cl\/noticias\/internacional\/america-latina\/2024\/07\/31\/al-menos-16-muertos-11-desaparecidos-y-177-detenidos-por-protestas-en-venezuela-segun-machado.shtml\">MCM<\/a>, ha habido 16 muertos, 11 desaparecidos y 117 detenidos en casi 9 d\u00edas de movilizaciones.&nbsp;<\/p>\n\n\n\n<p>Es innegable que la situaci\u00f3n en Venezuela es deplorable, y el r\u00e9gimen de Maduro ha traicionado los ideales de la revoluci\u00f3n con su reformismo, oportunismo y entreguismo. Sin embargo, la burgues\u00eda colombiana se aprovecha de esta situaci\u00f3n para promover sus propios intereses.<\/p>\n\n\n\n<p>En el fondo, no les preocupa realmente el sufrimiento del pueblo; lo utilizan en su beneficio. Han aprendido bien de sus jefes imperialistas, quienes con Ucrania y Palestina aplican el mismo doble rasero, exprimiendo la sangre de dos pueblos inocentes para mantener su poder econ\u00f3mico.<\/p>\n\n\n\n<p>No se puede esperar mucho tampoco de los partidos de izquierda y el gobierno reformista colombianos. Negar la brutalidad policial del Cuerpo de Polic\u00eda Nacional Bolivariana bajo Maduro en favor de una supuesta \u201cunidad de izquierda\u201d es una posici\u00f3n ingenua y una falta de respeto hacia los millones de colombianos y venezolanos testigos de la represi\u00f3n y el abuso de poder.<\/p>\n\n\n\n<p>El PCC (Partido Comunista de Colombia), por ejemplo, se ha convertido en un portavoz del oficialismo venezolano, repitiendo cada noticia como un logro contra el \u201cfascismo\u201d sin ofrecer ninguna cr\u00edtica o exigencia en favor de los comunistas venezolanos reprimidos y perseguidos por Maduro.<\/p>\n\n\n\n<p>Por otro lado, el gobierno colombiano y el reformismo en general se han mostrado ambiguos, adoptando una diplomacia calculada para no romper relaciones con el r\u00e9gimen venezolano, que le beneficia en t\u00e9rminos de <a href=\"https:\/\/www.larepublica.co\/economia\/gas-importado-desde-venezuela-cuesta-us-10-menos-que-en-el-mercado-internacional-3816879\">importaci\u00f3n de gas <\/a>a un precio m\u00e1s bajo que en el mercado internacional. Esto le resulta conveniente al gobierno, que ha tenido cada vez menos victorias con sus reformas.<\/p>\n\n\n\n<p>Finalmente, el campo del centrismo aprovecha est\u00e1 oportunidad para sermonear sobre la \u201cdictadura\u201d y la necesidad de respetar la democracia en abstracto, sirviendo como meg\u00e1fono para los discursos reaccionarios de la clase dominante.<\/p>\n\n\n\n<p>En definitiva, la clase obrera colombiana y la venezolana no pueden confiar en ninguna de estos bandos y las banderas que enarbolan. Solo pueden confiar en sus propias fuerzas: la una para lograr la revoluci\u00f3n, y la otra para revitalizarla. Nuestros verdaderos enemigos est\u00e1n en nuestros propios pa\u00edses: la oligarqu\u00eda que nos ha separado con guerras, competencia comercial y xenofobia, y la burocracia del PSUV que traiciona la herencia del chavismo y la lucha revolucionaria de un pueblo sacrificado para mantenerse en el poder a toda costa.<\/p>\n\n\n\n<p>Esto no significa que ignoremos nuestra responsabilidad pol\u00edtica internacional. Al contrario, entendemos que, como lo hicieron la revoluci\u00f3n rusa, la cubana y la venezolana, la lucha de los trabajadores que vencen a lo m\u00e1s retrogrado y violento de la \u00e9lite internacional sirve de ejemplo para el resto de las naciones. \u00a1Es hora de una revoluci\u00f3n internacional y es necesario enfrentar al imperialismo y su sistema en decadencia!<\/p>\n\n\n\n<p>Para lograrlo, no basta con desearlo; es necesario construir una organizaci\u00f3n revolucionaria que represente los intereses de la clase trabajadora internacional y que la lleve a la victoria. Una organizaci\u00f3n que est\u00e9 libre de la corrupci\u00f3n del sistema y la complicidad del reformismo, coherente con sus principios pol\u00edticos y flexible en sus t\u00e1cticas de lucha.<\/p>\n\n\n\n<p>Actualmente, esto puede parecer complicado, especialmente con el discurso reaccionario que usa la solidaridad del proletariado internacional para atacar las opciones de izquierda. Ser revolucionarios significa nadar a favor y en contra de la corriente seg\u00fan sea necesario. No obstante, nuestras propuestas no se basan en mentiras o populismo; ninguno de esos farsantes ofrece una soluci\u00f3n real a los problemas de la crisis actual. La lucha de clases se agudizar\u00e1 tarde o temprano, y es crucial estar preparados.<\/p>\n\n\n\n<p><strong>\u00a1Socialismo o Barbarie!<\/strong><\/p>\n\n\n\n<p><strong>\u00a1Proletarios de todos los pa\u00edses, un\u00edos!<\/strong><\/p>\n","protected":false},"excerpt":{"rendered":"<p>La hipocres\u00eda de la burgues\u00eda colombiana y de sus representantes pol\u00edticos es evidente en su cr\u00edtica a la situaci\u00f3n en Venezuela. Figuras como Mar\u00eda Fernanda Cabal y Juan Manuel Santos, quienes representan a la ultraderecha y a la derecha liberal, muestran claramente que su preocupaci\u00f3n no es genuina. M\u00e1s bien, buscan promover los intereses del [&hellip;]<\/p>\n","protected":false},"author":4,"featured_media":4168,"comment_status":"open","ping_status":"open","sticky":false,"template":"","format":"standard","meta":{"footnotes":""},"categories":[202,288,400],"tags":[],"class_list":["post-4167","post","type-post","status-publish","format-standard","has-post-thumbnail","hentry","category-pronunciamientos","category-analisis-internacional","category-colombia-marxista"],"yoast_head":"<!-- This site is optimized with the Yoast SEO plugin v27.5 - https:\/\/yoast.com\/product\/yoast-seo-wordpress\/ -->\n<title>Venezuela y Colombia: La necesidad de una Revoluci\u00f3n internacional. - Comunistas Revolucionarios de Colombia<\/title>\n<meta name=\"robots\" content=\"index, follow, max-snippet:-1, max-image-preview:large, max-video-preview:-1\" \/>\n<link rel=\"canonical\" href=\"https:\/\/colombiamarxista.com\/?p=4167\" \/>\n<meta property=\"og:locale\" content=\"es_ES\" \/>\n<meta property=\"og:type\" content=\"article\" \/>\n<meta property=\"og:title\" content=\"Venezuela y Colombia: La necesidad de una Revoluci\u00f3n internacional. - Comunistas Revolucionarios de Colombia\" \/>\n<meta property=\"og:description\" content=\"La hipocres\u00eda de la burgues\u00eda colombiana y de sus representantes pol\u00edticos es evidente en su cr\u00edtica a la situaci\u00f3n en Venezuela. Figuras como Mar\u00eda Fernanda Cabal y Juan Manuel Santos, quienes representan a la ultraderecha y a la derecha liberal, muestran claramente que su preocupaci\u00f3n no es genuina. M\u00e1s bien, buscan promover los intereses del [&hellip;]\" \/>\n<meta property=\"og:url\" content=\"https:\/\/colombiamarxista.com\/?p=4167\" \/>\n<meta property=\"og:site_name\" content=\"Comunistas Revolucionarios de Colombia\" \/>\n<meta property=\"article:published_time\" content=\"2024-08-05T15:55:31+00:00\" \/>\n<meta property=\"article:modified_time\" content=\"2024-08-05T16:31:13+00:00\" \/>\n<meta property=\"og:image\" content=\"https:\/\/colombiamarxista.com\/wp-content\/uploads\/2024\/08\/Arti\u0301culo-metro-foto-2-16-1024x697.png\" \/>\n\t<meta property=\"og:image:width\" content=\"1024\" \/>\n\t<meta property=\"og:image:height\" content=\"697\" \/>\n\t<meta property=\"og:image:type\" content=\"image\/png\" \/>\n<meta name=\"author\" content=\"Camilo Buenaventura\" \/>\n<meta name=\"twitter:card\" content=\"summary_large_image\" \/>\n<meta name=\"twitter:label1\" content=\"Escrito por\" \/>\n\t<meta name=\"twitter:data1\" content=\"Camilo Buenaventura\" \/>\n\t<meta name=\"twitter:label2\" content=\"Tiempo de lectura\" \/>\n\t<meta name=\"twitter:data2\" content=\"4 minutos\" \/>\n<script type=\"application\/ld+json\" class=\"yoast-schema-graph\">{\"@context\":\"https:\\\/\\\/schema.org\",\"@graph\":[{\"@type\":\"Article\",\"@id\":\"https:\\\/\\\/colombiamarxista.com\\\/?p=4167#article\",\"isPartOf\":{\"@id\":\"https:\\\/\\\/colombiamarxista.com\\\/?p=4167\"},\"author\":{\"name\":\"Camilo Buenaventura\",\"@id\":\"https:\\\/\\\/colombiamarxista.com\\\/#\\\/schema\\\/person\\\/0fe6fa48836cbcf2759e0db820141456\"},\"headline\":\"Venezuela y Colombia: La necesidad de una Revoluci\u00f3n internacional.\",\"datePublished\":\"2024-08-05T15:55:31+00:00\",\"dateModified\":\"2024-08-05T16:31:13+00:00\",\"mainEntityOfPage\":{\"@id\":\"https:\\\/\\\/colombiamarxista.com\\\/?p=4167\"},\"wordCount\":798,\"commentCount\":0,\"publisher\":{\"@id\":\"https:\\\/\\\/colombiamarxista.com\\\/#organization\"},\"image\":{\"@id\":\"https:\\\/\\\/colombiamarxista.com\\\/?p=4167#primaryimage\"},\"thumbnailUrl\":\"https:\\\/\\\/colombiamarxista.com\\\/wp-content\\\/uploads\\\/2024\\\/08\\\/Arti\u0301culo-metro-foto-2-16.png\",\"articleSection\":[\"Pronunciamientos\",\"Analisis Internacional\",\"Colombia Marxista\"],\"inLanguage\":\"es-CO\",\"potentialAction\":[{\"@type\":\"CommentAction\",\"name\":\"Comment\",\"target\":[\"https:\\\/\\\/colombiamarxista.com\\\/?p=4167#respond\"]}]},{\"@type\":\"WebPage\",\"@id\":\"https:\\\/\\\/colombiamarxista.com\\\/?p=4167\",\"url\":\"https:\\\/\\\/colombiamarxista.com\\\/?p=4167\",\"name\":\"Venezuela y Colombia: La necesidad de una Revoluci\u00f3n internacional. - Comunistas Revolucionarios de Colombia\",\"isPartOf\":{\"@id\":\"https:\\\/\\\/colombiamarxista.com\\\/#website\"},\"primaryImageOfPage\":{\"@id\":\"https:\\\/\\\/colombiamarxista.com\\\/?p=4167#primaryimage\"},\"image\":{\"@id\":\"https:\\\/\\\/colombiamarxista.com\\\/?p=4167#primaryimage\"},\"thumbnailUrl\":\"https:\\\/\\\/colombiamarxista.com\\\/wp-content\\\/uploads\\\/2024\\\/08\\\/Arti\u0301culo-metro-foto-2-16.png\",\"datePublished\":\"2024-08-05T15:55:31+00:00\",\"dateModified\":\"2024-08-05T16:31:13+00:00\",\"breadcrumb\":{\"@id\":\"https:\\\/\\\/colombiamarxista.com\\\/?p=4167#breadcrumb\"},\"inLanguage\":\"es-CO\",\"potentialAction\":[{\"@type\":\"ReadAction\",\"target\":[\"https:\\\/\\\/colombiamarxista.com\\\/?p=4167\"]}]},{\"@type\":\"ImageObject\",\"inLanguage\":\"es-CO\",\"@id\":\"https:\\\/\\\/colombiamarxista.com\\\/?p=4167#primaryimage\",\"url\":\"https:\\\/\\\/colombiamarxista.com\\\/wp-content\\\/uploads\\\/2024\\\/08\\\/Arti\u0301culo-metro-foto-2-16.png\",\"contentUrl\":\"https:\\\/\\\/colombiamarxista.com\\\/wp-content\\\/uploads\\\/2024\\\/08\\\/Arti\u0301culo-metro-foto-2-16.png\",\"width\":1417,\"height\":964},{\"@type\":\"BreadcrumbList\",\"@id\":\"https:\\\/\\\/colombiamarxista.com\\\/?p=4167#breadcrumb\",\"itemListElement\":[{\"@type\":\"ListItem\",\"position\":1,\"name\":\"Home\",\"item\":\"https:\\\/\\\/colombiamarxista.com\\\/\"},{\"@type\":\"ListItem\",\"position\":2,\"name\":\"Venezuela y Colombia: La necesidad de una Revoluci\u00f3n internacional.\"}]},{\"@type\":\"WebSite\",\"@id\":\"https:\\\/\\\/colombiamarxista.com\\\/#website\",\"url\":\"https:\\\/\\\/colombiamarxista.com\\\/\",\"name\":\"Comunistas Revolucionarios de Colombia\",\"description\":\"\",\"publisher\":{\"@id\":\"https:\\\/\\\/colombiamarxista.com\\\/#organization\"},\"potentialAction\":[{\"@type\":\"SearchAction\",\"target\":{\"@type\":\"EntryPoint\",\"urlTemplate\":\"https:\\\/\\\/colombiamarxista.com\\\/?s={search_term_string}\"},\"query-input\":{\"@type\":\"PropertyValueSpecification\",\"valueRequired\":true,\"valueName\":\"search_term_string\"}}],\"inLanguage\":\"es-CO\"},{\"@type\":\"Organization\",\"@id\":\"https:\\\/\\\/colombiamarxista.com\\\/#organization\",\"name\":\"Comunistas Revolucionarios de Colombia\",\"url\":\"https:\\\/\\\/colombiamarxista.com\\\/\",\"logo\":{\"@type\":\"ImageObject\",\"inLanguage\":\"es-CO\",\"@id\":\"https:\\\/\\\/colombiamarxista.com\\\/#\\\/schema\\\/logo\\\/image\\\/\",\"url\":\"https:\\\/\\\/colombiamarxista.com\\\/wp-content\\\/uploads\\\/2026\\\/04\\\/logo-crc_Mesa-de-trabajo-1-scaled.png\",\"contentUrl\":\"https:\\\/\\\/colombiamarxista.com\\\/wp-content\\\/uploads\\\/2026\\\/04\\\/logo-crc_Mesa-de-trabajo-1-scaled.png\",\"width\":2560,\"height\":1920,\"caption\":\"Comunistas Revolucionarios de Colombia\"},\"image\":{\"@id\":\"https:\\\/\\\/colombiamarxista.com\\\/#\\\/schema\\\/logo\\\/image\\\/\"}},{\"@type\":\"Person\",\"@id\":\"https:\\\/\\\/colombiamarxista.com\\\/#\\\/schema\\\/person\\\/0fe6fa48836cbcf2759e0db820141456\",\"name\":\"Camilo Buenaventura\",\"image\":{\"@type\":\"ImageObject\",\"inLanguage\":\"es-CO\",\"@id\":\"https:\\\/\\\/secure.gravatar.com\\\/avatar\\\/0ed8f0f4038ff29891c3dee7dc33fe374ec2a48069d5beb428305f5b448b7e11?s=96&d=mm&r=g\",\"url\":\"https:\\\/\\\/secure.gravatar.com\\\/avatar\\\/0ed8f0f4038ff29891c3dee7dc33fe374ec2a48069d5beb428305f5b448b7e11?s=96&d=mm&r=g\",\"contentUrl\":\"https:\\\/\\\/secure.gravatar.com\\\/avatar\\\/0ed8f0f4038ff29891c3dee7dc33fe374ec2a48069d5beb428305f5b448b7e11?s=96&d=mm&r=g\",\"caption\":\"Camilo Buenaventura\"},\"url\":\"https:\\\/\\\/colombiamarxista.com\\\/?author=4\"}]}<\/script>\n<!-- \/ Yoast SEO plugin. -->","yoast_head_json":{"title":"Venezuela y Colombia: La necesidad de una Revoluci\u00f3n internacional. - Comunistas Revolucionarios de Colombia","robots":{"index":"index","follow":"follow","max-snippet":"max-snippet:-1","max-image-preview":"max-image-preview:large","max-video-preview":"max-video-preview:-1"},"canonical":"https:\/\/colombiamarxista.com\/?p=4167","og_locale":"es_ES","og_type":"article","og_title":"Venezuela y Colombia: La necesidad de una Revoluci\u00f3n internacional. - Comunistas Revolucionarios de Colombia","og_description":"La hipocres\u00eda de la burgues\u00eda colombiana y de sus representantes pol\u00edticos es evidente en su cr\u00edtica a la situaci\u00f3n en Venezuela. Figuras como Mar\u00eda Fernanda Cabal y Juan Manuel Santos, quienes representan a la ultraderecha y a la derecha liberal, muestran claramente que su preocupaci\u00f3n no es genuina. M\u00e1s bien, buscan promover los intereses del [&hellip;]","og_url":"https:\/\/colombiamarxista.com\/?p=4167","og_site_name":"Comunistas Revolucionarios de Colombia","article_published_time":"2024-08-05T15:55:31+00:00","article_modified_time":"2024-08-05T16:31:13+00:00","og_image":[{"width":1024,"height":697,"url":"https:\/\/colombiamarxista.com\/wp-content\/uploads\/2024\/08\/Arti\u0301culo-metro-foto-2-16-1024x697.png","type":"image\/png"}],"author":"Camilo Buenaventura","twitter_card":"summary_large_image","twitter_misc":{"Escrito por":"Camilo Buenaventura","Tiempo de lectura":"4 minutos"},"schema":{"@context":"https:\/\/schema.org","@graph":[{"@type":"Article","@id":"https:\/\/colombiamarxista.com\/?p=4167#article","isPartOf":{"@id":"https:\/\/colombiamarxista.com\/?p=4167"},"author":{"name":"Camilo Buenaventura","@id":"https:\/\/colombiamarxista.com\/#\/schema\/person\/0fe6fa48836cbcf2759e0db820141456"},"headline":"Venezuela y Colombia: La necesidad de una Revoluci\u00f3n internacional.","datePublished":"2024-08-05T15:55:31+00:00","dateModified":"2024-08-05T16:31:13+00:00","mainEntityOfPage":{"@id":"https:\/\/colombiamarxista.com\/?p=4167"},"wordCount":798,"commentCount":0,"publisher":{"@id":"https:\/\/colombiamarxista.com\/#organization"},"image":{"@id":"https:\/\/colombiamarxista.com\/?p=4167#primaryimage"},"thumbnailUrl":"https:\/\/colombiamarxista.com\/wp-content\/uploads\/2024\/08\/Arti\u0301culo-metro-foto-2-16.png","articleSection":["Pronunciamientos","Analisis Internacional","Colombia Marxista"],"inLanguage":"es-CO","potentialAction":[{"@type":"CommentAction","name":"Comment","target":["https:\/\/colombiamarxista.com\/?p=4167#respond"]}]},{"@type":"WebPage","@id":"https:\/\/colombiamarxista.com\/?p=4167","url":"https:\/\/colombiamarxista.com\/?p=4167","name":"Venezuela y Colombia: La necesidad de una Revoluci\u00f3n internacional. - Comunistas Revolucionarios de Colombia","isPartOf":{"@id":"https:\/\/colombiamarxista.com\/#website"},"primaryImageOfPage":{"@id":"https:\/\/colombiamarxista.com\/?p=4167#primaryimage"},"image":{"@id":"https:\/\/colombiamarxista.com\/?p=4167#primaryimage"},"thumbnailUrl":"https:\/\/colombiamarxista.com\/wp-content\/uploads\/2024\/08\/Arti\u0301culo-metro-foto-2-16.png","datePublished":"2024-08-05T15:55:31+00:00","dateModified":"2024-08-05T16:31:13+00:00","breadcrumb":{"@id":"https:\/\/colombiamarxista.com\/?p=4167#breadcrumb"},"inLanguage":"es-CO","potentialAction":[{"@type":"ReadAction","target":["https:\/\/colombiamarxista.com\/?p=4167"]}]},{"@type":"ImageObject","inLanguage":"es-CO","@id":"https:\/\/colombiamarxista.com\/?p=4167#primaryimage","url":"https:\/\/colombiamarxista.com\/wp-content\/uploads\/2024\/08\/Arti\u0301culo-metro-foto-2-16.png","contentUrl":"https:\/\/colombiamarxista.com\/wp-content\/uploads\/2024\/08\/Arti\u0301culo-metro-foto-2-16.png","width":1417,"height":964},{"@type":"BreadcrumbList","@id":"https:\/\/colombiamarxista.com\/?p=4167#breadcrumb","itemListElement":[{"@type":"ListItem","position":1,"name":"Home","item":"https:\/\/colombiamarxista.com\/"},{"@type":"ListItem","position":2,"name":"Venezuela y Colombia: La necesidad de una Revoluci\u00f3n internacional."}]},{"@type":"WebSite","@id":"https:\/\/colombiamarxista.com\/#website","url":"https:\/\/colombiamarxista.com\/","name":"Comunistas Revolucionarios de Colombia","description":"","publisher":{"@id":"https:\/\/colombiamarxista.com\/#organization"},"potentialAction":[{"@type":"SearchAction","target":{"@type":"EntryPoint","urlTemplate":"https:\/\/colombiamarxista.com\/?s={search_term_string}"},"query-input":{"@type":"PropertyValueSpecification","valueRequired":true,"valueName":"search_term_string"}}],"inLanguage":"es-CO"},{"@type":"Organization","@id":"https:\/\/colombiamarxista.com\/#organization","name":"Comunistas Revolucionarios de Colombia","url":"https:\/\/colombiamarxista.com\/","logo":{"@type":"ImageObject","inLanguage":"es-CO","@id":"https:\/\/colombiamarxista.com\/#\/schema\/logo\/image\/","url":"https:\/\/colombiamarxista.com\/wp-content\/uploads\/2026\/04\/logo-crc_Mesa-de-trabajo-1-scaled.png","contentUrl":"https:\/\/colombiamarxista.com\/wp-content\/uploads\/2026\/04\/logo-crc_Mesa-de-trabajo-1-scaled.png","width":2560,"height":1920,"caption":"Comunistas Revolucionarios de Colombia"},"image":{"@id":"https:\/\/colombiamarxista.com\/#\/schema\/logo\/image\/"}},{"@type":"Person","@id":"https:\/\/colombiamarxista.com\/#\/schema\/person\/0fe6fa48836cbcf2759e0db820141456","name":"Camilo Buenaventura","image":{"@type":"ImageObject","inLanguage":"es-CO","@id":"https:\/\/secure.gravatar.com\/avatar\/0ed8f0f4038ff29891c3dee7dc33fe374ec2a48069d5beb428305f5b448b7e11?s=96&d=mm&r=g","url":"https:\/\/secure.gravatar.com\/avatar\/0ed8f0f4038ff29891c3dee7dc33fe374ec2a48069d5beb428305f5b448b7e11?s=96&d=mm&r=g","contentUrl":"https:\/\/secure.gravatar.com\/avatar\/0ed8f0f4038ff29891c3dee7dc33fe374ec2a48069d5beb428305f5b448b7e11?s=96&d=mm&r=g","caption":"Camilo Buenaventura"},"url":"https:\/\/colombiamarxista.com\/?author=4"}]}},"_links":{"self":[{"href":"https:\/\/colombiamarxista.com\/index.php?rest_route=\/wp\/v2\/posts\/4167","targetHints":{"allow":["GET"]}}],"collection":[{"href":"https:\/\/colombiamarxista.com\/index.php?rest_route=\/wp\/v2\/posts"}],"about":[{"href":"https:\/\/colombiamarxista.com\/index.php?rest_route=\/wp\/v2\/types\/post"}],"author":[{"embeddable":true,"href":"https:\/\/colombiamarxista.com\/index.php?rest_route=\/wp\/v2\/users\/4"}],"replies":[{"embeddable":true,"href":"https:\/\/colombiamarxista.com\/index.php?rest_route=%2Fwp%2Fv2%2Fcomments&post=4167"}],"version-history":[{"count":2,"href":"https:\/\/colombiamarxista.com\/index.php?rest_route=\/wp\/v2\/posts\/4167\/revisions"}],"predecessor-version":[{"id":4170,"href":"https:\/\/colombiamarxista.com\/index.php?rest_route=\/wp\/v2\/posts\/4167\/revisions\/4170"}],"wp:featuredmedia":[{"embeddable":true,"href":"https:\/\/colombiamarxista.com\/index.php?rest_route=\/wp\/v2\/media\/4168"}],"wp:attachment":[{"href":"https:\/\/colombiamarxista.com\/index.php?rest_route=%2Fwp%2Fv2%2Fmedia&parent=4167"}],"wp:term":[{"taxonomy":"category","embeddable":true,"href":"https:\/\/colombiamarxista.com\/index.php?rest_route=%2Fwp%2Fv2%2Fcategories&post=4167"},{"taxonomy":"post_tag","embeddable":true,"href":"https:\/\/colombiamarxista.com\/index.php?rest_route=%2Fwp%2Fv2%2Ftags&post=4167"}],"curies":[{"name":"wp","href":"https:\/\/api.w.org\/{rel}","templated":true}]}}