{"id":406,"date":"2020-12-01T12:55:00","date_gmt":"2020-12-01T17:55:00","guid":{"rendered":"https:\/\/colombiamarxista.com\/?p=406"},"modified":"2020-12-01T12:55:00","modified_gmt":"2020-12-01T17:55:00","slug":"la-pesadilla-de-los-feminicidios-a-proposito-del-dia-internacional-de-la-eliminacion-de-la-violencia-contra-la-mujer","status":"publish","type":"post","link":"https:\/\/colombiamarxista.com\/?p=406","title":{"rendered":"La pesadilla de los feminicidios: a prop\u00f3sito del D\u00eda Internacional de la Eliminaci\u00f3n de la Violencia contra la Mujer"},"content":{"rendered":"\n<p>Como Marxistas Colombianos nos enorgullecemos en ser parte de una Corriente Internacional que intenta crear una direccion que le pueda dar al movimiento obrero mundial las herramientas para poder luchar contra la enfermedad que contrae terribles sintomas como este: el capitalismo.  <\/p>\n\n\n\n<p>La emancipaci\u00f3n de la mujer es uno de los principios claves del Marxismo y por consiguiente, la historia de nuestro movimiento ha estado en el primer frente de lucha a favor de la lucha para mejorar las condiciones de vida de la mujer. Esto es particularmente importante en pa\u00edses como el nuestro al igual que pa\u00edses como M\u00e9xico, Salvador y Argentina, donde la opresi\u00f3n de las mujeres no solo se ve en la discriminaci\u00f3n pero tambi\u00e9n en el abuso sexual y el femicidio. Por consiguiente, hemos reproducido aqu\u00ed <a href=\"https:\/\/luchadeclases.org.ve\/?p=9136\">este articulo<\/a> escrito por Wilmaira Rios, camarada de Lucha De Clases, la Secci\u00f3n Venezolana de la Corriente Internacional Marxista, publicado originalmente en Noviembre 25. <\/p>\n\n\n\n<hr class=\"wp-block-separator\"\/>\n\n\n\n<p>El 17 de diciembre del a\u00f1o 1999, la Asamblea General de la Organizaci\u00f3n de las Naciones Unidas (ONU), en su resoluci\u00f3n 54\/134, asumi\u00f3 el 25 de noviembre de cada a\u00f1o como el d\u00eda Internacional de la Eliminaci\u00f3n de la Violencia contra la Mujer, gracias a la iniciativa que tuvieran movimientos feministas latinoamericanos desde el a\u00f1o 1981, en homenaje a las hermanas Patria, Minerva y Mar\u00eda Teresa, las mariposas Mirabal, tres hermanas que fueron asesinadas el 25 de noviembre de 1960, por orden del dictador dominicano Rafael Le\u00f3nidas Trujillo.<\/p>\n\n\n\n<p>Hoy se cumplen 20 a\u00f1os de conmemoraci\u00f3n oficial de esa fecha, y lamentablemente la realidad para las mujeres y ni\u00f1as es cada d\u00eda m\u00e1s deprimente.<\/p>\n\n\n\n<p>El a\u00f1o 2020 ha sido un a\u00f1o en el que las estad\u00edsticas de violencia contra las mujeres han aumentado a nivel mundial, y los n\u00fameros parecen no detenerse. El mundo se encuentra en una emergencia feminista, pues esta espantosa realidad no es asunto de un solo pa\u00eds. Todos los a\u00f1os, por esta causa mueren miles de mujeres en el mundo, y las que no mueren, quedan con secuelas f\u00edsicas y ps\u00edquicas que las marcan por el resto de su vida.<\/p>\n\n\n\n<p><strong>El horror de nacer mujer<\/strong><\/p>\n\n\n\n<p>Seg\u00fan la CEPAL m\u00e1s de 2000 mujeres han sido asesinadas en Latinoam\u00e9rica en lo que va de a\u00f1o, siendo M\u00e9xico, Colombia, Argentina, Guatemala, Honduras, y Venezuela, los pa\u00edses con mayor repunte de casos.<\/p>\n\n\n\n<p>Para mostrar la magnitud de esta situaci\u00f3n de barbarie contra nosotras, queremos presentar varios casos que muestran claramente el horror que implica, hoy por hoy, nacer mujer en Am\u00e9rica Latina.<\/p>\n\n\n\n<p><strong>Ingrid Escamilla<\/strong><\/p>\n\n\n\n<p>Una mexicana de tan solo 25 a\u00f1os de edad, quien en febrero del presente a\u00f1o fue brutalmente asesinada por su pareja, Francisco Robledo, de 46 a\u00f1os. Como si asesinarla no fuese suficiente, su cuerpo fue degollado y mutilado, y las im\u00e1genes de su cuerpo violentado fueron publicadas en varios medios de comunicaci\u00f3n de su pa\u00eds. Con ello, la prensa burguesa busca normalizar esta situaci\u00f3n de violencia brutal de la sociedad capitalista y patriarcal contra las mujeres. Sin embargo, este hecho m\u00e1s bien profundiz\u00f3 la ira de los mexicanos y mexicanas contra la barbarie de los feminicidios en el pa\u00eds.<\/p>\n\n\n\n<p><strong>Bianca Lorenzana<\/strong><\/p>\n\n\n\n<p>Este caso es de los m\u00e1s terribles ocurridos en el \u00faltimo mes. El feminicidio se llev\u00f3 a cabo en Canc\u00fan. Bianca Alexis, como era conocida, era otra joven mexicana de tan s\u00f3lo 20 a\u00f1os de edad. Alexis, quien en vida se identificaba como una activista y defensora de las mujeres, fue desaparecida el 6 de noviembre. Un d\u00eda despu\u00e9s su cuerpo fue hallado en bolsas de pl\u00e1stico.<\/p>\n\n\n\n<p>Tras este macabro hecho, movimientos feministas y organizaciones pol\u00edticas emprendieron grandes movilizaciones y protestas para pedir justicia, pero la respuesta del Estado fue contener las leg\u00edtimas y necesarias protestas del movimiento popular a trav\u00e9s de los cuerpos policiales, que reprimieron las protestas de forma brutal, incluso con disparos.<\/p>\n\n\n\n<p><strong>Ni\u00f1a de la etnia Embera-Cham\u00ed<\/strong><\/p>\n\n\n\n<p>Se trata de una ni\u00f1a de tan solo 12 a\u00f1os de edad que pertenece a la etnia ind\u00edgena Embera-Cham\u00ed, que fue violada por ocho soldados del Ej\u00e9rcito de Colombia. El terrible hecho se llev\u00f3 a cabo en una zona rural de ese pa\u00eds cuando la peque\u00f1a regresaba de la escuela. En su relato, la menor confes\u00f3, \u201cyo ya iba para la casa y un soldado me llam\u00f3, empez\u00f3 a decirme cosas, a tocarme\u00bb, en ese momento ocurri\u00f3 el primer abuso sexual. \u00abLlegaron otros, eran nueve, solo le v\u00ed la cara a tres porque estaba oscuro, uno me tap\u00f3 la boca para que no gritara, me dijeron que era un secreto, que no dijera nada\u201d. Uno de los soldados, que no particip\u00f3 directamente en la violaci\u00f3n, fue quien la acompa\u00f1\u00f3 hasta su casa. Los criminales se encuentran protegidos en una c\u00e1rcel militar.<\/p>\n\n\n\n<p>Es necesario acotar que de las mujeres m\u00e1s acosadas, agredidas y abusadas son las mujeres campesinas, en las comunidades rurales.<\/p>\n\n\n\n<p><strong>Paola Tacacho<\/strong><\/p>\n\n\n\n<p>Paola es una joven argentina, de 32 a\u00f1os de edad, quien se desempe\u00f1aba como profesora de ingl\u00e9s. Era acosada desde el a\u00f1o 2015 por quien fuera su alumno, un joven dos a\u00f1os menor que ella, cuyo nombre era Mauricio Parada. Este joven se convirti\u00f3 en su verdugo y asesino el pasado 1 de noviembre, cuando Tacacho regresaba del gimnasio. La asesin\u00f3 en plena calle e instantes despu\u00e9s con el mismo cuchillo, se quit\u00f3 la vida. El caso de Paola Tacacho ha causado mucha indignaci\u00f3n ya que ella hab\u00eda realizado 13 denuncias ante las instituciones responsables, y estas nunca actuaron. Este feminicidio pudo haber sido evitado, y debido a ello, ha sido considerado por la opini\u00f3n p\u00fablica argentina como un crimen de Estado.<\/p>\n\n\n\n<p><strong>Abigail Riquel y Abigail Luna<\/strong><\/p>\n\n\n\n<p>Se trata de dos peque\u00f1as argentinas, de 8 a\u00f1os y 2 a\u00f1os y medio de edad respectivamente. Riquel fue a jugar mu\u00f1ecas donde una vecina, y nunca m\u00e1s fue vista con vida. Horas m\u00e1s tarde fue encontrado su cuerpo sin vida, con signos de asfixia y abuso sexual. Por su parte, Abigail Luna fue asesinada por su padrastro, quien la mat\u00f3 a golpes.<\/p>\n\n\n\n<p><strong>Silvia Yesenia Menj\u00edvar<\/strong><\/p>\n\n\n\n<p>Silvia era una joven salvadore\u00f1a de tan solo 25 a\u00f1os de edad, quien trabajaba como ni\u00f1era. Al salir de su trabajo y pretender regresar a su casa, fue acechada por Francisco Alberto, quien estaba obsesionado con ella y llevaba tiempo acos\u00e1ndola. Silvia fue golpeada, violada, y acuchillada.<\/p>\n\n\n\n<p><strong>Sonia Campos<\/strong><\/p>\n\n\n\n<p>De 44 a\u00f1os de edad, Sonia era una dirigente comunitaria de la ciudad de Matur\u00edn, en Venezuela. Fue apu\u00f1alada y carbonizada por denunciar a delincuentes de su comunidad. El hecho ocurri\u00f3 el 17 de octubre del a\u00f1o en curso, y su cuerpo fue hallado en una zona boscosa dos d\u00edas despu\u00e9s.<\/p>\n\n\n\n<p><strong>Grehisly Vel\u00e1squez<\/strong><\/p>\n\n\n\n<p>Grehisly era una joven venezolana de tan solo 24 a\u00f1os de edad. Fue apu\u00f1alada y asesinada por su padre, quien luego de cometer el terrible acto, le prendi\u00f3 fuego a la casa donde Grehisly viv\u00eda con su hija y pareja.<\/p>\n\n\n\n<p>Como se puede ver en los casos mencionados anteriormente, el com\u00fan es que son femeninas las v\u00edctimas y que su verdugo puede ser cualquier hombre, un familiar o un desconocido, e incluso funcionarios de los aparatos represivos estatales.<\/p>\n\n\n\n<p><strong>Es necesario cambiar el sistema<\/strong><\/p>\n\n\n\n<p>Han sido muchas las campa\u00f1as que desde la ONU y organizaciones feministas se han realizado para luchar contra este flagelo. Desde el a\u00f1o 2008 hasta hoy la ONU lleva a cabo la campa\u00f1a \u201c\u00danete para poner fin a la violencia contra las mujeres\u201d, de igual forma, algunos gobiernos en sus pa\u00edses han realizado cientos de campa\u00f1as, as\u00ed como organizaciones pol\u00edticas y feministas, pero sabemos que en el marco del putrefacto Estado burgu\u00e9s, que sostiene pol\u00edticamente al sistema capitalista, erradicar la violencia machista y patriarcal no ser\u00e1 posible.<\/p>\n\n\n\n<p>Solo destruyendo el capitalismo y consolidando el socialismo, se podr\u00e1 lograr una profunda transformaci\u00f3n social, en donde el simple hecho de ser mujer ya no signifique correr peligro, y podamos vivir con plena libertad.<\/p>\n\n\n\n<p>Sin embargo, no podemos esperar a llevar a cabo esa profunda transformaci\u00f3n social, para lograr avances en la lucha contra la violencia de g\u00e9nero y los feminicidios. La violencia de g\u00e9nero es una lucha inmediata que debemos dar todos los revolucionarios en el mundo, pues la violencia machista, constituye una de las peores formas de opresi\u00f3n.<\/p>\n\n\n\n<p>Es una tarea inmediata de los revolucionarios apoyarnos en la lucha por reformas concretas para mejorar la situaci\u00f3n de vida de las trabajadoras y trabajadores, como un medio para impulsar la lucha general por el derrocamiento del capitalismo.<\/p>\n\n\n\n<p>La lucha por la revoluci\u00f3n socialista est\u00e1 ligada a la lucha por la igualdad de las mujeres, e indiscutiblemente, la lucha por el derecho a una vida libre de violencia de g\u00e9nero es una reforma fundamental por la que debemos luchar con todas nuestras fuerzas, para que alg\u00fan d\u00eda, ya no tengamos que conmemorar esta terrible fecha.<\/p>\n\n\n\n<p>\u00a1Luchemos juntas contra la violencia de g\u00e9nero, luchemos juntas por el socialismo!<\/p>\n\n\n\n<p>\u00a1Derrotemos al machismo, derrotemos al capitalismo!<\/p>\n","protected":false},"excerpt":{"rendered":"<p>Como Marxistas Colombianos nos enorgullecemos en ser parte de una Corriente Internacional que intenta crear una direccion que le pueda dar al movimiento obrero mundial las herramientas para poder luchar contra la enfermedad que contrae terribles sintomas como este: el capitalismo. La emancipaci\u00f3n de la mujer es uno de los principios claves del Marxismo y [&hellip;]<\/p>\n","protected":false},"author":1,"featured_media":407,"comment_status":"open","ping_status":"open","sticky":false,"template":"","format":"standard","meta":{"footnotes":""},"categories":[200],"tags":[],"class_list":["post-406","post","type-post","status-publish","format-standard","has-post-thumbnail","hentry","category-movilizacion"],"yoast_head":"<!-- This site is optimized with the Yoast SEO plugin v27.5 - https:\/\/yoast.com\/product\/yoast-seo-wordpress\/ -->\n<title>La pesadilla de los feminicidios: a prop\u00f3sito del D\u00eda Internacional de la Eliminaci\u00f3n de la Violencia contra la Mujer - Comunistas Revolucionarios de Colombia<\/title>\n<meta name=\"robots\" content=\"index, follow, max-snippet:-1, max-image-preview:large, max-video-preview:-1\" \/>\n<link rel=\"canonical\" href=\"https:\/\/colombiamarxista.com\/?p=406\" \/>\n<meta property=\"og:locale\" content=\"es_ES\" \/>\n<meta property=\"og:type\" content=\"article\" \/>\n<meta property=\"og:title\" content=\"La pesadilla de los feminicidios: a prop\u00f3sito del D\u00eda Internacional de la Eliminaci\u00f3n de la Violencia contra la Mujer - Comunistas Revolucionarios de Colombia\" \/>\n<meta property=\"og:description\" content=\"Como Marxistas Colombianos nos enorgullecemos en ser parte de una Corriente Internacional que intenta crear una direccion que le pueda dar al movimiento obrero mundial las herramientas para poder luchar contra la enfermedad que contrae terribles sintomas como este: el capitalismo. La emancipaci\u00f3n de la mujer es uno de los principios claves del Marxismo y [&hellip;]\" \/>\n<meta property=\"og:url\" content=\"https:\/\/colombiamarxista.com\/?p=406\" \/>\n<meta property=\"og:site_name\" content=\"Comunistas Revolucionarios de Colombia\" \/>\n<meta property=\"article:published_time\" content=\"2020-12-01T17:55:00+00:00\" \/>\n<meta property=\"og:image\" content=\"https:\/\/colombiamarxista.com\/wp-content\/uploads\/2020\/12\/dia-internacional-contra-la-violencia-contra-la-mujer.jpg\" \/>\n\t<meta property=\"og:image:width\" content=\"480\" \/>\n\t<meta property=\"og:image:height\" content=\"475\" \/>\n\t<meta property=\"og:image:type\" content=\"image\/jpeg\" \/>\n<meta name=\"author\" content=\"Consejo Editorial De Colombia Marxista\" \/>\n<meta name=\"twitter:card\" content=\"summary_large_image\" \/>\n<meta name=\"twitter:label1\" content=\"Escrito por\" \/>\n\t<meta name=\"twitter:data1\" content=\"Consejo Editorial De Colombia Marxista\" \/>\n\t<meta name=\"twitter:label2\" content=\"Tiempo de lectura\" \/>\n\t<meta name=\"twitter:data2\" content=\"8 minutos\" \/>\n<script type=\"application\/ld+json\" class=\"yoast-schema-graph\">{\"@context\":\"https:\\\/\\\/schema.org\",\"@graph\":[{\"@type\":\"Article\",\"@id\":\"https:\\\/\\\/colombiamarxista.com\\\/?p=406#article\",\"isPartOf\":{\"@id\":\"https:\\\/\\\/colombiamarxista.com\\\/?p=406\"},\"author\":{\"name\":\"Consejo Editorial De Colombia Marxista\",\"@id\":\"https:\\\/\\\/colombiamarxista.com\\\/#\\\/schema\\\/person\\\/e37d02f1454a536d01306cf74ee02c39\"},\"headline\":\"La pesadilla de los feminicidios: a prop\u00f3sito del D\u00eda Internacional de la Eliminaci\u00f3n de la Violencia contra la Mujer\",\"datePublished\":\"2020-12-01T17:55:00+00:00\",\"mainEntityOfPage\":{\"@id\":\"https:\\\/\\\/colombiamarxista.com\\\/?p=406\"},\"wordCount\":1582,\"commentCount\":0,\"publisher\":{\"@id\":\"https:\\\/\\\/colombiamarxista.com\\\/#organization\"},\"image\":{\"@id\":\"https:\\\/\\\/colombiamarxista.com\\\/?p=406#primaryimage\"},\"thumbnailUrl\":\"https:\\\/\\\/colombiamarxista.com\\\/wp-content\\\/uploads\\\/2020\\\/12\\\/dia-internacional-contra-la-violencia-contra-la-mujer.jpg\",\"articleSection\":[\"Movilizaci\u00f3n\"],\"inLanguage\":\"es-CO\",\"potentialAction\":[{\"@type\":\"CommentAction\",\"name\":\"Comment\",\"target\":[\"https:\\\/\\\/colombiamarxista.com\\\/?p=406#respond\"]}]},{\"@type\":\"WebPage\",\"@id\":\"https:\\\/\\\/colombiamarxista.com\\\/?p=406\",\"url\":\"https:\\\/\\\/colombiamarxista.com\\\/?p=406\",\"name\":\"La pesadilla de los feminicidios: a prop\u00f3sito del D\u00eda Internacional de la Eliminaci\u00f3n de la Violencia contra la Mujer - Comunistas Revolucionarios de Colombia\",\"isPartOf\":{\"@id\":\"https:\\\/\\\/colombiamarxista.com\\\/#website\"},\"primaryImageOfPage\":{\"@id\":\"https:\\\/\\\/colombiamarxista.com\\\/?p=406#primaryimage\"},\"image\":{\"@id\":\"https:\\\/\\\/colombiamarxista.com\\\/?p=406#primaryimage\"},\"thumbnailUrl\":\"https:\\\/\\\/colombiamarxista.com\\\/wp-content\\\/uploads\\\/2020\\\/12\\\/dia-internacional-contra-la-violencia-contra-la-mujer.jpg\",\"datePublished\":\"2020-12-01T17:55:00+00:00\",\"breadcrumb\":{\"@id\":\"https:\\\/\\\/colombiamarxista.com\\\/?p=406#breadcrumb\"},\"inLanguage\":\"es-CO\",\"potentialAction\":[{\"@type\":\"ReadAction\",\"target\":[\"https:\\\/\\\/colombiamarxista.com\\\/?p=406\"]}]},{\"@type\":\"ImageObject\",\"inLanguage\":\"es-CO\",\"@id\":\"https:\\\/\\\/colombiamarxista.com\\\/?p=406#primaryimage\",\"url\":\"https:\\\/\\\/colombiamarxista.com\\\/wp-content\\\/uploads\\\/2020\\\/12\\\/dia-internacional-contra-la-violencia-contra-la-mujer.jpg\",\"contentUrl\":\"https:\\\/\\\/colombiamarxista.com\\\/wp-content\\\/uploads\\\/2020\\\/12\\\/dia-internacional-contra-la-violencia-contra-la-mujer.jpg\",\"width\":480,\"height\":475},{\"@type\":\"BreadcrumbList\",\"@id\":\"https:\\\/\\\/colombiamarxista.com\\\/?p=406#breadcrumb\",\"itemListElement\":[{\"@type\":\"ListItem\",\"position\":1,\"name\":\"Home\",\"item\":\"https:\\\/\\\/colombiamarxista.com\\\/\"},{\"@type\":\"ListItem\",\"position\":2,\"name\":\"La pesadilla de los feminicidios: a prop\u00f3sito del D\u00eda Internacional de la Eliminaci\u00f3n de la Violencia contra la Mujer\"}]},{\"@type\":\"WebSite\",\"@id\":\"https:\\\/\\\/colombiamarxista.com\\\/#website\",\"url\":\"https:\\\/\\\/colombiamarxista.com\\\/\",\"name\":\"Comunistas Revolucionarios de Colombia\",\"description\":\"\",\"publisher\":{\"@id\":\"https:\\\/\\\/colombiamarxista.com\\\/#organization\"},\"potentialAction\":[{\"@type\":\"SearchAction\",\"target\":{\"@type\":\"EntryPoint\",\"urlTemplate\":\"https:\\\/\\\/colombiamarxista.com\\\/?s={search_term_string}\"},\"query-input\":{\"@type\":\"PropertyValueSpecification\",\"valueRequired\":true,\"valueName\":\"search_term_string\"}}],\"inLanguage\":\"es-CO\"},{\"@type\":\"Organization\",\"@id\":\"https:\\\/\\\/colombiamarxista.com\\\/#organization\",\"name\":\"Comunistas Revolucionarios de Colombia\",\"url\":\"https:\\\/\\\/colombiamarxista.com\\\/\",\"logo\":{\"@type\":\"ImageObject\",\"inLanguage\":\"es-CO\",\"@id\":\"https:\\\/\\\/colombiamarxista.com\\\/#\\\/schema\\\/logo\\\/image\\\/\",\"url\":\"https:\\\/\\\/colombiamarxista.com\\\/wp-content\\\/uploads\\\/2026\\\/04\\\/logo-crc_Mesa-de-trabajo-1-scaled.png\",\"contentUrl\":\"https:\\\/\\\/colombiamarxista.com\\\/wp-content\\\/uploads\\\/2026\\\/04\\\/logo-crc_Mesa-de-trabajo-1-scaled.png\",\"width\":2560,\"height\":1920,\"caption\":\"Comunistas Revolucionarios de Colombia\"},\"image\":{\"@id\":\"https:\\\/\\\/colombiamarxista.com\\\/#\\\/schema\\\/logo\\\/image\\\/\"}},{\"@type\":\"Person\",\"@id\":\"https:\\\/\\\/colombiamarxista.com\\\/#\\\/schema\\\/person\\\/e37d02f1454a536d01306cf74ee02c39\",\"name\":\"Consejo Editorial De Colombia Marxista\",\"image\":{\"@type\":\"ImageObject\",\"inLanguage\":\"es-CO\",\"@id\":\"https:\\\/\\\/secure.gravatar.com\\\/avatar\\\/27d462afb069d4f31317c3decd42f1acedbc140f1342d432b75cc0cb867e5fb1?s=96&d=mm&r=g\",\"url\":\"https:\\\/\\\/secure.gravatar.com\\\/avatar\\\/27d462afb069d4f31317c3decd42f1acedbc140f1342d432b75cc0cb867e5fb1?s=96&d=mm&r=g\",\"contentUrl\":\"https:\\\/\\\/secure.gravatar.com\\\/avatar\\\/27d462afb069d4f31317c3decd42f1acedbc140f1342d432b75cc0cb867e5fb1?s=96&d=mm&r=g\",\"caption\":\"Consejo Editorial De Colombia Marxista\"},\"sameAs\":[\"http:\\\/\\\/colombiamarxista.com\"],\"url\":\"https:\\\/\\\/colombiamarxista.com\\\/?author=1\"}]}<\/script>\n<!-- \/ Yoast SEO plugin. -->","yoast_head_json":{"title":"La pesadilla de los feminicidios: a prop\u00f3sito del D\u00eda Internacional de la Eliminaci\u00f3n de la Violencia contra la Mujer - Comunistas Revolucionarios de Colombia","robots":{"index":"index","follow":"follow","max-snippet":"max-snippet:-1","max-image-preview":"max-image-preview:large","max-video-preview":"max-video-preview:-1"},"canonical":"https:\/\/colombiamarxista.com\/?p=406","og_locale":"es_ES","og_type":"article","og_title":"La pesadilla de los feminicidios: a prop\u00f3sito del D\u00eda Internacional de la Eliminaci\u00f3n de la Violencia contra la Mujer - Comunistas Revolucionarios de Colombia","og_description":"Como Marxistas Colombianos nos enorgullecemos en ser parte de una Corriente Internacional que intenta crear una direccion que le pueda dar al movimiento obrero mundial las herramientas para poder luchar contra la enfermedad que contrae terribles sintomas como este: el capitalismo. La emancipaci\u00f3n de la mujer es uno de los principios claves del Marxismo y [&hellip;]","og_url":"https:\/\/colombiamarxista.com\/?p=406","og_site_name":"Comunistas Revolucionarios de Colombia","article_published_time":"2020-12-01T17:55:00+00:00","og_image":[{"width":480,"height":475,"url":"https:\/\/colombiamarxista.com\/wp-content\/uploads\/2020\/12\/dia-internacional-contra-la-violencia-contra-la-mujer.jpg","type":"image\/jpeg"}],"author":"Consejo Editorial De Colombia Marxista","twitter_card":"summary_large_image","twitter_misc":{"Escrito por":"Consejo Editorial De Colombia Marxista","Tiempo de lectura":"8 minutos"},"schema":{"@context":"https:\/\/schema.org","@graph":[{"@type":"Article","@id":"https:\/\/colombiamarxista.com\/?p=406#article","isPartOf":{"@id":"https:\/\/colombiamarxista.com\/?p=406"},"author":{"name":"Consejo Editorial De Colombia Marxista","@id":"https:\/\/colombiamarxista.com\/#\/schema\/person\/e37d02f1454a536d01306cf74ee02c39"},"headline":"La pesadilla de los feminicidios: a prop\u00f3sito del D\u00eda Internacional de la Eliminaci\u00f3n de la Violencia contra la Mujer","datePublished":"2020-12-01T17:55:00+00:00","mainEntityOfPage":{"@id":"https:\/\/colombiamarxista.com\/?p=406"},"wordCount":1582,"commentCount":0,"publisher":{"@id":"https:\/\/colombiamarxista.com\/#organization"},"image":{"@id":"https:\/\/colombiamarxista.com\/?p=406#primaryimage"},"thumbnailUrl":"https:\/\/colombiamarxista.com\/wp-content\/uploads\/2020\/12\/dia-internacional-contra-la-violencia-contra-la-mujer.jpg","articleSection":["Movilizaci\u00f3n"],"inLanguage":"es-CO","potentialAction":[{"@type":"CommentAction","name":"Comment","target":["https:\/\/colombiamarxista.com\/?p=406#respond"]}]},{"@type":"WebPage","@id":"https:\/\/colombiamarxista.com\/?p=406","url":"https:\/\/colombiamarxista.com\/?p=406","name":"La pesadilla de los feminicidios: a prop\u00f3sito del D\u00eda Internacional de la Eliminaci\u00f3n de la Violencia contra la Mujer - Comunistas Revolucionarios de Colombia","isPartOf":{"@id":"https:\/\/colombiamarxista.com\/#website"},"primaryImageOfPage":{"@id":"https:\/\/colombiamarxista.com\/?p=406#primaryimage"},"image":{"@id":"https:\/\/colombiamarxista.com\/?p=406#primaryimage"},"thumbnailUrl":"https:\/\/colombiamarxista.com\/wp-content\/uploads\/2020\/12\/dia-internacional-contra-la-violencia-contra-la-mujer.jpg","datePublished":"2020-12-01T17:55:00+00:00","breadcrumb":{"@id":"https:\/\/colombiamarxista.com\/?p=406#breadcrumb"},"inLanguage":"es-CO","potentialAction":[{"@type":"ReadAction","target":["https:\/\/colombiamarxista.com\/?p=406"]}]},{"@type":"ImageObject","inLanguage":"es-CO","@id":"https:\/\/colombiamarxista.com\/?p=406#primaryimage","url":"https:\/\/colombiamarxista.com\/wp-content\/uploads\/2020\/12\/dia-internacional-contra-la-violencia-contra-la-mujer.jpg","contentUrl":"https:\/\/colombiamarxista.com\/wp-content\/uploads\/2020\/12\/dia-internacional-contra-la-violencia-contra-la-mujer.jpg","width":480,"height":475},{"@type":"BreadcrumbList","@id":"https:\/\/colombiamarxista.com\/?p=406#breadcrumb","itemListElement":[{"@type":"ListItem","position":1,"name":"Home","item":"https:\/\/colombiamarxista.com\/"},{"@type":"ListItem","position":2,"name":"La pesadilla de los feminicidios: a prop\u00f3sito del D\u00eda Internacional de la Eliminaci\u00f3n de la Violencia contra la Mujer"}]},{"@type":"WebSite","@id":"https:\/\/colombiamarxista.com\/#website","url":"https:\/\/colombiamarxista.com\/","name":"Comunistas Revolucionarios de Colombia","description":"","publisher":{"@id":"https:\/\/colombiamarxista.com\/#organization"},"potentialAction":[{"@type":"SearchAction","target":{"@type":"EntryPoint","urlTemplate":"https:\/\/colombiamarxista.com\/?s={search_term_string}"},"query-input":{"@type":"PropertyValueSpecification","valueRequired":true,"valueName":"search_term_string"}}],"inLanguage":"es-CO"},{"@type":"Organization","@id":"https:\/\/colombiamarxista.com\/#organization","name":"Comunistas Revolucionarios de Colombia","url":"https:\/\/colombiamarxista.com\/","logo":{"@type":"ImageObject","inLanguage":"es-CO","@id":"https:\/\/colombiamarxista.com\/#\/schema\/logo\/image\/","url":"https:\/\/colombiamarxista.com\/wp-content\/uploads\/2026\/04\/logo-crc_Mesa-de-trabajo-1-scaled.png","contentUrl":"https:\/\/colombiamarxista.com\/wp-content\/uploads\/2026\/04\/logo-crc_Mesa-de-trabajo-1-scaled.png","width":2560,"height":1920,"caption":"Comunistas Revolucionarios de Colombia"},"image":{"@id":"https:\/\/colombiamarxista.com\/#\/schema\/logo\/image\/"}},{"@type":"Person","@id":"https:\/\/colombiamarxista.com\/#\/schema\/person\/e37d02f1454a536d01306cf74ee02c39","name":"Consejo Editorial De Colombia Marxista","image":{"@type":"ImageObject","inLanguage":"es-CO","@id":"https:\/\/secure.gravatar.com\/avatar\/27d462afb069d4f31317c3decd42f1acedbc140f1342d432b75cc0cb867e5fb1?s=96&d=mm&r=g","url":"https:\/\/secure.gravatar.com\/avatar\/27d462afb069d4f31317c3decd42f1acedbc140f1342d432b75cc0cb867e5fb1?s=96&d=mm&r=g","contentUrl":"https:\/\/secure.gravatar.com\/avatar\/27d462afb069d4f31317c3decd42f1acedbc140f1342d432b75cc0cb867e5fb1?s=96&d=mm&r=g","caption":"Consejo Editorial De Colombia Marxista"},"sameAs":["http:\/\/colombiamarxista.com"],"url":"https:\/\/colombiamarxista.com\/?author=1"}]}},"_links":{"self":[{"href":"https:\/\/colombiamarxista.com\/index.php?rest_route=\/wp\/v2\/posts\/406","targetHints":{"allow":["GET"]}}],"collection":[{"href":"https:\/\/colombiamarxista.com\/index.php?rest_route=\/wp\/v2\/posts"}],"about":[{"href":"https:\/\/colombiamarxista.com\/index.php?rest_route=\/wp\/v2\/types\/post"}],"author":[{"embeddable":true,"href":"https:\/\/colombiamarxista.com\/index.php?rest_route=\/wp\/v2\/users\/1"}],"replies":[{"embeddable":true,"href":"https:\/\/colombiamarxista.com\/index.php?rest_route=%2Fwp%2Fv2%2Fcomments&post=406"}],"version-history":[{"count":0,"href":"https:\/\/colombiamarxista.com\/index.php?rest_route=\/wp\/v2\/posts\/406\/revisions"}],"wp:featuredmedia":[{"embeddable":true,"href":"https:\/\/colombiamarxista.com\/index.php?rest_route=\/wp\/v2\/media\/407"}],"wp:attachment":[{"href":"https:\/\/colombiamarxista.com\/index.php?rest_route=%2Fwp%2Fv2%2Fmedia&parent=406"}],"wp:term":[{"taxonomy":"category","embeddable":true,"href":"https:\/\/colombiamarxista.com\/index.php?rest_route=%2Fwp%2Fv2%2Fcategories&post=406"},{"taxonomy":"post_tag","embeddable":true,"href":"https:\/\/colombiamarxista.com\/index.php?rest_route=%2Fwp%2Fv2%2Ftags&post=406"}],"curies":[{"name":"wp","href":"https:\/\/api.w.org\/{rel}","templated":true}]}}