{"id":3958,"date":"2024-02-14T20:42:07","date_gmt":"2024-02-15T01:42:07","guid":{"rendered":"https:\/\/colombiamarxista.com\/?p=3958"},"modified":"2024-02-15T12:04:45","modified_gmt":"2024-02-15T17:04:45","slug":"la-cmi-condena-la-represion-de-un-politico-comunista-israeli","status":"publish","type":"post","link":"https:\/\/colombiamarxista.com\/?p=3958","title":{"rendered":"La CMI condena la represi\u00f3n de un pol\u00edtico comunista israel\u00ed"},"content":{"rendered":"\n<p>Corriente Marxista Internacional<\/p>\n\n\n\n<p>La Corriente Marxista Internacional (CMI) condena la propuesta de expulsi\u00f3n del comunista Ofer Cassif MK de la Kn\u00e9set (parlamento) israel\u00ed, y protestamos indignados por la supresi\u00f3n de los derechos democr\u00e1ticos en Israel.<\/p>\n\n\n\n<p>Ofer Cassif es un destacado miembro del Partido Comunista Israel\u00ed (Maki) y representante de la coalici\u00f3n Hadash en la Kn\u00e9set. El 18 de octubre fue suspendido por el Comit\u00e9 de &#8220;\u00c9tica&#8221; de la Kn\u00e9set durante 45 d\u00edas, tras acusar al gobierno de llevar a cabo la limpieza \u00e9tnica de los territorios palestinos. En otras palabras, \u00a1fue suspendido del parlamento por decir la verdad! Ahora el r\u00e9gimen est\u00e1 presionando para que sea expulsado del parlamento.<\/p>\n\n\n\n<p>El \u00faltimo ataque contra Cassif se lanz\u00f3 despu\u00e9s de que firmara una petici\u00f3n en apoyo del caso de Sud\u00e1frica en el Tribunal Internacional de Justicia, que acusa a Israel de cometer genocidio en Gaza. Poco despu\u00e9s de que firmara esta petici\u00f3n, 85 diputados de la coalici\u00f3n de extrema derecha en el poder y de la llamada oposici\u00f3n &#8220;moderada&#8221; firmaron una moci\u00f3n ante el Comit\u00e9 de la C\u00e1mara de la Kn\u00e9set, pidiendo su expulsi\u00f3n.<\/p>\n\n\n\n<p>El martes 30 de enero, el Comit\u00e9 de la C\u00e1mara de la Kn\u00e9set vot\u00f3 14 a 2 a favor de la moci\u00f3n para expulsar a Cassif alegando que su apoyo al caso de Sud\u00e1frica era &#8220;traicionero&#8221; y equival\u00eda a &#8220;apoyar una lucha armada&#8221; contra el Estado de Israel. La expulsi\u00f3n de Cassif se someter\u00e1 a votaci\u00f3n en la Kn\u00e9set el 19 de febrero, y debe obtener el apoyo de 90 de los 120 miembros de la Kn\u00e9set para ser aprobada. Teniendo en cuenta que 85 diputados ya han firmado la moci\u00f3n para expulsar a Cassif, es muy probable que Cassif sea expulsado.<\/p>\n\n\n\n<p>La verdadera intenci\u00f3n detr\u00e1s de este ataque contra Cassif es clara: aplastar cualquier oposici\u00f3n dentro de Israel a la guerra genocida que est\u00e1 llevando a cabo en Gaza, y la actual limpieza \u00e9tnica de palestinos en Cisjordania. El Ministro de Seguridad Nacional de extrema derecha, Ben Gvir, lo dej\u00f3 claro cuando public\u00f3 una foto de otro MK de Hadash, Ayman Odeh en X (Twitter) con el comentario: &#8220;el siguiente en la fila&#8221;.<\/p>\n\n\n\n<p>Su colega de Hadash, Aida Touma-Suleiman, ha advertido de que &#8220;con el debate del martes, los miembros de la Kn\u00e9set est\u00e1n royendo los restos de la democracia&#8221; en Israel.<\/p>\n\n\n\n<p>Independientemente de nuestras diferencias pol\u00edticas con Casif y Hadash, apoyamos sus derechos democr\u00e1ticos y les ofrecemos nuestra solidaridad en su lucha contra la represi\u00f3n sionista. Los comunistas y dem\u00f3cratas consecuentes de todo el mundo deber\u00edan unirse en apoyo de todas las v\u00edctimas de la represi\u00f3n, y protestar contra un ataque flagrante a los derechos democr\u00e1ticos b\u00e1sicos, que muestra no s\u00f3lo la hipocres\u00eda de la democracia burguesa en general, sino la podredumbre de la &#8220;democracia&#8221; israel\u00ed en particular.<\/p>\n","protected":false},"excerpt":{"rendered":"<p>Corriente Marxista Internacional La Corriente Marxista Internacional (CMI) condena la propuesta de expulsi\u00f3n del comunista Ofer Cassif MK de la Kn\u00e9set (parlamento) israel\u00ed, y protestamos indignados por la supresi\u00f3n de los derechos democr\u00e1ticos en Israel. Ofer Cassif es un destacado miembro del Partido Comunista Israel\u00ed (Maki) y representante de la coalici\u00f3n Hadash en la Kn\u00e9set. [&hellip;]<\/p>\n","protected":false},"author":1,"featured_media":3960,"comment_status":"open","ping_status":"open","sticky":false,"template":"","format":"standard","meta":{"footnotes":""},"categories":[202,204],"tags":[270,271,272,466],"class_list":["post-3958","post","type-post","status-publish","format-standard","has-post-thumbnail","hentry","category-pronunciamientos","category-actualidad","tag-gaza","tag-pronunciamiento","tag-israel","tag-represion-2"],"yoast_head":"<!-- This site is optimized with the Yoast SEO plugin v27.5 - https:\/\/yoast.com\/product\/yoast-seo-wordpress\/ -->\n<title>La CMI condena la represi\u00f3n de un pol\u00edtico comunista israel\u00ed - Comunistas Revolucionarios de Colombia<\/title>\n<meta name=\"description\" content=\"La Corriente Marxista Internacional (CMI) condena la propuesta de expulsi\u00f3n del comunista Ofer Cassif MK de la Kn\u00e9set (parlamento) israel\u00ed, y protestamos indignados por la supresi\u00f3n de los derechos democr\u00e1ticos en Israel.\" \/>\n<meta name=\"robots\" content=\"index, follow, max-snippet:-1, max-image-preview:large, max-video-preview:-1\" \/>\n<link rel=\"canonical\" href=\"https:\/\/colombiamarxista.com\/?p=3958\" \/>\n<meta property=\"og:locale\" content=\"es_ES\" \/>\n<meta property=\"og:type\" content=\"article\" \/>\n<meta property=\"og:title\" content=\"La CMI condena la represi\u00f3n de un pol\u00edtico comunista israel\u00ed\" \/>\n<meta property=\"og:description\" content=\"La Corriente Marxista Internacional (CMI) condena la propuesta de expulsi\u00f3n del comunista Ofer Cassif MK de la Kn\u00e9set (parlamento) israel\u00ed, y protestamos indignados por la supresi\u00f3n de los derechos democr\u00e1ticos en Israel.\" \/>\n<meta property=\"og:url\" content=\"https:\/\/colombiamarxista.com\/?p=3958\" \/>\n<meta property=\"og:site_name\" content=\"Comunistas Revolucionarios de Colombia\" \/>\n<meta property=\"article:published_time\" content=\"2024-02-15T01:42:07+00:00\" \/>\n<meta property=\"article:modified_time\" content=\"2024-02-15T17:04:45+00:00\" \/>\n<meta property=\"og:image\" content=\"https:\/\/colombiamarxista.com\/wp-content\/uploads\/2024\/02\/Placard_Image_Ofer_Cassif_Twitter_copy.jpg\" \/>\n\t<meta property=\"og:image:width\" content=\"1837\" \/>\n\t<meta property=\"og:image:height\" content=\"1225\" \/>\n\t<meta property=\"og:image:type\" content=\"image\/jpeg\" \/>\n<meta name=\"author\" content=\"Consejo Editorial De Colombia Marxista\" \/>\n<meta name=\"twitter:card\" content=\"summary_large_image\" \/>\n<meta name=\"twitter:label1\" content=\"Escrito por\" \/>\n\t<meta name=\"twitter:data1\" content=\"Consejo Editorial De Colombia Marxista\" \/>\n\t<meta name=\"twitter:label2\" content=\"Tiempo de lectura\" \/>\n\t<meta name=\"twitter:data2\" content=\"3 minutos\" \/>\n<script type=\"application\/ld+json\" class=\"yoast-schema-graph\">{\"@context\":\"https:\\\/\\\/schema.org\",\"@graph\":[{\"@type\":\"Article\",\"@id\":\"https:\\\/\\\/colombiamarxista.com\\\/?p=3958#article\",\"isPartOf\":{\"@id\":\"https:\\\/\\\/colombiamarxista.com\\\/?p=3958\"},\"author\":{\"name\":\"Consejo Editorial De Colombia Marxista\",\"@id\":\"https:\\\/\\\/colombiamarxista.com\\\/#\\\/schema\\\/person\\\/e37d02f1454a536d01306cf74ee02c39\"},\"headline\":\"La CMI condena la represi\u00f3n de un pol\u00edtico comunista israel\u00ed\",\"datePublished\":\"2024-02-15T01:42:07+00:00\",\"dateModified\":\"2024-02-15T17:04:45+00:00\",\"mainEntityOfPage\":{\"@id\":\"https:\\\/\\\/colombiamarxista.com\\\/?p=3958\"},\"wordCount\":510,\"commentCount\":0,\"publisher\":{\"@id\":\"https:\\\/\\\/colombiamarxista.com\\\/#organization\"},\"image\":{\"@id\":\"https:\\\/\\\/colombiamarxista.com\\\/?p=3958#primaryimage\"},\"thumbnailUrl\":\"https:\\\/\\\/colombiamarxista.com\\\/wp-content\\\/uploads\\\/2024\\\/02\\\/Placard_Image_Ofer_Cassif_Twitter_copy.jpg\",\"keywords\":[\"gaza\",\"pronunciamiento\",\"israel\",\"represion\"],\"articleSection\":[\"Pronunciamientos\",\"Actualidad\"],\"inLanguage\":\"es-CO\",\"potentialAction\":[{\"@type\":\"CommentAction\",\"name\":\"Comment\",\"target\":[\"https:\\\/\\\/colombiamarxista.com\\\/?p=3958#respond\"]}]},{\"@type\":\"WebPage\",\"@id\":\"https:\\\/\\\/colombiamarxista.com\\\/?p=3958\",\"url\":\"https:\\\/\\\/colombiamarxista.com\\\/?p=3958\",\"name\":\"La CMI condena la represi\u00f3n de un pol\u00edtico comunista israel\u00ed - Comunistas Revolucionarios de Colombia\",\"isPartOf\":{\"@id\":\"https:\\\/\\\/colombiamarxista.com\\\/#website\"},\"primaryImageOfPage\":{\"@id\":\"https:\\\/\\\/colombiamarxista.com\\\/?p=3958#primaryimage\"},\"image\":{\"@id\":\"https:\\\/\\\/colombiamarxista.com\\\/?p=3958#primaryimage\"},\"thumbnailUrl\":\"https:\\\/\\\/colombiamarxista.com\\\/wp-content\\\/uploads\\\/2024\\\/02\\\/Placard_Image_Ofer_Cassif_Twitter_copy.jpg\",\"datePublished\":\"2024-02-15T01:42:07+00:00\",\"dateModified\":\"2024-02-15T17:04:45+00:00\",\"description\":\"La Corriente Marxista Internacional (CMI) condena la propuesta de expulsi\u00f3n del comunista Ofer Cassif MK de la Kn\u00e9set (parlamento) israel\u00ed, y protestamos indignados por la supresi\u00f3n de los derechos democr\u00e1ticos en Israel.\",\"breadcrumb\":{\"@id\":\"https:\\\/\\\/colombiamarxista.com\\\/?p=3958#breadcrumb\"},\"inLanguage\":\"es-CO\",\"potentialAction\":[{\"@type\":\"ReadAction\",\"target\":[\"https:\\\/\\\/colombiamarxista.com\\\/?p=3958\"]}]},{\"@type\":\"ImageObject\",\"inLanguage\":\"es-CO\",\"@id\":\"https:\\\/\\\/colombiamarxista.com\\\/?p=3958#primaryimage\",\"url\":\"https:\\\/\\\/colombiamarxista.com\\\/wp-content\\\/uploads\\\/2024\\\/02\\\/Placard_Image_Ofer_Cassif_Twitter_copy.jpg\",\"contentUrl\":\"https:\\\/\\\/colombiamarxista.com\\\/wp-content\\\/uploads\\\/2024\\\/02\\\/Placard_Image_Ofer_Cassif_Twitter_copy.jpg\",\"width\":1837,\"height\":1225},{\"@type\":\"BreadcrumbList\",\"@id\":\"https:\\\/\\\/colombiamarxista.com\\\/?p=3958#breadcrumb\",\"itemListElement\":[{\"@type\":\"ListItem\",\"position\":1,\"name\":\"Home\",\"item\":\"https:\\\/\\\/colombiamarxista.com\\\/\"},{\"@type\":\"ListItem\",\"position\":2,\"name\":\"La CMI condena la represi\u00f3n de un pol\u00edtico comunista israel\u00ed\"}]},{\"@type\":\"WebSite\",\"@id\":\"https:\\\/\\\/colombiamarxista.com\\\/#website\",\"url\":\"https:\\\/\\\/colombiamarxista.com\\\/\",\"name\":\"Comunistas Revolucionarios de Colombia\",\"description\":\"\",\"publisher\":{\"@id\":\"https:\\\/\\\/colombiamarxista.com\\\/#organization\"},\"potentialAction\":[{\"@type\":\"SearchAction\",\"target\":{\"@type\":\"EntryPoint\",\"urlTemplate\":\"https:\\\/\\\/colombiamarxista.com\\\/?s={search_term_string}\"},\"query-input\":{\"@type\":\"PropertyValueSpecification\",\"valueRequired\":true,\"valueName\":\"search_term_string\"}}],\"inLanguage\":\"es-CO\"},{\"@type\":\"Organization\",\"@id\":\"https:\\\/\\\/colombiamarxista.com\\\/#organization\",\"name\":\"Comunistas Revolucionarios de Colombia\",\"url\":\"https:\\\/\\\/colombiamarxista.com\\\/\",\"logo\":{\"@type\":\"ImageObject\",\"inLanguage\":\"es-CO\",\"@id\":\"https:\\\/\\\/colombiamarxista.com\\\/#\\\/schema\\\/logo\\\/image\\\/\",\"url\":\"https:\\\/\\\/colombiamarxista.com\\\/wp-content\\\/uploads\\\/2026\\\/04\\\/logo-crc_Mesa-de-trabajo-1-scaled.png\",\"contentUrl\":\"https:\\\/\\\/colombiamarxista.com\\\/wp-content\\\/uploads\\\/2026\\\/04\\\/logo-crc_Mesa-de-trabajo-1-scaled.png\",\"width\":2560,\"height\":1920,\"caption\":\"Comunistas Revolucionarios de Colombia\"},\"image\":{\"@id\":\"https:\\\/\\\/colombiamarxista.com\\\/#\\\/schema\\\/logo\\\/image\\\/\"}},{\"@type\":\"Person\",\"@id\":\"https:\\\/\\\/colombiamarxista.com\\\/#\\\/schema\\\/person\\\/e37d02f1454a536d01306cf74ee02c39\",\"name\":\"Consejo Editorial De Colombia Marxista\",\"image\":{\"@type\":\"ImageObject\",\"inLanguage\":\"es-CO\",\"@id\":\"https:\\\/\\\/secure.gravatar.com\\\/avatar\\\/27d462afb069d4f31317c3decd42f1acedbc140f1342d432b75cc0cb867e5fb1?s=96&d=mm&r=g\",\"url\":\"https:\\\/\\\/secure.gravatar.com\\\/avatar\\\/27d462afb069d4f31317c3decd42f1acedbc140f1342d432b75cc0cb867e5fb1?s=96&d=mm&r=g\",\"contentUrl\":\"https:\\\/\\\/secure.gravatar.com\\\/avatar\\\/27d462afb069d4f31317c3decd42f1acedbc140f1342d432b75cc0cb867e5fb1?s=96&d=mm&r=g\",\"caption\":\"Consejo Editorial De Colombia Marxista\"},\"sameAs\":[\"http:\\\/\\\/colombiamarxista.com\"],\"url\":\"https:\\\/\\\/colombiamarxista.com\\\/?author=1\"}]}<\/script>\n<!-- \/ Yoast SEO plugin. -->","yoast_head_json":{"title":"La CMI condena la represi\u00f3n de un pol\u00edtico comunista israel\u00ed - Comunistas Revolucionarios de Colombia","description":"La Corriente Marxista Internacional (CMI) condena la propuesta de expulsi\u00f3n del comunista Ofer Cassif MK de la Kn\u00e9set (parlamento) israel\u00ed, y protestamos indignados por la supresi\u00f3n de los derechos democr\u00e1ticos en Israel.","robots":{"index":"index","follow":"follow","max-snippet":"max-snippet:-1","max-image-preview":"max-image-preview:large","max-video-preview":"max-video-preview:-1"},"canonical":"https:\/\/colombiamarxista.com\/?p=3958","og_locale":"es_ES","og_type":"article","og_title":"La CMI condena la represi\u00f3n de un pol\u00edtico comunista israel\u00ed","og_description":"La Corriente Marxista Internacional (CMI) condena la propuesta de expulsi\u00f3n del comunista Ofer Cassif MK de la Kn\u00e9set (parlamento) israel\u00ed, y protestamos indignados por la supresi\u00f3n de los derechos democr\u00e1ticos en Israel.","og_url":"https:\/\/colombiamarxista.com\/?p=3958","og_site_name":"Comunistas Revolucionarios de Colombia","article_published_time":"2024-02-15T01:42:07+00:00","article_modified_time":"2024-02-15T17:04:45+00:00","og_image":[{"width":1837,"height":1225,"url":"https:\/\/colombiamarxista.com\/wp-content\/uploads\/2024\/02\/Placard_Image_Ofer_Cassif_Twitter_copy.jpg","type":"image\/jpeg"}],"author":"Consejo Editorial De Colombia Marxista","twitter_card":"summary_large_image","twitter_misc":{"Escrito por":"Consejo Editorial De Colombia Marxista","Tiempo de lectura":"3 minutos"},"schema":{"@context":"https:\/\/schema.org","@graph":[{"@type":"Article","@id":"https:\/\/colombiamarxista.com\/?p=3958#article","isPartOf":{"@id":"https:\/\/colombiamarxista.com\/?p=3958"},"author":{"name":"Consejo Editorial De Colombia Marxista","@id":"https:\/\/colombiamarxista.com\/#\/schema\/person\/e37d02f1454a536d01306cf74ee02c39"},"headline":"La CMI condena la represi\u00f3n de un pol\u00edtico comunista israel\u00ed","datePublished":"2024-02-15T01:42:07+00:00","dateModified":"2024-02-15T17:04:45+00:00","mainEntityOfPage":{"@id":"https:\/\/colombiamarxista.com\/?p=3958"},"wordCount":510,"commentCount":0,"publisher":{"@id":"https:\/\/colombiamarxista.com\/#organization"},"image":{"@id":"https:\/\/colombiamarxista.com\/?p=3958#primaryimage"},"thumbnailUrl":"https:\/\/colombiamarxista.com\/wp-content\/uploads\/2024\/02\/Placard_Image_Ofer_Cassif_Twitter_copy.jpg","keywords":["gaza","pronunciamiento","israel","represion"],"articleSection":["Pronunciamientos","Actualidad"],"inLanguage":"es-CO","potentialAction":[{"@type":"CommentAction","name":"Comment","target":["https:\/\/colombiamarxista.com\/?p=3958#respond"]}]},{"@type":"WebPage","@id":"https:\/\/colombiamarxista.com\/?p=3958","url":"https:\/\/colombiamarxista.com\/?p=3958","name":"La CMI condena la represi\u00f3n de un pol\u00edtico comunista israel\u00ed - Comunistas Revolucionarios de Colombia","isPartOf":{"@id":"https:\/\/colombiamarxista.com\/#website"},"primaryImageOfPage":{"@id":"https:\/\/colombiamarxista.com\/?p=3958#primaryimage"},"image":{"@id":"https:\/\/colombiamarxista.com\/?p=3958#primaryimage"},"thumbnailUrl":"https:\/\/colombiamarxista.com\/wp-content\/uploads\/2024\/02\/Placard_Image_Ofer_Cassif_Twitter_copy.jpg","datePublished":"2024-02-15T01:42:07+00:00","dateModified":"2024-02-15T17:04:45+00:00","description":"La Corriente Marxista Internacional (CMI) condena la propuesta de expulsi\u00f3n del comunista Ofer Cassif MK de la Kn\u00e9set (parlamento) israel\u00ed, y protestamos indignados por la supresi\u00f3n de los derechos democr\u00e1ticos en Israel.","breadcrumb":{"@id":"https:\/\/colombiamarxista.com\/?p=3958#breadcrumb"},"inLanguage":"es-CO","potentialAction":[{"@type":"ReadAction","target":["https:\/\/colombiamarxista.com\/?p=3958"]}]},{"@type":"ImageObject","inLanguage":"es-CO","@id":"https:\/\/colombiamarxista.com\/?p=3958#primaryimage","url":"https:\/\/colombiamarxista.com\/wp-content\/uploads\/2024\/02\/Placard_Image_Ofer_Cassif_Twitter_copy.jpg","contentUrl":"https:\/\/colombiamarxista.com\/wp-content\/uploads\/2024\/02\/Placard_Image_Ofer_Cassif_Twitter_copy.jpg","width":1837,"height":1225},{"@type":"BreadcrumbList","@id":"https:\/\/colombiamarxista.com\/?p=3958#breadcrumb","itemListElement":[{"@type":"ListItem","position":1,"name":"Home","item":"https:\/\/colombiamarxista.com\/"},{"@type":"ListItem","position":2,"name":"La CMI condena la represi\u00f3n de un pol\u00edtico comunista israel\u00ed"}]},{"@type":"WebSite","@id":"https:\/\/colombiamarxista.com\/#website","url":"https:\/\/colombiamarxista.com\/","name":"Comunistas Revolucionarios de Colombia","description":"","publisher":{"@id":"https:\/\/colombiamarxista.com\/#organization"},"potentialAction":[{"@type":"SearchAction","target":{"@type":"EntryPoint","urlTemplate":"https:\/\/colombiamarxista.com\/?s={search_term_string}"},"query-input":{"@type":"PropertyValueSpecification","valueRequired":true,"valueName":"search_term_string"}}],"inLanguage":"es-CO"},{"@type":"Organization","@id":"https:\/\/colombiamarxista.com\/#organization","name":"Comunistas Revolucionarios de Colombia","url":"https:\/\/colombiamarxista.com\/","logo":{"@type":"ImageObject","inLanguage":"es-CO","@id":"https:\/\/colombiamarxista.com\/#\/schema\/logo\/image\/","url":"https:\/\/colombiamarxista.com\/wp-content\/uploads\/2026\/04\/logo-crc_Mesa-de-trabajo-1-scaled.png","contentUrl":"https:\/\/colombiamarxista.com\/wp-content\/uploads\/2026\/04\/logo-crc_Mesa-de-trabajo-1-scaled.png","width":2560,"height":1920,"caption":"Comunistas Revolucionarios de Colombia"},"image":{"@id":"https:\/\/colombiamarxista.com\/#\/schema\/logo\/image\/"}},{"@type":"Person","@id":"https:\/\/colombiamarxista.com\/#\/schema\/person\/e37d02f1454a536d01306cf74ee02c39","name":"Consejo Editorial De Colombia Marxista","image":{"@type":"ImageObject","inLanguage":"es-CO","@id":"https:\/\/secure.gravatar.com\/avatar\/27d462afb069d4f31317c3decd42f1acedbc140f1342d432b75cc0cb867e5fb1?s=96&d=mm&r=g","url":"https:\/\/secure.gravatar.com\/avatar\/27d462afb069d4f31317c3decd42f1acedbc140f1342d432b75cc0cb867e5fb1?s=96&d=mm&r=g","contentUrl":"https:\/\/secure.gravatar.com\/avatar\/27d462afb069d4f31317c3decd42f1acedbc140f1342d432b75cc0cb867e5fb1?s=96&d=mm&r=g","caption":"Consejo Editorial De Colombia Marxista"},"sameAs":["http:\/\/colombiamarxista.com"],"url":"https:\/\/colombiamarxista.com\/?author=1"}]}},"_links":{"self":[{"href":"https:\/\/colombiamarxista.com\/index.php?rest_route=\/wp\/v2\/posts\/3958","targetHints":{"allow":["GET"]}}],"collection":[{"href":"https:\/\/colombiamarxista.com\/index.php?rest_route=\/wp\/v2\/posts"}],"about":[{"href":"https:\/\/colombiamarxista.com\/index.php?rest_route=\/wp\/v2\/types\/post"}],"author":[{"embeddable":true,"href":"https:\/\/colombiamarxista.com\/index.php?rest_route=\/wp\/v2\/users\/1"}],"replies":[{"embeddable":true,"href":"https:\/\/colombiamarxista.com\/index.php?rest_route=%2Fwp%2Fv2%2Fcomments&post=3958"}],"version-history":[{"count":2,"href":"https:\/\/colombiamarxista.com\/index.php?rest_route=\/wp\/v2\/posts\/3958\/revisions"}],"predecessor-version":[{"id":3970,"href":"https:\/\/colombiamarxista.com\/index.php?rest_route=\/wp\/v2\/posts\/3958\/revisions\/3970"}],"wp:featuredmedia":[{"embeddable":true,"href":"https:\/\/colombiamarxista.com\/index.php?rest_route=\/wp\/v2\/media\/3960"}],"wp:attachment":[{"href":"https:\/\/colombiamarxista.com\/index.php?rest_route=%2Fwp%2Fv2%2Fmedia&parent=3958"}],"wp:term":[{"taxonomy":"category","embeddable":true,"href":"https:\/\/colombiamarxista.com\/index.php?rest_route=%2Fwp%2Fv2%2Fcategories&post=3958"},{"taxonomy":"post_tag","embeddable":true,"href":"https:\/\/colombiamarxista.com\/index.php?rest_route=%2Fwp%2Fv2%2Ftags&post=3958"}],"curies":[{"name":"wp","href":"https:\/\/api.w.org\/{rel}","templated":true}]}}