{"id":3878,"date":"2023-11-28T17:56:22","date_gmt":"2023-11-28T22:56:22","guid":{"rendered":"https:\/\/colombiamarxista.com\/?p=3878"},"modified":"2023-11-28T18:04:14","modified_gmt":"2023-11-28T23:04:14","slug":"irlanda-tras-los-disturbios-de-dublin-aplastar-la-semilla-de-la-extrema-derecha-antes-de-que-eche-raices","status":"publish","type":"post","link":"https:\/\/colombiamarxista.com\/?p=3878","title":{"rendered":"IRLANDA: TRAS LOS DISTURBIOS DE DUBL\u00cdN: APLASTAR LA SEMILLA DE LA EXTREMA DERECHA ANTES DE QUE ECHE RA\u00cdCES"},"content":{"rendered":"\n<p>Escenas impactantes han sacudido&nbsp;<strong>Dubl\u00edn<\/strong>. Matones de&nbsp;<strong>extrema derecha<\/strong>&nbsp;\u2013 mostrando sus verdaderos y p\u00fatridos colores \u2013 han utilizado el apu\u00f1alamiento de cinco personas en la entrada de una escuela, incluidos tres ni\u00f1os, para culpar a los inmigrantes y avivar la violencia colectiva. Estos acontecimientos deben ser una llamada de atenci\u00f3n: la izquierda y el movimiento obrero han sido sorprendidos. Es hora de quitarse los guantes en la lucha contra la extrema derecha.<\/p>\n\n\n\n<p>Hacemos un llamamiento: basta de m\u00e9todos blandos y \u00abrespetables\u00bb que no han hecho nada para frenar el ascenso de esta chusma. La&nbsp;<em>garda\u00ed&nbsp;<\/em>[polic\u00eda irlandesa] no los detendr\u00e1. Los camisas azules [del Fine Gael] no los detendr\u00e1n. La clase trabajadora es la \u00fanica fuerza que tiene el poder de aplastarlos y el inter\u00e9s en hacerlo.<\/p>\n\n\n\n<p>\u00a1Pero s\u00f3lo podemos hacerlo si cambiamos nuestros m\u00e9todos! Debemos enfrentar y expulsar a esta turba de las calles, y privarla de sus falsas credenciales \u00abantisistema\u00bb creando una alternativa revolucionaria real que pueda expresar la ira volc\u00e1nica de la sociedad irlandesa.<\/p>\n\n\n\n<h2 class=\"wp-block-heading\">El verdadero rostro de la extrema derecha<\/h2>\n\n\n\n<p>Examinemos lo que ocurri\u00f3 el jueves: nos dicen todo lo que necesitamos saber sobre la verdadera naturaleza, objetivos y fuerzas de la extrema derecha en&nbsp;<strong>Irlanda<\/strong>.<\/p>\n\n\n\n<p>La violencia estall\u00f3 tras el apu\u00f1alamiento de cinco personas frente a una escuela del centro de la ciudad, incluidos tres ni\u00f1os peque\u00f1os. Una de los ni\u00f1as y una maestra sufrieron heridas graves.<\/p>\n\n\n\n<p>Sin embargo, no hubo nada espont\u00e1neo en estos disturbios. A pesar de que se identific\u00f3 a un conductor brasile\u00f1o de Deliveroo que intervino heroicamente para detener al apu\u00f1alador, los grupos fascistas y de extrema derecha vincularon inmediatamente el apu\u00f1alamiento con la \u00abmigraci\u00f3n masiva\u00bb, difundiendo rumores de que un argelino era el responsable del crimen, a pesar de que hasta el jueves, la Garda\u00ed no hab\u00eda facilitado ninguna informaci\u00f3n sobre el atacante.<\/p>\n\n\n\n<p>Celebridades de los medios de derecha como Conor McGregor y conocidos activistas de derecha comenzaron a incitar a las turbas en las redes sociales, y esta incitaci\u00f3n continu\u00f3 en los chats de extrema derecha. Aqu\u00ed hay algunos comentarios de algunos de estos chats que dan una buena idea de lo que representa esta chusma.<\/p>\n\n\n\n<p>En un registro de chat filtrado, leemos:<\/p>\n\n\n\n<p>\u00ab\u00a1ESOS BASTARDOS EXTRANJEROS, HAY QUE DERRAMAR SANGRE ESTA NOCHE EN EL NOMBRE DE ESE NI\u00d1O!\u00bb<\/p>\n\n\n\n<p>Otro participante del chat llamado \u2018Matar a todos los inmigrantes\u2019 envi\u00f3 una nota de voz al mismo chat que dec\u00eda:<\/p>\n\n\n\n<p>\u201cNo pueden controlarnos a todos. Hagamos peque\u00f1os grupos que se dividan y hagan lo que tenemos que hacer. A las 7 en punto estar\u00e9 en la ciudad. Todo el mundo se anime, se prepare, y cualquier maldito gitano, extranjero, cualquiera, simplemente m\u00e1tenlos, simplemente m\u00e1tenlos\u2026\u201d<\/p>\n\n\n\n<p>Otros, enloquecidos, declararon que \u201cno quedar\u00e1 ni un izquierdista vivo\u201d despu\u00e9s de los acontecimientos de la noche. Otros pidieron una \u201cguerra civil\u201d.<\/p>\n\n\n\n<p>Sin embargo, aunque esperen una \u00abguerra civil\u00bb para exterminar a \u00abextranjeros\u00bb e \u00abizquierdistas\u00bb, lo que realmente consiguieron, aunque chocante, se qued\u00f3 algo corto. Dubl\u00edn vio c\u00f3mo unos cientos de j\u00f3venes lumpen enmascarados, con un peque\u00f1o contingente de extrema derecha y fascista en su n\u00facleo, arrasaban el centro de la ciudad. Atacaron a transe\u00fantes y garda\u00ed; incendiaron autobuses, Luas [tranv\u00edas] y coches de la garda [polic\u00eda]; y saquearon tiendas, incluida Foot Locker, desconocida hasta hace poco como s\u00edmbolo de la \u00abc\u00e1bala globalista\u00bb.<\/p>\n\n\n\n<p>Y, por supuesto, a pesar de todo su discurso de ser \u00abpatriotas irlandeses\u00bb y su deliberada confusi\u00f3n de banderas con la tradici\u00f3n republicana antiimperialista de Irlanda, los animadores de la turba en las redes sociales han sido en su inmensa mayor\u00eda\u2026 \u00abpatriotas\u00bb brit\u00e1nicos y estadounidenses proimperialistas. Como de costumbre, la \u00abpatri\u00f3tica\u00bb derecha irlandesa recibe ayuda de sus hermanos mayores en el extranjero.<\/p>\n\n\n\n<h2 class=\"wp-block-heading\">\u00a1Enfrentar y derrotar a esta chusma!<\/h2>\n\n\n\n<p>Esta es la aut\u00e9ntica cara del&nbsp;<strong>fascismo<\/strong>. El objetivo de estos animales es liquidar el movimiento obrero y asesinar y expulsar a los extranjeros. Pero lo que est\u00e1 muy claro es que representan a una minor\u00eda muy peque\u00f1a. No se trata de protestas masivas, y no existe ninguna amenaza inminente de ascenso del fascismo. La hip\u00e9rbole en este sentido, demasiado com\u00fan en la izquierda, no lleva a ning\u00fan lado.<\/p>\n\n\n\n<p>Sin embargo, representan una amenaza real y f\u00edsica para los trabajadores, los inmigrantes y la izquierda, y deben ser tratados con seriedad. Enormes movilizaciones antirracistas, como las que hemos visto en el \u00faltimo a\u00f1o, han demostrado el equilibrio real de fuerzas en la sociedad. Pero no han hecho nada para desmoralizar y debilitar a la extrema derecha, como demostraron los acontecimientos del jueves por la noche. \u00bfPor qu\u00e9?<\/p>\n\n\n\n<p>Las manifestaciones simb\u00f3licas de \u00abunidad\u00bb frente al \u00abodio\u00bb no pueden expurgar a la extrema derecha. Permanecer\u00e1n siempre sordos a los llamamientos cristianos de \u00abpon la otra mejilla\u00bb y \u00abama a tu pr\u00f3jimo\u00bb. Como los animales, entienden un solo lenguaje: el que desataron anoche en el centro de Dubl\u00edn.<\/p>\n\n\n\n<p>La \u00fanica manera de barrer a esta chusma de extrema derecha es mediante la confrontaci\u00f3n en la calle a trav\u00e9s de la movilizaci\u00f3n masiva. Cualquier fin de semana que elijas, si das un paseo por O\u2019Connell Street, encontrar\u00e1s no una, sino varias \u00abprotestas\u00bb de extrema derecha en curso. S\u00f3lo cuando la extrema derecha se acostumbre a ver sus mesas volcadas, sus pancartas rotas y sus culos doloridos por encontrarse con contra protestas masivas all\u00e1 donde vayan, volver\u00e1n a escabullirse, desmoralizados, a los agujeros de donde salieron.<\/p>\n\n\n\n<p>As\u00ed fue como comunistas, socialistas, sindicalistas, estibadores, jud\u00edos e inmigrantes irlandeses en el East End de Londres aplastaron a la Uni\u00f3n Brit\u00e1nica de Fascistas en la&nbsp;<a href=\"https:\/\/www.luchadeclases.org\/1936-la-batalla-de-cable-street\/\">Batalla de Cable Street<\/a>&nbsp;en la d\u00e9cada de 1930. As\u00ed fue como la Liga de Defensa Inglesa fue aplastada en la d\u00e9cada pasada.<\/p>\n\n\n\n<p>Repetimos: el objetivo de los fascistas es liquidar el movimiento obrero. Deben ser tratados como una amenaza f\u00edsica, y los socialistas, comunistas, republicanos y sindicalistas deben aplastar la semilla venenosa de la extrema derecha antes de que pueda echar ra\u00edces.<\/p>\n\n\n\n<p>Despu\u00e9s del jueves, hay una enorme rabia contra esta extrema derecha, y hay que canalizarla para aplastarles. La clase dirigente tambi\u00e9n est\u00e1 tratando de canalizar esta ira\u2026 detr\u00e1s de s\u00ed misma. Quieren construir la \u00abunidad nacional\u00bb -en torno a s\u00ed mismos- y hablan de \u00abley y orden\u00bb, es decir, de reforzar los poderes de los garda\u00ed.<\/p>\n\n\n\n<p>Pero no nos enga\u00f1emos: la garda\u00ed hizo muy poco para evitar la violencia del jueves, en contraste con su historial en el trato a los manifestantes pac\u00edficos de izquierdas, a los manifestantes de las cargas de agua, o en el trato a los j\u00f3venes negros.<\/p>\n\n\n\n<p>Los intentos de la clase dominante de reforzar el aparato represivo del Estado s\u00f3lo tendr\u00e1n en cuenta una cosa: las enormes batallas que prev\u00e9n en el futuro. Comprenden que la sociedad irlandesa est\u00e1 acumulando una ira volc\u00e1nica y que, tarde o temprano, la clase obrera entrar\u00e1 en escena.<\/p>\n\n\n\n<p>Y cuando estas batallas de clase estallen, como inevitablemente lo har\u00e1n, los camisas azules y otros, que hoy se visten como \u00abrespetables\u00bb representantes de la clase dominante irlandesa, no tendr\u00e1n reparos en soltar la correa a los perros rabiosos de la extrema derecha, para que se diviertan atacando a los trabajadores, a los inmigrantes y a cualquiera que se interponga en su camino.<\/p>\n\n\n\n<h2 class=\"wp-block-heading\">Basta de \u2018pol\u00edtica respetable\u2019<\/h2>\n\n\n\n<p>Si la extrema derecha irlandesa es hoy m\u00e1s audaz que en cualquier otro momento de la historia reciente, es porque siente que puede aprovechar un estado de \u00e1nimo de la sociedad.<\/p>\n\n\n\n<p>Grupos como el&nbsp;<strong>Partido Nacional<\/strong>&nbsp;llevan a\u00f1os intentando establecerse en Irlanda y, sin embargo, los arrogantes liberales celebran con suficiencia que Irlanda no tenga extrema derecha. \u00bfNo \u00edbamos a contracorriente? Aqu\u00ed no hay Trump, ni Brexit, ni Bolsonaro, ni extrema derecha ni extrema izquierda, muchas gracias.<\/p>\n\n\n\n<p>Pero las pol\u00edticas de los mismos partidos capitalistas engre\u00eddos y \u00abde centro\u00bb que hoy condenan los disturbios, son responsables de crear las mismas condiciones que los provocaron.<\/p>\n\n\n\n<p>La pandemia, con el agravamiento masivo de la crisis del capitalismo que ha provocado, fue aprovechada por la extrema derecha. Apelaron a una fina capa retr\u00f3grada con teor\u00edas conspirativas del COVID. Pudieron hacerlo no principalmente, como afirman los liberales, por la \u00abdesinformaci\u00f3n de las redes sociales\u00bb, sino por el enorme cinismo y desconfianza hacia el establishment que se ha acumulado en lo m\u00e1s profundo de la sociedad.<\/p>\n\n\n\n<p>Y cuando Varadkar y Martin apoyaron la a distancia de la&nbsp;<strong>OTAN<\/strong>&nbsp;en Ucrania, la misma extrema derecha azuz\u00f3 el sentimiento antiinmigraci\u00f3n respecto a los refugiados ucranianos. Una vez m\u00e1s, se culp\u00f3 a la \u00abdesinformaci\u00f3n de las redes sociales\u00bb. Pero la raz\u00f3n por la que la extrema derecha pudo conectar con cierta capa retr\u00f3grada de East Wall en Dubl\u00edn, por ejemplo, fue porque conectaron el alojamiento de los refugiados con la ira explosiva por el problema de la vivienda en la ciudad.<\/p>\n\n\n\n<p>Hay una enorme ira antisistema burbujeando justo debajo de la superficie de la sociedad irlandesa. Su fuente son la crisis de la vivienda, el estado de la atenci\u00f3n sanitaria, el coste de la vida y las pol\u00edticas proimperialistas y antiobreras de los partidos gobernantes. Al distorsionar esta ira, vincul\u00e1ndola falsamente con la migraci\u00f3n, la extrema derecha cree que puede romper su aislamiento y ha tenido un \u00e9xito marginal en conectarse con algunas de las capas m\u00e1s desmoralizadas y oprimidas en ciudades como Dubl\u00edn.<\/p>\n\n\n\n<p>Por lo tanto, no es&nbsp;<em>suficiente&nbsp;<\/em>golpear a estos matones de extrema derecha para que vuelvan a la cloaca. Hay que hacerles sentir&nbsp;<em>pol\u00edticamente<\/em>&nbsp;aislados.<\/p>\n\n\n\n<p>Su barniz de \u2018antisistema\u2019 es extremadamente tenue, pero se desgastar\u00eda enseguida frente a una&nbsp;<em>verdadera<\/em>&nbsp;fuerza antisistema de izquierda. En la actualidad esta no existe. El Sinn F\u00e9in, a pesar de todos los ataques al establishment, claramente ha comenzado a prepararse para ser un partido de poder respetable, tal vez en coalici\u00f3n con uno de los tradicionales y odiados partidos de derecha.<\/p>\n\n\n\n<p>Lo que se necesita es un nuevo punto de referencia: un&nbsp;<strong>partido comunista revolucionario<\/strong>, orientado hacia la clase trabajadora y que hunda sus ra\u00edces en esa clase; un partido de combate que enfrentar\u00e1 toda manifestaci\u00f3n de opresi\u00f3n; y que se esforzar\u00e1 por derrocar el sistema capitalista, expulsar al imperialismo y formar una&nbsp;<strong>Irlanda socialista en los 32 condados<\/strong>.<\/p>\n\n\n\n<p><strong>\u00a1<a href=\"https:\/\/colombiamarxista.com\/?page_id=3564\">\u00danete a nosotros<\/a>, lucha con nosotros y construyamos una organizaci\u00f3n as\u00ed!<\/strong><\/p>\n","protected":false},"excerpt":{"rendered":"<p>Escenas impactantes han sacudido&nbsp;Dubl\u00edn. Matones de&nbsp;extrema derecha&nbsp;\u2013 mostrando sus verdaderos y p\u00fatridos colores \u2013 han utilizado el apu\u00f1alamiento de cinco personas en la entrada de una escuela, incluidos tres ni\u00f1os, para culpar a los inmigrantes y avivar la violencia colectiva. Estos acontecimientos deben ser una llamada de atenci\u00f3n: la izquierda y el movimiento obrero han [&hellip;]<\/p>\n","protected":false},"author":1,"featured_media":3879,"comment_status":"open","ping_status":"open","sticky":false,"template":"","format":"standard","meta":{"footnotes":""},"categories":[288],"tags":[453,454,455],"class_list":["post-3878","post","type-post","status-publish","format-standard","has-post-thumbnail","hentry","category-analisis-internacional","tag-irlanda","tag-dublin","tag-extrema-derecha"],"yoast_head":"<!-- This site is optimized with the Yoast SEO plugin v27.5 - https:\/\/yoast.com\/product\/yoast-seo-wordpress\/ -->\n<title>IRLANDA: TRAS LOS DISTURBIOS DE DUBL\u00cdN: APLASTAR LA SEMILLA DE LA EXTREMA DERECHA ANTES DE QUE ECHE RA\u00cdCES - Colombia Marxista<\/title>\n<meta name=\"robots\" content=\"index, follow, max-snippet:-1, max-image-preview:large, max-video-preview:-1\" \/>\n<link rel=\"canonical\" href=\"https:\/\/colombiamarxista.com\/?p=3878\" \/>\n<meta property=\"og:locale\" content=\"es_ES\" \/>\n<meta property=\"og:type\" content=\"article\" \/>\n<meta property=\"og:title\" content=\"IRLANDA: TRAS LOS DISTURBIOS DE DUBL\u00cdN: APLASTAR LA SEMILLA DE LA EXTREMA DERECHA ANTES DE QUE ECHE RA\u00cdCES - Colombia Marxista\" \/>\n<meta property=\"og:description\" content=\"Escenas impactantes han sacudido&nbsp;Dubl\u00edn. Matones de&nbsp;extrema derecha&nbsp;\u2013 mostrando sus verdaderos y p\u00fatridos colores \u2013 han utilizado el apu\u00f1alamiento de cinco personas en la entrada de una escuela, incluidos tres ni\u00f1os, para culpar a los inmigrantes y avivar la violencia colectiva. Estos acontecimientos deben ser una llamada de atenci\u00f3n: la izquierda y el movimiento obrero han [&hellip;]\" \/>\n<meta property=\"og:url\" content=\"https:\/\/colombiamarxista.com\/?p=3878\" \/>\n<meta property=\"og:site_name\" content=\"Colombia Marxista\" \/>\n<meta property=\"article:published_time\" content=\"2023-11-28T22:56:22+00:00\" \/>\n<meta property=\"article:modified_time\" content=\"2023-11-28T23:04:14+00:00\" \/>\n<meta property=\"og:image\" content=\"https:\/\/colombiamarxista.com\/wp-content\/uploads\/2023\/11\/IRLANDA-TRAS-LOS-DISTURBIOS-DE-DUBLIN-APLASTAR-LA-SEMILLA-DE-LA-EXTREMA-DERECHA-ANTES-DE-QUE-ECHE-RAICES.jpg\" \/>\n\t<meta property=\"og:image:width\" content=\"960\" \/>\n\t<meta property=\"og:image:height\" content=\"843\" \/>\n\t<meta property=\"og:image:type\" content=\"image\/jpeg\" \/>\n<meta name=\"author\" content=\"Consejo Editorial De Colombia Marxista\" \/>\n<meta name=\"twitter:card\" content=\"summary_large_image\" \/>\n<meta name=\"twitter:label1\" content=\"Escrito por\" \/>\n\t<meta name=\"twitter:data1\" content=\"Consejo Editorial De Colombia Marxista\" \/>\n\t<meta name=\"twitter:label2\" content=\"Tiempo de lectura\" \/>\n\t<meta name=\"twitter:data2\" content=\"8 minutos\" \/>\n<script type=\"application\/ld+json\" class=\"yoast-schema-graph\">{\"@context\":\"https:\\\/\\\/schema.org\",\"@graph\":[{\"@type\":\"Article\",\"@id\":\"https:\\\/\\\/colombiamarxista.com\\\/?p=3878#article\",\"isPartOf\":{\"@id\":\"https:\\\/\\\/colombiamarxista.com\\\/?p=3878\"},\"author\":{\"name\":\"Consejo Editorial De Colombia Marxista\",\"@id\":\"https:\\\/\\\/colombiamarxista.com\\\/#\\\/schema\\\/person\\\/e37d02f1454a536d01306cf74ee02c39\"},\"headline\":\"IRLANDA: TRAS LOS DISTURBIOS DE DUBL\u00cdN: APLASTAR LA SEMILLA DE LA EXTREMA DERECHA ANTES DE QUE ECHE RA\u00cdCES\",\"datePublished\":\"2023-11-28T22:56:22+00:00\",\"dateModified\":\"2023-11-28T23:04:14+00:00\",\"mainEntityOfPage\":{\"@id\":\"https:\\\/\\\/colombiamarxista.com\\\/?p=3878\"},\"wordCount\":1831,\"commentCount\":0,\"publisher\":{\"@id\":\"https:\\\/\\\/colombiamarxista.com\\\/#organization\"},\"image\":{\"@id\":\"https:\\\/\\\/colombiamarxista.com\\\/?p=3878#primaryimage\"},\"thumbnailUrl\":\"https:\\\/\\\/colombiamarxista.com\\\/wp-content\\\/uploads\\\/2023\\\/11\\\/IRLANDA-TRAS-LOS-DISTURBIOS-DE-DUBLIN-APLASTAR-LA-SEMILLA-DE-LA-EXTREMA-DERECHA-ANTES-DE-QUE-ECHE-RAICES.jpg\",\"keywords\":[\"Irlanda\",\"Dubl\u00edn\",\"Extrema derecha\"],\"articleSection\":[\"Analisis Internacional\"],\"inLanguage\":\"es-CO\",\"potentialAction\":[{\"@type\":\"CommentAction\",\"name\":\"Comment\",\"target\":[\"https:\\\/\\\/colombiamarxista.com\\\/?p=3878#respond\"]}]},{\"@type\":\"WebPage\",\"@id\":\"https:\\\/\\\/colombiamarxista.com\\\/?p=3878\",\"url\":\"https:\\\/\\\/colombiamarxista.com\\\/?p=3878\",\"name\":\"IRLANDA: TRAS LOS DISTURBIOS DE DUBL\u00cdN: APLASTAR LA SEMILLA DE LA EXTREMA DERECHA ANTES DE QUE ECHE RA\u00cdCES - Colombia Marxista\",\"isPartOf\":{\"@id\":\"https:\\\/\\\/colombiamarxista.com\\\/#website\"},\"primaryImageOfPage\":{\"@id\":\"https:\\\/\\\/colombiamarxista.com\\\/?p=3878#primaryimage\"},\"image\":{\"@id\":\"https:\\\/\\\/colombiamarxista.com\\\/?p=3878#primaryimage\"},\"thumbnailUrl\":\"https:\\\/\\\/colombiamarxista.com\\\/wp-content\\\/uploads\\\/2023\\\/11\\\/IRLANDA-TRAS-LOS-DISTURBIOS-DE-DUBLIN-APLASTAR-LA-SEMILLA-DE-LA-EXTREMA-DERECHA-ANTES-DE-QUE-ECHE-RAICES.jpg\",\"datePublished\":\"2023-11-28T22:56:22+00:00\",\"dateModified\":\"2023-11-28T23:04:14+00:00\",\"breadcrumb\":{\"@id\":\"https:\\\/\\\/colombiamarxista.com\\\/?p=3878#breadcrumb\"},\"inLanguage\":\"es-CO\",\"potentialAction\":[{\"@type\":\"ReadAction\",\"target\":[\"https:\\\/\\\/colombiamarxista.com\\\/?p=3878\"]}]},{\"@type\":\"ImageObject\",\"inLanguage\":\"es-CO\",\"@id\":\"https:\\\/\\\/colombiamarxista.com\\\/?p=3878#primaryimage\",\"url\":\"https:\\\/\\\/colombiamarxista.com\\\/wp-content\\\/uploads\\\/2023\\\/11\\\/IRLANDA-TRAS-LOS-DISTURBIOS-DE-DUBLIN-APLASTAR-LA-SEMILLA-DE-LA-EXTREMA-DERECHA-ANTES-DE-QUE-ECHE-RAICES.jpg\",\"contentUrl\":\"https:\\\/\\\/colombiamarxista.com\\\/wp-content\\\/uploads\\\/2023\\\/11\\\/IRLANDA-TRAS-LOS-DISTURBIOS-DE-DUBLIN-APLASTAR-LA-SEMILLA-DE-LA-EXTREMA-DERECHA-ANTES-DE-QUE-ECHE-RAICES.jpg\",\"width\":960,\"height\":843},{\"@type\":\"BreadcrumbList\",\"@id\":\"https:\\\/\\\/colombiamarxista.com\\\/?p=3878#breadcrumb\",\"itemListElement\":[{\"@type\":\"ListItem\",\"position\":1,\"name\":\"Home\",\"item\":\"https:\\\/\\\/colombiamarxista.com\\\/\"},{\"@type\":\"ListItem\",\"position\":2,\"name\":\"IRLANDA: TRAS LOS DISTURBIOS DE DUBL\u00cdN: APLASTAR LA SEMILLA DE LA EXTREMA DERECHA ANTES DE QUE ECHE RA\u00cdCES\"}]},{\"@type\":\"WebSite\",\"@id\":\"https:\\\/\\\/colombiamarxista.com\\\/#website\",\"url\":\"https:\\\/\\\/colombiamarxista.com\\\/\",\"name\":\"Colombia Marxista\",\"description\":\"\",\"publisher\":{\"@id\":\"https:\\\/\\\/colombiamarxista.com\\\/#organization\"},\"potentialAction\":[{\"@type\":\"SearchAction\",\"target\":{\"@type\":\"EntryPoint\",\"urlTemplate\":\"https:\\\/\\\/colombiamarxista.com\\\/?s={search_term_string}\"},\"query-input\":{\"@type\":\"PropertyValueSpecification\",\"valueRequired\":true,\"valueName\":\"search_term_string\"}}],\"inLanguage\":\"es-CO\"},{\"@type\":\"Organization\",\"@id\":\"https:\\\/\\\/colombiamarxista.com\\\/#organization\",\"name\":\"Colombia Marxista\",\"url\":\"https:\\\/\\\/colombiamarxista.com\\\/\",\"logo\":{\"@type\":\"ImageObject\",\"inLanguage\":\"es-CO\",\"@id\":\"https:\\\/\\\/colombiamarxista.com\\\/#\\\/schema\\\/logo\\\/image\\\/\",\"url\":\"https:\\\/\\\/colombiamarxista.com\\\/wp-content\\\/uploads\\\/2021\\\/04\\\/logo-rojo.-03.png\",\"contentUrl\":\"https:\\\/\\\/colombiamarxista.com\\\/wp-content\\\/uploads\\\/2021\\\/04\\\/logo-rojo.-03.png\",\"width\":7328,\"height\":2601,\"caption\":\"Colombia Marxista\"},\"image\":{\"@id\":\"https:\\\/\\\/colombiamarxista.com\\\/#\\\/schema\\\/logo\\\/image\\\/\"}},{\"@type\":\"Person\",\"@id\":\"https:\\\/\\\/colombiamarxista.com\\\/#\\\/schema\\\/person\\\/e37d02f1454a536d01306cf74ee02c39\",\"name\":\"Consejo Editorial De Colombia Marxista\",\"image\":{\"@type\":\"ImageObject\",\"inLanguage\":\"es-CO\",\"@id\":\"https:\\\/\\\/secure.gravatar.com\\\/avatar\\\/27d462afb069d4f31317c3decd42f1acedbc140f1342d432b75cc0cb867e5fb1?s=96&d=mm&r=g\",\"url\":\"https:\\\/\\\/secure.gravatar.com\\\/avatar\\\/27d462afb069d4f31317c3decd42f1acedbc140f1342d432b75cc0cb867e5fb1?s=96&d=mm&r=g\",\"contentUrl\":\"https:\\\/\\\/secure.gravatar.com\\\/avatar\\\/27d462afb069d4f31317c3decd42f1acedbc140f1342d432b75cc0cb867e5fb1?s=96&d=mm&r=g\",\"caption\":\"Consejo Editorial De Colombia Marxista\"},\"sameAs\":[\"http:\\\/\\\/colombiamarxista.com\"],\"url\":\"https:\\\/\\\/www.marxist.com\\\/irlanda-tras-los-disturbios-de-dublin-aplastar-la-semilla-de-la-extrema-derecha-antes-de-que-eche-raices.htm\"}]}<\/script>\n<!-- \/ Yoast SEO plugin. -->","yoast_head_json":{"title":"IRLANDA: TRAS LOS DISTURBIOS DE DUBL\u00cdN: APLASTAR LA SEMILLA DE LA EXTREMA DERECHA ANTES DE QUE ECHE RA\u00cdCES - Colombia Marxista","robots":{"index":"index","follow":"follow","max-snippet":"max-snippet:-1","max-image-preview":"max-image-preview:large","max-video-preview":"max-video-preview:-1"},"canonical":"https:\/\/colombiamarxista.com\/?p=3878","og_locale":"es_ES","og_type":"article","og_title":"IRLANDA: TRAS LOS DISTURBIOS DE DUBL\u00cdN: APLASTAR LA SEMILLA DE LA EXTREMA DERECHA ANTES DE QUE ECHE RA\u00cdCES - Colombia Marxista","og_description":"Escenas impactantes han sacudido&nbsp;Dubl\u00edn. Matones de&nbsp;extrema derecha&nbsp;\u2013 mostrando sus verdaderos y p\u00fatridos colores \u2013 han utilizado el apu\u00f1alamiento de cinco personas en la entrada de una escuela, incluidos tres ni\u00f1os, para culpar a los inmigrantes y avivar la violencia colectiva. Estos acontecimientos deben ser una llamada de atenci\u00f3n: la izquierda y el movimiento obrero han [&hellip;]","og_url":"https:\/\/colombiamarxista.com\/?p=3878","og_site_name":"Colombia Marxista","article_published_time":"2023-11-28T22:56:22+00:00","article_modified_time":"2023-11-28T23:04:14+00:00","og_image":[{"width":960,"height":843,"url":"https:\/\/colombiamarxista.com\/wp-content\/uploads\/2023\/11\/IRLANDA-TRAS-LOS-DISTURBIOS-DE-DUBLIN-APLASTAR-LA-SEMILLA-DE-LA-EXTREMA-DERECHA-ANTES-DE-QUE-ECHE-RAICES.jpg","type":"image\/jpeg"}],"author":"Consejo Editorial De Colombia Marxista","twitter_card":"summary_large_image","twitter_misc":{"Escrito por":"Consejo Editorial De Colombia Marxista","Tiempo de lectura":"8 minutos"},"schema":{"@context":"https:\/\/schema.org","@graph":[{"@type":"Article","@id":"https:\/\/colombiamarxista.com\/?p=3878#article","isPartOf":{"@id":"https:\/\/colombiamarxista.com\/?p=3878"},"author":{"name":"Consejo Editorial De Colombia Marxista","@id":"https:\/\/colombiamarxista.com\/#\/schema\/person\/e37d02f1454a536d01306cf74ee02c39"},"headline":"IRLANDA: TRAS LOS DISTURBIOS DE DUBL\u00cdN: APLASTAR LA SEMILLA DE LA EXTREMA DERECHA ANTES DE QUE ECHE RA\u00cdCES","datePublished":"2023-11-28T22:56:22+00:00","dateModified":"2023-11-28T23:04:14+00:00","mainEntityOfPage":{"@id":"https:\/\/colombiamarxista.com\/?p=3878"},"wordCount":1831,"commentCount":0,"publisher":{"@id":"https:\/\/colombiamarxista.com\/#organization"},"image":{"@id":"https:\/\/colombiamarxista.com\/?p=3878#primaryimage"},"thumbnailUrl":"https:\/\/colombiamarxista.com\/wp-content\/uploads\/2023\/11\/IRLANDA-TRAS-LOS-DISTURBIOS-DE-DUBLIN-APLASTAR-LA-SEMILLA-DE-LA-EXTREMA-DERECHA-ANTES-DE-QUE-ECHE-RAICES.jpg","keywords":["Irlanda","Dubl\u00edn","Extrema derecha"],"articleSection":["Analisis Internacional"],"inLanguage":"es-CO","potentialAction":[{"@type":"CommentAction","name":"Comment","target":["https:\/\/colombiamarxista.com\/?p=3878#respond"]}]},{"@type":"WebPage","@id":"https:\/\/colombiamarxista.com\/?p=3878","url":"https:\/\/colombiamarxista.com\/?p=3878","name":"IRLANDA: TRAS LOS DISTURBIOS DE DUBL\u00cdN: APLASTAR LA SEMILLA DE LA EXTREMA DERECHA ANTES DE QUE ECHE RA\u00cdCES - Colombia Marxista","isPartOf":{"@id":"https:\/\/colombiamarxista.com\/#website"},"primaryImageOfPage":{"@id":"https:\/\/colombiamarxista.com\/?p=3878#primaryimage"},"image":{"@id":"https:\/\/colombiamarxista.com\/?p=3878#primaryimage"},"thumbnailUrl":"https:\/\/colombiamarxista.com\/wp-content\/uploads\/2023\/11\/IRLANDA-TRAS-LOS-DISTURBIOS-DE-DUBLIN-APLASTAR-LA-SEMILLA-DE-LA-EXTREMA-DERECHA-ANTES-DE-QUE-ECHE-RAICES.jpg","datePublished":"2023-11-28T22:56:22+00:00","dateModified":"2023-11-28T23:04:14+00:00","breadcrumb":{"@id":"https:\/\/colombiamarxista.com\/?p=3878#breadcrumb"},"inLanguage":"es-CO","potentialAction":[{"@type":"ReadAction","target":["https:\/\/colombiamarxista.com\/?p=3878"]}]},{"@type":"ImageObject","inLanguage":"es-CO","@id":"https:\/\/colombiamarxista.com\/?p=3878#primaryimage","url":"https:\/\/colombiamarxista.com\/wp-content\/uploads\/2023\/11\/IRLANDA-TRAS-LOS-DISTURBIOS-DE-DUBLIN-APLASTAR-LA-SEMILLA-DE-LA-EXTREMA-DERECHA-ANTES-DE-QUE-ECHE-RAICES.jpg","contentUrl":"https:\/\/colombiamarxista.com\/wp-content\/uploads\/2023\/11\/IRLANDA-TRAS-LOS-DISTURBIOS-DE-DUBLIN-APLASTAR-LA-SEMILLA-DE-LA-EXTREMA-DERECHA-ANTES-DE-QUE-ECHE-RAICES.jpg","width":960,"height":843},{"@type":"BreadcrumbList","@id":"https:\/\/colombiamarxista.com\/?p=3878#breadcrumb","itemListElement":[{"@type":"ListItem","position":1,"name":"Home","item":"https:\/\/colombiamarxista.com\/"},{"@type":"ListItem","position":2,"name":"IRLANDA: TRAS LOS DISTURBIOS DE DUBL\u00cdN: APLASTAR LA SEMILLA DE LA EXTREMA DERECHA ANTES DE QUE ECHE RA\u00cdCES"}]},{"@type":"WebSite","@id":"https:\/\/colombiamarxista.com\/#website","url":"https:\/\/colombiamarxista.com\/","name":"Colombia Marxista","description":"","publisher":{"@id":"https:\/\/colombiamarxista.com\/#organization"},"potentialAction":[{"@type":"SearchAction","target":{"@type":"EntryPoint","urlTemplate":"https:\/\/colombiamarxista.com\/?s={search_term_string}"},"query-input":{"@type":"PropertyValueSpecification","valueRequired":true,"valueName":"search_term_string"}}],"inLanguage":"es-CO"},{"@type":"Organization","@id":"https:\/\/colombiamarxista.com\/#organization","name":"Colombia Marxista","url":"https:\/\/colombiamarxista.com\/","logo":{"@type":"ImageObject","inLanguage":"es-CO","@id":"https:\/\/colombiamarxista.com\/#\/schema\/logo\/image\/","url":"https:\/\/colombiamarxista.com\/wp-content\/uploads\/2021\/04\/logo-rojo.-03.png","contentUrl":"https:\/\/colombiamarxista.com\/wp-content\/uploads\/2021\/04\/logo-rojo.-03.png","width":7328,"height":2601,"caption":"Colombia Marxista"},"image":{"@id":"https:\/\/colombiamarxista.com\/#\/schema\/logo\/image\/"}},{"@type":"Person","@id":"https:\/\/colombiamarxista.com\/#\/schema\/person\/e37d02f1454a536d01306cf74ee02c39","name":"Consejo Editorial De Colombia Marxista","image":{"@type":"ImageObject","inLanguage":"es-CO","@id":"https:\/\/secure.gravatar.com\/avatar\/27d462afb069d4f31317c3decd42f1acedbc140f1342d432b75cc0cb867e5fb1?s=96&d=mm&r=g","url":"https:\/\/secure.gravatar.com\/avatar\/27d462afb069d4f31317c3decd42f1acedbc140f1342d432b75cc0cb867e5fb1?s=96&d=mm&r=g","contentUrl":"https:\/\/secure.gravatar.com\/avatar\/27d462afb069d4f31317c3decd42f1acedbc140f1342d432b75cc0cb867e5fb1?s=96&d=mm&r=g","caption":"Consejo Editorial De Colombia Marxista"},"sameAs":["http:\/\/colombiamarxista.com"],"url":"https:\/\/www.marxist.com\/irlanda-tras-los-disturbios-de-dublin-aplastar-la-semilla-de-la-extrema-derecha-antes-de-que-eche-raices.htm"}]}},"_links":{"self":[{"href":"https:\/\/colombiamarxista.com\/index.php?rest_route=\/wp\/v2\/posts\/3878","targetHints":{"allow":["GET"]}}],"collection":[{"href":"https:\/\/colombiamarxista.com\/index.php?rest_route=\/wp\/v2\/posts"}],"about":[{"href":"https:\/\/colombiamarxista.com\/index.php?rest_route=\/wp\/v2\/types\/post"}],"author":[{"embeddable":true,"href":"https:\/\/colombiamarxista.com\/index.php?rest_route=\/wp\/v2\/users\/1"}],"replies":[{"embeddable":true,"href":"https:\/\/colombiamarxista.com\/index.php?rest_route=%2Fwp%2Fv2%2Fcomments&post=3878"}],"version-history":[{"count":0,"href":"https:\/\/colombiamarxista.com\/index.php?rest_route=\/wp\/v2\/posts\/3878\/revisions"}],"wp:featuredmedia":[{"embeddable":true,"href":"https:\/\/colombiamarxista.com\/index.php?rest_route=\/wp\/v2\/media\/3879"}],"wp:attachment":[{"href":"https:\/\/colombiamarxista.com\/index.php?rest_route=%2Fwp%2Fv2%2Fmedia&parent=3878"}],"wp:term":[{"taxonomy":"category","embeddable":true,"href":"https:\/\/colombiamarxista.com\/index.php?rest_route=%2Fwp%2Fv2%2Fcategories&post=3878"},{"taxonomy":"post_tag","embeddable":true,"href":"https:\/\/colombiamarxista.com\/index.php?rest_route=%2Fwp%2Fv2%2Ftags&post=3878"}],"curies":[{"name":"wp","href":"https:\/\/api.w.org\/{rel}","templated":true}]}}