{"id":3829,"date":"2023-11-07T13:16:17","date_gmt":"2023-11-07T18:16:17","guid":{"rendered":"https:\/\/colombiamarxista.com\/?p=3829"},"modified":"2023-11-07T13:16:17","modified_gmt":"2023-11-07T18:16:17","slug":"la-clase-obrera-ha-comenzado-a-levantarse-comunista-habla-en-manifestacion-pro-palestina-en-estocolmo","status":"publish","type":"post","link":"https:\/\/colombiamarxista.com\/?p=3829","title":{"rendered":"\u201cLa clase obrera ha comenzado a levantarse\u201d: comunista habla en manifestaci\u00f3n pro-palestina en Estocolmo"},"content":{"rendered":"\n<p>\u201cLas difamaciones de los pol\u00edticos no se deben a que sean fuertes&#8230; Tienen miedo de que el pueblo, nosotros los trabajadores, seamos conscientes de nuestro propio poder. Miedo de que los trabajadores nos unamos, nos organicemos y amenacemos su dominio.&#8221; Fredrik, un comunista de Revoluci\u00f3n (CMI en Suecia), habl\u00f3 en la manifestaci\u00f3n de 10.000 personas en solidaridad con Palestina en Estocolmo el s\u00e1bado 28. Este es su discurso.<\/p>\n\n\n\n<p>&#8220;La respuesta ha sido proporcionada&#8221;. \u00bfYa lo escucharon?<\/p>\n\n\n\n<p>El ministro de Asuntos Exteriores, Tobias Billstr\u00f6m, los principales peri\u00f3dicos&#8230; todos dicen lo mismo: que la respuesta de Israel ha sido proporcionada.<\/p>\n\n\n\n<p>\u00a1M\u00e1s de 8.000 palestinos muertos! \u00a1La mitad de todas las casas destruidas o da\u00f1adas! 1,4 millones de refugiados \u2013 \u00a1de una poblaci\u00f3n de 2,5 millones!<\/p>\n\n\n\n<p>\u00a1Una naci\u00f3n entera en hambruna organizada!<\/p>\n\n\n\n<p>La ONU dice que la mayor\u00eda de los que han huido tienen un litro de agua al d\u00eda y uno o dos pedazos de pan.<\/p>\n\n\n\n<p>Esto se suma a los millones de palestinos que ya est\u00e1n desplazados \u2013que han sido desplazados sistem\u00e1ticamente durante casi cien a\u00f1os\u2013 que han sido asesinados y aterrorizados sistem\u00e1ticamente, mientras el mundo entero observa.<\/p>\n\n\n\n<p>D\u00e9jame corregirme. El mundo no se ha limitado a mirar.<\/p>\n\n\n\n<p>Israel lo ha hecho con el apoyo activo del imperialismo brit\u00e1nico, del imperialismo estadounidense, del imperialismo franc\u00e9s y, recientemente, del imperialismo sueco.<\/p>\n\n\n\n<p>Dicen que vivimos en un pa\u00eds pac\u00edfico. Eso es porque aqu\u00ed no se ven las bombas.<\/p>\n\n\n\n<p>Esta Suecia \u201cpac\u00edfica\u201d es el mayor exportador de armas del mundo, per c\u00e1pita: el mayor exportador de guerra, asesinato y miseria del mundo. Desde el a\u00f1o pasado, exporta a Israel: al asesinato sistem\u00e1tico y la expulsi\u00f3n de palestinos por parte de Netanyahu.<\/p>\n\n\n\n<p>La empresa Saab produce la mayor\u00eda de las armas. Sus acciones se dispararon despu\u00e9s del 7 de octubre, debido a la perspectiva de ganar mucho dinero con la muerte y destrucci\u00f3n.<\/p>\n\n\n\n<p>El presidente de Saab es Marcus Wallenberg. Jacob Wallenberg [su primo] es el presidente de la Confederaci\u00f3n de Empresas Suecas. \u00c9stas son las verdaderas caras del capitalismo sueco.<\/p>\n\n\n\n<p>Gritemos: \u00a1despierta Suecia!<\/p>\n\n\n\n<p>Pero hay dos Suecias. Una ya est\u00e1 despierta.<\/p>\n\n\n\n<p>Saben lo que est\u00e1 pasando. Llaman al genocidio &#8220;proporcionado&#8221;, porque protege la inversi\u00f3n y el poder de los imperialistas.<\/p>\n\n\n\n<p>Hay otra Suecia, una que apenas ahora empieza a despertar. Es la Suecia de los profesores de preescolar, de las limpiadoras y de las enfermeras. Es la Suecia de los obreros industriales, de los conductores de autobuses y de los estibadores portuarios.<\/p>\n\n\n\n<p>Son los que trabajamos cada vez m\u00e1s r\u00e1pido en los hospitales para salvar vidas. Son los que trabajamos hasta el agotamiento, porque nos preocupa la gente.<\/p>\n\n\n\n<p>De la misma manera, los m\u00e9dicos y enfermeras est\u00e1n desafiando ahora las bombas sobre la ciudad de Gaza, a pesar de que pronto se cortar\u00e1 la electricidad porque se est\u00e1 acabando el combustible. Porque si pueden salvar vidas, lo har\u00e1n.<\/p>\n\n\n\n<p>Por eso soy comunista.<\/p>\n\n\n\n<p>La burgues\u00eda quiere hacernos creer que el imperialismo y el capitalismo son lo mejor que la humanidad puede hacer: la \u201cnaturaleza humana\u201d es su brutal explotaci\u00f3n y saqueo de la tierra.<\/p>\n\n\n\n<p>Pero la avaricia, la crueldad y la explotaci\u00f3n son la moral de la burgues\u00eda, la de los imperialistas y la de los capitalistas.<\/p>\n\n\n\n<p>Solidaridad con los oprimidos, lucha com\u00fan unos por otros, por algo m\u00e1s grande que nosotros mismos: esa es la moral del pueblo, esa es la moral de la clase obrera.<\/p>\n\n\n\n<p>En Alemania, miles de personas desaf\u00edan la prohibici\u00f3n de manifestarse. En Par\u00eds, miles de personas han obligado al gobierno a levantar la prohibici\u00f3n. Hay cientos de miles en las calles de Londres.<\/p>\n\n\n\n<p>Y en todo Oriente Medio, millones se est\u00e1n levantando.<\/p>\n\n\n\n<p>La clase trabajadora ha comenzado a levantarse: en compasi\u00f3n, en unidad, en solidaridad. Para demostrar que los palestinos no est\u00e1n solos, que emprenderemos la lucha. Si estamos organizados, podemos mover monta\u00f1as.<\/p>\n\n\n\n<p>Hay compa\u00f1eros de Revoluci\u00f3n paseando por la manifestaci\u00f3n con listas de contactos. Dice: &#8220;\u00a1Organ\u00edcense para Palestina!&#8221;<\/p>\n\n\n\n<p>Te dir\u00e9 lo que eso puede lograr. Aqu\u00ed hoy tenemos obreros industriales, conductores de trenes, trabajadores de la salud, trabajadores de tiendas, trabajadores de almacenes, personal de hoteles, conserjes, conductores de autobuses, profesores, estudiantes&#8230; juntos existimos en todos los lugares de trabajo y escuelas importantes de Estocolmo.<\/p>\n\n\n\n<p>Es hora de que utilicemos ese poder.<\/p>\n\n\n\n<p>\u00a1Escribe lo que est\u00e1 sucediendo, elabora declaraciones de protesta, unete en el lugar de trabajo! \u00a1Empecemos a preparar huelgas de estudiantes, formemos comit\u00e9s de resistencia, comit\u00e9s por Palestina! \u00a1Conectemoslos y salgamos a la huelga!<\/p>\n\n\n\n<p>Cada uno de los que estamos aqu\u00ed podr\u00eda traer una persona m\u00e1s el pr\u00f3ximo fin de semana. Todos podr\u00edamos traer 10 m\u00e1s.<\/p>\n\n\n\n<p>Las difamaciones de los pol\u00edticos no se deben a que sean fuertes. De lo contrario. Es porque tienen miedo.<\/p>\n\n\n\n<p>Tienen miedo de que el pueblo, nosotros los trabajadores, seamos conscientes de nuestro propio poder. Miedo de que los trabajadores nos unamos, nos organicemos y amenacemos su dominio.<\/p>\n\n\n\n<p>\u00bfCuantos somos hoy? \u00bf10.000? En una semana podr\u00edamos ser el doble, el triple: \u00a1podr\u00edamos ser 20.000, podr\u00edamos ser 30.000!<\/p>\n\n\n\n<p>Es hora de hacer que el imperialismo pague por los cr\u00edmenes del imperialismo.<\/p>\n\n\n\n<p>Es hora de darle al imperialismo una &#8220;respuesta proporcionada&#8221; a la masacre en Palestina.<\/p>\n\n\n\n<p>S\u00f3lo hay una soluci\u00f3n: \u00a1Intifada \u2013 revoluci\u00f3n!<\/p>\n\n\n\n<p><\/p>\n","protected":false},"excerpt":{"rendered":"<p>\u201cLas difamaciones de los pol\u00edticos no se deben a que sean fuertes&#8230; Tienen miedo de que el pueblo, nosotros los trabajadores, seamos conscientes de nuestro propio poder. Miedo de que los trabajadores nos unamos, nos organicemos y amenacemos su dominio.&#8221; Fredrik, un comunista de Revoluci\u00f3n (CMI en Suecia), habl\u00f3 en la manifestaci\u00f3n de 10.000 personas [&hellip;]<\/p>\n","protected":false},"author":1,"featured_media":3832,"comment_status":"open","ping_status":"open","sticky":false,"template":"","format":"standard","meta":{"footnotes":""},"categories":[200,288],"tags":[],"class_list":["post-3829","post","type-post","status-publish","format-standard","has-post-thumbnail","hentry","category-movilizacion","category-analisis-internacional"],"yoast_head":"<!-- This site is optimized with the Yoast SEO plugin v27.5 - https:\/\/yoast.com\/product\/yoast-seo-wordpress\/ -->\n<title>\u201cLa clase obrera ha comenzado a levantarse\u201d: comunista habla en manifestaci\u00f3n pro-palestina en Estocolmo - Comunistas Revolucionarios de Colombia<\/title>\n<meta name=\"robots\" content=\"index, follow, max-snippet:-1, max-image-preview:large, max-video-preview:-1\" \/>\n<link rel=\"canonical\" href=\"https:\/\/colombiamarxista.com\/?p=3829\" \/>\n<meta property=\"og:locale\" content=\"es_ES\" \/>\n<meta property=\"og:type\" content=\"article\" \/>\n<meta property=\"og:title\" content=\"\u201cLa clase obrera ha comenzado a levantarse\u201d: comunista habla en manifestaci\u00f3n pro-palestina en Estocolmo - Comunistas Revolucionarios de Colombia\" \/>\n<meta property=\"og:description\" content=\"\u201cLas difamaciones de los pol\u00edticos no se deben a que sean fuertes&#8230; Tienen miedo de que el pueblo, nosotros los trabajadores, seamos conscientes de nuestro propio poder. Miedo de que los trabajadores nos unamos, nos organicemos y amenacemos su dominio.&#8221; Fredrik, un comunista de Revoluci\u00f3n (CMI en Suecia), habl\u00f3 en la manifestaci\u00f3n de 10.000 personas [&hellip;]\" \/>\n<meta property=\"og:url\" content=\"https:\/\/colombiamarxista.com\/?p=3829\" \/>\n<meta property=\"og:site_name\" content=\"Comunistas Revolucionarios de Colombia\" \/>\n<meta property=\"article:published_time\" content=\"2023-11-07T18:16:17+00:00\" \/>\n<meta property=\"og:image\" content=\"https:\/\/colombiamarxista.com\/wp-content\/uploads\/2023\/11\/Comrade_Image_Revolution.png\" \/>\n\t<meta property=\"og:image:width\" content=\"696\" \/>\n\t<meta property=\"og:image:height\" content=\"391\" \/>\n\t<meta property=\"og:image:type\" content=\"image\/png\" \/>\n<meta name=\"author\" content=\"Consejo Editorial De Colombia Marxista\" \/>\n<meta name=\"twitter:card\" content=\"summary_large_image\" \/>\n<meta name=\"twitter:label1\" content=\"Escrito por\" \/>\n\t<meta name=\"twitter:data1\" content=\"Consejo Editorial De Colombia Marxista\" \/>\n\t<meta name=\"twitter:label2\" content=\"Tiempo de lectura\" \/>\n\t<meta name=\"twitter:data2\" content=\"4 minutos\" \/>\n<script type=\"application\/ld+json\" class=\"yoast-schema-graph\">{\"@context\":\"https:\\\/\\\/schema.org\",\"@graph\":[{\"@type\":\"Article\",\"@id\":\"https:\\\/\\\/colombiamarxista.com\\\/?p=3829#article\",\"isPartOf\":{\"@id\":\"https:\\\/\\\/colombiamarxista.com\\\/?p=3829\"},\"author\":{\"name\":\"Consejo Editorial De Colombia Marxista\",\"@id\":\"https:\\\/\\\/colombiamarxista.com\\\/#\\\/schema\\\/person\\\/e37d02f1454a536d01306cf74ee02c39\"},\"headline\":\"\u201cLa clase obrera ha comenzado a levantarse\u201d: comunista habla en manifestaci\u00f3n pro-palestina en Estocolmo\",\"datePublished\":\"2023-11-07T18:16:17+00:00\",\"mainEntityOfPage\":{\"@id\":\"https:\\\/\\\/colombiamarxista.com\\\/?p=3829\"},\"wordCount\":932,\"commentCount\":0,\"publisher\":{\"@id\":\"https:\\\/\\\/colombiamarxista.com\\\/#organization\"},\"image\":{\"@id\":\"https:\\\/\\\/colombiamarxista.com\\\/?p=3829#primaryimage\"},\"thumbnailUrl\":\"https:\\\/\\\/colombiamarxista.com\\\/wp-content\\\/uploads\\\/2023\\\/11\\\/Comrade_Image_Revolution.png\",\"articleSection\":[\"Movilizaci\u00f3n\",\"Analisis Internacional\"],\"inLanguage\":\"es-CO\",\"potentialAction\":[{\"@type\":\"CommentAction\",\"name\":\"Comment\",\"target\":[\"https:\\\/\\\/colombiamarxista.com\\\/?p=3829#respond\"]}]},{\"@type\":\"WebPage\",\"@id\":\"https:\\\/\\\/colombiamarxista.com\\\/?p=3829\",\"url\":\"https:\\\/\\\/colombiamarxista.com\\\/?p=3829\",\"name\":\"\u201cLa clase obrera ha comenzado a levantarse\u201d: comunista habla en manifestaci\u00f3n pro-palestina en Estocolmo - Comunistas Revolucionarios de Colombia\",\"isPartOf\":{\"@id\":\"https:\\\/\\\/colombiamarxista.com\\\/#website\"},\"primaryImageOfPage\":{\"@id\":\"https:\\\/\\\/colombiamarxista.com\\\/?p=3829#primaryimage\"},\"image\":{\"@id\":\"https:\\\/\\\/colombiamarxista.com\\\/?p=3829#primaryimage\"},\"thumbnailUrl\":\"https:\\\/\\\/colombiamarxista.com\\\/wp-content\\\/uploads\\\/2023\\\/11\\\/Comrade_Image_Revolution.png\",\"datePublished\":\"2023-11-07T18:16:17+00:00\",\"breadcrumb\":{\"@id\":\"https:\\\/\\\/colombiamarxista.com\\\/?p=3829#breadcrumb\"},\"inLanguage\":\"es-CO\",\"potentialAction\":[{\"@type\":\"ReadAction\",\"target\":[\"https:\\\/\\\/colombiamarxista.com\\\/?p=3829\"]}]},{\"@type\":\"ImageObject\",\"inLanguage\":\"es-CO\",\"@id\":\"https:\\\/\\\/colombiamarxista.com\\\/?p=3829#primaryimage\",\"url\":\"https:\\\/\\\/colombiamarxista.com\\\/wp-content\\\/uploads\\\/2023\\\/11\\\/Comrade_Image_Revolution.png\",\"contentUrl\":\"https:\\\/\\\/colombiamarxista.com\\\/wp-content\\\/uploads\\\/2023\\\/11\\\/Comrade_Image_Revolution.png\",\"width\":696,\"height\":391},{\"@type\":\"BreadcrumbList\",\"@id\":\"https:\\\/\\\/colombiamarxista.com\\\/?p=3829#breadcrumb\",\"itemListElement\":[{\"@type\":\"ListItem\",\"position\":1,\"name\":\"Home\",\"item\":\"https:\\\/\\\/colombiamarxista.com\\\/\"},{\"@type\":\"ListItem\",\"position\":2,\"name\":\"\u201cLa clase obrera ha comenzado a levantarse\u201d: comunista habla en manifestaci\u00f3n pro-palestina en Estocolmo\"}]},{\"@type\":\"WebSite\",\"@id\":\"https:\\\/\\\/colombiamarxista.com\\\/#website\",\"url\":\"https:\\\/\\\/colombiamarxista.com\\\/\",\"name\":\"Comunistas Revolucionarios de Colombia\",\"description\":\"\",\"publisher\":{\"@id\":\"https:\\\/\\\/colombiamarxista.com\\\/#organization\"},\"potentialAction\":[{\"@type\":\"SearchAction\",\"target\":{\"@type\":\"EntryPoint\",\"urlTemplate\":\"https:\\\/\\\/colombiamarxista.com\\\/?s={search_term_string}\"},\"query-input\":{\"@type\":\"PropertyValueSpecification\",\"valueRequired\":true,\"valueName\":\"search_term_string\"}}],\"inLanguage\":\"es-CO\"},{\"@type\":\"Organization\",\"@id\":\"https:\\\/\\\/colombiamarxista.com\\\/#organization\",\"name\":\"Comunistas Revolucionarios de Colombia\",\"url\":\"https:\\\/\\\/colombiamarxista.com\\\/\",\"logo\":{\"@type\":\"ImageObject\",\"inLanguage\":\"es-CO\",\"@id\":\"https:\\\/\\\/colombiamarxista.com\\\/#\\\/schema\\\/logo\\\/image\\\/\",\"url\":\"https:\\\/\\\/colombiamarxista.com\\\/wp-content\\\/uploads\\\/2026\\\/04\\\/logo-crc_Mesa-de-trabajo-1-scaled.png\",\"contentUrl\":\"https:\\\/\\\/colombiamarxista.com\\\/wp-content\\\/uploads\\\/2026\\\/04\\\/logo-crc_Mesa-de-trabajo-1-scaled.png\",\"width\":2560,\"height\":1920,\"caption\":\"Comunistas Revolucionarios de Colombia\"},\"image\":{\"@id\":\"https:\\\/\\\/colombiamarxista.com\\\/#\\\/schema\\\/logo\\\/image\\\/\"}},{\"@type\":\"Person\",\"@id\":\"https:\\\/\\\/colombiamarxista.com\\\/#\\\/schema\\\/person\\\/e37d02f1454a536d01306cf74ee02c39\",\"name\":\"Consejo Editorial De Colombia Marxista\",\"image\":{\"@type\":\"ImageObject\",\"inLanguage\":\"es-CO\",\"@id\":\"https:\\\/\\\/secure.gravatar.com\\\/avatar\\\/27d462afb069d4f31317c3decd42f1acedbc140f1342d432b75cc0cb867e5fb1?s=96&d=mm&r=g\",\"url\":\"https:\\\/\\\/secure.gravatar.com\\\/avatar\\\/27d462afb069d4f31317c3decd42f1acedbc140f1342d432b75cc0cb867e5fb1?s=96&d=mm&r=g\",\"contentUrl\":\"https:\\\/\\\/secure.gravatar.com\\\/avatar\\\/27d462afb069d4f31317c3decd42f1acedbc140f1342d432b75cc0cb867e5fb1?s=96&d=mm&r=g\",\"caption\":\"Consejo Editorial De Colombia Marxista\"},\"sameAs\":[\"http:\\\/\\\/colombiamarxista.com\"],\"url\":\"https:\\\/\\\/www.marxist.com\\\/la-clase-obrera-ha-comenzado-a-levantarse-comunista-habla-en-manifestacion-pro-palestina-en-estocolmo.htm\"}]}<\/script>\n<!-- \/ Yoast SEO plugin. -->","yoast_head_json":{"title":"\u201cLa clase obrera ha comenzado a levantarse\u201d: comunista habla en manifestaci\u00f3n pro-palestina en Estocolmo - Comunistas Revolucionarios de Colombia","robots":{"index":"index","follow":"follow","max-snippet":"max-snippet:-1","max-image-preview":"max-image-preview:large","max-video-preview":"max-video-preview:-1"},"canonical":"https:\/\/colombiamarxista.com\/?p=3829","og_locale":"es_ES","og_type":"article","og_title":"\u201cLa clase obrera ha comenzado a levantarse\u201d: comunista habla en manifestaci\u00f3n pro-palestina en Estocolmo - Comunistas Revolucionarios de Colombia","og_description":"\u201cLas difamaciones de los pol\u00edticos no se deben a que sean fuertes&#8230; Tienen miedo de que el pueblo, nosotros los trabajadores, seamos conscientes de nuestro propio poder. Miedo de que los trabajadores nos unamos, nos organicemos y amenacemos su dominio.&#8221; Fredrik, un comunista de Revoluci\u00f3n (CMI en Suecia), habl\u00f3 en la manifestaci\u00f3n de 10.000 personas [&hellip;]","og_url":"https:\/\/colombiamarxista.com\/?p=3829","og_site_name":"Comunistas Revolucionarios de Colombia","article_published_time":"2023-11-07T18:16:17+00:00","og_image":[{"width":696,"height":391,"url":"https:\/\/colombiamarxista.com\/wp-content\/uploads\/2023\/11\/Comrade_Image_Revolution.png","type":"image\/png"}],"author":"Consejo Editorial De Colombia Marxista","twitter_card":"summary_large_image","twitter_misc":{"Escrito por":"Consejo Editorial De Colombia Marxista","Tiempo de lectura":"4 minutos"},"schema":{"@context":"https:\/\/schema.org","@graph":[{"@type":"Article","@id":"https:\/\/colombiamarxista.com\/?p=3829#article","isPartOf":{"@id":"https:\/\/colombiamarxista.com\/?p=3829"},"author":{"name":"Consejo Editorial De Colombia Marxista","@id":"https:\/\/colombiamarxista.com\/#\/schema\/person\/e37d02f1454a536d01306cf74ee02c39"},"headline":"\u201cLa clase obrera ha comenzado a levantarse\u201d: comunista habla en manifestaci\u00f3n pro-palestina en Estocolmo","datePublished":"2023-11-07T18:16:17+00:00","mainEntityOfPage":{"@id":"https:\/\/colombiamarxista.com\/?p=3829"},"wordCount":932,"commentCount":0,"publisher":{"@id":"https:\/\/colombiamarxista.com\/#organization"},"image":{"@id":"https:\/\/colombiamarxista.com\/?p=3829#primaryimage"},"thumbnailUrl":"https:\/\/colombiamarxista.com\/wp-content\/uploads\/2023\/11\/Comrade_Image_Revolution.png","articleSection":["Movilizaci\u00f3n","Analisis Internacional"],"inLanguage":"es-CO","potentialAction":[{"@type":"CommentAction","name":"Comment","target":["https:\/\/colombiamarxista.com\/?p=3829#respond"]}]},{"@type":"WebPage","@id":"https:\/\/colombiamarxista.com\/?p=3829","url":"https:\/\/colombiamarxista.com\/?p=3829","name":"\u201cLa clase obrera ha comenzado a levantarse\u201d: comunista habla en manifestaci\u00f3n pro-palestina en Estocolmo - Comunistas Revolucionarios de Colombia","isPartOf":{"@id":"https:\/\/colombiamarxista.com\/#website"},"primaryImageOfPage":{"@id":"https:\/\/colombiamarxista.com\/?p=3829#primaryimage"},"image":{"@id":"https:\/\/colombiamarxista.com\/?p=3829#primaryimage"},"thumbnailUrl":"https:\/\/colombiamarxista.com\/wp-content\/uploads\/2023\/11\/Comrade_Image_Revolution.png","datePublished":"2023-11-07T18:16:17+00:00","breadcrumb":{"@id":"https:\/\/colombiamarxista.com\/?p=3829#breadcrumb"},"inLanguage":"es-CO","potentialAction":[{"@type":"ReadAction","target":["https:\/\/colombiamarxista.com\/?p=3829"]}]},{"@type":"ImageObject","inLanguage":"es-CO","@id":"https:\/\/colombiamarxista.com\/?p=3829#primaryimage","url":"https:\/\/colombiamarxista.com\/wp-content\/uploads\/2023\/11\/Comrade_Image_Revolution.png","contentUrl":"https:\/\/colombiamarxista.com\/wp-content\/uploads\/2023\/11\/Comrade_Image_Revolution.png","width":696,"height":391},{"@type":"BreadcrumbList","@id":"https:\/\/colombiamarxista.com\/?p=3829#breadcrumb","itemListElement":[{"@type":"ListItem","position":1,"name":"Home","item":"https:\/\/colombiamarxista.com\/"},{"@type":"ListItem","position":2,"name":"\u201cLa clase obrera ha comenzado a levantarse\u201d: comunista habla en manifestaci\u00f3n pro-palestina en Estocolmo"}]},{"@type":"WebSite","@id":"https:\/\/colombiamarxista.com\/#website","url":"https:\/\/colombiamarxista.com\/","name":"Comunistas Revolucionarios de Colombia","description":"","publisher":{"@id":"https:\/\/colombiamarxista.com\/#organization"},"potentialAction":[{"@type":"SearchAction","target":{"@type":"EntryPoint","urlTemplate":"https:\/\/colombiamarxista.com\/?s={search_term_string}"},"query-input":{"@type":"PropertyValueSpecification","valueRequired":true,"valueName":"search_term_string"}}],"inLanguage":"es-CO"},{"@type":"Organization","@id":"https:\/\/colombiamarxista.com\/#organization","name":"Comunistas Revolucionarios de Colombia","url":"https:\/\/colombiamarxista.com\/","logo":{"@type":"ImageObject","inLanguage":"es-CO","@id":"https:\/\/colombiamarxista.com\/#\/schema\/logo\/image\/","url":"https:\/\/colombiamarxista.com\/wp-content\/uploads\/2026\/04\/logo-crc_Mesa-de-trabajo-1-scaled.png","contentUrl":"https:\/\/colombiamarxista.com\/wp-content\/uploads\/2026\/04\/logo-crc_Mesa-de-trabajo-1-scaled.png","width":2560,"height":1920,"caption":"Comunistas Revolucionarios de Colombia"},"image":{"@id":"https:\/\/colombiamarxista.com\/#\/schema\/logo\/image\/"}},{"@type":"Person","@id":"https:\/\/colombiamarxista.com\/#\/schema\/person\/e37d02f1454a536d01306cf74ee02c39","name":"Consejo Editorial De Colombia Marxista","image":{"@type":"ImageObject","inLanguage":"es-CO","@id":"https:\/\/secure.gravatar.com\/avatar\/27d462afb069d4f31317c3decd42f1acedbc140f1342d432b75cc0cb867e5fb1?s=96&d=mm&r=g","url":"https:\/\/secure.gravatar.com\/avatar\/27d462afb069d4f31317c3decd42f1acedbc140f1342d432b75cc0cb867e5fb1?s=96&d=mm&r=g","contentUrl":"https:\/\/secure.gravatar.com\/avatar\/27d462afb069d4f31317c3decd42f1acedbc140f1342d432b75cc0cb867e5fb1?s=96&d=mm&r=g","caption":"Consejo Editorial De Colombia Marxista"},"sameAs":["http:\/\/colombiamarxista.com"],"url":"https:\/\/www.marxist.com\/la-clase-obrera-ha-comenzado-a-levantarse-comunista-habla-en-manifestacion-pro-palestina-en-estocolmo.htm"}]}},"_links":{"self":[{"href":"https:\/\/colombiamarxista.com\/index.php?rest_route=\/wp\/v2\/posts\/3829","targetHints":{"allow":["GET"]}}],"collection":[{"href":"https:\/\/colombiamarxista.com\/index.php?rest_route=\/wp\/v2\/posts"}],"about":[{"href":"https:\/\/colombiamarxista.com\/index.php?rest_route=\/wp\/v2\/types\/post"}],"author":[{"embeddable":true,"href":"https:\/\/colombiamarxista.com\/index.php?rest_route=\/wp\/v2\/users\/1"}],"replies":[{"embeddable":true,"href":"https:\/\/colombiamarxista.com\/index.php?rest_route=%2Fwp%2Fv2%2Fcomments&post=3829"}],"version-history":[{"count":0,"href":"https:\/\/colombiamarxista.com\/index.php?rest_route=\/wp\/v2\/posts\/3829\/revisions"}],"wp:featuredmedia":[{"embeddable":true,"href":"https:\/\/colombiamarxista.com\/index.php?rest_route=\/wp\/v2\/media\/3832"}],"wp:attachment":[{"href":"https:\/\/colombiamarxista.com\/index.php?rest_route=%2Fwp%2Fv2%2Fmedia&parent=3829"}],"wp:term":[{"taxonomy":"category","embeddable":true,"href":"https:\/\/colombiamarxista.com\/index.php?rest_route=%2Fwp%2Fv2%2Fcategories&post=3829"},{"taxonomy":"post_tag","embeddable":true,"href":"https:\/\/colombiamarxista.com\/index.php?rest_route=%2Fwp%2Fv2%2Ftags&post=3829"}],"curies":[{"name":"wp","href":"https:\/\/api.w.org\/{rel}","templated":true}]}}