{"id":3813,"date":"2023-10-30T08:16:58","date_gmt":"2023-10-30T13:16:58","guid":{"rendered":"https:\/\/colombiamarxista.com\/?p=3813"},"modified":"2023-11-01T03:52:01","modified_gmt":"2023-11-01T08:52:01","slug":"balance-de-las-regionales-el-pacto-historico-en-retirada","status":"publish","type":"post","link":"https:\/\/colombiamarxista.com\/?p=3813","title":{"rendered":"Balance de las regionales: El Pacto Hist\u00f3rico en retirada"},"content":{"rendered":"\n<p>En Octubre 29, se volvi\u00f3 a ejecutar un nuevo ritual de elecci\u00f3n en el sistema democr\u00e1tico burgu\u00e9s colombiano. Las elecciones regionales del 2023 fueron altamente anticipadas por el gobierno de Gustavo Petro, el primer presidente de izquierda en la historia del pa\u00eds, que esperaba obtener alcald\u00edas, gobernaciones y mayor\u00edas en las legislaturas locales para conseguir un mayor margen de maniobra que le permitiera implementar las reformas que quer\u00eda lograr. Mientras tanto, la derecha quiso convertir estas elecciones en un referendo sobre el gobierno de los reformistas.\u00a0<\/p>\n\n\n\n<p>Los resultados aproximadamente a las 6:30PM muestran un descalabro de todo el espectro \u201calternativo\u201d, desde la Alianza Verde hasta la coalici\u00f3n del Pacto Hist\u00f3rico. Sin embargo, la abstenci\u00f3n tambi\u00e9n fue alta: la participaci\u00f3n en elecciones de alcaldes llega a niveles de 53% mientras a gobernadores de 48%. Por tanto, es una muestra de desencanto y falta de organizaci\u00f3n pol\u00edtica, aprovechada por la reacci\u00f3n para retomar posiciones<\/p>\n\n\n\n<h3 class=\"wp-block-heading\">La ca\u00edda de la \u201cizquierda\u201d : El Pacto Hist\u00f3rico y el papel del centro<\/h3>\n\n\n\n<p>El Pacto Hist\u00f3rico sufre una gran derrota y un rev\u00e9s a su moral, resultado claro de que no hab\u00eda logrado articular candidatos\/as a lo largo del pa\u00eds. En las \u00fanicas ciudades capitales que se hab\u00eda logrado consensuar los candidatos quedaron en un g\u00e9lido tercer lugar. Ni Danis Antonio Renter\u00eda en Cali ni Gustavo Bol\u00edvar en Bogot\u00e1 lograron encender nuevamente los movimientos de masas que apoyaron a Petro en la elecci\u00f3n presidencial.<\/p>\n\n\n\n<p>La reacci\u00f3n de los dirigentes de los partidos dentro del Pacto Hist\u00f3rico es bastante diciente, con llamados a <a href=\"https:\/\/twitter.com\/ClaudiaFlorezPC\/status\/1718768589610582026\">la unidad<\/a> tratando de recapturar los \u00e1lgidos d\u00edas de las presidenciales del 2022. Candidatos de la coalici\u00f3n de Petro, como Jaime Beltr\u00e1n, incluso han <a href=\"https:\/\/twitter.com\/jaimecalde50\/status\/1718766157618978893\">sugerido<\/a> que perdieron la elecci\u00f3n debido a las encuestas y que estas deber\u00edan prohibirse.&nbsp; Mientras, los analistas de \u201ccentro\u201d como Juan Esteban Lewin en <a href=\"https:\/\/elpais.com\/america-colombia\/2023-10-29\/las-elecciones-en-las-que-se-freno-la-ola-de-cambio-politico-en-colombia.html\">El Pa\u00eds<\/a> hablan del inevitable ascenso de los clanes y de candidatos tradicionales, y en el caso de Bogot\u00e1 hablan de la \u201chist\u00f3rica\u201d posici\u00f3n de Carlos Fernando Gal\u00e1n al ganar la elecci\u00f3n.<\/p>\n\n\n\n<p>Realmente, lo que muestran los datos es la materializaci\u00f3n del descalabro del trabajo organizativo de la Colombia Humana en particular y del Pacto Hist\u00f3rico en general. Gustavo Bol\u00edvar hablaba del <a href=\"https:\/\/www.eltiempo.com\/politica\/partidos-politicos\/gustavo-bolivar-dice-que-entrega-de-avales-del-pacto-historico-fue-un-rotundo-fracaso-791221\">desastre<\/a> que hab\u00eda sido el otorgamiento de avales y de como \u201cintereses van y vienen, nepotismo, venganzas, se castiga al que levanta la voz, se cierra el paso a liderazgos por envidias o conveniencias, se negocian avales o se env\u00edan faltando minutos para cerrarse las inscripciones.\u201d Esto demuestra como el PH se estaba convirtiendo en un cascar\u00f3n vac\u00edo divorciado de las fuerzas vivas de la movilizaci\u00f3n de masas.<\/p>\n\n\n\n<p>La abstenci\u00f3n tambi\u00e9n&nbsp; muestra que en lugar de crecer, el PH se autolimit\u00f3 en su crecimiento provocando <strong><em>que las masas no vieran diferencias en no participar<\/em><\/strong>. Esto junto con los esc\u00e1ndalos del gobierno de Petro y la falta de autocr\u00edtica dentro del Pacto Hist\u00f3rico llevan a estos resultados. Hay que matizar que en Bogot\u00e1 sin embargo la lista del consejo (un contrapeso al poder del alcalde) estar\u00e1 compartido entre el PH y la Alianza Verde, pero en cambio, en Cali, Medell\u00edn, Barranquilla y Bucaramanga, el Pacto Hist\u00f3rico no logr\u00f3 obtener m\u00e1s del 11% en el consejo electoral.&nbsp;<\/p>\n\n\n\n<p>Vale la pena recordar que Bol\u00edvar fue elegido como <a href=\"https:\/\/colombiamarxista.com\/?p=3516\">candidato<\/a> a la alcald\u00eda de Bogot\u00e1 desde arriba por la direcci\u00f3n del partido a pesar de los intentos de las bases de los diferentes partidos dentro del Pacto Hist\u00f3rico de proponer una alternativa. Su elecci\u00f3n desde arriba fue realizada en la b\u00fasqueda de asegurar la elecci\u00f3n, bas\u00e1ndose en el prestigio personal de Bol\u00edvar y su relaci\u00f3n con Petro. A pesar de esto, termin\u00f3 en tercer lugar detr\u00e1s de Gal\u00e1n (un candidato que perdi\u00f3 las anteriores dos elecciones) y Oviedo (un candidato que particip\u00f3 en el gobierno de Duque, que termin\u00f3 con desaprobaci\u00f3n de <a href=\"https:\/\/www.elcolombiano.com\/colombia\/encuesta-invamer-desaprobacion-del-gobierno-de-ivan-duque-en-marzo-de-2022-JO17089213\">73%<\/a>)<\/p>\n\n\n\n<p>El centro, en cambio, se queda con una victoria p\u00edrrica en Bogot\u00e1 que no extiende su influencia. Los verdes de Claudia Lopez se alinearon detr\u00e1s de la candidatura de Gal\u00e1n, pero no pudieron contar con candidaturas propias en gran parte del pa\u00eds y donde presentaron candidatos, fueron vapuleados. Sin embargo, la elecci\u00f3n de Gal\u00e1n en Bogot\u00e1 demuestra la ruta que el centro va a seguir a largo plazo: ali\u00e1ndose con la derecha para oponerse al Pacto Hist\u00f3rico y as\u00ed obtener una pizca de influencia.&nbsp;<\/p>\n\n\n<div class=\"wp-block-image\">\n<figure class=\"aligncenter size-full\"><img fetchpriority=\"high\" decoding=\"async\" width=\"640\" height=\"828\" src=\"https:\/\/colombiamarxista.com\/wp-content\/uploads\/2023\/10\/Gustavo_Bolivar_Moreno.jpg\" alt=\"\" class=\"wp-image-3816\" srcset=\"https:\/\/colombiamarxista.com\/wp-content\/uploads\/2023\/10\/Gustavo_Bolivar_Moreno.jpg 640w, https:\/\/colombiamarxista.com\/wp-content\/uploads\/2023\/10\/Gustavo_Bolivar_Moreno-232x300.jpg 232w\" sizes=\"(max-width: 640px) 100vw, 640px\" \/><figcaption class=\"wp-element-caption\">Gustavo Bol\u00edvar, el candidato del Pacto Hist\u00f3rico, qued\u00f3 de tercero en Bogot\u00e1, a pesar de ser esta ciudad la base m\u00e1s fuerte del Petrismo. Imagen: <a href=\"https:\/\/creativecommons.org\/licenses\/by\/3.0\" target=\"_blank\" rel=\"noreferrer noopener\">Creative Commons Attribution 3.0<\/a><\/figcaption><\/figure>\n<\/div>\n\n\n<h3 class=\"wp-block-heading\">Una derrota preparada<\/h3>\n\n\n\n<p>Es inequ\u00edvoco que las elecciones son un batacazo para los movimientos de izquierda y centro pero tambi\u00e9n demuestran que la victoria de 2022 est\u00e1 mostrando las debilidades de la pol\u00edtica de \u201cconciliaci\u00f3n\u201d y \u201cacuerdo nacional\u201d. A pesar de las movilizaciones y los discursos de Petro, el Pacto Hist\u00f3rico ha manejado una pol\u00edtica de conciliaci\u00f3n de clases en donde ha tratado de negociar con la burgues\u00eda internacional y mitigar las reformas para tratar de complacer a todos los partidos dentro del gobierno.&nbsp;<\/p>\n\n\n\n<p>A pesar del incremento de la concurrencia de las movilizaciones en defensa de las reformas en todo el pa\u00eds, el Pacto Hist\u00f3rico no tom\u00f3 estas movilizaciones como una se\u00f1al para ir a la ofensiva, sino como una reivindicaci\u00f3n de su gesti\u00f3n en todas sus cualidades, incluyendo su mitigaci\u00f3n de las reformas y conciliaci\u00f3n de clases. Lo que ha sido peor, es que la burgues\u00eda ha respondido de manera clara en contra de las reformas, como hemos comentado en <a href=\"https:\/\/colombiamarxista.com\/?p=3451\">l\u00edneas anteriores<\/a>:<\/p>\n\n\n\n<p><em>La posici\u00f3n de Corcho, tildada de inflexible, fue mitigada en un \u201c50 por ciento\u201d seg\u00fan Guillermo Jaramillo, el ministro de sal\u00fad reemplazando a Corcho.&nbsp;<\/em><\/p>\n\n\n\n<p><em>Y esta historia se ha repetido, tanto para la reforma pensional (donde Asofondos se ha pasado emitiendo predicciones espeluznantes) como con la laboral (el Banco de la Rep\u00fablica avalando conclusiones de que se \u201cdestruir\u00edan\u201d 450 mil empleos, y el presidente de la ANDI usando esto para atacar el proyecto). Al supuesto consenso alcanzado en incontables mesas de negociaci\u00f3n, que con cada nueva aguaban m\u00e1s los proyectos, se lleg\u00f3 al callej\u00f3n sin salida de los pasillos del Congreso.<\/em><\/p>\n\n\n\n<p>La baja participaci\u00f3n se puede trazar a este aspecto del gobierno del Pacto Hist\u00f3rico. Si bien las bases de la coalici\u00f3n de Petro demostraron gran inter\u00e9s en salir a las calles a luchar por las reformas, no lograron conectar con el resto de la clase obrera y la juventud que sali\u00f3 a las calles en 2021 durante el paro nacional y 2022 durante las presidenciales precisamente para lograr saldar las grandes deudas hist\u00f3ricas como la reforma agraria y la reforma a la salud.&nbsp;<\/p>\n\n\n\n<h3 class=\"wp-block-heading\">La derecha: Triunfantes pero no s\u00f3lidos&nbsp;<\/h3>\n\n\n\n<p>Sin embargo, el descalabro de la izquierda y el centro no ha significado realmente una \u201cderechizaci\u00f3n\u201d de la poblaci\u00f3n. Los partidos tradicionales solo pueden reclamar como propios los triunfos en Cali, Medell\u00edn y las gobernaciones del Valle y Antioquia. De resto, los ganadores son b\u00e1sicamente l\u00edderes de \u00e9lites locales, de derecha y conservadores pero menos alineados a los intereses nacionales de los partidos de derecha, mucho m\u00e1s susceptibles a \u201cnegociaciones\u201d.&nbsp;<\/p>\n\n\n\n<p>En otras palabras, los partidos de oposici\u00f3n de la oligarqu\u00eda solo han logrado reconquistar sus viejas posiciones. No hay un giro a la derecha, sino un desencanto con el \u201ccambio\u201d prometido. Ante esto, sobre todo en las regiones, gran parte de la poblaci\u00f3n prefiere la abstenci\u00f3n, emitir votos en blanco o nulos, mientras que otros terminan buscando al \u201cviejo conocido\u201d.&nbsp;<\/p>\n\n\n\n<p>Un caso paradigm\u00e1tico es lo que ocurri\u00f3 en la gobernaci\u00f3n del Valle. Si bien Dilian Francisco Toro gana el puesto con una amplia ventaja respecto del candidato del PH (Ferney Lozano), el segundo puesto de la elecci\u00f3n lo tiene el voto en blanco con 27.7%, mientras la participaci\u00f3n solo lleg\u00f3 al 46%. Es decir, a pesar de las maquinarias y la compra de votos, gran parte de la poblaci\u00f3n del Valle (una de las razones de porque el Pac\u00edfico se inclin\u00f3 al PH en la elecci\u00f3n presidencial) no se moviliz\u00f3 a votar.<\/p>\n\n\n\n<p>En balance, la derecha logr\u00f3 ganar puestos pero sin mayor legitimidad y con bases inestables si intentan movimientos demasiado reaccionarios. Por otro lado, es una reafirmaci\u00f3n del poder de las \u00e9lites locales, pero que no necesariamente pueden tener una incidencia nacional.<\/p>\n\n\n\n<h3 class=\"wp-block-heading\">La necesidad de un partido revolucionario&nbsp;<\/h3>\n\n\n\n<p>La realidad es que la clase obrera y la juventud&nbsp; siguen en b\u00fasqueda de una verdadera expresi\u00f3n de las&nbsp; aspiraciones que la llevaron a poner al Pacto Hist\u00f3rico en el poder. Efectivamente, esto ha llevado a que no est\u00e9n dispuestas a expresarse en las urnas. Es necesario discutir de manera abierta por qu\u00e9 el Pacto Hist\u00f3rico no pudo convertir las movilizaciones en defensa de las reformas en votos, alcaldes y gobernaciones que puedan facilitar estas reformas.&nbsp;<\/p>\n\n\n\n<p>Si el Pacto Hist\u00f3rico no saca el balance adecuado de estos eventos, muy bien podr\u00edan terminar como Syriza o la coalici\u00f3n de Boric que ha visto como la Constituyente (la gran demanda que moviliz\u00f3 y detuvo el paro del 2019)&nbsp; ha quedado en las manos de la oposici\u00f3n de derecha.&nbsp;<\/p>\n\n\n\n<p>Es claro que el trabajo de masas, y la formaci\u00f3n pol\u00edtica ser\u00e1n arenas en los siguientes a\u00f1os. Para los marxistas esta es la conclusi\u00f3n m\u00e1s importante del ritual electoral, el despertar de las masas, reflejado en este momento en un desencanto con las actuales expresiones pol\u00edticas. <strong><em>Esto no es un fin del mundo, en el que la poblaci\u00f3n est\u00e1 virando a la derecha y volviendo a depositar su confianza en las \u201cviejas\u201d \u00e9lites como algunos elementos reformistas y sectarios est\u00e1n queriendo hacer ver.&nbsp; <\/em><\/strong>Si este fuera el caso, tendr\u00edamos una participaci\u00f3n de votos mucho m\u00e1s alta en estas elecciones.&nbsp;<\/p>\n\n\n\n<p>El instinto de la poblaci\u00f3n y sobre todo de la juventud colombiana es de no confiar en los&nbsp; que orillaron al estallido social en el 2021, de quienes est\u00e1n prometiendo un cambio pero lo est\u00e1n mitigando con cada nueva concesi\u00f3n a las viejas \u00e9lites para lograr la \u201cgobernabilidad\u201d. Un partido revolucionario de masas que se comprometiera a luchar de manera intransigente en nombre de las reformas que movilizaron al paro nacional del 2021 lograr\u00eda movilizar a todos esos elementos que no salieron a votar por aquellos candidatos que han demostrado una y otra vez que no pueden lograr pasar las reformas que se han quedado atoradas en el congreso.&nbsp;<\/p>\n\n\n\n<p>Esta derrota, ante todo, fue preparada debido al simple hecho de que el gobierno de Petro se dedic\u00f3 a gobernar dentro de los m\u00e1rgenes del capitalismo. Mientras este sea el caso, el Pacto Hist\u00f3rico siempre se encontrar\u00e1 con las manos atadas a la espalda y no podr\u00e1 responder a la crisis en el sector salud o a la explotaci\u00f3n de la clase trabajadora. Estos son los problemas que movilizan a la gente a votar.&nbsp;<\/p>\n\n\n\n<p>La clase obrera no puede controlar lo que no le pertenece. Los comunistas entendemos que lo \u00fanico que puede saldar estas deudas hist\u00f3ricas es la expropiaci\u00f3n de las altas esferas de la econom\u00eda para ponerlas bajo el control democratico de la clase obrera. Solo un partido revolucionario con un programa socialista podr\u00e1 lograr capturar la energ\u00eda y las aspiraciones para movilizarlos.&nbsp;<\/p>\n\n\n\n<p>Semejante partido no se puede formar de la noche a la ma\u00f1ana, sin embargo. Requerir\u00e1 largos periodos de clarificaci\u00f3n, construcci\u00f3n, victorias y derrotas. Un evento como este debe servir como periodo de clarificaci\u00f3n en donde tenemos que explicar que la tarea hist\u00f3rica en frente de nosotros no se podr\u00e1 lograr dentro de los m\u00e1rgenes del capitalismo. No podremos darle fin a la oligarqu\u00eda colombiana con un partido que planea gobernar con ellos y que no est\u00e9 dispuesto a tocar la verdadera base de su poder.&nbsp;<\/p>\n\n\n\n<p>La tarea principal de los comunistas en este momento ser\u00e1 construir un partido que est\u00e9 dispuesto a luchar en contra de la oligarqu\u00eda, entrando a los sindicatos y a las asociaciones estudiantiles, dispuestos a convertir estas organizaciones en organizaciones de lucha. Solo podremos lograr esto luchando hombro con hombro con la clase obrera y la juventud por las reformas.&nbsp;<\/p>\n\n\n\n<p>Parte de esta lucha requiere el trabajo alrededor del Pacto Hist\u00f3rico. Como Marxistas, no renunciamos a la lucha en el frente electoral, pero creemos que el trabajo en este frente tiene que servir para exponer los l\u00edmites del reformismo y del capitalismo. La realidad es que la clase obrera y el campesinado miraran primero al Pacto Hist\u00f3rico, la primera organizaci\u00f3n de izquierda en llegar al gobierno nacional y que tenemos que estar en las calles, en la lucha por las reformas. Solo de esta manera podremos atraer el inter\u00e9s de aquellos que empiezan a entender que los intereses que el Pacto Hist\u00f3rico intenta reconciliar (los intereses de la burgues\u00eda y de la clase obrera) son enteramente irreconciliables.&nbsp;<\/p>\n\n\n\n<p>Como comunistas, nuestro primer deber es decir la verdad. Y en este caso, la verdad no podr\u00eda ser m\u00e1s clara: solo un partido dispuesto a luchar hasta el final por un programa socialista puede resolver la crisis que ha creado el capitalismo colombiano. Si bien las reformas son una parte vital de la lucha de la clase trabajadora por el poder, el reformismo (es decir, la transformaci\u00f3n de la sociedad por la v\u00eda de las reformas) es un callej\u00f3n sin salida que solo puede preparar derrotas a largo plazo. El Pacto Hist\u00f3rico tiene que prepararse para reconocer esta verdad y luchar por las reformas mientras tenga los n\u00fameros para hacerlo.&nbsp; Si no lo hace, su fecha de expiraci\u00f3n llegar\u00e1 mucho antes de lo planeado.&nbsp;<\/p>\n","protected":false},"excerpt":{"rendered":"<p>En Octubre 29, se volvi\u00f3 a ejecutar un nuevo ritual de elecci\u00f3n en el sistema democr\u00e1tico burgu\u00e9s colombiano. Las elecciones regionales del 2023 fueron altamente anticipadas por el gobierno de Gustavo Petro, el primer presidente de izquierda en la historia del pa\u00eds, que esperaba obtener alcald\u00edas, gobernaciones y mayor\u00edas en las legislaturas locales para conseguir [&hellip;]<\/p>\n","protected":false},"author":6,"featured_media":3815,"comment_status":"open","ping_status":"open","sticky":false,"template":"","format":"standard","meta":{"footnotes":""},"categories":[201],"tags":[],"class_list":["post-3813","post","type-post","status-publish","format-standard","has-post-thumbnail","hentry","category-politica"],"yoast_head":"<!-- This site is optimized with the Yoast SEO plugin v27.5 - https:\/\/yoast.com\/product\/yoast-seo-wordpress\/ -->\n<title>Balance de las regionales: El Pacto Hist\u00f3rico en retirada - Comunistas Revolucionarios de Colombia<\/title>\n<meta name=\"robots\" content=\"index, follow, max-snippet:-1, max-image-preview:large, max-video-preview:-1\" \/>\n<link rel=\"canonical\" href=\"https:\/\/colombiamarxista.com\/?p=3813\" \/>\n<meta property=\"og:locale\" content=\"es_ES\" \/>\n<meta property=\"og:type\" content=\"article\" \/>\n<meta property=\"og:title\" content=\"Balance de las regionales: El Pacto Hist\u00f3rico en retirada\" \/>\n<meta property=\"og:description\" content=\"En Octubre 29, se volvi\u00f3 a ejecutar un nuevo ritual de elecci\u00f3n en el sistema democr\u00e1tico burgu\u00e9s colombiano. Las elecciones regionales del 2023 fueron altamente anticipadas por el gobierno de Gustavo Petro, el primer presidente de izquierda en la historia del pa\u00eds, que esperaba obtener alcald\u00edas, gobernaciones y mayor\u00edas en las legislaturas locales para conseguir [&hellip;]\" \/>\n<meta property=\"og:url\" content=\"https:\/\/colombiamarxista.com\/?p=3813\" \/>\n<meta property=\"og:site_name\" content=\"Comunistas Revolucionarios de Colombia\" \/>\n<meta property=\"article:published_time\" content=\"2023-10-30T13:16:58+00:00\" \/>\n<meta property=\"article:modified_time\" content=\"2023-11-01T08:52:01+00:00\" \/>\n<meta property=\"og:image\" content=\"https:\/\/colombiamarxista.com\/wp-content\/uploads\/2023\/10\/640px-Estamos_con_usted_en_la_jornada_electoral_-Barranquilla_13040461085.jpg\" \/>\n\t<meta property=\"og:image:width\" content=\"640\" \/>\n\t<meta property=\"og:image:height\" content=\"427\" \/>\n\t<meta property=\"og:image:type\" content=\"image\/jpeg\" \/>\n<meta name=\"author\" content=\"Luis Aristizabal\" \/>\n<meta name=\"twitter:card\" content=\"summary_large_image\" \/>\n<meta name=\"twitter:label1\" content=\"Escrito por\" \/>\n\t<meta name=\"twitter:data1\" content=\"Luis Aristizabal\" \/>\n\t<meta name=\"twitter:label2\" content=\"Tiempo de lectura\" \/>\n\t<meta name=\"twitter:data2\" content=\"11 minutos\" \/>\n<script type=\"application\/ld+json\" class=\"yoast-schema-graph\">{\"@context\":\"https:\\\/\\\/schema.org\",\"@graph\":[{\"@type\":\"Article\",\"@id\":\"https:\\\/\\\/colombiamarxista.com\\\/?p=3813#article\",\"isPartOf\":{\"@id\":\"https:\\\/\\\/colombiamarxista.com\\\/?p=3813\"},\"author\":{\"name\":\"Luis Aristizabal\",\"@id\":\"https:\\\/\\\/colombiamarxista.com\\\/#\\\/schema\\\/person\\\/5f4ac2c654f67aee109a8edfe94eedf8\"},\"headline\":\"Balance de las regionales: El Pacto Hist\u00f3rico en retirada\",\"datePublished\":\"2023-10-30T13:16:58+00:00\",\"dateModified\":\"2023-11-01T08:52:01+00:00\",\"mainEntityOfPage\":{\"@id\":\"https:\\\/\\\/colombiamarxista.com\\\/?p=3813\"},\"wordCount\":2425,\"commentCount\":0,\"publisher\":{\"@id\":\"https:\\\/\\\/colombiamarxista.com\\\/#organization\"},\"image\":{\"@id\":\"https:\\\/\\\/colombiamarxista.com\\\/?p=3813#primaryimage\"},\"thumbnailUrl\":\"https:\\\/\\\/colombiamarxista.com\\\/wp-content\\\/uploads\\\/2023\\\/10\\\/640px-Estamos_con_usted_en_la_jornada_electoral_-Barranquilla_13040461085.jpg\",\"articleSection\":[\"Pol\u00edtica\"],\"inLanguage\":\"es-CO\",\"potentialAction\":[{\"@type\":\"CommentAction\",\"name\":\"Comment\",\"target\":[\"https:\\\/\\\/colombiamarxista.com\\\/?p=3813#respond\"]}]},{\"@type\":\"WebPage\",\"@id\":\"https:\\\/\\\/colombiamarxista.com\\\/?p=3813\",\"url\":\"https:\\\/\\\/colombiamarxista.com\\\/?p=3813\",\"name\":\"Balance de las regionales: El Pacto Hist\u00f3rico en retirada - Comunistas Revolucionarios de Colombia\",\"isPartOf\":{\"@id\":\"https:\\\/\\\/colombiamarxista.com\\\/#website\"},\"primaryImageOfPage\":{\"@id\":\"https:\\\/\\\/colombiamarxista.com\\\/?p=3813#primaryimage\"},\"image\":{\"@id\":\"https:\\\/\\\/colombiamarxista.com\\\/?p=3813#primaryimage\"},\"thumbnailUrl\":\"https:\\\/\\\/colombiamarxista.com\\\/wp-content\\\/uploads\\\/2023\\\/10\\\/640px-Estamos_con_usted_en_la_jornada_electoral_-Barranquilla_13040461085.jpg\",\"datePublished\":\"2023-10-30T13:16:58+00:00\",\"dateModified\":\"2023-11-01T08:52:01+00:00\",\"breadcrumb\":{\"@id\":\"https:\\\/\\\/colombiamarxista.com\\\/?p=3813#breadcrumb\"},\"inLanguage\":\"es-CO\",\"potentialAction\":[{\"@type\":\"ReadAction\",\"target\":[\"https:\\\/\\\/colombiamarxista.com\\\/?p=3813\"]}]},{\"@type\":\"ImageObject\",\"inLanguage\":\"es-CO\",\"@id\":\"https:\\\/\\\/colombiamarxista.com\\\/?p=3813#primaryimage\",\"url\":\"https:\\\/\\\/colombiamarxista.com\\\/wp-content\\\/uploads\\\/2023\\\/10\\\/640px-Estamos_con_usted_en_la_jornada_electoral_-Barranquilla_13040461085.jpg\",\"contentUrl\":\"https:\\\/\\\/colombiamarxista.com\\\/wp-content\\\/uploads\\\/2023\\\/10\\\/640px-Estamos_con_usted_en_la_jornada_electoral_-Barranquilla_13040461085.jpg\",\"width\":640,\"height\":427,\"caption\":\"Imagen: Wikicommons, CC BY-SA 2.0 DEED\"},{\"@type\":\"BreadcrumbList\",\"@id\":\"https:\\\/\\\/colombiamarxista.com\\\/?p=3813#breadcrumb\",\"itemListElement\":[{\"@type\":\"ListItem\",\"position\":1,\"name\":\"Home\",\"item\":\"https:\\\/\\\/colombiamarxista.com\\\/\"},{\"@type\":\"ListItem\",\"position\":2,\"name\":\"Balance de las regionales: El Pacto Hist\u00f3rico en retirada\"}]},{\"@type\":\"WebSite\",\"@id\":\"https:\\\/\\\/colombiamarxista.com\\\/#website\",\"url\":\"https:\\\/\\\/colombiamarxista.com\\\/\",\"name\":\"Comunistas Revolucionarios de Colombia\",\"description\":\"\",\"publisher\":{\"@id\":\"https:\\\/\\\/colombiamarxista.com\\\/#organization\"},\"potentialAction\":[{\"@type\":\"SearchAction\",\"target\":{\"@type\":\"EntryPoint\",\"urlTemplate\":\"https:\\\/\\\/colombiamarxista.com\\\/?s={search_term_string}\"},\"query-input\":{\"@type\":\"PropertyValueSpecification\",\"valueRequired\":true,\"valueName\":\"search_term_string\"}}],\"inLanguage\":\"es-CO\"},{\"@type\":\"Organization\",\"@id\":\"https:\\\/\\\/colombiamarxista.com\\\/#organization\",\"name\":\"Comunistas Revolucionarios de Colombia\",\"url\":\"https:\\\/\\\/colombiamarxista.com\\\/\",\"logo\":{\"@type\":\"ImageObject\",\"inLanguage\":\"es-CO\",\"@id\":\"https:\\\/\\\/colombiamarxista.com\\\/#\\\/schema\\\/logo\\\/image\\\/\",\"url\":\"https:\\\/\\\/colombiamarxista.com\\\/wp-content\\\/uploads\\\/2026\\\/04\\\/logo-crc_Mesa-de-trabajo-1-scaled.png\",\"contentUrl\":\"https:\\\/\\\/colombiamarxista.com\\\/wp-content\\\/uploads\\\/2026\\\/04\\\/logo-crc_Mesa-de-trabajo-1-scaled.png\",\"width\":2560,\"height\":1920,\"caption\":\"Comunistas Revolucionarios de Colombia\"},\"image\":{\"@id\":\"https:\\\/\\\/colombiamarxista.com\\\/#\\\/schema\\\/logo\\\/image\\\/\"}},{\"@type\":\"Person\",\"@id\":\"https:\\\/\\\/colombiamarxista.com\\\/#\\\/schema\\\/person\\\/5f4ac2c654f67aee109a8edfe94eedf8\",\"name\":\"Luis Aristizabal\",\"image\":{\"@type\":\"ImageObject\",\"inLanguage\":\"es-CO\",\"@id\":\"https:\\\/\\\/secure.gravatar.com\\\/avatar\\\/8265dbda4ab34169a41f123b61623e38c5e9195bad649222ab6b24db27618a22?s=96&d=mm&r=g\",\"url\":\"https:\\\/\\\/secure.gravatar.com\\\/avatar\\\/8265dbda4ab34169a41f123b61623e38c5e9195bad649222ab6b24db27618a22?s=96&d=mm&r=g\",\"contentUrl\":\"https:\\\/\\\/secure.gravatar.com\\\/avatar\\\/8265dbda4ab34169a41f123b61623e38c5e9195bad649222ab6b24db27618a22?s=96&d=mm&r=g\",\"caption\":\"Luis Aristizabal\"},\"url\":\"https:\\\/\\\/colombiamarxista.com\\\/?author=6\"}]}<\/script>\n<!-- \/ Yoast SEO plugin. -->","yoast_head_json":{"title":"Balance de las regionales: El Pacto Hist\u00f3rico en retirada - Comunistas Revolucionarios de Colombia","robots":{"index":"index","follow":"follow","max-snippet":"max-snippet:-1","max-image-preview":"max-image-preview:large","max-video-preview":"max-video-preview:-1"},"canonical":"https:\/\/colombiamarxista.com\/?p=3813","og_locale":"es_ES","og_type":"article","og_title":"Balance de las regionales: El Pacto Hist\u00f3rico en retirada","og_description":"En Octubre 29, se volvi\u00f3 a ejecutar un nuevo ritual de elecci\u00f3n en el sistema democr\u00e1tico burgu\u00e9s colombiano. Las elecciones regionales del 2023 fueron altamente anticipadas por el gobierno de Gustavo Petro, el primer presidente de izquierda en la historia del pa\u00eds, que esperaba obtener alcald\u00edas, gobernaciones y mayor\u00edas en las legislaturas locales para conseguir [&hellip;]","og_url":"https:\/\/colombiamarxista.com\/?p=3813","og_site_name":"Comunistas Revolucionarios de Colombia","article_published_time":"2023-10-30T13:16:58+00:00","article_modified_time":"2023-11-01T08:52:01+00:00","og_image":[{"width":640,"height":427,"url":"https:\/\/colombiamarxista.com\/wp-content\/uploads\/2023\/10\/640px-Estamos_con_usted_en_la_jornada_electoral_-Barranquilla_13040461085.jpg","type":"image\/jpeg"}],"author":"Luis Aristizabal","twitter_card":"summary_large_image","twitter_misc":{"Escrito por":"Luis Aristizabal","Tiempo de lectura":"11 minutos"},"schema":{"@context":"https:\/\/schema.org","@graph":[{"@type":"Article","@id":"https:\/\/colombiamarxista.com\/?p=3813#article","isPartOf":{"@id":"https:\/\/colombiamarxista.com\/?p=3813"},"author":{"name":"Luis Aristizabal","@id":"https:\/\/colombiamarxista.com\/#\/schema\/person\/5f4ac2c654f67aee109a8edfe94eedf8"},"headline":"Balance de las regionales: El Pacto Hist\u00f3rico en retirada","datePublished":"2023-10-30T13:16:58+00:00","dateModified":"2023-11-01T08:52:01+00:00","mainEntityOfPage":{"@id":"https:\/\/colombiamarxista.com\/?p=3813"},"wordCount":2425,"commentCount":0,"publisher":{"@id":"https:\/\/colombiamarxista.com\/#organization"},"image":{"@id":"https:\/\/colombiamarxista.com\/?p=3813#primaryimage"},"thumbnailUrl":"https:\/\/colombiamarxista.com\/wp-content\/uploads\/2023\/10\/640px-Estamos_con_usted_en_la_jornada_electoral_-Barranquilla_13040461085.jpg","articleSection":["Pol\u00edtica"],"inLanguage":"es-CO","potentialAction":[{"@type":"CommentAction","name":"Comment","target":["https:\/\/colombiamarxista.com\/?p=3813#respond"]}]},{"@type":"WebPage","@id":"https:\/\/colombiamarxista.com\/?p=3813","url":"https:\/\/colombiamarxista.com\/?p=3813","name":"Balance de las regionales: El Pacto Hist\u00f3rico en retirada - Comunistas Revolucionarios de Colombia","isPartOf":{"@id":"https:\/\/colombiamarxista.com\/#website"},"primaryImageOfPage":{"@id":"https:\/\/colombiamarxista.com\/?p=3813#primaryimage"},"image":{"@id":"https:\/\/colombiamarxista.com\/?p=3813#primaryimage"},"thumbnailUrl":"https:\/\/colombiamarxista.com\/wp-content\/uploads\/2023\/10\/640px-Estamos_con_usted_en_la_jornada_electoral_-Barranquilla_13040461085.jpg","datePublished":"2023-10-30T13:16:58+00:00","dateModified":"2023-11-01T08:52:01+00:00","breadcrumb":{"@id":"https:\/\/colombiamarxista.com\/?p=3813#breadcrumb"},"inLanguage":"es-CO","potentialAction":[{"@type":"ReadAction","target":["https:\/\/colombiamarxista.com\/?p=3813"]}]},{"@type":"ImageObject","inLanguage":"es-CO","@id":"https:\/\/colombiamarxista.com\/?p=3813#primaryimage","url":"https:\/\/colombiamarxista.com\/wp-content\/uploads\/2023\/10\/640px-Estamos_con_usted_en_la_jornada_electoral_-Barranquilla_13040461085.jpg","contentUrl":"https:\/\/colombiamarxista.com\/wp-content\/uploads\/2023\/10\/640px-Estamos_con_usted_en_la_jornada_electoral_-Barranquilla_13040461085.jpg","width":640,"height":427,"caption":"Imagen: Wikicommons, CC BY-SA 2.0 DEED"},{"@type":"BreadcrumbList","@id":"https:\/\/colombiamarxista.com\/?p=3813#breadcrumb","itemListElement":[{"@type":"ListItem","position":1,"name":"Home","item":"https:\/\/colombiamarxista.com\/"},{"@type":"ListItem","position":2,"name":"Balance de las regionales: El Pacto Hist\u00f3rico en retirada"}]},{"@type":"WebSite","@id":"https:\/\/colombiamarxista.com\/#website","url":"https:\/\/colombiamarxista.com\/","name":"Comunistas Revolucionarios de Colombia","description":"","publisher":{"@id":"https:\/\/colombiamarxista.com\/#organization"},"potentialAction":[{"@type":"SearchAction","target":{"@type":"EntryPoint","urlTemplate":"https:\/\/colombiamarxista.com\/?s={search_term_string}"},"query-input":{"@type":"PropertyValueSpecification","valueRequired":true,"valueName":"search_term_string"}}],"inLanguage":"es-CO"},{"@type":"Organization","@id":"https:\/\/colombiamarxista.com\/#organization","name":"Comunistas Revolucionarios de Colombia","url":"https:\/\/colombiamarxista.com\/","logo":{"@type":"ImageObject","inLanguage":"es-CO","@id":"https:\/\/colombiamarxista.com\/#\/schema\/logo\/image\/","url":"https:\/\/colombiamarxista.com\/wp-content\/uploads\/2026\/04\/logo-crc_Mesa-de-trabajo-1-scaled.png","contentUrl":"https:\/\/colombiamarxista.com\/wp-content\/uploads\/2026\/04\/logo-crc_Mesa-de-trabajo-1-scaled.png","width":2560,"height":1920,"caption":"Comunistas Revolucionarios de Colombia"},"image":{"@id":"https:\/\/colombiamarxista.com\/#\/schema\/logo\/image\/"}},{"@type":"Person","@id":"https:\/\/colombiamarxista.com\/#\/schema\/person\/5f4ac2c654f67aee109a8edfe94eedf8","name":"Luis Aristizabal","image":{"@type":"ImageObject","inLanguage":"es-CO","@id":"https:\/\/secure.gravatar.com\/avatar\/8265dbda4ab34169a41f123b61623e38c5e9195bad649222ab6b24db27618a22?s=96&d=mm&r=g","url":"https:\/\/secure.gravatar.com\/avatar\/8265dbda4ab34169a41f123b61623e38c5e9195bad649222ab6b24db27618a22?s=96&d=mm&r=g","contentUrl":"https:\/\/secure.gravatar.com\/avatar\/8265dbda4ab34169a41f123b61623e38c5e9195bad649222ab6b24db27618a22?s=96&d=mm&r=g","caption":"Luis Aristizabal"},"url":"https:\/\/colombiamarxista.com\/?author=6"}]}},"_links":{"self":[{"href":"https:\/\/colombiamarxista.com\/index.php?rest_route=\/wp\/v2\/posts\/3813","targetHints":{"allow":["GET"]}}],"collection":[{"href":"https:\/\/colombiamarxista.com\/index.php?rest_route=\/wp\/v2\/posts"}],"about":[{"href":"https:\/\/colombiamarxista.com\/index.php?rest_route=\/wp\/v2\/types\/post"}],"author":[{"embeddable":true,"href":"https:\/\/colombiamarxista.com\/index.php?rest_route=\/wp\/v2\/users\/6"}],"replies":[{"embeddable":true,"href":"https:\/\/colombiamarxista.com\/index.php?rest_route=%2Fwp%2Fv2%2Fcomments&post=3813"}],"version-history":[{"count":0,"href":"https:\/\/colombiamarxista.com\/index.php?rest_route=\/wp\/v2\/posts\/3813\/revisions"}],"wp:featuredmedia":[{"embeddable":true,"href":"https:\/\/colombiamarxista.com\/index.php?rest_route=\/wp\/v2\/media\/3815"}],"wp:attachment":[{"href":"https:\/\/colombiamarxista.com\/index.php?rest_route=%2Fwp%2Fv2%2Fmedia&parent=3813"}],"wp:term":[{"taxonomy":"category","embeddable":true,"href":"https:\/\/colombiamarxista.com\/index.php?rest_route=%2Fwp%2Fv2%2Fcategories&post=3813"},{"taxonomy":"post_tag","embeddable":true,"href":"https:\/\/colombiamarxista.com\/index.php?rest_route=%2Fwp%2Fv2%2Ftags&post=3813"}],"curies":[{"name":"wp","href":"https:\/\/api.w.org\/{rel}","templated":true}]}}