{"id":3754,"date":"2023-10-12T08:42:56","date_gmt":"2023-10-12T13:42:56","guid":{"rendered":"https:\/\/colombiamarxista.com\/?p=3754"},"modified":"2023-10-12T08:46:02","modified_gmt":"2023-10-12T13:46:02","slug":"abajo-la-hipocresia-defender-gaza-declaracion-de-la-cmi","status":"publish","type":"post","link":"https:\/\/colombiamarxista.com\/?p=3754","title":{"rendered":"\u00a1Abajo la hipocres\u00eda! \u00a1Defender Gaza! &#8211; Declaraci\u00f3n de la CMI"},"content":{"rendered":"\n<p>La siguiente declaraci\u00f3n de la Corriente Marxista Internacional declara nuestra solidaridad con el pueblo palestino. Responde a la repugnante hipocres\u00eda del imperialismo occidental y sus lacayos, que se unen detr\u00e1s del reaccionario Estado israel\u00ed mientras desata una sangrienta venganza en Gaza, tras el ataque sorpresa de Ham\u00e1s el 7 de octubre. Adem\u00e1s, explicamos por qu\u00e9 la libertad para Palestina s\u00f3lo puede lograrse por medios revolucionarios y el derrocamiento del capitalismo en toda la regi\u00f3n.<\/p>\n\n\n\n<p>El ataque rel\u00e1mpago, lanzado por Ham\u00e1s el s\u00e1bado 7 de octubre, caus\u00f3 conmoci\u00f3n en todo el mundo. Los gobiernos occidentales lo condenaron inmediatamente.<\/p>\n\n\n\n<p>Los medios de comunicaci\u00f3n presentaron inmediatamente el atentado en los t\u00e9rminos m\u00e1s espeluznantes. La opini\u00f3n p\u00fablica occidental fue minuciosamente preparada por lo que c\u00f3micamente se describe como nuestra &#8220;prensa libre&#8221; para tomar partido en el conflicto, que, como de costumbre, se presenta como las Fuerzas del Bien contra las Fuerzas del Mal.<\/p>\n\n\n\n<p>En esta macabra comedia de errores, los papeles se invierten convenientemente. Las v\u00edctimas se convierten en agresores y los agresores en v\u00edctimas. Esta mentira est\u00e1 respaldada por un flujo constante de condenas morales de la violencia, el asesinato y todos los dem\u00e1s atributos atroces del terrorismo.<\/p>\n\n\n\n<p>En Washington, seg\u00fan el New York Times, el Presidente Biden &#8220;se enfureci\u00f3&#8221; al calificar los actos de &#8220;maldad pura y dura&#8221;, y prometi\u00f3 inequ\u00edvocamente apoyar a Israel contra el terrorismo.<\/p>\n\n\n\n<p>El presidente del Estado m\u00e1s rico y poderoso del mundo no perdi\u00f3 tiempo en anunciar que Estados Unidos acelerar\u00e1 la entrega de equipos, recursos y municiones adicionales a Israel, as\u00ed como el env\u00edo de su portaaviones m\u00e1s nuevo y avanzado, junto con un grupo de ataque de portaaviones completo, al Mediterr\u00e1neo Oriental.<\/p>\n\n\n\n<h2 class=\"wp-block-heading\">Hip\u00f3critas imperialistas, o la relatividad de la moral<\/h2>\n\n\n\n<p>El asesinato de hombres y mujeres es algo que naturalmente evoca sentimientos de repugnancia en la mayor\u00eda de las personas. Se nos recuerda constantemente el mandato b\u00edblico: &#8220;no matar\u00e1s&#8221;.<\/p>\n\n\n\n<p>Este mandamiento, a primera vista, tiene un car\u00e1cter absoluto. Sin embargo, si se examina m\u00e1s de cerca, queda claro que la aversi\u00f3n de la clase dirigente y de los medios de comunicaci\u00f3n a la violencia y al asesinato no para nada absoluta, sino que tiene un contenido totalmente relativo.<\/p>\n\n\n\n<p>Cuando hombres y mujeres corrientes expresan su horror e indignaci\u00f3n ante las atrocidades que leen en la prensa, es una reacci\u00f3n humana normal que podemos comprender y con la que podemos simpatizar.<\/p>\n\n\n\n<p>Pero cuando las mismas palabras las pronuncia un presidente estadounidense, cuyas manos est\u00e1n manchadas con la sangre de innumerables inocentes, s\u00f3lo podemos encogernos de hombros y apartar la mirada con repugnancia.<\/p>\n\n\n\n<p>Los canallas imperialistas que fingen escandalizarse por la violencia han lanzado repetidamente despiadadas guerras de agresi\u00f3n. No dudaron en desencadenar sangrientas guerras contra Irak y Afganist\u00e1n que duraron dos d\u00e9cadas, en las que murieron cientos de miles de civiles. Bombardearon Libia, Siria, Sud\u00e1n, Serbia, sin ninguna consideraci\u00f3n por los civiles inocentes.<\/p>\n\n\n\n<p>El caso m\u00e1s atroz de todos en los \u00faltimos tiempos fue la b\u00e1rbara guerra contra el pueblo de Yemen, uno de los pa\u00edses m\u00e1s pobres del planeta, librada por Arabia Saud\u00ed con el pleno apoyo, complicidad y participaci\u00f3n activa de Estados Unidos, Gran Breta\u00f1a y otras potencias imperialistas.<\/p>\n\n\n\n<p>Si alguna guerra puede calificarse de genocida, sin duda fue Yemen. Seg\u00fan la ONU, m\u00e1s de 150.000 personas han muerto en Yemen, y se calcula que m\u00e1s de 227.000 han muerto como consecuencia de una terrible hambruna creada deliberadamente por los saud\u00edes y sus aliados, que tambi\u00e9n fueron responsables de la destrucci\u00f3n de hospitales e instalaciones sanitarias.<\/p>\n\n\n\n<p>Sin duda, estas cifras representan una grave subestimaci\u00f3n del n\u00famero total de v\u00edctimas infligidas al pueblo de Yemen por los saud\u00edes y sus patrocinadores imperialistas.<\/p>\n\n\n\n<p>Pero, \u00bfd\u00f3nde estaban las condenas de esta barbarie? \u00bfD\u00f3nde estaban las protestas de Washington y Londres? \u00bfD\u00f3nde estaban los gigantescos titulares escandalizados por el &#8220;terrorismo&#8221;? Guardaron silencio, porque los gobiernos occidentales participaron activamente en esta guerra de exterminio contra un pueblo pobre y oprimido.<\/p>\n\n\n\n<p>No tienen derecho a quejarse de la violencia ni a acusar a nadie de &#8220;terrorismo&#8221;. Cuando se trata de la guerra, es in\u00fatil apelar a consideraciones morales o humanitarias. Las guerras consisten en matar gente. Y nunca ha habido una guerra humanitaria en la historia.<\/p>\n\n\n\n<p>No es m\u00e1s que una frase c\u00ednica, una c\u00f3moda hoja de parra, que hoy en d\u00eda utilizan los agresores para justificar su agresi\u00f3n ante la opini\u00f3n p\u00fablica.<\/p>\n\n\n\n<h2 class=\"wp-block-heading\">Gaza y Ucrania, o la relatividad del &#8220;derecho de leg\u00edtima defensa&#8221;<\/h2>\n\n\n\n<p>En cuanto al supuesto derecho de Israel a defenderse, aqu\u00ed vemos de nuevo el doble rasero del imperialismo occidental<\/p>\n\n\n\n<p>En cuanto al supuesto derecho de Israel a defenderse, aqu\u00ed vemos de nuevo el doble rasero del imperialismo occidental. Cuando se trata de Ucrania, la armaron hasta los dientes para que luchara contra Rusia en su nombre, con la excusa de que un pueblo bajo ocupaci\u00f3n tiene derecho a defenderse.<\/p>\n\n\n\n<p>Pero cuando se trata de los palestinos, de repente este derecho desaparece por completo. En lugar de defender a los oprimidos, los imperialistas arman y abastecen a los opresores. Evidentemente, \u00a1el derecho a la autodeterminaci\u00f3n no se aplica a todo el mundo!<\/p>\n\n\n\n<p>Por cierto, siguiendo la retorcida l\u00f3gica del imperialismo, el presidente ucraniano Volodymyr Zelensky ha comparado la invasi\u00f3n rusa de su pa\u00eds con Ham\u00e1s, \u00a1y ha a\u00f1adido su ronca vocecita al coro que defiende el &#8220;derecho a defenderse&#8221; de Israel! \u00bfNecesitamos alguna prueba m\u00e1s de la naturaleza reaccionaria de este se\u00f1or?<\/p>\n\n\n\n<p>Como era de esperar, Zelensky ha acusado a Rusia de querer la guerra en Oriente Pr\u00f3ximo para socavar el apoyo internacional a Ucrania, en comentarios que reflejan la preocupaci\u00f3n de que la guerra entre Israel y Ham\u00e1s pueda distraer la atenci\u00f3n de la lucha de Kiev.<\/p>\n\n\n\n<p>&#8220;Rusia est\u00e1 interesada en desencadenar una guerra en Oriente Pr\u00f3ximo, para que una nueva fuente de dolor y sufrimiento pueda socavar la unidad mundial, aumentar la discordia y las contradicciones y ayudar as\u00ed a Rusia a destruir la libertad en Europa&#8221;, afirm\u00f3.<\/p>\n\n\n\n<p>Zelensky es un hombre desesperado, que recurrir\u00e1 a cualquier cosa que crea que puede asegurar el flujo de armas y dinero cuando Ucrania ha sufrido una aplastante derrota en el campo de batalla y hay claros indicios de que el apoyo de los aliados, incluidos Estados Unidos, Eslovaquia y Polonia, flaquea.<\/p>\n\n\n\n<h2 class=\"wp-block-heading\">Venganza<\/h2>\n\n\n\n<p>Una vez aceptada la teor\u00eda de la relatividad aplicada a la moral, resulta sencillo justificar el asesinato, siempre que lo lleve a cabo &#8220;nuestro bando&#8221;. Vemos esta conveniente relatividad moral en acci\u00f3n ahora mismo.<\/p>\n\n\n\n<p>La respuesta de Israel al ataque de Ham\u00e1s del s\u00e1bado ha sido r\u00e1pida y brutal. Benjamin Netanyahu ha declarado que Israel est\u00e1 en guerra. Ha prometido reducir Gaza a una &#8220;isla desierta&#8221;.<\/p>\n\n\n\n<p>Aviones de combate han estado bombardeando la franja ocupada, arrasando edificios de gran altura en zonas residenciales, atacando indiscriminadamente escuelas, hospitales y mezquitas.<\/p>\n\n\n\n<p>Una escuela gestionada por la Agencia de la ONU para los Refugiados Palestinos, donde no hab\u00eda &#8220;militantes&#8221;, recibi\u00f3 un impacto directo. Y muchos bloques de viviendas fueron atacados sin previo aviso.<\/p>\n\n\n\n<p>Israel sigue bombardeando Gaza con ataques a\u00e9reos, reduciendo algunos edificios a escombros. Funcionarios de Gaza dijeron que hospitales y escuelas hab\u00edan sido atacados y que ya hab\u00edan muerto 900 palestinos, entre ellos 260 ni\u00f1os.<\/p>\n\n\n\n<p>Todo esto no tiene nada que ver con la autodefensa, sino con la sed de venganza. No es la primera vez que el Estado israel\u00ed pretende castigar a la poblaci\u00f3n de Gaza por las acciones de sus dirigentes atacando deliberadamente a civiles.<\/p>\n\n\n\n<p>El ministro de Defensa israel\u00ed, Yoav Gallant, orden\u00f3 el &#8220;asedio completo&#8221; de la Franja de Gaza: &#8220;He ordenado el asedio total de la Franja de Gaza. No habr\u00e1 electricidad, ni alimentos, ni combustible, todo est\u00e1 cerrado&#8221;.<\/p>\n\n\n\n<p>Se supone que privar a hombres, mujeres y ni\u00f1os de alimentos, agua y electricidad es un crimen seg\u00fan el &#8220;derecho internacional&#8221;. Incluso las pat\u00e9ticas Naciones Unidas consideraron necesario recordar a los israel\u00edes este peque\u00f1o detalle, aunque los resultados de este cort\u00e9s recordatorio fueron previsiblemente nulos.<\/p>\n\n\n\n<h2 class=\"wp-block-heading\">&#8220;Animales humanos&#8221;<\/h2>\n\n\n\n<p>\u00bfY c\u00f3mo justifican todo esto? Muy sencillo.<\/p>\n\n\n\n<p>El Ministro de Defensa de Israel, Yoav Gallant, expres\u00f3 claramente las cosas cuando dijo: &#8220;Luchamos contra animales humanos y actuamos en consecuencia&#8221;.<\/p>\n\n\n\n<p>Este lenguaje nos es bien conocido. Es pr\u00e1ctica com\u00fan de los imperialistas justificar la matanza deshumanizando al enemigo. Si aceptamos que nuestros enemigos no son humanos como nosotros, sino meros animales, nos sentimos con derecho a tratarlos como nos plazca.<\/p>\n\n\n\n<p>Recordemos que durante d\u00e9cadas, los jud\u00edos fueron considerados, no como personas, sino como seres infrahumanos. Eso significaba que se les pod\u00eda golpear, torturar, matar de hambre y asesinar, \u00bfa qui\u00e9n le importaba? Al fin y al cabo, son &#8220;s\u00f3lo animales&#8221;, o &#8220;animales humanos&#8221;. La diferencia es puramente sem\u00e1ntica.<\/p>\n\n\n\n<p>Pero los habitantes de la Franja de Gaza no son animales. Son seres humanos, igual que los habitantes de Israel. Y todos los seres humanos tienen derecho a recibir el mismo trato.<\/p>\n\n\n\n<h2 class=\"wp-block-heading\">Un coro de hip\u00f3critas<\/h2>\n\n\n\n<p>Como en un un\u00edsono bien planeado, los l\u00edderes pol\u00edticos de todo el mundo se han precipitado a declarar su apoyo incondicional al &#8220;derecho de Israel a defenderse&#8221;. Derecha e &#8220;izquierda&#8221;, republicanos y dem\u00f3cratas, todos cantan a voz en grito el mismo sonsonete trillado.<\/p>\n\n\n\n<p>Los mismos medios de comunicaci\u00f3n que guardaron silencio sobre los cr\u00edmenes del imperialismo tambi\u00e9n han sido muy negligentes a la hora de informar sobre el terror criminal infligido a los palestinos por el Estado israel\u00ed durante muchas d\u00e9cadas. Han sido v\u00edctimas de constantes provocaciones violentas por parte de los colonos jud\u00edos de ultraderecha.<\/p>\n\n\n\n<p>Evidentemente, con ello se pretende respaldar materialmente el derecho de Israel a &#8220;defenderse&#8221; pulverizando una min\u00fascula franja de tierra llena a rebosar de dos millones y medio de pobres que ha sido descrita como la mayor prisi\u00f3n al aire libre del mundo.<\/p>\n\n\n\n<p>Todo el campo imperialista apoya a Israel en su masacre de palestinos en Gaza. Y en caso de que las bombas, los proyectiles de artiller\u00eda y los misiles no maten a un n\u00famero suficientemente grande de palestinos, la Uni\u00f3n Europea planea eliminar a unos cuantos m\u00e1s por inanici\u00f3n.<\/p>\n\n\n\n<p>La UE anunci\u00f3 que suspend\u00eda la ayuda financiera a los palestinos, de la que dependen en gran medida para sobrevivir. La decisi\u00f3n fue tan escandalosa que m\u00e1s tarde, a rega\u00f1adientes, la revocaron.<\/p>\n\n\n\n<p>Aqu\u00ed vemos resumida en unas pocas l\u00edneas la esencia destilada de lo que pasa por &#8220;civilizaci\u00f3n occidental&#8221;.<\/p>\n\n\n\n<p>No es de extra\u00f1ar que l\u00edderes &#8220;laboristas&#8221; de derechas como Sir Keir Starmer en Gran Breta\u00f1a a\u00f1adieran inmediatamente sus estridentes voces a este coro hip\u00f3crita. Estas damas y caballeros vendieron sus almas al Diablo hace mucho tiempo. No son m\u00e1s que agentes del imperialismo.<\/p>\n\n\n\n<p>Pero los reformistas de derechas no son los \u00fanicos culpables. Para su verg\u00fcenza, muchos reformistas de &#8220;izquierda&#8221; se han unido a la condena (Sanders, Ilhan Omar, AOC, el Partido &#8220;Comunista&#8221; franc\u00e9s, entre otros).<\/p>\n\n\n\n<p>No es la primera vez que los llamados izquierdistas demuestran su total cobard\u00eda y falta de principios. Se han doblegado inmediatamente ante la presi\u00f3n de los medios de comunicaci\u00f3n capitalistas y de la opini\u00f3n p\u00fablica burguesa y han acabado siguiendo la l\u00ednea de la clase dominante.<\/p>\n\n\n\n<p>La Corriente Marxista Internacional no se unir\u00e1 al coro hip\u00f3crita de los imperialistas y sus adl\u00e1teres.<\/p>\n\n\n\n<h2 class=\"wp-block-heading\">\u00bfEn qu\u00e9 punto nos encontramos?<\/h2>\n\n\n\n<p>En todas las guerras, las partes beligerantes siempre recurren a historias de atrocidades -reales o inventadas- para justificar sus propios actos de violencia y asesinato. La actitud de los comunistas ante la guerra nunca puede basarse en la propaganda sensacionalista que se utiliza c\u00ednicamente para proporcionar justificaci\u00f3n a uno u otro bando. Tampoco puede justificarse una guerra por la cuesti\u00f3n de qui\u00e9n golpe\u00f3 primero. Nuestra actitud ante la guerra debe basarse en otros motivos.<\/p>\n\n\n\n<p>Nuestra posici\u00f3n es muy simple:<\/p>\n\n\n\n<p>En todas las luchas, siempre nos pondremos del lado de los pobres oprimidos, nunca de los ricos y poderosos opresores.<\/p>\n\n\n\n<p>En este caso, hay que preguntarse: \u00bfqui\u00e9nes son los opresores y qui\u00e9nes los oprimidos? \u00bfSon los palestinos los que oprimen a los israel\u00edes? Nadie en su sano juicio lo cree.<\/p>\n\n\n\n<p>No son los palestinos quienes ocupan tierras que no les pertenecen y las mantienen por la fuerza. No son ellos quienes expulsan a los colonos israel\u00edes de las tierras que ocuparon durante generaciones, sino precisamente al rev\u00e9s.<\/p>\n\n\n\n<p>No son ellos quienes niegan a los ciudadanos israel\u00edes los derechos m\u00e1s elementales, ni quienes los someten a brutales bloqueos y los reducen a parias en su propia tierra.<\/p>\n\n\n\n<p>\u00bfEs necesario recitar la larga lista de cr\u00edmenes cometidos por el reaccionario Estado israel\u00ed contra los palestinos?<\/p>\n\n\n\n<p>No tenemos espacio para mencionar estos cr\u00edmenes, que contin\u00faan, d\u00eda tras d\u00eda, mes tras mes y a\u00f1o tras a\u00f1o, convirtiendo la vida de los palestinos en un infierno.<\/p>\n\n\n\n<p>Los palestinos han sido reducidos a un estatus no muy diferente de una especie de esclavitud. Y los esclavos, cuando se ven privados de cualquier otro derecho, s\u00f3lo pueden recurrir al \u00fanico que les queda: el derecho a rebelarse.<\/p>\n\n\n\n<p>A lo largo de la historia, las revueltas de esclavos sol\u00edan ir acompa\u00f1adas de actos de extrema violencia, que no eran m\u00e1s que un reflejo de la extrema opresi\u00f3n que ellos mismos hab\u00edan sufrido a manos de los propietarios de esclavos.<\/p>\n\n\n\n<p>Es un hecho lamentable. Pero no nos exime de la obligaci\u00f3n de defender la revuelta de los esclavos contra los esclavistas. Marx abord\u00f3 esta cuesti\u00f3n en un art\u00edculo escrito en 1857, en el que responde a los art\u00edculos de la prensa brit\u00e1nica que hacen hincapi\u00e9 en las atrocidades cometidas durante el levantamiento indio contra los brit\u00e1nicos:<\/p>\n\n\n\n<p>\u201cLos atropellos cometidos por los cipayos sublevados en la India son, por cierto, espantosos, horribles, indecibles, como s\u00f3lo puede esperarse en guerras revolucionarias de nacionalidades, razas, y sobre todo de religi\u00f3n; en una palabra, tales como los que la respetable Inglaterra acostumbraba aplaudir cuando los comet\u00edan los vandeanos contra los &#8220;azules&#8221;, los guerrilleros espa\u00f1oles contra los infieles franceses, los servios contra sus vecinos alemanes y h\u00fangaros, los croatas contra los rebeldes vieneses, la Garde Mobile de Cavaignac o los decembristas de Bonaparte contra los hijos e hijas de la Francia proletaria.\u201d&nbsp;<\/p>\n\n\n\n<p>\u201cPor infame que sea la conducta de los cipayos, no es m\u00e1s que el reflejo, en forma concentrada, de la propia conducta de Inglaterra en la India, no s\u00f3lo en la \u00e9poca de la fundaci\u00f3n de su Imperio oriental, sino tambi\u00e9n en los \u00faltimos diez a\u00f1os de una dominaci\u00f3n hace tiempo establecida. Para caracterizar esa domina- ci\u00f3n basta decir que la tortura era una instituci\u00f3n org\u00e1nica de su pol\u00edtica financiera. En la historia de la humanidad existe algo as\u00ed como la justicia retributiva; y es norma de \u00e9sta que no sea el ofendido, sino el ofensor, quien frag\u00fce su instrumento.\u201d K. Marx, (La revuelta India)<\/p>\n\n\n\n<h2 class=\"wp-block-heading\">\u00bfApoyamos a Ham\u00e1s?<\/h2>\n\n\n\n<p>Nuestros enemigos dir\u00e1n: entonces apoy\u00e1is a Ham\u00e1s. A esta acusaci\u00f3n responderemos: nunca hemos apoyado a Ham\u00e1s. No compartimos su ideolog\u00eda ni aprobamos los m\u00e9todos que utiliza.<\/p>\n\n\n\n<p>Somos comunistas y tenemos nuestras propias ideas, programa y m\u00e9todos, basados en la lucha de clases entre ricos y pobres, opresores y oprimidos. Esto es lo que determina nuestra actitud en cada caso.<\/p>\n\n\n\n<p>Pero nuestras diferencias con Ham\u00e1s, aunque fundamentales, no lo son tanto como las que nos separan del imperialismo estadounidense -la fuerza m\u00e1s reaccionaria del planeta- y de sus c\u00f3mplices en el crimen, la clase dominante israel\u00ed.<\/p>\n\n\n\n<p>Nuestros cr\u00edticos preguntar\u00e1n: \u00bfest\u00e1n ustedes de acuerdo con la matanza de tantos civiles inocentes? Responderemos que nunca hemos defendido tales cosas. Ni las aprobamos.<\/p>\n\n\n\n<p>Nuestra primera tarea, citando a Spinoza, no es ni llorar ni re\u00edr, sino comprender. Las consideraciones morales son totalmente in\u00fatiles para explicar nada. Para entender lo que est\u00e1 ocurriendo, es necesario plantear la cuesti\u00f3n de otra manera: \u00bfqu\u00e9 fue lo que provoc\u00f3 el ataque de Ham\u00e1s?<\/p>\n\n\n\n<p>\u00bfPuede separarse de las d\u00e9cadas de opresi\u00f3n, violencia y ocupaci\u00f3n de Palestina por el Estado reaccionario de Israel?<\/p>\n\n\n\n<p>Por supuesto que no.<\/p>\n\n\n\n<p>Israel es un Estado poderoso y rico que lleva d\u00e9cadas desposeyendo y oprimiendo a los palestinos mediante una combinaci\u00f3n de fuerza bruta y m\u00fasculo econ\u00f3mico.<\/p>\n\n\n\n<p>Y tambi\u00e9n debemos ver la cadena de acontecimientos que han conducido directamente a la situaci\u00f3n actual. No cay\u00f3 de un cielo azul despejado, como se nos pide que creamos.<\/p>\n\n\n\n<h2 class=\"wp-block-heading\">Traici\u00f3n<\/h2>\n\n\n\n<p>Los imperialistas prometieron justicia a los palestinos si esperaban un poco m\u00e1s. Pero han esperado y esperado y el \u00fanico resultado ha sido una mayor destrucci\u00f3n de su patria y una mayor p\u00e9rdida de derechos.<\/p>\n\n\n\n<p>Cuando la paciencia de los oprimidos se agota, tarde o temprano arremeter\u00e1n contra su opresor. En esos momentos, se cometer\u00e1n inevitablemente excesos y brutalidades. Naturalmente, hay que lamentarlo. Pero, \u00bfqui\u00e9n es el verdadero responsable?<\/p>\n\n\n\n<p>Si un hombre o una mujer comete un asesinato a sangre fr\u00eda, sin duda es un delito y se castiga como tal.<\/p>\n\n\n\n<p>Pero si una mujer es sometida a una brutalidad salvaje durante muchos a\u00f1os por su marido y un d\u00eda se vuelve contra su verdugo y lo mata, la mayor\u00eda de la gente dir\u00eda que hay que tener en cuenta las circunstancias que la llevaron a actuar as\u00ed.<\/p>\n\n\n\n<p>Volvamos al caso que nos ocupa. En las semanas anteriores a la explosi\u00f3n, los fan\u00e1ticos religiosos jud\u00edos perpetraron constantes provocaciones. Asaltaron el recinto de la mezquita de Al-Aqsa, uno de los lugares m\u00e1s sagrados del mundo isl\u00e1mico. Actuaban bajo protecci\u00f3n policial y militar.<\/p>\n\n\n\n<h2 class=\"wp-block-heading\">Provocaci\u00f3n<\/h2>\n\n\n\n<p>Netanyahu est\u00e1 aliado con la extrema derecha sionista, algunos de cuyos miembros son abiertamente fascistas. Su objetivo declarado es provocar una nueva Nakba, es decir, expulsar f\u00edsicamente a los palestinos de la tierra en la que viven actualmente, empezando por Jerusal\u00e9n y Cisjordania.<\/p>\n\n\n\n<p>Esta pol\u00edtica no es nueva, pero se ha intensificado en los \u00faltimos meses. Los colonos, importados principalmente de Estados Unidos y reclutados entre los fundamentalistas religiosos m\u00e1s extremistas, han construido asentamientos en Cisjordania.<\/p>\n\n\n\n<p>\u00c9stos est\u00e1n conectadas por una red de carreteras defendidas militarmente, que diseccionan el territorio formalmente bajo control del territorio palestino.<\/p>\n\n\n\n<p>Los colonos reaccionarios se sienten envalentonados y protegidos por el gobierno ultranacionalista israel\u00ed.<\/p>\n\n\n\n<p>Bandas armadas de colonos fan\u00e1ticos religiosos han estado llevando a cabo pogromos contra palestinos con el apoyo abierto o encubierto del ej\u00e9rcito y la polic\u00eda israel\u00edes. Se supone que estas apropiaciones de tierras son ilegales seg\u00fan el &#8220;derecho internacional&#8221;. Pero todas las piadosas resoluciones aprobadas por la ONU en un ritual sin sentido no han hecho nada para detener estos actos criminales.<\/p>\n\n\n\n<p>En estas condiciones, nadie puede sorprenderse realmente de que los palestinos contraataquen. Los oprimidos tienen derecho a resistir.<\/p>\n\n\n\n<p>Los hip\u00f3critas argumentar\u00e1n que ambos bandos son culpables porque ambos han utilizado la violencia. Formalmente, esta afirmaci\u00f3n es cierta. Pero su contenido es fundamentalmente falso. La violencia de uno no puede equipararse a la violencia del otro. No hay absolutamente ninguna equivalencia entre los dos bandos.<\/p>\n\n\n\n<p>Por un lado, tenemos un pa\u00eds capitalista avanzado y moderno, dotado de armas nucleares, aviones de combate armados con potentes misiles, tecnolog\u00eda avanzada y equipos de vigilancia, que cuenta con el pleno apoyo material y financiero del pa\u00eds imperialista m\u00e1s poderoso del mundo.<\/p>\n\n\n\n<p>Por otro lado, tenemos a los palestinos oprimidos, que luchan con cualquier arma que tengan a mano.<\/p>\n\n\n\n<p>Sorprenderse por los recientes acontecimientos es, en realidad, extremadamente insensato. Dadas las circunstancias, era absolutamente inevitable que se produjera alg\u00fan tipo de explosi\u00f3n, aunque el momento y el contenido de la misma no pod\u00edan preverse, ni siquiera por los servicios secretos israel\u00edes.<\/p>\n\n\n\n<h2 class=\"wp-block-heading\">Israel humillado<\/h2>\n\n\n\n<p>Es necesario abordar la guerra en sus propios t\u00e9rminos y no introducir consideraciones ajenas a ella. Lo que ha causado furia en la clase dirigente israel\u00ed no es la cantidad de personas que han perdido la vida. Sus preocupaciones son puramente de car\u00e1cter pr\u00e1ctico.<\/p>\n\n\n\n<p>Desde un punto de vista meramente militar, el ataque fue un \u00e9xito. La inesperada Blitzkrieg cogi\u00f3 completamente por sorpresa a los tan cacareados servicios de inteligencia israel\u00edes. Grupos de comandos bien armados penetraron en las defensas de Israel, rompiendo lo que se supon\u00eda que era una l\u00ednea inexpugnable e infligiendo graves p\u00e9rdidas a las fuerzas israel\u00edes.<\/p>\n\n\n\n<p>Cuando esto se supo, caus\u00f3 una ola de p\u00e1nico y miedo en Israel, donde la poblaci\u00f3n hab\u00eda sido adormecida por las autoridades en la creencia de que estaban protegidos por una l\u00ednea de defensa invulnerable. De la noche a la ma\u00f1ana, la fe de la gente en el mito de la invulnerabilidad se hizo a\u00f1icos. Este hecho tendr\u00e1 consecuencias incalculables para el futuro.<\/p>\n\n\n\n<p>Por el contrario, la noticia del ataque fue celebrada en las calles de muchas capitales \u00e1rabes. Las masas estaban animadas por el hecho de que, por fin, el poderoso Estado israel\u00ed hab\u00eda sufrido una humillante derrota. Comparadas con este hecho, todas las dem\u00e1s consideraciones parec\u00edan tener una importancia secundaria.<\/p>\n\n\n\n<p>Netanyahu se siente sumamente confiado porque cuenta con el firme respaldo del imperialismo estadounidense, que suministra a Israel cantidades interminables de d\u00f3lares y armas mort\u00edferas.<\/p>\n\n\n\n<p>Han trasladado su embajada a Jerusal\u00e9n, una bofetada a todos los palestinos. El presidente Trump tom\u00f3 esa decisi\u00f3n provocadora. Pero el presidente Biden no ha dado marcha atr\u00e1s. Est\u00e1 ansioso por asegurarse el voto jud\u00edo en las elecciones del pr\u00f3ximo a\u00f1o, as\u00ed como por mantener a uno de los pocos aliados inquebrantables que le quedan en la regi\u00f3n.<\/p>\n\n\n\n<h2 class=\"wp-block-heading\">\u00bfPaz o violencia?<\/h2>\n\n\n\n<p>Nuestros enemigos nos enfrentan muy a menudo a la pregunta: \u00bfest\u00e1s a favor de la violencia? Tambi\u00e9n podr\u00edan preguntarnos si estamos a favor de la peste bub\u00f3nica, ya que est\u00e1 igual de vac\u00eda de contenido real.<\/p>\n\n\n\n<p>Hay preguntas que se responden solas, y \u00e9stas son precisamente de ese tipo. Pero limitarse a responder negativamente es bastante in\u00fatil. Habr\u00eda que explicar las circunstancias concretas en las que se emplea la violencia: \u00bfcon qu\u00e9 fin? \u00bfY en inter\u00e9s de qui\u00e9n? Sin esa informaci\u00f3n, es realmente imposible dar una respuesta precisa. As\u00ed ocurre en todos los conflictos, y as\u00ed ocurre tambi\u00e9n ahora.<\/p>\n\n\n\n<p>Muchos en la &#8220;izquierda&#8221; (como de costumbre) se limitan a condenar la violencia en general, pidiendo &#8220;una soluci\u00f3n pac\u00edfica&#8221; mediante &#8220;negociaciones&#8221; y la intervenci\u00f3n de las &#8220;instituciones internacionales&#8221;. Pero esto es una mentira y un enga\u00f1o.<\/p>\n\n\n\n<p>Durante 75 a\u00f1os ha habido negociaciones y conversaciones interminables y eso no ha hecho avanzar ni un mil\u00edmetro la causa de la libertad palestina. Durante d\u00e9cadas, las llamadas Naciones Unidas han aprobado resoluciones condenando la ocupaci\u00f3n israel\u00ed de los territorios palestinos en 1967, pero nada ha cambiado. De hecho, la situaci\u00f3n ha empeorado mucho.<\/p>\n\n\n\n<p>La actual escalada del conflicto es en realidad el resultado del completo fracaso de los Acuerdos de Oslo. La idea de establecer un Estado palestino junto a Israel sobre una base capitalista estaba condenada al fracaso, como advertimos en su momento.<\/p>\n\n\n\n<p>El objetivo de Israel era externalizar la vigilancia de los palestinos a la Autoridad Nacional Palestina, dirigida por nacionalistas burgueses de Al Fatah que estaban completamente desmoralizados y eran org\u00e1nicamente incapaces de llevar adelante la lucha de liberaci\u00f3n nacional palestina.<\/p>\n\n\n\n<p>Los \u00faltimos 30 a\u00f1os han revelado el abyecto fracaso de la soluci\u00f3n de los dos Estados impuesta por el imperialismo estadounidense y el capitalismo israel\u00ed a los palestinos.<\/p>\n\n\n\n<p>No es de extra\u00f1ar que en una reciente encuesta de opini\u00f3n, el 61% de los palestinos afirmaran que estaban peor que antes de Oslo, y el 71% que hab\u00eda sido un error firmar el acuerdo.<\/p>\n\n\n\n<p>A pesar de ello, los pacifistas de la izquierda desesperada sostienen que los palestinos s\u00f3lo deber\u00edan utilizar medios pac\u00edficos de lucha. Pero cuando intentaron hacerlo, \u00bfcu\u00e1l fue el resultado?<\/p>\n\n\n\n<p>La protesta de la Marcha del Retorno de 2018 fue llevada a cabo por civiles desarmados. El ej\u00e9rcito israel\u00ed utiliz\u00f3 munici\u00f3n real matando a centenares e hiriendo a m\u00e1s de diez mil, entre ellos ni\u00f1os, mujeres, periodistas y m\u00e9dicos.<\/p>\n\n\n\n<p>Es precisamente esto lo que ha convencido a los palestinos de que la \u00fanica forma de avanzar es responder a la violencia con violencia. Se puede lamentar este hecho, pero es la \u00fanica conclusi\u00f3n posible que se puede esperar que saquen los palestinos. Y eso es 100 por cien responsabilidad del Estado israel\u00ed y de sus patrocinadores imperialistas.<\/p>\n\n\n\n<p>Seg\u00fan la misma encuesta, el 71% cree que la soluci\u00f3n de los dos Estados ya no es pr\u00e1ctica debido a la expansi\u00f3n de los asentamientos, el 52% apoya la disoluci\u00f3n de la AP y el 53% piensa que la lucha armada es la \u00fanica forma de salir del punto muerto.<\/p>\n\n\n\n<h2 class=\"wp-block-heading\">Planes imperialistas en ruinas<\/h2>\n\n\n\n<p>Antes de los acontecimientos del 7 de octubre, estaba en marcha el llamado proceso de normalizaci\u00f3n: que b\u00e1sicamente significa que Israel establece relaciones diplom\u00e1ticas y econ\u00f3micas normales con los pa\u00edses \u00e1rabes (especialmente Arabia Saud\u00ed), Como consecuencia, se declara que el problema palestino ha terminado.<\/p>\n\n\n\n<p>As\u00ed lo puso de manifiesto la intervenci\u00f3n de Netanyahu en la Asamblea General de la ONU en septiembre, donde mostr\u00f3 un mapa de la regi\u00f3n en el que aparec\u00edan Israel y los pa\u00edses con los que estaba normalizando relaciones&#8230; \u00a1pero el Israel del mapa inclu\u00eda los Altos del Gol\u00e1n, Gaza y Cisjordania, eliminando completamente a Palestina!<\/p>\n\n\n\n<p>Este descarado cinismo demostr\u00f3 la actitud insensible, no s\u00f3lo de Netanyahu y su pandilla reaccionaria, sino tambi\u00e9n de las llamadas democracias imperialistas, que tratan a las naciones peque\u00f1as como calderilla en sus maquinaciones.<\/p>\n\n\n\n<p>Este monstruoso reparto se llev\u00f3 a cabo a espaldas de los palestinos. Su mera existencia se considera una molestia irritante. Sus constantes quejas pueden ser ignoradas, mientras que la desagradable, pero necesaria, tarea de mantenerlos en orden puede ser confiada a las botas de las fuerzas armadas israel\u00edes.<\/p>\n\n\n\n<p>Esa era la teor\u00eda. Pero la vida tiene la desafortunada costumbre de contradecir incluso las mejores teor\u00edas. Y \u00e9sta en particular ten\u00eda un enorme agujero en su centro: supon\u00eda que los palestinos estaban tan acobardados, tan totalmente aplastados, que no ser\u00edan capaces de presentar una verdadera batalla. Esa suposici\u00f3n se hizo a\u00f1icos el s\u00e1bado 7 de octubre.<\/p>\n\n\n\n<p>Varias fuentes han se\u00f1alado con el dedo a Ir\u00e1n. A pesar de los desmentidos de Teher\u00e1n, esto puede ser cierto. La h\u00e1bil ejecuci\u00f3n del ataque y la forma en que penetr\u00f3 r\u00e1pidamente las fuertes defensas de Israel mostraron un grado de profesionalidad que dif\u00edcilmente puede ser obra de Ham\u00e1s por s\u00ed solo.<\/p>\n\n\n\n<p>Adem\u00e1s, Ir\u00e1n ten\u00eda un gran inter\u00e9s en su \u00e9xito. El efecto inmediato fue echar por tierra el plan de Netanyahu de forjar relaciones estrechas con Arabia Saud\u00ed. La banda reaccionaria de Riad estaba dispuesta a traicionar a los palestinos y llegar a un acuerdo con Israel.<\/p>\n\n\n\n<p>Pero esos planes -alentados naturalmente por Estados Unidos- naufragaron. Mohammed bin Salman se ha negado rotundamente a unirse al coro de apoyo al &#8220;derecho de autodefensa&#8221; de Israel. Pondr\u00eda en peligro a la propia monarqu\u00eda si se atreviera a ir en contra de los sentimientos del pueblo saud\u00ed, ferviente partidario de los palestinos.<\/p>\n\n\n\n<p>The Guardian public\u00f3 un art\u00edculo titulado: &#8220;El ataque de Ham\u00e1s ha alterado bruscamente el panorama de la diplomacia en Oriente Medio&#8221;. Estas palabras expresan muy bien la cuesti\u00f3n. Patrick Wintour, editor diplom\u00e1tico de The Guardian, escribe:<\/p>\n\n\n\n<p>&#8220;Ir\u00e1n quiere hacer imposible que Arabia Saud\u00ed llegue a un acuerdo con Israel, mientras que otros pa\u00edses de la regi\u00f3n no pueden permitirse el caos en Gaza&#8221;.<\/p>\n\n\n\n<p>As\u00ed es. Los dirigentes \u00e1rabes no pueden permit\u00edrselo debido a los efectos profundamente inquietantes que tiene en las masas de sus propios pa\u00edses. La amenaza de una revuelta en las calles est\u00e1 siempre presente en las mentes de las camarillas gobernantes \u00e1rabes, que no han olvidado la lecci\u00f3n de los levantamientos de masas conocidos como la Primavera \u00c1rabe.<\/p>\n\n\n\n<p>Esto es una pesadilla tanto para los gobernantes \u00e1rabes como para Washington. Pero una nueva versi\u00f3n de la Revoluci\u00f3n \u00c1rabe es la \u00fanica esperanza de una soluci\u00f3n duradera a la cuesti\u00f3n palestina.<\/p>\n\n\n\n<p>El pueblo oprimido de Palestina no debe confiar en las promesas de los gobiernos extranjeros. Su \u00fanico inter\u00e9s es hacer declaraciones vac\u00edas de apoyo a los palestinos, crearse una imagen de solidaridad con los oprimidos que es falsa hasta la m\u00e9dula.<\/p>\n\n\n\n<p>Huelga decir que las promesas de los imperialistas carecen por completo de valor, al igual que las resoluciones ficticias que aprueban rutinariamente las llamadas Naciones Unidas.<\/p>\n\n\n\n<p>El pueblo palestino s\u00f3lo puede liberarse con su propio esfuerzo. Y los \u00fanicos aliados fiables con los que puede contar son los obreros y campesinos de la regi\u00f3n y de todo el mundo, oprimidos y explotados como ellos mismos.<\/p>\n\n\n\n<h2 class=\"wp-block-heading\">Israel en una senda peligrosa<\/h2>\n\n\n\n<p>Hay otro factor que no puede ignorarse. Mientras el Estado israel\u00ed pueda contar con el respaldo de la mayor\u00eda de la poblaci\u00f3n jud\u00eda, ser\u00e1 muy dif\u00edcil lograr su derrocamiento. S\u00f3lo dividiendo el Estado de Israel en l\u00edneas de clase ser\u00e1 una propuesta viable.<\/p>\n\n\n\n<p>En las circunstancias actuales, parece una variante poco probable. Esto se debe, en parte, a las limitaciones extremas de la ideolog\u00eda y los m\u00e9todos de Ham\u00e1s, que convencen a muchos ciudadanos israel\u00edes de que sus vidas est\u00e1n amenazadas por los &#8220;terroristas&#8221; palestinos.<\/p>\n\n\n\n<p>Por desgracia, el reciente asalto y la matanza de civiles han convencido a muchos israel\u00edes de que la \u00fanica soluci\u00f3n es unirse al gobierno. Esto se ha visto alentado por la escandalosa conducta de la llamada oposici\u00f3n, que ha abandonado inmediatamente todas sus objeciones a las pol\u00edticas reaccionarias del gobierno de Netanyahu y se ha apresurado a ofrecer entrar en un supuesto gobierno de unidad nacional. Se trata de una l\u00ednea de actuaci\u00f3n desastrosa.<\/p>\n\n\n\n<p>El pueblo de Israel debe hacerse la siguiente pregunta: \u00bfc\u00f3mo es posible que despu\u00e9s de tantos a\u00f1os de conflicto, tantas guerras y tantas victorias militares se sienta ahora m\u00e1s inseguro que en ning\u00fan otro momento desde la fundaci\u00f3n del Estado de Israel? Todas las elaboradas medidas supuestamente dise\u00f1adas para garantizar su seguridad, a la hora de la verdad, no han contado para nada.<\/p>\n\n\n\n<p>Es cierto que Israel, con su colosal fuerza militar y su superior potencia de fuego, puede derrotar f\u00e1cilmente a Ham\u00e1s en t\u00e9rminos militares. Sin embargo, una invasi\u00f3n terrestre de Gaza, con sus estrechas calles, su mir\u00edada de t\u00faneles y una poblaci\u00f3n hostil y amargada, no se lograr\u00e1 sin graves p\u00e9rdidas de vidas en ambos bandos. Y despu\u00e9s de que Gaza haya quedado reducida a un mont\u00f3n de escombros, \u00bfqu\u00e9 pasar\u00e1? No se dispone de fuerzas suficientes para ocupar y mantener a raya a una poblaci\u00f3n hostil de 2,3 millones de personas durante un periodo de tiempo indefinido. Tarde o temprano se producir\u00e1n nuevas explosiones y derramamientos de sangre.<\/p>\n\n\n\n<p>Y las cosas no acaban ah\u00ed. La opresi\u00f3n de los palestinos sirve para inflamar los sentimientos en todo el mundo \u00e1rabe. Los intentos de forjar relaciones con Arabia Saud\u00ed ahora yacen en cenizas. Israel se encuentra m\u00e1s aislado que nunca. Rodeado de millones de enemigos por todas partes, el panorama para Israel es realmente sombr\u00edo. Y el reciente ba\u00f1o de sangre constituye una seria advertencia de que lo peor est\u00e1 por llegar, a menos que algo fundamental cambie en el propio Israel.<\/p>\n\n\n\n<p>Marx se\u00f1al\u00f3 hace tiempo que ninguna naci\u00f3n puede ser libre mientras oprima y subyugue a otra: &#8220;Es tarea especial del Consejo Central de Londres hacer comprender a los obreros ingleses que para ellos la emancipaci\u00f3n nacional de Irlanda no es una cuesti\u00f3n de justicia abstracta o de sentimiento humanitario, sino la primera condici\u00f3n de su propia emancipaci\u00f3n social.&#8221; (Marx a Sigfrid Meyer y August Vogt, 1870)<\/p>\n\n\n\n<p>Actualmente, la voz de la raz\u00f3n en Israel est\u00e1 siendo acallada por el rugido voraz de la contrarrevoluci\u00f3n. Pero quienes abogan por unirse a las fuerzas reaccionarias de Netanyahu y los fan\u00e1ticos ultrarreligiosos, est\u00e1n conduciendo a Israel directamente hacia el abismo.<\/p>\n\n\n\n<h2 class=\"wp-block-heading\">\u00bfY ahora qu\u00e9?<\/h2>\n\n\n\n<p>Durante muchos a\u00f1os, las masas palestinas han demostrado una y otra vez su abnegaci\u00f3n, su valor y su voluntad de lucha. El problema es que no han contado con una direcci\u00f3n a la altura de las circunstancias.<\/p>\n\n\n\n<p>Despu\u00e9s de tantas d\u00e9cadas de ventas y promesas incumplidas, la paciencia de los palestinos se ha agotado. Para los j\u00f3venes militantes palestinos que desean luchar contra el poderoso Estado israel\u00ed, los cohetes de Ham\u00e1s parecen ofrecer una especie de respuesta. Esta creencia ha recibido un fuerte impulso a ra\u00edz de los \u00faltimos acontecimientos.<\/p>\n\n\n\n<p>No cabe duda de que el \u00e9xito de Ham\u00e1s, al romper las defensas israel\u00edes, que se dec\u00edan inviolables, y asestar golpes contra Israel, ha sido visto como una victoria por muchos en el mundo \u00e1rabe, que anhelaban ver humillado a Israel.<\/p>\n\n\n\n<p>A corto plazo, esto aumentar\u00e1 enormemente el prestigio de Ham\u00e1s. Pero a largo plazo, las limitaciones del \u00e9xito de Ham\u00e1s se har\u00e1n demasiado evidentes. El equilibrio militar de fuerzas es abrumadoramente favorable a Israel.<\/p>\n\n\n\n<p>Los j\u00f3venes militantes han llegado a la conclusi\u00f3n de que la \u00fanica forma de avanzar no es a trav\u00e9s de las conversaciones, sino a trav\u00e9s de la lucha revolucionaria. Eso implica acciones de masas, huelgas de masas y s\u00ed, en \u00faltima instancia, la lucha contra el Estado de Israel debe significar la autodefensa armada y la lucha armada.<\/p>\n\n\n\n<p>Sin embargo, es importante no perder el sentido de la proporci\u00f3n. La lucha revolucionaria de las masas palestinas, mientras permanezca aislada, no bastar\u00e1 para derrotar el poder\u00edo del Estado israel\u00ed.<\/p>\n\n\n\n<p>Esto requerir\u00e1 los esfuerzos combinados de un movimiento revolucionario de masas en todo Oriente Medio. Pero un enorme obst\u00e1culo se interpone en el camino: los reg\u00edmenes \u00e1rabes burgueses reaccionarios apoyan la causa palestina s\u00f3lo de palabra, pero en cada coyuntura est\u00e1n dispuestos a traicionar a los palestinos y pactar con el imperialismo.<\/p>\n\n\n\n<p>S\u00f3lo mediante el derrocamiento de estos reg\u00edmenes corruptos podr\u00e1 abrirse el camino para la victoria de la revoluci\u00f3n socialista en Oriente Medio, condici\u00f3n previa para la liberaci\u00f3n de Palestina.<\/p>\n\n\n\n<p>En \u00faltima instancia, s\u00f3lo el establecimiento de un frente unido entre el pueblo de Palestina y la clase obrera y las capas progresistas de la sociedad israel\u00ed crear\u00e1 la posibilidad de dividir el Estado israel\u00ed en funci\u00f3n de las clases, abriendo el camino a una soluci\u00f3n duradera y democr\u00e1tica de la cuesti\u00f3n palestina.<\/p>\n\n\n\n<p>Esto ser\u00e1 un subproducto de la revoluci\u00f3n \u00e1rabe, que s\u00f3lo puede tener \u00e9xito si se lleva a cabo hasta el final. El derrocamiento de los reg\u00edmenes corruptos es s\u00f3lo una soluci\u00f3n a medias. La aut\u00e9ntica liberaci\u00f3n del pueblo s\u00f3lo puede lograrse mediante la expropiaci\u00f3n de los terratenientes, banqueros y capitalistas.<\/p>\n\n\n\n<h2 class=\"wp-block-heading\">Revoluci\u00f3n socialista: \u00a1la \u00fanica soluci\u00f3n!<\/h2>\n\n\n\n<p>Durante demasiado tiempo, Oriente Medio, con su colosal potencial, sus recursos naturales y su enorme reserva sin explotar de mano de obra excedentaria y j\u00f3venes instruidos, ha estado balcanizado, herencia del colonialismo que dividi\u00f3 la regi\u00f3n en peque\u00f1os Estados que pod\u00edan ser dominados y explotados con facilidad.<\/p>\n\n\n\n<p>Esta herencia venenosa ha sido caldo de cultivo de guerras interminables, odio nacional y religioso y otras fuerzas destructivas. La cuesti\u00f3n palestina es s\u00f3lo la expresi\u00f3n m\u00e1s evidente y monstruosa de este hecho.<\/p>\n\n\n\n<p>Los trabajadores no tienen ning\u00fan inter\u00e9s en conquistar territorio extranjero ni en mantener a otros pueblos en un estado de subyugaci\u00f3n. Cuando el poder est\u00e9 en manos de los trabajadores, todos los problemas a los que se enfrenta el mundo \u00e1rabe podr\u00e1n resolverse pac\u00edficamente, democr\u00e1ticamente, mediante acuerdos.<\/p>\n\n\n\n<p>Bajo una federaci\u00f3n socialista democr\u00e1tica, ser\u00eda posible establecer relaciones fraternales entre los pueblos -\u00e1rabes y jud\u00edos, sun\u00edes y chi\u00edes, kurdos y armenios, drusos y coptos. Se abrir\u00eda por fin el camino para una soluci\u00f3n duradera y democr\u00e1tica de la cuesti\u00f3n palestina.<\/p>\n\n\n\n<p>Hay tierra suficiente para crear un Estado palestino verdaderamente aut\u00f3nomo, viable y pr\u00f3spero, con plena autonom\u00eda tanto para \u00e1rabes como para jud\u00edos, siguiendo el modelo de las Rep\u00fablicas Sovi\u00e9ticas que establecieron los bolcheviques tras la Revoluci\u00f3n de Octubre.<\/p>\n\n\n\n<p>La gente de mente estrecha dir\u00e1 que esto es una utop\u00eda. Pero esa misma gente siempre ha sostenido que el socialismo es una utop\u00eda. Estos autodenominados &#8220;realistas&#8221; se aferran obstinadamente al statu quo, que dicen que es la \u00fanica realidad posible, por el mero hecho de que existe.<\/p>\n\n\n\n<p>Seg\u00fan esta &#8220;teor\u00eda&#8221; fracasada, la revoluci\u00f3n es imposible. Pero todo lo que existe merece perecer. Y toda la historia nos dice que las revoluciones no s\u00f3lo son posibles, sino inevitables. El sistema capitalista est\u00e1 podrido hasta la m\u00e9dula. Sus cimientos se desmoronan y se tambalea antes de caer.<\/p>\n\n\n\n<p>Lo \u00fanico que hace falta es darle un buen empuj\u00f3n. Y no est\u00e1 en absoluto descartado que esto pueda venir de un nuevo levantamiento en el mundo \u00e1rabe. Esta es la \u00fanica v\u00eda para los pueblos de Oriente Medio. La revoluci\u00f3n palestina triunfar\u00e1 como parte integrante de la revoluci\u00f3n socialista, o no triunfar\u00e1 en absoluto.<\/p>\n\n\n\n<p>Londres, 11 de octubre de 2023<\/p>\n","protected":false},"excerpt":{"rendered":"<p>La siguiente declaraci\u00f3n de la Corriente Marxista Internacional declara nuestra solidaridad con el pueblo palestino. Responde a la repugnante hipocres\u00eda del imperialismo occidental y sus lacayos, que se unen detr\u00e1s del reaccionario Estado israel\u00ed mientras desata una sangrienta venganza en Gaza, tras el ataque sorpresa de Ham\u00e1s el 7 de octubre. Adem\u00e1s, explicamos por qu\u00e9 [&hellip;]<\/p>\n","protected":false},"author":1,"featured_media":3755,"comment_status":"open","ping_status":"open","sticky":false,"template":"","format":"standard","meta":{"footnotes":""},"categories":[288],"tags":[269,272,289,330,444],"class_list":["post-3754","post","type-post","status-publish","format-standard","has-post-thumbnail","hentry","category-analisis-internacional","tag-palestina","tag-israel","tag-cmi","tag-imperialismo","tag-apartheid"],"yoast_head":"<!-- This site is optimized with the Yoast SEO plugin v27.4 - https:\/\/yoast.com\/product\/yoast-seo-wordpress\/ -->\n<title>\u00a1Abajo la hipocres\u00eda! \u00a1Defender Gaza! - Declaraci\u00f3n de la CMI - Colombia Marxista<\/title>\n<meta name=\"robots\" content=\"index, follow, max-snippet:-1, max-image-preview:large, max-video-preview:-1\" \/>\n<link rel=\"canonical\" href=\"https:\/\/colombiamarxista.com\/?p=3754\" \/>\n<meta property=\"og:locale\" content=\"es_ES\" \/>\n<meta property=\"og:type\" content=\"article\" \/>\n<meta property=\"og:title\" content=\"\u00a1Abajo la hipocres\u00eda! \u00a1Defender Gaza! - Declaraci\u00f3n de la CMI\" \/>\n<meta property=\"og:description\" content=\"La siguiente declaraci\u00f3n de la Corriente Marxista Internacional declara nuestra solidaridad con el pueblo palestino. Responde a la repugnante hipocres\u00eda del imperialismo occidental y sus lacayos, que se unen detr\u00e1s del reaccionario Estado israel\u00ed mientras desata una sangrienta venganza en Gaza, tras el ataque sorpresa de Ham\u00e1s el 7 de octubre. Adem\u00e1s, explicamos por qu\u00e9 [&hellip;]\" \/>\n<meta property=\"og:url\" content=\"https:\/\/colombiamarxista.com\/?p=3754\" \/>\n<meta property=\"og:site_name\" content=\"Colombia Marxista\" \/>\n<meta property=\"article:published_time\" content=\"2023-10-12T13:42:56+00:00\" \/>\n<meta property=\"article:modified_time\" content=\"2023-10-12T13:46:02+00:00\" \/>\n<meta property=\"og:image\" content=\"https:\/\/colombiamarxista.com\/wp-content\/uploads\/2023\/10\/Worker-breaking-missile.png.webp\" \/>\n\t<meta property=\"og:image:width\" content=\"1200\" \/>\n\t<meta property=\"og:image:height\" content=\"800\" \/>\n\t<meta property=\"og:image:type\" content=\"image\/webp\" \/>\n<meta name=\"author\" content=\"Consejo Editorial De Colombia Marxista\" \/>\n<meta name=\"twitter:card\" content=\"summary_large_image\" \/>\n<meta name=\"twitter:label1\" content=\"Escrito por\" \/>\n\t<meta name=\"twitter:data1\" content=\"Consejo Editorial De Colombia Marxista\" \/>\n\t<meta name=\"twitter:label2\" content=\"Tiempo de lectura\" \/>\n\t<meta name=\"twitter:data2\" content=\"28 minutos\" \/>\n<script type=\"application\/ld+json\" class=\"yoast-schema-graph\">{\"@context\":\"https:\\\/\\\/schema.org\",\"@graph\":[{\"@type\":\"Article\",\"@id\":\"https:\\\/\\\/colombiamarxista.com\\\/?p=3754#article\",\"isPartOf\":{\"@id\":\"https:\\\/\\\/colombiamarxista.com\\\/?p=3754\"},\"author\":{\"name\":\"Consejo Editorial De Colombia Marxista\",\"@id\":\"https:\\\/\\\/colombiamarxista.com\\\/#\\\/schema\\\/person\\\/e37d02f1454a536d01306cf74ee02c39\"},\"headline\":\"\u00a1Abajo la hipocres\u00eda! \u00a1Defender Gaza! &#8211; Declaraci\u00f3n de la CMI\",\"datePublished\":\"2023-10-12T13:42:56+00:00\",\"dateModified\":\"2023-10-12T13:46:02+00:00\",\"mainEntityOfPage\":{\"@id\":\"https:\\\/\\\/colombiamarxista.com\\\/?p=3754\"},\"wordCount\":6493,\"commentCount\":0,\"publisher\":{\"@id\":\"https:\\\/\\\/colombiamarxista.com\\\/#organization\"},\"image\":{\"@id\":\"https:\\\/\\\/colombiamarxista.com\\\/?p=3754#primaryimage\"},\"thumbnailUrl\":\"https:\\\/\\\/colombiamarxista.com\\\/wp-content\\\/uploads\\\/2023\\\/10\\\/Worker-breaking-missile.png.webp\",\"keywords\":[\"palestina\",\"israel\",\"CMI\",\"imperialismo\",\"apartheid\"],\"articleSection\":[\"Analisis Internacional\"],\"inLanguage\":\"es-CO\",\"potentialAction\":[{\"@type\":\"CommentAction\",\"name\":\"Comment\",\"target\":[\"https:\\\/\\\/colombiamarxista.com\\\/?p=3754#respond\"]}]},{\"@type\":\"WebPage\",\"@id\":\"https:\\\/\\\/colombiamarxista.com\\\/?p=3754\",\"url\":\"https:\\\/\\\/colombiamarxista.com\\\/?p=3754\",\"name\":\"\u00a1Abajo la hipocres\u00eda! \u00a1Defender Gaza! - Declaraci\u00f3n de la CMI - Colombia Marxista\",\"isPartOf\":{\"@id\":\"https:\\\/\\\/colombiamarxista.com\\\/#website\"},\"primaryImageOfPage\":{\"@id\":\"https:\\\/\\\/colombiamarxista.com\\\/?p=3754#primaryimage\"},\"image\":{\"@id\":\"https:\\\/\\\/colombiamarxista.com\\\/?p=3754#primaryimage\"},\"thumbnailUrl\":\"https:\\\/\\\/colombiamarxista.com\\\/wp-content\\\/uploads\\\/2023\\\/10\\\/Worker-breaking-missile.png.webp\",\"datePublished\":\"2023-10-12T13:42:56+00:00\",\"dateModified\":\"2023-10-12T13:46:02+00:00\",\"breadcrumb\":{\"@id\":\"https:\\\/\\\/colombiamarxista.com\\\/?p=3754#breadcrumb\"},\"inLanguage\":\"es-CO\",\"potentialAction\":[{\"@type\":\"ReadAction\",\"target\":[\"https:\\\/\\\/colombiamarxista.com\\\/?p=3754\"]}]},{\"@type\":\"ImageObject\",\"inLanguage\":\"es-CO\",\"@id\":\"https:\\\/\\\/colombiamarxista.com\\\/?p=3754#primaryimage\",\"url\":\"https:\\\/\\\/colombiamarxista.com\\\/wp-content\\\/uploads\\\/2023\\\/10\\\/Worker-breaking-missile.png.webp\",\"contentUrl\":\"https:\\\/\\\/colombiamarxista.com\\\/wp-content\\\/uploads\\\/2023\\\/10\\\/Worker-breaking-missile.png.webp\",\"width\":1200,\"height\":800},{\"@type\":\"BreadcrumbList\",\"@id\":\"https:\\\/\\\/colombiamarxista.com\\\/?p=3754#breadcrumb\",\"itemListElement\":[{\"@type\":\"ListItem\",\"position\":1,\"name\":\"Home\",\"item\":\"https:\\\/\\\/colombiamarxista.com\\\/\"},{\"@type\":\"ListItem\",\"position\":2,\"name\":\"\u00a1Abajo la hipocres\u00eda! \u00a1Defender Gaza! &#8211; Declaraci\u00f3n de la CMI\"}]},{\"@type\":\"WebSite\",\"@id\":\"https:\\\/\\\/colombiamarxista.com\\\/#website\",\"url\":\"https:\\\/\\\/colombiamarxista.com\\\/\",\"name\":\"Colombia Marxista\",\"description\":\"\",\"publisher\":{\"@id\":\"https:\\\/\\\/colombiamarxista.com\\\/#organization\"},\"potentialAction\":[{\"@type\":\"SearchAction\",\"target\":{\"@type\":\"EntryPoint\",\"urlTemplate\":\"https:\\\/\\\/colombiamarxista.com\\\/?s={search_term_string}\"},\"query-input\":{\"@type\":\"PropertyValueSpecification\",\"valueRequired\":true,\"valueName\":\"search_term_string\"}}],\"inLanguage\":\"es-CO\"},{\"@type\":\"Organization\",\"@id\":\"https:\\\/\\\/colombiamarxista.com\\\/#organization\",\"name\":\"Colombia Marxista\",\"url\":\"https:\\\/\\\/colombiamarxista.com\\\/\",\"logo\":{\"@type\":\"ImageObject\",\"inLanguage\":\"es-CO\",\"@id\":\"https:\\\/\\\/colombiamarxista.com\\\/#\\\/schema\\\/logo\\\/image\\\/\",\"url\":\"https:\\\/\\\/colombiamarxista.com\\\/wp-content\\\/uploads\\\/2021\\\/04\\\/logo-rojo.-03.png\",\"contentUrl\":\"https:\\\/\\\/colombiamarxista.com\\\/wp-content\\\/uploads\\\/2021\\\/04\\\/logo-rojo.-03.png\",\"width\":7328,\"height\":2601,\"caption\":\"Colombia Marxista\"},\"image\":{\"@id\":\"https:\\\/\\\/colombiamarxista.com\\\/#\\\/schema\\\/logo\\\/image\\\/\"}},{\"@type\":\"Person\",\"@id\":\"https:\\\/\\\/colombiamarxista.com\\\/#\\\/schema\\\/person\\\/e37d02f1454a536d01306cf74ee02c39\",\"name\":\"Consejo Editorial De Colombia Marxista\",\"image\":{\"@type\":\"ImageObject\",\"inLanguage\":\"es-CO\",\"@id\":\"https:\\\/\\\/secure.gravatar.com\\\/avatar\\\/27d462afb069d4f31317c3decd42f1acedbc140f1342d432b75cc0cb867e5fb1?s=96&d=mm&r=g\",\"url\":\"https:\\\/\\\/secure.gravatar.com\\\/avatar\\\/27d462afb069d4f31317c3decd42f1acedbc140f1342d432b75cc0cb867e5fb1?s=96&d=mm&r=g\",\"contentUrl\":\"https:\\\/\\\/secure.gravatar.com\\\/avatar\\\/27d462afb069d4f31317c3decd42f1acedbc140f1342d432b75cc0cb867e5fb1?s=96&d=mm&r=g\",\"caption\":\"Consejo Editorial De Colombia Marxista\"},\"sameAs\":[\"http:\\\/\\\/colombiamarxista.com\"],\"url\":\"https:\\\/\\\/www.marxist.com\\\/abajo-la-hipocresia-defender-gaza-declaracion-de-la-cmi.htm\"}]}<\/script>\n<!-- \/ Yoast SEO plugin. -->","yoast_head_json":{"title":"\u00a1Abajo la hipocres\u00eda! \u00a1Defender Gaza! - Declaraci\u00f3n de la CMI - Colombia Marxista","robots":{"index":"index","follow":"follow","max-snippet":"max-snippet:-1","max-image-preview":"max-image-preview:large","max-video-preview":"max-video-preview:-1"},"canonical":"https:\/\/colombiamarxista.com\/?p=3754","og_locale":"es_ES","og_type":"article","og_title":"\u00a1Abajo la hipocres\u00eda! \u00a1Defender Gaza! - Declaraci\u00f3n de la CMI","og_description":"La siguiente declaraci\u00f3n de la Corriente Marxista Internacional declara nuestra solidaridad con el pueblo palestino. Responde a la repugnante hipocres\u00eda del imperialismo occidental y sus lacayos, que se unen detr\u00e1s del reaccionario Estado israel\u00ed mientras desata una sangrienta venganza en Gaza, tras el ataque sorpresa de Ham\u00e1s el 7 de octubre. Adem\u00e1s, explicamos por qu\u00e9 [&hellip;]","og_url":"https:\/\/colombiamarxista.com\/?p=3754","og_site_name":"Colombia Marxista","article_published_time":"2023-10-12T13:42:56+00:00","article_modified_time":"2023-10-12T13:46:02+00:00","og_image":[{"width":1200,"height":800,"url":"https:\/\/colombiamarxista.com\/wp-content\/uploads\/2023\/10\/Worker-breaking-missile.png.webp","type":"image\/webp"}],"author":"Consejo Editorial De Colombia Marxista","twitter_card":"summary_large_image","twitter_misc":{"Escrito por":"Consejo Editorial De Colombia Marxista","Tiempo de lectura":"28 minutos"},"schema":{"@context":"https:\/\/schema.org","@graph":[{"@type":"Article","@id":"https:\/\/colombiamarxista.com\/?p=3754#article","isPartOf":{"@id":"https:\/\/colombiamarxista.com\/?p=3754"},"author":{"name":"Consejo Editorial De Colombia Marxista","@id":"https:\/\/colombiamarxista.com\/#\/schema\/person\/e37d02f1454a536d01306cf74ee02c39"},"headline":"\u00a1Abajo la hipocres\u00eda! \u00a1Defender Gaza! &#8211; Declaraci\u00f3n de la CMI","datePublished":"2023-10-12T13:42:56+00:00","dateModified":"2023-10-12T13:46:02+00:00","mainEntityOfPage":{"@id":"https:\/\/colombiamarxista.com\/?p=3754"},"wordCount":6493,"commentCount":0,"publisher":{"@id":"https:\/\/colombiamarxista.com\/#organization"},"image":{"@id":"https:\/\/colombiamarxista.com\/?p=3754#primaryimage"},"thumbnailUrl":"https:\/\/colombiamarxista.com\/wp-content\/uploads\/2023\/10\/Worker-breaking-missile.png.webp","keywords":["palestina","israel","CMI","imperialismo","apartheid"],"articleSection":["Analisis Internacional"],"inLanguage":"es-CO","potentialAction":[{"@type":"CommentAction","name":"Comment","target":["https:\/\/colombiamarxista.com\/?p=3754#respond"]}]},{"@type":"WebPage","@id":"https:\/\/colombiamarxista.com\/?p=3754","url":"https:\/\/colombiamarxista.com\/?p=3754","name":"\u00a1Abajo la hipocres\u00eda! \u00a1Defender Gaza! - Declaraci\u00f3n de la CMI - Colombia Marxista","isPartOf":{"@id":"https:\/\/colombiamarxista.com\/#website"},"primaryImageOfPage":{"@id":"https:\/\/colombiamarxista.com\/?p=3754#primaryimage"},"image":{"@id":"https:\/\/colombiamarxista.com\/?p=3754#primaryimage"},"thumbnailUrl":"https:\/\/colombiamarxista.com\/wp-content\/uploads\/2023\/10\/Worker-breaking-missile.png.webp","datePublished":"2023-10-12T13:42:56+00:00","dateModified":"2023-10-12T13:46:02+00:00","breadcrumb":{"@id":"https:\/\/colombiamarxista.com\/?p=3754#breadcrumb"},"inLanguage":"es-CO","potentialAction":[{"@type":"ReadAction","target":["https:\/\/colombiamarxista.com\/?p=3754"]}]},{"@type":"ImageObject","inLanguage":"es-CO","@id":"https:\/\/colombiamarxista.com\/?p=3754#primaryimage","url":"https:\/\/colombiamarxista.com\/wp-content\/uploads\/2023\/10\/Worker-breaking-missile.png.webp","contentUrl":"https:\/\/colombiamarxista.com\/wp-content\/uploads\/2023\/10\/Worker-breaking-missile.png.webp","width":1200,"height":800},{"@type":"BreadcrumbList","@id":"https:\/\/colombiamarxista.com\/?p=3754#breadcrumb","itemListElement":[{"@type":"ListItem","position":1,"name":"Home","item":"https:\/\/colombiamarxista.com\/"},{"@type":"ListItem","position":2,"name":"\u00a1Abajo la hipocres\u00eda! \u00a1Defender Gaza! &#8211; Declaraci\u00f3n de la CMI"}]},{"@type":"WebSite","@id":"https:\/\/colombiamarxista.com\/#website","url":"https:\/\/colombiamarxista.com\/","name":"Colombia Marxista","description":"","publisher":{"@id":"https:\/\/colombiamarxista.com\/#organization"},"potentialAction":[{"@type":"SearchAction","target":{"@type":"EntryPoint","urlTemplate":"https:\/\/colombiamarxista.com\/?s={search_term_string}"},"query-input":{"@type":"PropertyValueSpecification","valueRequired":true,"valueName":"search_term_string"}}],"inLanguage":"es-CO"},{"@type":"Organization","@id":"https:\/\/colombiamarxista.com\/#organization","name":"Colombia Marxista","url":"https:\/\/colombiamarxista.com\/","logo":{"@type":"ImageObject","inLanguage":"es-CO","@id":"https:\/\/colombiamarxista.com\/#\/schema\/logo\/image\/","url":"https:\/\/colombiamarxista.com\/wp-content\/uploads\/2021\/04\/logo-rojo.-03.png","contentUrl":"https:\/\/colombiamarxista.com\/wp-content\/uploads\/2021\/04\/logo-rojo.-03.png","width":7328,"height":2601,"caption":"Colombia Marxista"},"image":{"@id":"https:\/\/colombiamarxista.com\/#\/schema\/logo\/image\/"}},{"@type":"Person","@id":"https:\/\/colombiamarxista.com\/#\/schema\/person\/e37d02f1454a536d01306cf74ee02c39","name":"Consejo Editorial De Colombia Marxista","image":{"@type":"ImageObject","inLanguage":"es-CO","@id":"https:\/\/secure.gravatar.com\/avatar\/27d462afb069d4f31317c3decd42f1acedbc140f1342d432b75cc0cb867e5fb1?s=96&d=mm&r=g","url":"https:\/\/secure.gravatar.com\/avatar\/27d462afb069d4f31317c3decd42f1acedbc140f1342d432b75cc0cb867e5fb1?s=96&d=mm&r=g","contentUrl":"https:\/\/secure.gravatar.com\/avatar\/27d462afb069d4f31317c3decd42f1acedbc140f1342d432b75cc0cb867e5fb1?s=96&d=mm&r=g","caption":"Consejo Editorial De Colombia Marxista"},"sameAs":["http:\/\/colombiamarxista.com"],"url":"https:\/\/www.marxist.com\/abajo-la-hipocresia-defender-gaza-declaracion-de-la-cmi.htm"}]}},"_links":{"self":[{"href":"https:\/\/colombiamarxista.com\/index.php?rest_route=\/wp\/v2\/posts\/3754","targetHints":{"allow":["GET"]}}],"collection":[{"href":"https:\/\/colombiamarxista.com\/index.php?rest_route=\/wp\/v2\/posts"}],"about":[{"href":"https:\/\/colombiamarxista.com\/index.php?rest_route=\/wp\/v2\/types\/post"}],"author":[{"embeddable":true,"href":"https:\/\/colombiamarxista.com\/index.php?rest_route=\/wp\/v2\/users\/1"}],"replies":[{"embeddable":true,"href":"https:\/\/colombiamarxista.com\/index.php?rest_route=%2Fwp%2Fv2%2Fcomments&post=3754"}],"version-history":[{"count":0,"href":"https:\/\/colombiamarxista.com\/index.php?rest_route=\/wp\/v2\/posts\/3754\/revisions"}],"wp:featuredmedia":[{"embeddable":true,"href":"https:\/\/colombiamarxista.com\/index.php?rest_route=\/wp\/v2\/media\/3755"}],"wp:attachment":[{"href":"https:\/\/colombiamarxista.com\/index.php?rest_route=%2Fwp%2Fv2%2Fmedia&parent=3754"}],"wp:term":[{"taxonomy":"category","embeddable":true,"href":"https:\/\/colombiamarxista.com\/index.php?rest_route=%2Fwp%2Fv2%2Fcategories&post=3754"},{"taxonomy":"post_tag","embeddable":true,"href":"https:\/\/colombiamarxista.com\/index.php?rest_route=%2Fwp%2Fv2%2Ftags&post=3754"}],"curies":[{"name":"wp","href":"https:\/\/api.w.org\/{rel}","templated":true}]}}