{"id":3473,"date":"2023-07-24T10:31:43","date_gmt":"2023-07-24T15:31:43","guid":{"rendered":"https:\/\/colombiamarxista.com\/?p=3473"},"modified":"2023-08-09T11:54:36","modified_gmt":"2023-08-09T16:54:36","slug":"la-segunda-ola-de-gobiernos-progresistas-de-america-latina-primero-como-tragedia-luego-como-farsa","status":"publish","type":"post","link":"https:\/\/colombiamarxista.com\/?p=3473","title":{"rendered":"La segunda ola de \u201cgobiernos progresistas\u00bb de Am\u00e9rica Latina: primero como tragedia, luego como farsa"},"content":{"rendered":"\n<p>La elecci\u00f3n de Lula en Brasil y de Petro en Colombia en 2022 ha provocado un aumento del ruido tanto en los medios de comunicaci\u00f3n como en los c\u00edrculos de izquierda sobre una segunda \u00abmarea rosa\u00bb en Am\u00e9rica Latina. Se trata de una referencia a la ola de gobiernos llamados \u00abprogresistas\u00bb que estuvieron en el poder durante varios a\u00f1os en diferentes pa\u00edses del continente entre 1998-2015. Tal vez sea acertado que se describa a estos gobiernos como una marea \u00abrosa\u00bb, ya que sin duda distan mucho de ser de color rojo socialistas. Es necesario examinar el car\u00e1cter de esa primera oleada, las razones que le permitieron durar tanto tiempo, por qu\u00e9 lleg\u00f3 a su fin y las diferentes condiciones a las que se enfrenta esta nueva oleada.<\/p>\n\n\n\n<p><a href=\"https:\/\/americasocialista.org\/la-segunda-ola-de-gobiernos-progresistas-de-america-latina-primero-como-tragedia-luego-como-farsa\/\"><strong>FUENTE ORIGINAL<\/strong><\/a><\/p>\n\n\n\n<p>De hecho, los gobiernos descritos por los medios de comunicaci\u00f3n burgueses como, de una manera u otra, de \u2018centro-izquierda\u2019 han sido elegidos en Argentina (2019), Brasil (2022), Chile (2021), Colombia (2022) y M\u00e9xico (2018). Son los cinco pa\u00edses m\u00e1s grandes de Am\u00e9rica Latina. A ellos podr\u00edamos a\u00f1adir el ef\u00edmero gobierno de Pedro Castillo en Per\u00fa (la sexta naci\u00f3n m\u00e1s poblada), Bolivia (2020) y Honduras (2021).<\/p>\n\n\n\n<p>Se trata ciertamente de un cambio radical con respecto a los gobiernos abiertamente derechistas de Macri (Argentina), Bolsonaro (Brasil), Pe\u00f1a Nieto (M\u00e9xico), Pi\u00f1era (Chile) y los gobiernos golpistas de Honduras y Bolivia. Estos son tambi\u00e9n los principales pa\u00edses que compon\u00edan el difunto \u00abGrupo de Lima\u00bb, una organizaci\u00f3n ad hoc creada en 2017 para llevar a cabo un cambio de r\u00e9gimen en Venezuela en nombre del imperialismo estadounidense.<\/p>\n\n\n\n<p>A primera vista, parece un conjunto bastante poderoso. Algunos,&nbsp;<a href=\"https:\/\/jacobin.com\/2022\/07\/second-pink-tide-latin-american-left\">como&nbsp;<em>Jacobin<\/em><\/a>, en su entusiasmo por estos gobiernos han llegado a decir que esta nueva ola ser\u00e1 m\u00e1s fuerte que la primera. Sin embargo, como explicaremos, muchos de estos gobiernos no son en absoluto de izquierdas; varios incluyen a representantes abiertos de la clase dominante; y ninguno de ellos tiene un programa claro para desafiar al capitalismo.<\/p>\n\n\n\n<p>Pero antes de entrar en materia, conviene analizar el car\u00e1cter de la primera oleada de \u00abgobiernos progresistas\u00bb y las razones de su ca\u00edda.<\/p>\n\n\n\n<h2 class=\"wp-block-heading\">La crisis de los 80<\/h2>\n\n\n\n<p>Durante la d\u00e9cada de 1980, Am\u00e9rica Latina atraves\u00f3 lo que se conoci\u00f3 como \u00abla d\u00e9cada perdida\u00bb. Las causas inmediatas de la crisis tuvieron que ver con la crisis capitalista mundial de finales de los a\u00f1os setenta. La contracci\u00f3n de la econom\u00eda mundial provoc\u00f3 el desplome de los precios del petr\u00f3leo y otras materias primas, lo que afect\u00f3 a las econom\u00edas latinoamericanas que exportaban estos productos al mercado mundial. A esto se sum\u00f3 la subida de los tipos de inter\u00e9s en los pa\u00edses capitalistas avanzados para luchar contra la inflaci\u00f3n galopante que se hab\u00eda desarrollado durante la d\u00e9cada de 1970. Esto hizo que los intereses de la deuda externa de Am\u00e9rica Latina, denominada en d\u00f3lares, fueran mucho m\u00e1s caros.<\/p>\n\n\n\n<p>Esta combinaci\u00f3n de factores produjo una fuerte contracci\u00f3n econ\u00f3mica en el conjunto del continente. El PIB se estanc\u00f3 en 1981 (creciendo un 0,8%), y se contrajo en 1982 (-0,3%) y 1983 (-1,9%). En t\u00e9rminos per c\u00e1pita, el PIB se contrajo un 9% entre 1980 y 1985. En 1982, M\u00e9xico declar\u00f3 el impago de su deuda externa, lo que provoc\u00f3 una crisis generalizada de la deuda en el continente. Los prestamistas extranjeros no estaban dispuestos a renegociar y exigieron la devoluci\u00f3n de su dinero.<\/p>\n\n\n\n<p>El \u00fanico recurso que ten\u00edan los pa\u00edses latinoamericanos era el FMI, que intervino exigiendo la aplicaci\u00f3n de brutales paquetes de austeridad, recortes masivos del gasto p\u00fablico y privatizaci\u00f3n de activos estatales, todo ello en nombre del pago de la deuda externa. Decenas de millones de personas fueron arrojadas a la pobreza mientras los gobiernos se ve\u00edan obligados a pagar miles de millones de d\u00f3lares a los acreedores imperialistas en el extranjero. En medio de una crisis brutal, se produjo una enorme transferencia de renta de los obreros y campesinos del continente a los banqueros parasitarios occidentales.<\/p>\n\n\n\n<p>Las consecuencias sociales y pol\u00edticas de la crisis se dejaron sentir en todo el continente: contribuyeron al fin de las dictaduras militares en Chile, Argentina y Brasil, debilitaron gravemente el gobierno del PRI en M\u00e9xico y provocaron un levantamiento popular masivo en Venezuela en 1989.<\/p>\n\n\n\n<p>Este fue el comienzo de lo que se conoci\u00f3 como \u00abneoliberalismo\u00bb. En realidad, se trataba de las pol\u00edticas impuestas por el imperialismo y las oligarqu\u00edas locales para hacer pagar a los trabajadores la crisis del capitalismo. A esto se sum\u00f3, a principios de los a\u00f1os 90, el proceso conocido como \u00abglobalizaci\u00f3n\u00bb, es decir, la mayor explotaci\u00f3n del mercado mundial por parte de las potencias imperialistas.<\/p>\n\n\n\n<p>Los pa\u00edses latinoamericanos se vieron obligados a \u00ababrir\u00bb sus econom\u00edas, lo que supuso su mayor penetraci\u00f3n por parte de las multinacionales extranjeras. En la pr\u00e1ctica, los llamados acuerdos de libre comercio profundizaron la dominaci\u00f3n de las econom\u00edas de estos pa\u00edses por parte del imperialismo. Se derribaron las protecciones comerciales; se privatiz\u00f3 el sector estatal y se abri\u00f3 a la inversi\u00f3n de las multinacionales; se suprimieron las protecciones laborales y medioambientales que hab\u00eda; se establecieron sistemas privados de pensiones.<\/p>\n\n\n\n<p>Los pa\u00edses que fueron m\u00e1s lejos por esta senda fueron quiz\u00e1s Chile (donde el proceso se inici\u00f3 con la intervenci\u00f3n de los \u00abChicago Boys\u00bb ultramonetaristas bajo el r\u00e9gimen sangriento de Pinochet) y en Per\u00fa (sobre todo durante la dictadura de Fujimori en los a\u00f1os noventa). Las multinacionales espa\u00f1olas desempe\u00f1aron un papel clave en este proceso, apoder\u00e1ndose de bancos, telecomunicaciones y gas. Tambi\u00e9n se beneficiaron las multinacionales mineras brit\u00e1nicas, canadienses y estadounidenses.<\/p>\n\n\n\n<p>A finales de la d\u00e9cada de 1990, el impacto total de estas pol\u00edticas estaba a la vista de todos. Se produjo un aumento masivo de la pobreza y la pobreza extrema, abri\u00e9ndose un enorme abismo de desigualdad en la distribuci\u00f3n de los ingresos y una dominaci\u00f3n cada vez mayor de estas naciones por parte el mercado capitalista mundial.<\/p>\n\n\n\n<h2 class=\"wp-block-heading\">Levantamientos masivos<\/h2>\n\n\n\n<p>El escenario estaba preparado para levantamientos masivos de obreros y campesinos, que r\u00e1pidamente adquirieron caracter\u00edsticas insurreccionales. Ya en 1994 vimos el levantamiento zapatista en M\u00e9xico, con su base entre los campesinos pobres de Chiapas, pero con un amplio apoyo y simpat\u00eda en todo el pa\u00eds.<\/p>\n\n\n\n<p>Estas fueron las condiciones materiales, combinadas con los esc\u00e1ndalos de corrupci\u00f3n, que condujeron a un descr\u00e9dito masivo de todas las instituciones burguesas y a una apat\u00eda generalizada de los votantes. Seg\u00fan Latinbar\u00f3metro, s\u00f3lo el 25% de la poblaci\u00f3n de todo el continente estaba \u00absatisfecha con la democracia\u00bb en 2001. Por primera vez, la proporci\u00f3n de quienes creen que \u00abla democracia es mejor que cualquier otra forma de gobierno\u00bb cay\u00f3 por debajo del 50% en toda la regi\u00f3n (48% en 2001).<\/p>\n\n\n\n<p>El impacto de la crisis del sudeste asi\u00e1tico de 1998 desencaden\u00f3 finalmente un proceso de luchas y levantamientos de masas en todo el continente. El PIB per c\u00e1pita cay\u00f3 un 1,3% en 2001 y otro 2,3% en 2002.<\/p>\n\n\n\n<p>El siglo XXI comenz\u00f3 en Am\u00e9rica Latina con el levantamiento masivo de trabajadores y campesinos en&nbsp;<a href=\"https:\/\/www.marxist.com\/el-siglo-21-ha-empezado-con-la-insurreccion-en-ecuador.htm\">Ecuador<\/a>, que condujo al derrocamiento del odiado gobierno de Jamil Mahuad. Ya en 1997 las masas hab\u00edan derrocado al presidente Abdal\u00e1 Bucaram cuando, tras incumplir sus promesas electorales, pas\u00f3 a aplicar un paquete de austeridad impuesto por el FMI. Durante el levantamiento del a\u00f1o 2000, se plante\u00f3 la cuesti\u00f3n del poder. Las masas, dirigidas por las organizaciones ind\u00edgenas y con el apoyo de los sindicatos obreros, crearon una Asamblea de los Pueblos y cerraron el parlamento burgu\u00e9s. Cuando el gobierno intent\u00f3 utilizar al ej\u00e9rcito, una parte se pas\u00f3 al bando de las masas. Pero en el momento crucial, cuando las organizaciones de masas de obreros y campesinos ten\u00edan el poder en sus manos, sus dirigentes no actuaron.<\/p>\n\n\n\n<p>En Bolivia se produjeron acontecimientos similares, empezando por la \u00abguerra del agua\u00bb en Cochabamba en 1999-2000. En esa victoriosa lucha, la masa de trabajadores y campesinos desafi\u00f3 los intentos de privatizaci\u00f3n del agua mediante un levantamiento local. Se rompi\u00f3 as\u00ed un ciclo de derrotas y desmoralizaci\u00f3n que se hab\u00eda instalado tras la derrota de los mineros en los a\u00f1os ochenta. Luego vinieron las dos \u00ab<a href=\"http:\/\/www.bolshevik.info\/guerra-del-gas-en-bolivia-jm-aw.htm\">guerras del gas<\/a>\u00ab, en febrero y octubre de 2003 y en mayo-junio de 2005.<\/p>\n\n\n\n<p>Fueron verdaderos movimientos insurreccionales desencadenados en torno a la reivindicaci\u00f3n de la nacionalizaci\u00f3n del gas. La masa de obreros y campesinos paraliz\u00f3 el pa\u00eds con bloqueos de carreteras y una poderosa huelga general. Los mineros marcharon sobre la capital armados con cartuchos de dinamita. Los edificios del gobierno fueron rodeados. Una vez m\u00e1s, el poderoso sindicato COB podr\u00eda haber tomado el poder, e incluso habl\u00f3 de ello en sus propias declaraciones. As\u00ed, en octubre de 2003, despu\u00e9s del derrocamiento de Go\u00f1i S\u00e1nchez de Losada, el&nbsp;<a href=\"https:\/\/luchadeclases.org.ve\/?p=21\">ampliado nacional de la Central Obrera Boliviana lleg\u00f3 a la siguiente conclusi\u00f3n<\/a>: \u201clos obreros, campesinos, naciones oprimidas y clases medias empobrecidas no le arrebataron el poder a la clase dominante porque no cuentan a\u00fan con un partido revolucionario\u00bb. Sin embargo, no consiguieron llevar la situaci\u00f3n hasta su conclusi\u00f3n l\u00f3gica, la toma del poder, ni en 2003, ni tampoco en 2005.<\/p>\n\n\n\n<p>A finales de 2001 asistimos a otro levantamiento, esta vez en Argentina, que se conoci\u00f3 como el&nbsp;<a href=\"https:\/\/www.marxist.com\/argentina-la-revolucion-ha-comenzado.htm\"><em>Argentinazo<\/em><\/a>. Espont\u00e1neamente, espoleadas por la crisis econ\u00f3mica y la corrida bancaria, las masas salieron a la calle y desafiaron el orden establecido. En pocas semanas, cinco gobiernos se sucedieron, incapaces de controlar el poderoso movimiento de masas. Se plante\u00f3 la cuesti\u00f3n del poder, y las masas se organizaron en Asambleas Populares y en un enorme movimiento&nbsp;<em>piquetero&nbsp;<\/em>de trabajadores desempleados.<\/p>\n\n\n\n<p>El levantamiento aqu\u00ed no lleg\u00f3 tan lejos como antes en Ecuador y despu\u00e9s en Bolivia, pero el potencial estaba ah\u00ed para que un movimiento revolucionario desafiara el poder de la clase dominante. Desgraciadamente, las organizaciones que se dec\u00edan \u00abtrotskistas\u00bb en Argentina no plantearon claramente la cuesti\u00f3n del poder obrero. En su lugar, s\u00f3lo plantearon consignas democr\u00e1ticas, como la convocatoria de una&nbsp;<a href=\"https:\/\/www.marxist.com\/sobre-la-consigna-de-la-asamblea-constituyente-se-puede-aplicar-a-argentina.htm\">Asamblea Constituyente<\/a>, que claramente no eran aplicables a una situaci\u00f3n en la que ya exist\u00eda una democracia burguesa en el pa\u00eds.<\/p>\n\n\n\n<p>A estas insurrecciones hay que a\u00f1adir tambi\u00e9n el&nbsp;<em>Arequipazo&nbsp;<\/em>en Per\u00fa en 2002, una huelga general masiva que derrot\u00f3 la privatizaci\u00f3n de la electricidad en Arequipa; as\u00ed como la&nbsp;<a href=\"https:\/\/www.marxist.com\/oaxaca-spearhead-mexican-revolution310806.htm\">comuna de Oaxaca en 2006<\/a>&nbsp;y el movimiento de masas contra el&nbsp;<a href=\"https:\/\/www.marxist.com\/revolutionary-reawakening-mexico080906.htm\">fraude electoral<\/a>&nbsp;en M\u00e9xico ese mismo a\u00f1o.<\/p>\n\n\n\n<p>Subrayo la cuesti\u00f3n de estos levantamientos porque el proceso suele presentarse como la mera elecci\u00f3n de gobiernos \u00abprogresistas\u00bb que luego procedieron a llevar a cabo reformas. En realidad, lo que hab\u00eda entonces era una explosi\u00f3n de ira acumulada contra las consecuencias sociales y econ\u00f3micas de las pol\u00edticas ultraliberales (conocidas como \u00abneoliberalismo\u00bb) y las desacreditadas instituciones de la democracia burguesa. La masa de trabajadores y campesinos tom\u00f3 el asunto en sus manos y plante\u00f3 la cuesti\u00f3n del poder.<\/p>\n\n\n\n<p>Fue la incapacidad de estos levantamientos de culminar en la toma del poder por parte de la clase trabajadora, debido a la debilidad de sus direcciones, lo que permiti\u00f3 luego el encarrilamiento y desv\u00edo del movimiento hacia el terreno electoral burgu\u00e9s, llevando a la elecci\u00f3n de N\u00e9stor Kirchner (Argentina, 2003), Evo Morales (Bolivia, 2005) y Rafael Correa (Ecuador, 2006), entre otros.&nbsp;<em>Una vez en el poder, el papel que desempe\u00f1aron estos gobiernos fue el de restaurar la legitimidad de las desacreditadas instituciones democr\u00e1tico-burguesas, cerrar por arriba el movimiento insurreccional de las masas desde abajo y restablecer cierto grado de equilibrio.<\/em><\/p>\n\n\n\n<p>En el caso de Bolivia y Ecuador, las Asambleas Constituyentes desempe\u00f1aron un papel decisivo en este proceso de restauraci\u00f3n de la legitimidad de las instituciones democr\u00e1tico-burguesas. Se redactaron nuevas constituciones, que conten\u00edan muchas palabras bonitas y grandilocuentes, incluso sobre el car\u00e1cter \u00abplurinacional\u00bb de estos pa\u00edses. A pesar de todos los cambios progresistas que se llevaron a cabo -y las reformas son siempre el subproducto de la revoluci\u00f3n-, la propiedad capitalista permaneci\u00f3 intacta, y con ella la dominaci\u00f3n imperialista y la opresi\u00f3n de los pueblos ind\u00edgenas.<\/p>\n\n\n\n<h2 class=\"wp-block-heading\">Venezuela<\/h2>\n\n\n\n<p>Los acontecimientos en Venezuela, por supuesto, formaron parte del mismo proceso general, pero siguieron l\u00edneas diferentes y tuvieron algunos rasgos distintivos espec\u00edficos. La elecci\u00f3n de Hugo Ch\u00e1vez en 1998 no fue tanto el inicio de un proceso como la consecuencia de cambios profundos en la conciencia de las masas que se remontaban al levantamiento del Caracazo de 1989, cuando Carlos Andr\u00e9s P\u00e9rez aplic\u00f3 un paquete de austeridad impuesto por el FMI. Miles de personas fueron masacradas cuando este levantamiento espont\u00e1neo de trabajadores, j\u00f3venes y pobres urbanos fue brutalmente reprimido por el ej\u00e9rcito y la polic\u00eda. Ello provoc\u00f3 a su vez escisiones en el seno del ej\u00e9rcito y la aparici\u00f3n de un grupo de oficiales&nbsp;<em>bolivarianos<\/em>, liderados por Ch\u00e1vez, que se opusieron a la represi\u00f3n e intentaron en dos ocasiones desencadenar un levantamiento c\u00edvico-militar en 1992.<\/p>\n\n\n\n<p>Cuando Ch\u00e1vez lleg\u00f3 al poder en 1998 defend\u00eda un programa progresista limitado: acabar con la corrupci\u00f3n y utilizar la riqueza nacional del pa\u00eds (procedente principalmente del petr\u00f3leo) para llevar a cabo programas sociales en beneficio de la mayor\u00eda pobre. En aquel momento, ni siquiera ten\u00eda un car\u00e1cter expl\u00edcitamente antiimperialista. Eso llegar\u00eda m\u00e1s tarde, en 2004.<\/p>\n\n\n\n<p>Sin embargo, el intento de poner realmente en pr\u00e1ctica ese limitado programa nacional democr\u00e1tico, en particular la reforma agraria y el control gubernamental de la industria petrolera estatal PDVSA con las leyes habilitantes de 2001, provoc\u00f3 la ira de la oligarqu\u00eda capitalista y el imperialismo que decidieron derrocar al gobierno mediante un golpe de estado el 11 de abril de 2002.<\/p>\n\n\n\n<p>Ese golpe fue derrotado en menos de 48h gracias a la irrupci\u00f3n de las masas en escena, que pusieron de su lado a una parte del ej\u00e9rcito. Fue un hecho in\u00e9dito en la historia de Am\u00e9rica Latina: un golpe militar, organizado por la oligarqu\u00eda capitalista y el imperialismo derrotado por las masas en las calles. Esto aument\u00f3 enormemente la confianza de las masas en sus propias fuerzas.<\/p>\n\n\n\n<p>A trav\u00e9s de una serie de golpes y contragolpes, y mediante la participaci\u00f3n activa de las masas, la \u00abrevoluci\u00f3n bolivariana\u00bb, como se la hab\u00eda llegado a conocer, fue impulsada hacia la izquierda, en una direcci\u00f3n cada vez m\u00e1s anticapitalista. La experiencia de las masas en la derrota del paro patronal y el saboteo de la econom\u00eda de diciembre de 2002 a febrero de 2003 condujo a un movimiento de ocupaciones de f\u00e1bricas. Se desarroll\u00f3 una relaci\u00f3n din\u00e1mica entre Ch\u00e1vez y las masas: cada uno empujaba al otro a ir m\u00e1s lejos.<\/p>\n\n\n\n<p>En mayo de 2004, Ch\u00e1vez declar\u00f3 el car\u00e1cter antiimperialista de la revoluci\u00f3n. En enero de 2005,&nbsp;<a href=\"https:\/\/luchadeclases.org.ve\/?p=1130\">decret\u00f3 la nacionalizaci\u00f3n de Venepal<\/a>, una f\u00e1brica de papel que hab\u00eda sido ocupada por sus trabajadores. Otras siguieron su ejemplo y se desarroll\u00f3 un movimiento de control obrero. M\u00e1s tarde, ese mismo mes,&nbsp;<a href=\"https:\/\/luchadeclases.org.ve\/?p=1149\">declar\u00f3 que el objetivo de la revoluci\u00f3n era el socialismo<\/a>.<\/p>\n\n\n\n<p>El movimiento por el control obrero no se limit\u00f3 a las f\u00e1bricas privadas abandonadas por sus patronos y luego nacionalizadas, sino que se extendi\u00f3 tambi\u00e9n a algunas de las principales empresas estatales del pa\u00eds, como CADAFE,&nbsp;<a href=\"https:\/\/luchadeclases.org.ve\/?p=1284\">ALCASA<\/a>&nbsp;y otras. Con el respaldo del gobierno de Ch\u00e1vez, en octubre de 2005 se celebr\u00f3 en Caracas el&nbsp;<a href=\"https:\/\/www.marxist.com\/encuentro-latinamericano-trabajadores.htm\">primer encuentro latinoamericano de trabajadores de f\u00e1bricas ocupadas<\/a>. En 2008, el gigante sider\u00fargico SIDOR fue&nbsp;<a href=\"https:\/\/www.marxist.com\/chavez-renacionaliza-sidor.htm\">renacionalizado y puesto bajo una forma de control obrero<\/a>.<\/p>\n\n\n\n<p>Mientras tanto, los campesinos ocupaban los grandes latifundios con el respaldo de Ch\u00e1vez. Y en todo el pa\u00eds, las masas se hab\u00edan estado organizando desde el principio de su gobierno en decenas de organizaciones: comit\u00e9s de tierra urbana, sindicatos clasistas, radios y televisoras comunitarias, etc..<\/p>\n\n\n\n<p>Lejos de restablecer la legitimidad de las instituciones burguesas, este proceso iba en la direcci\u00f3n contraria, aunque con muchas contradicciones: es decir, reforzaba la participaci\u00f3n directa de las masas en la vida pol\u00edtica y econ\u00f3mica del pa\u00eds. Ch\u00e1vez lleg\u00f3 a plantear la necesidad de \u00abpulverizar el Estado burgu\u00e9s\u00bb, aunque esto nunca lleg\u00f3 a ponerse en pr\u00e1ctica. Esto fue lo que enfrent\u00f3 a la Revoluci\u00f3n venezolana con los llamados \u00abgobiernos progresistas\u00bb de Am\u00e9rica Latina.<\/p>\n\n\n\n<p>La situaci\u00f3n en Brasil tambi\u00e9n ten\u00eda un car\u00e1cter diferente. Aqu\u00ed tuvimos la elecci\u00f3n de Lula en 2002, a la cabeza del Partido de los Trabajadores, una organizaci\u00f3n que hab\u00eda sido creada como expresi\u00f3n pol\u00edtica de la clase obrera en los d\u00edas revolucionarios de la lucha contra la dictadura. Su elecci\u00f3n reflejaba el deseo de cambio fundamental de las masas trabajadoras, los campesinos sin tierra y los pobres urbanos y rurales en general. Pero para entonces, Lula y la direcci\u00f3n del PT ya hab\u00edan abandonado su pretensi\u00f3n original de defender la independencia de clase. Hab\u00edan moderado sustancialmente su programa y estaban dispuestos a trabajar dentro del sistema. Desde el principio, su gobierno fue de unidad nacional y colaboraci\u00f3n de clases.<\/p>\n\n\n\n<h2 class=\"wp-block-heading\">El fin de los altos precios de las materias primas<\/h2>\n\n\n\n<p>Pero a pesar de las diferencias, todos estos gobiernos se beneficiaron de un factor com\u00fan: un ciclo relativamente largo de altos precios de las materias primas, que dur\u00f3 la mayor parte de una d\u00e9cada, y que termin\u00f3 con el desplome de las materias primas a partir de 2014. Se pueden elaborar gr\u00e1ficos para el precio del petr\u00f3leo , el gas natural, el zinc, el cobre, la soja , etc., que son las principales materias primas de exportaci\u00f3n de los pa\u00edses sudamericanos, y todos muestran la misma imagen: un fuerte aumento del precio a partir de 2004-05, una ca\u00edda en 2007-08 y, a continuaci\u00f3n, una fuerte recuperaci\u00f3n que dur\u00f3 hasta 2014-15.<\/p>\n\n\n\n<p>Lo que algunos economistas burgueses describieron como \u00absuperciclo de las materias primas\u00bb fue impulsado en gran medida por la entrada de China en el mercado mundial, el desarrollo de su industria y, con ella, un apetito insaciable de materias primas y fuentes de energ\u00eda. El \u00faltimo repunte tras la crisis mundial de 2007 se debi\u00f3 a las fuertes medidas keynesianas de gasto p\u00fablico adoptadas por China tras dicha crisis, que tuvieron un fuerte impacto en Sudam\u00e9rica. En 2009, China se convirti\u00f3 en el principal socio comercial de toda la regi\u00f3n, desplazando a Estados Unidos.<\/p>\n\n\n\n<p>Este ciclo de altos precios de las materias primas fue la base de la estabilidad de todos estos gobiernos \u00abprogresistas\u00bb. Les dio cierto margen de maniobra para llevar a cabo ciertas reformas sociales sin cuestionar los l\u00edmites del capitalismo. El aumento del nivel de vida y de los salarios les permiti\u00f3 mantener su popularidad estando en el poder.<\/p>\n\n\n\n<p>Con la excepci\u00f3n de Venezuela, donde se hicieron incursiones en contra el derecho de propiedad privada capitalista, todos estos gobiernos se mantuvieron dentro de los l\u00edmites del sistema. Aunque algunos de ellos hablaban de socialismo, en realidad se refer\u00edan como mucho a la socialdemocracia, o m\u00e1s bien a tratar de suavizar las aristas m\u00e1s afiladas del capitalismo, preservando intactos sus cimientos. El \u00fanico que se declar\u00f3 abiertamente en contra del capitalismo fue Hugo Ch\u00e1vez. Pero incluso en Venezuela, el proceso nunca se complet\u00f3, un hecho del que&nbsp;<a href=\"https:\/\/www.marxist.com\/hay-que-cumplir-con-el-legado-de-hugo-chavez.htm\">el propio Ch\u00e1vez se quej\u00f3 amargamente<\/a>&nbsp;justo antes de su muerte.<\/p>\n\n\n\n<p>Ninguno de estos gobiernos cambi\u00f3 fundamentalmente el car\u00e1cter de la acumulaci\u00f3n de capital en la regi\u00f3n, basada en la exportaci\u00f3n de productos agr\u00edcolas, el saqueo de los recursos minerales y las fuentes de energ\u00eda, y la explotaci\u00f3n de mano de obra barata bajo la aplastante dominaci\u00f3n del mercado mundial.<\/p>\n\n\n\n<p>Entonces, como ahora, se insist\u00eda mucho en la idea de una \u00ablucha contra el neoliberalismo\u00bb, como si fuera posible gestionar el capitalismo de forma que beneficiara tambi\u00e9n a la masa de trabajadores y campesinos y no s\u00f3lo a las acaudaladas \u00e9lites capitalistas y a las multinacionales imperialistas. A medio y largo plazo, se demostr\u00f3 que eso era imposible. Pero durante un tiempo pareci\u00f3 funcionar.<\/p>\n\n\n\n<p>Se propusieron todo tipo de ideas confusas, como la del \u00ab<a href=\"https:\/\/centromarx.org\/biblioteca\/contemporaneos\/158-reformismo-o-revolucion-marxismo-y-socialismo-del-siglo-xxi-respuesta-a-heinz-dieterich.html\">socialismo del siglo XXI<\/a>\u00ab, o la del vicepresidente boliviano Garc\u00eda Linera del \u00abcapitalismo andino-amaz\u00f3nico\u00bb como etapa necesaria de desarrollo antes de plantearse la tarea del socialismo. La primera, en boca de Dieterich era un galimat\u00edas confuso que combinaba idea de los socialistas ut\u00f3picos con el reformismo m\u00e1s burdo, la segunda era simplemente un vulgar refrito de la teor\u00eda menchevique-estalinista de las dos etapas.<\/p>\n\n\n\n<p>Todas estas ilusiones se vinieron abajo despu\u00e9s de 2014, cuando la econom\u00eda china se desaceler\u00f3 bruscamente, poniendo fin al superciclo de las materias primas. Como la noche sigue al d\u00eda, se demostr\u00f3 en la pr\u00e1ctica la bancarrota de la idea de que el capitalismo (o el \u00abneoliberalismo\u00bb) puede ser domesticado, y todos estos gobiernos sufrieron derrotas electorales, fueron sustituidos de una forma u otra o cambiaron bruscamente de rumbo.<\/p>\n\n\n\n<p>En noviembre de 2015, el derechista Macri gan\u00f3 las elecciones en Argentina. En diciembre de 2015, el PSUV de Maduro fue derrotado en las elecciones a la Asamblea Nacional. En Bolivia, Evo Morales perdi\u00f3 el refer\u00e9ndum constitucional en febrero de 2016. En Ecuador, Len\u00edn Moreno, candidato presidencial de Correa, tuvo que ir a una segunda vuelta de las elecciones presidenciales en 2017, y poco despu\u00e9s rompi\u00f3 con su mentor y se aline\u00f3 abiertamente con el imperialismo y la clase dominante. En Brasil, la candidata del PT Dilma Rousseff, que gan\u00f3 por muy poco en la segunda vuelta de las elecciones presidenciales de 2014 con una campa\u00f1a escorada a la izquierda, fue destituida en 2016, ya con una popularidad en niveles m\u00ednimos, en un proceso de juicio pol\u00edtico iniciado por su propio vicepresidente burgu\u00e9s, Temer.<\/p>\n\n\n\n<p>En Venezuela, formalmente, el PSUV se mantuvo en el poder, con Maduro sustituyendo a Ch\u00e1vez tras su muerte en 2013. La revoluci\u00f3n bolivariana fue capaz de resistir varios intentos de la contrarrevoluci\u00f3n respaldada por el imperialismo para derrocarla. La revoluci\u00f3n hab\u00eda llegado muy lejos, tanto en t\u00e9rminos de la conciencia de las masas como en relaci\u00f3n a las conquistas materiales que hab\u00edan logrado. Sin embargo, incluso aqu\u00ed, tras la derrota electoral de diciembre de 2015 hubo un claro proceso de giro a la derecha. La burocracia se atrincher\u00f3 en el poder; las masas fueron empujadas a fuera; y de manera lenta pero segura, se revirtieron las conquistas de la revoluci\u00f3n. Se destruy\u00f3 el control obrero. La tierra que hab\u00eda sido expropiada bajo Ch\u00e1vez y entregada a los campesinos fue devuelta a los terratenientes (antiguos y nuevos). Las empresas nacionalizadas fueron privatizadas. Todo el \u00e9nfasis se puso en hacer las paces con la clase dominante, manteniendo al PSUV en el poder.<\/p>\n\n\n\n<p>En 2018, el gobierno de Maduro introdujo un paquete monetarista de medidas econ\u00f3micas antiobreras, que hizo recaer sobre los trabajadores el peso de la crisis econ\u00f3mica. Se destruy\u00f3 la contrataci\u00f3n colectiva y, con ella, los derechos y condiciones adquiridos por los trabajadores. Activistas sindicales y obreros que se organizaron para resistir estas medidas fueron encarcelados. Qued\u00f3 muy poco del esp\u00edritu revolucionario del&nbsp;<em>chavismo,&nbsp;<\/em>y la mayor parte de lo que queda existe en resistencia al gobierno de Maduro.<\/p>\n\n\n\n<h2 class=\"wp-block-heading\">El anuncio prematuro de la \u00abmuerte de la izquierda\u201d<\/h2>\n\n\n\n<p>Esto llev\u00f3 a muchos a caer en un profundo pesimismo, argumentando que las masas en Am\u00e9rica Latina hab\u00edan \u00abgirado a la derecha\u00bb, y declararon que hab\u00eda comenzado una nueva \u00abola conservadora\u00bb, que estaba destinada a durar a\u00f1os. Algunos llegaron a afirmar que el fascismo hab\u00eda llegado al poder en Brasil con la elecci\u00f3n de Bolsonaro.<\/p>\n\n\n\n<p>En marzo de 2016, el pol\u00edtico mexicano Jorge Casta\u00f1eda (que pas\u00f3 de miembro del Partido Comunista a ministro en el reaccionario gobierno de Vicente Fox Quesada) public\u00f3 una columna en&nbsp;<a href=\"https:\/\/www.nytimes.com\/es\/2016\/03\/29\/espanol\/opinion\/la-muerte-de-la-izquierda-latinoamericana.html\"><em>The New York Times<\/em><\/a>&nbsp;bajo el t\u00edtulo \u00abLa muerte de la izquierda latinoamericana\u00bb. Bas\u00e1ndose en las derrotas electorales del kirchnerismo en Argentina y del PSUV en Venezuela, Casta\u00f1eda decretaba la \u00abmuerte\u00bb -atenci\u00f3n a esto: no el declive, ni el retroceso, sino la&nbsp;<em>muerte-&nbsp;<\/em>\u00a1de la izquierda latinoamericana!<\/p>\n\n\n\n<p>Nada m\u00e1s lejos de la realidad. Lo que experimentamos no fue un aumento significativo del apoyo a los partidos pol\u00edticos de derechas, sino lo que puede describirse m\u00e1s precisamente como un colapso del apoyo a los gobiernos \u00abprogresistas\u00bb que hab\u00edan estado en el poder y que ahora se enfrentaban a la gesti\u00f3n de la crisis del capitalismo. De hecho, estos acontecimientos fueron el resultado de la incapacidad de las pol\u00edticas del \u00abantineoliberalismo\u00bb para resolver los problemas fundamentales a los que se enfrentan las masas de estos pa\u00edses.<\/p>\n\n\n\n<p>Esto provoc\u00f3 confusi\u00f3n y desmoralizaci\u00f3n en una parte de las masas. Pero las condiciones materiales concretas las empujaron de nuevo a la acci\u00f3n. Los nuevos gobiernos de derecha electos fueron incapaces de llevar a cabo sus pol\u00edticas por completo, y se enfrentaron a la oposici\u00f3n de masas desde el principio. Este fue el caso de Macri, Bolsonaro, Len\u00edn Moreno, etc.<\/p>\n\n\n\n<p>Quiz\u00e1s el caso m\u00e1s claro sea el del Gobierno de Macri en Argentina. Cuando intent\u00f3 aplicar el ataque a las pensiones en diciembre de 2017, se encontr\u00f3 con una enorme ola de protestas y enfrentamientos que le hicieron abandonar la idea de aplicar la contrarreforma laboral. El gobierno de Macri enfrent\u00f3 cinco huelgas generales y, de no haber sido por las elecciones de octubre de 2019, es posible que hubiera terminado siendo derrocado por un levantamiento revolucionario.<\/p>\n\n\n\n<p>En el contexto de la crisis capitalista, los gobiernos abiertamente derechistas y proimperialistas que sustituyeron a los gobiernos \u00abprogresistas\u00bb fueron incapaces de cosechar legitimidad alguna. Al contrario, su llegada al poder prepar\u00f3 el camino para otra oleada de movimientos insurreccionales en todo el continente.<\/p>\n\n\n\n<p>A partir de 2019, lo que vimos no fue una \u00abola conservadora\u00bb, sino&nbsp;<a href=\"https:\/\/americasocialista.org\/america-latina-en-revolucion-lecciones-del-octubre-rojo\/\">insurrecciones masivas<\/a>&nbsp;en un pa\u00eds tras otro. En Hait\u00ed, hubo un movimiento revolucionario de masas que dur\u00f3 varios meses. En&nbsp;<a href=\"https:\/\/www.marxist.com\/puerto-rico-las-masivas-manifestaciones-presionan-al-gobernador-rossello-para-que-renuncie.htm\">Puerto Rico<\/a>, en julio de 2019, vimos protestas masivas que paralizaron la isla y forzaron la renuncia del gobernador. En Ecuador, en noviembre de 2019, hubo una&nbsp;<a href=\"https:\/\/www.marxist.com\/ecuador-abajo-moreno-y-el-fmi-todo-el-poder-a-la-asamblea-del-pueblo.htm\">insurrecci\u00f3n masiva contra el gobierno de Len\u00edn Moreno<\/a>&nbsp;que realmente plante\u00f3 la cuesti\u00f3n del poder, ya que el gobierno se vio obligado a huir de la capital, Quito. En&nbsp;<a href=\"https:\/\/www.marxist.com\/chile-que-hace-falta-para-tumbar-a-pinera-y-su-regimen.htm\">Chile, entre octubre y diciembre de ese mismo a\u00f1o<\/a>, asistimos a un prolongado movimiento que puso en entredicho todo el entramado pol\u00edtico del pa\u00eds, establecido al final de la dictadura de Pinochet 30 a\u00f1os antes.<\/p>\n\n\n\n<p>En Colombia, vimos el masivo&nbsp;<a href=\"https:\/\/www.marxist.com\/seven-days-of-protests-in-colombia.htm\">movimiento de&nbsp;<em>paro nacional&nbsp;<\/em>de noviembre de 2019,<\/a>&nbsp;y luego el&nbsp;<a href=\"https:\/\/www.marxist.com\/colombia-theses-on-the-national-strike.htm\">paro nacional<\/a>&nbsp;sin precedentes&nbsp;<a href=\"https:\/\/www.marxist.com\/colombia-theses-on-the-national-strike.htm\">de abril-mayo de 2021<\/a>, que puso el \u00faltimo clavo en el ata\u00fad del gobierno de Duque y&nbsp;<em>el uribismo&nbsp;<\/em>que estaba detr\u00e1s de \u00e9l.<\/p>\n\n\n\n<p>En todos estos movimientos, en un grado u otro, se plante\u00f3 la cuesti\u00f3n del poder. Las masas obreras y campesinas, con la juventud revolucionaria al frente, no se limitaron a marchar de A a B para oponerse a tal o cual pol\u00edtica. Hablamos de manifestaciones de masas, enfrentamientos con la polic\u00eda que dejaron decenas de muertos, el pa\u00eds paralizado por huelgas y bloqueos, la organizaci\u00f3n de la autodefensa, todo ello condujo a una situaci\u00f3n en la que la principal consigna de los movimientos se convirti\u00f3 en el derrocamiento del gobierno existente.<\/p>\n\n\n\n<p>Lo que falt\u00f3 en todos y cada uno de los casos -lo vemos con particular claridad en Ecuador y Chile, donde las cosas fueron m\u00e1s lejos- fue una direcci\u00f3n revolucionaria plenamente consciente de lo que se requer\u00eda: desarrollar las organizaciones embrionarias del poder obrero que entonces surg\u00edan m\u00e1s o menos espont\u00e1neamente (comit\u00e9s de huelga,&nbsp;<em>cabildos abiertos<\/em>, asambleas populares, guardias ind\u00edgenas y populares, la&nbsp;<em>Primera L\u00ednea<\/em>) en una estructura nacional compuesta por delegados elegidos y revocables en cualquier momento, y que esta \u2018asamblea nacional del pueblo trabajador\u2019 tomara el poder.<\/p>\n\n\n\n<p>Como faltaba este factor crucial -lo que los marxistas describimos como el \u00abfactor subjetivo\u00bb, la direcci\u00f3n revolucionaria-, la clase dominante pudo derrotar a los movimientos. Lo hizo, no aplast\u00e1ndolos por la fuerza, aunque hubo una represi\u00f3n brutal como ya se ha mencionado, sino m\u00e1s bien por medios parlamentarios burgueses. Este fue el caso de Chile, donde el&nbsp;<em>estallido&nbsp;<\/em>fue desviado hacia el cauce parlamentario inocuo de una Convenci\u00f3n Constituyente convocada por las estructuras existentes del Estado capitalista. Una vez que las masas salieron de las calles, la clase dominante pas\u00f3 a la contraofensiva.<\/p>\n\n\n\n<p>En Colombia, la falta de una direcci\u00f3n nacional clara para el paro nacional<em>&nbsp;<\/em>de 2021 hizo que el movimiento se disipara, tras semanas de lucha, y finalmente las masas buscaron una soluci\u00f3n en la arena electoral, a trav\u00e9s de la&nbsp;<a href=\"https:\/\/www.marxist.com\/petro-logra-una-victoria-historica-a-luchar-por-el-socialismo.htm\">elecci\u00f3n de Gustavo Petro en junio de 2022<\/a>. En Ecuador, la&nbsp;<a href=\"https:\/\/www.marxist.com\/ecuador-por-que-gano-el-candidato-capitalista-lasso-y-que-lecciones-se-deben-extraer.htm\">elecci\u00f3n del banquero Lasso como presidente en 2021<\/a>, por el m\u00e1s estrecho de los m\u00e1rgenes y s\u00f3lo debido a la divisi\u00f3n de las fuerzas que contaban con el apoyo de obreros y campesinos, sent\u00f3 las bases para un&nbsp;<a href=\"https:\/\/www.marxist.com\/ecuador-se-levanta-de-nuevo-paro-nacional-contra-el-banquero-lasso.htm\">nuevo paro nacional en junio de 2022<\/a>. Nada se ha resuelto.<\/p>\n\n\n\n<p>En Bolivia, el&nbsp;<a href=\"https:\/\/www.marxist.com\/bolivia-golpe-reaccionario-fuerza-a-evo-morales-a-renunciar.htm\">derrocamiento del gobierno de Evo Morales<\/a>&nbsp;en 2019 dur\u00f3 poco. La heroica resistencia de las masas no permiti\u00f3 a la oligarqu\u00eda reaccionaria establecerse firmemente en el poder. En menos de un a\u00f1o, nuevas elecciones hab\u00edan llevado a Arce, del MAS, a la presidencia.<\/p>\n\n\n\n<h2 class=\"wp-block-heading\">El car\u00e1cter de la nueva \u00abola progresista\u201d<\/h2>\n\n\n\n<p>Lo que se est\u00e1 describiendo como la \u00abnueva ola progresista\u00bb en Am\u00e9rica Latina es el resultado de esta situaci\u00f3n. Se trata de gobiernos variados, cada uno con sus propias caracter\u00edsticas.<\/p>\n\n\n\n<p>Boric, en Chile, es quiz\u00e1s el m\u00e1s derechista de todos ellos. Partiendo de la posici\u00f3n de la \u00abizquierda\u00bb posmodernista, obsesionada por las cuestiones de identidad frente a las de clase, y por los s\u00edmbolos m\u00e1s que por las condiciones materiales, Boric se ha desplazado muy r\u00e1pidamente hacia la derecha. Un gobierno que prometi\u00f3 la autodeterminaci\u00f3n del pueblo mapuche, ha acabado militarizando el Wallmapu y encarcelando a los dirigentes de las organizaciones mapuches radicales.<\/p>\n\n\n\n<p>Un gobierno que lleg\u00f3 al poder prometiendo una profunda reforma de la odiada polic\u00eda de&nbsp;<em>carabineros,&nbsp;<\/em>ha acabado aprobando una ley que consagra su impunidad cuando usan armas de fuego contra civiles. Desde el principio, Boric apoy\u00f3 abiertamente los intereses generales del imperialismo estadounidense en la regi\u00f3n y a escala internacional (atacando a Venezuela en particular).<\/p>\n\n\n\n<p>En Argentina, tenemos un gobierno que es una coalici\u00f3n inestable entre dos alas del hist\u00f3rico movimiento peronista. Alberto Fern\u00e1ndez representa un ala que mira m\u00e1s hacia la clase dominante, mientras que Cristina Fern\u00e1ndez representa al<em>&nbsp;kirchnerismo<\/em>, que pretende ser una corriente \u00abnacional popular\u00bb, y tiene ra\u00edces m\u00e1s profundas entre la clase trabajadora y los pobres. Pero al final, enfrentado a una profunda crisis econ\u00f3mica, la fuga de capitales, una elevada inflaci\u00f3n y la amenaza de un impago de la deuda, este gobierno en su conjunto (los de Alberto y los de Cristina) ha aceptado un acuerdo con el FMI que lo ata a una pol\u00edtica de ajuste fiscal (es decir, hacer que los trabajadores carguen con el peso de la crisis capitalista). A pesar de las protestas y los gestos demag\u00f3gicos, los&nbsp;<em>kirchneristas&nbsp;<\/em>son corresponsables de esta pol\u00edtica antiobrera. Al final lo que prevalece es la salvaci\u00f3n del r\u00e9gimen burgu\u00e9s y su \u201cgobernabilidad\u201d.<\/p>\n\n\n\n<p>El gobierno de Lula en Brasil comienza donde termin\u00f3 el de Dilma en t\u00e9rminos de su giro a la derecha. Se trata, de nuevo, de un gobierno de colaboraci\u00f3n de clases y unidad nacional. La elecci\u00f3n del compa\u00f1ero de f\u00f3rmula no fue casual: Alckmin es uno de los principales representantes pol\u00edticos de la clase dominante. El mensaje era claro y lo repiti\u00f3 Lula hasta la saciedad en la campa\u00f1a: somos los mejores gestores de los intereses de la clase dominante. Al llegar al poder, Lula ha hecho todo tipo de acuerdos con partidos burgueses en el Congreso y el Senado, y su propio Gabinete incluye incluso a&nbsp;<em>bolsonaristas<\/em>.<\/p>\n\n\n\n<h2 class=\"wp-block-heading\">M\u00e9xico<\/h2>\n\n\n\n<p>L\u00f3pez Obrador, elegido en 2018 en M\u00e9xico, ofrece un ejemplo muy claro de las ideas dominantes detr\u00e1s de estos gobiernos. AMLO, como se le conoce, ha argumentado que los problemas a los que se enfrenta M\u00e9xico se deben solamente a la corrupci\u00f3n, la burocracia y la mala gesti\u00f3n, y ha arremetido contra el neoliberalismo, abogando por el desarrollo del capitalismo nacional. Desde que lleg\u00f3 al poder, ha aplicado sistem\u00e1ticamente su programa, que se mantiene dentro de los l\u00edmites del capitalismo, recortando los salarios de los altos funcionarios, luchando contra la evasi\u00f3n fiscal y, en general, intentando aplicar un enfoque m\u00e1s frugal a la burocracia estatal.<\/p>\n\n\n\n<p>A primera vista, si lo miramos de manera superficial,&nbsp;<a href=\"http:\/\/www.marxist.com\/mexico-against-neoliberalism-or-capitalism-the-final-year-of-amlo-s-government.htm\">su programa parece funcionar<\/a>: Ha puesto en marcha una amplia gama de programas sociales dirigidos a las capas m\u00e1s pobres de la sociedad, adem\u00e1s de emprender una serie de proyectos de infraestructuras de gran envergadura. Pero, en realidad, su gobierno se ha beneficiado de una combinaci\u00f3n particular de factores econ\u00f3micos que realmente no pueden durar: los altos precios del petr\u00f3leo; la inversi\u00f3n extranjera de empresas estadounidenses que traen de vuelta parte de su producci\u00f3n de China a ra\u00edz del choque del COVID-19 en la cadena de suministros; y, como resultado de esto, un peso fuerte.<\/p>\n\n\n\n<p>A diferencia de los pa\u00edses de Sudam\u00e9rica, m\u00e1s vinculados a la econom\u00eda china, M\u00e9xico est\u00e1 muy dominado por su poderoso vecino del norte. En cuanto empiece la recesi\u00f3n en Estados Unidos, la econom\u00eda mexicana se ver\u00e1 duramente afectada, y el intento de aplicar reformas limitadas y un programa de desarrollo nacional dentro de los l\u00edmites del capitalismo se mostrar\u00e1 como lo que es: una quimera.<\/p>\n\n\n\n<p>Tambi\u00e9n en el caso de M\u00e9xico, el gobierno de L\u00f3pez Obrador ha trabajado para restablecer la legitimidad de las instituciones burguesas empa\u00f1adas por d\u00e9cadas de gobiernos corruptos, fraude electoral y represi\u00f3n estatal.<\/p>\n\n\n\n<h2 class=\"wp-block-heading\">Per\u00fa<\/h2>\n\n\n\n<p>Merece la pena estudiar en detalle el caso de Per\u00fa. Aqu\u00ed&nbsp;<a href=\"https:\/\/americasocialista.org\/america-latina-entre-la-pandemia-y-la-crisis-capitalista-un-polvorin-a-punto-de-estallar-video\/\">la elecci\u00f3n de Pedro Castillo en junio de 2021<\/a>, como candidato de Per\u00fa Libre, fue un punto de inflexi\u00f3n importante. Representaba la aspiraci\u00f3n de las masas a romper con el pasado, con el legado de la dictadura de Fujimori, sus pol\u00edticas ultraliberales y 20 a\u00f1os en los que todos los presidentes electos las hab\u00edan traicionado.<\/p>\n\n\n\n<p>Aunque Per\u00fa Libre se autodenomina marxista, leninista y mariateguista, su pol\u00edtica es en realidad un refrito de la vieja pol\u00edtica de las dos etapas del estalinismo. El programa del partido habla de una \u00abeconom\u00eda popular con mercados\u00bb, en la que se frene el poder de las multinacionales y se fomenten las \u00abempresas productivas\u00bb. El propio Castillo, aunque no es miembro del partido, hizo campa\u00f1a bajo el lema de \u00abnunca m\u00e1s, pobres en un pa\u00eds rico\u00bb, prometiendo renegociar los contratos con las multinacionales mineras (y si se negaban, expropiarlas), nacionalizar el gas y utilizar los beneficios para proporcionar educaci\u00f3n, sanidad, vivienda y empleo para todos.<\/p>\n\n\n\n<p>Este programa, limitado como era, chocaba frontalmente con los intereses de la oligarqu\u00eda capitalista y los de las poderosas multinacionales mineras (de Canad\u00e1, EEUU, China y Gran Breta\u00f1a), respaldadas por el imperialismo. Desde el primer d\u00eda de su presidencia, Castillo sufri\u00f3 enormes presiones, fue objeto de una campa\u00f1a de demonizaci\u00f3n por parte de los medios de comunicaci\u00f3n capitalistas de Per\u00fa, altamente concentrados, y se enfrent\u00f3 al constante sabotaje del Congreso, dominado por la oligarqu\u00eda. Su respuesta fue&nbsp;<a href=\"https:\/\/www.marxist.com\/peru-la-caida-del-gabinete-bellido-castillo-se-pliega-a-la-ofensiva-de-los-capitalistas.htm\">hacer concesiones<\/a>&nbsp;(destituci\u00f3n del ministro de Asuntos Exteriores, del primer ministro y del ministro de Trabajo) y aguar su programa (en relaci\u00f3n con las multinacionales mineras y del gas).<\/p>\n\n\n\n<p>Sin embargo, lejos de apaciguar a la clase dominante, sus concesiones fueron vistas como un signo de debilidad e invitaron a una mayor agresi\u00f3n, al tiempo que debilitaron su apoyo entre los trabajadores, los campesinos y los pobres. Finalmente, en diciembre de 2022, cuando apenas llevaba 16 meses en el poder, la oligarqu\u00eda capitalista (con el visto bueno de la embajada estadounidense) dio un<a href=\"https:\/\/www.marxist.com\/peru-once-apuntes-de-urgencia-contra-el-golpe-oligarquico-al-presidente-castillo.htm\">&nbsp;golpe de Estado y encarcel\u00f3 a Castillo<\/a>.<\/p>\n\n\n\n<p>La respuesta de las masas fue heroica y ejemplar. Durante dos meses, ocuparon las calles, organizaron huelgas masivas y marcharon sobre la capital, Lima, desafiando la brutal represi\u00f3n del r\u00e9gimen de Boluarte, que utiliz\u00f3 a la polic\u00eda y al ej\u00e9rcito contra manifestantes desarmados, matando a m\u00e1s de 60 (en s\u00ed, un recuento conservador).<\/p>\n\n\n\n<p>La principal lecci\u00f3n del gobierno de Castillo es que incluso un programa moderado y limitado de reformas pondr\u00e1 a cualquiera que intente llevarlas a cabo (y Castillo se retract\u00f3 de su propio programa desde el primer d\u00eda) en rumbo de colisi\u00f3n con la clase dominante y el imperialismo. Estos no dudar\u00e1n en utilizar todos los medios a su disposici\u00f3n (los medios de comunicaci\u00f3n, las redes sociales, la opini\u00f3n p\u00fablica burguesa, el poder judicial, el aparato estatal y, en \u00faltima instancia, la polic\u00eda y el ej\u00e9rcito) para socavar dicho gobierno y, finalmente, si es necesario, derrocarlo. A pesar de su moderaci\u00f3n, Petro tambi\u00e9n se enfrenta en Colombia precisamente a una campa\u00f1a de este tipo.<\/p>\n\n\n\n<h2 class=\"wp-block-heading\">La actitud de la oligarqu\u00eda capitalista y del imperialismo<\/h2>\n\n\n\n<p>La actitud de la clase dominante y del imperialismo hacia los gobiernos de estos pa\u00edses es mixta. Por un lado, los capitalistas quieren \u00abestabilidad para hacer negocios\u00bb (es decir, para explotar a los obreros y campesinos). En la medida en que estos gobiernos son capaces de proporcionarla, adoptan un punto de vista pragm\u00e1tico y est\u00e1n dispuestos a tolerarlos aunque a veces sea a rega\u00f1adientes.<\/p>\n\n\n\n<p>Por otra parte, estos gobiernos han sido impulsados al poder, en uno u otro grado, por las aspiraciones de las masas de trabajadores y campesinos a una vida mejor. A pesar de sus programas moderados, la oligarqu\u00eda capitalista dominante en Am\u00e9rica Latina, especialmente reaccionaria, no puede permitir que se cuestione su poder, su riqueza y sus privilegios, por muy limitados que sean (\u00a1Dios nos libre de que se les pida que paguen impuestos! por ejemplo).<\/p>\n\n\n\n<p>Pol\u00edticos como Gustavo Petro en Colombia, por tanto, aunque no sean exactamente revolucionarios incontrolados, sino todo lo contrario, se enfrentan a una constante campa\u00f1a de demonizaci\u00f3n en los medios de comunicaci\u00f3n, y est\u00e1n siendo socavados mediante complots por parte de sectores del aparato estatal, y en algunos casos mediante intentos de movilizar a capas de la clase media contra ellos. Hemos asistido a acontecimientos similares en M\u00e9xico.<\/p>\n\n\n\n<p>Petro, L\u00f3pez Obrador y otros son acusados de \u00abcastrochavistas\u00bb, comunistas o cosas peores. \u00a1Ojal\u00e1 lo fueran! En su discurso de victoria tras ganar las elecciones en Colombia, Gustavo Petro dijo abiertamente: \u00abnosotros vamos a desarrollar el capitalismo en Colombia\u00bb. Durante su campa\u00f1a electoral, incluso firm\u00f3 un documento jur\u00eddico vinculante por el que se compromet\u00eda a no llevar a cabo ninguna expropiaci\u00f3n.<\/p>\n\n\n\n<p>El problema es que en el per\u00edodo de decadencia senil del capitalismo, particularmente en los pa\u00edses que est\u00e1n bajo la dominaci\u00f3n del imperialismo, es imposible llevar a cabo ning\u00fan tipo de desarrollo nacional, ni satisfacer las acuciantes necesidades de las masas en materia de vivienda, empleo, educaci\u00f3n, sanidad y pensiones, sin hacer incursiones en la propiedad de los terratenientes, banqueros, capitalistas y multinacionales. Como se ha demostrado en Per\u00fa, incluso la exigencia de renegociar los contratos mineros para aumentar los impuestos y las regal\u00edas es un anatema para los vampiros chupasangres de las multinacionales mineras.<\/p>\n\n\n\n<p>Si estos gobiernos son, durante un tiempo, demasiado fuertes para ser derrocados, los capitalistas est\u00e1n dispuestos a aceptar la situaci\u00f3n y esperar su momento, mientras que al mismo tiempo utilizan todos los medios a su alcance para socavarlos. Una vez que estos gobiernos han sido desacreditados y ya no sirven para adormecer a las masas en la pasividad, entonces son descartados, por cualquier medio necesario.<\/p>\n\n\n\n<p>Obviamente, detr\u00e1s de la atrasada oligarqu\u00eda local -una clase dirigente especialmente despreciable, impregnada de un asentado odio y miedo a las masas, combinado con un racismo profundamente arraigado- se encuentra el imperialismo estadounidense, que siempre ha considerado el continente como su patio trasero. Desde la proclamaci\u00f3n de la doctrina Monroe en 1823 (\u00abAm\u00e9rica para los americanos\u00bb), Washington se ha abrogado el derecho a destituir y derrocar a los gobiernos que no sean de su agrado.<\/p>\n\n\n\n<p>Como dijo una vez el criminal Henry Kissinger: \u00abNo veo por qu\u00e9 tenemos que quedarnos de brazos cruzados viendo c\u00f3mo un pa\u00eds se vuelve comunista debido a la irresponsabilidad de su pueblo. Lo que est\u00e1 en juego es demasiado importantes como para dejar que los votantes chilenos decidan por s\u00ed mismos.\u00bb Esto resume la actitud real del imperialismo estadounidense hacia la democracia burguesa.<\/p>\n\n\n\n<p>En relaci\u00f3n a esto, es com\u00fan en los c\u00edrculos progresistas de Am\u00e9rica Latina hablar de \u00ablawfare\u00bb, es decir, la pr\u00e1ctica de utilizar el poder judicial para socavar y destituir a los \u00abgobiernos progresistas\u00bb. Esto puede verse, por ejemplo, en la investigaci\u00f3n&nbsp;<em>Lava Jato&nbsp;<\/em>en Brasil, una operaci\u00f3n pol\u00edticamente motivada para destruir al PT y desmoralizar a la clase trabajadora, utilizando la corrupci\u00f3n como un ariete conveniente.<\/p>\n\n\n\n<p>La investigaci\u00f3n rompi\u00f3 todas las reglas de la legalidad burguesa. No importaba. El objetivo principal fue alcanzado: Lula fue encarcelado y por lo tanto se le impidi\u00f3 presentarse a las elecciones, el PT fue completamente desacreditado y el juez Moro, responsable del caso, se convirti\u00f3 en ministro del gobierno reaccionario de Bolsonaro. M\u00e9todos similares se hab\u00edan utilizado en 2016 para provocar el&nbsp;<em>impeachment&nbsp;<\/em>de Dilma Rousseff, sucesora de Lula en la presidencia del pa\u00eds por el PT.<\/p>\n\n\n\n<p>Ahora vemos un desarrollo similar en Argentina, donde el poder judicial ha tomado medidas para impedir que Cristina Kirchner se presente a las elecciones. El objetivo, una vez m\u00e1s, es claro: destituir a una figura pol\u00edtica que, a pesar de su programa burgu\u00e9s, conserva v\u00ednculos con las masas y a veces utiliza un lenguaje demag\u00f3gico contra el FMI, que puede llegar a ser peligroso, no tanto por Cristina en s\u00ed, sino por las masas que escuchan esos discursos. Tambi\u00e9n se han utilizado procedimientos judiciales contra el ecuatoriano Rafael Correa y otros.<\/p>\n\n\n\n<p>Pero, \u00bfpuede calificarse esto de \u00ablawfare\u00bb que implica un&nbsp;<em>uso indebido del&nbsp;<\/em>poder judicial? \u00bfEs realmente un fen\u00f3meno nuevo? S\u00f3lo se puede llegar a la primera conclusi\u00f3n si partimos de la base de que el poder judicial es un \u00f3rgano independiente e imparcial. En realidad, no existe un \u00abEstado de Derecho\u00bb que est\u00e9 por encima y al margen de los intereses de la clase dominante. La justicia en una sociedad burguesa siempre ha sido una justicia de&nbsp;<em>clase<\/em>, en beneficio de los capitalistas.<\/p>\n\n\n\n<p>Por supuesto, para que esta ficci\u00f3n funcione, en la mayor\u00eda de los casos se respetan las reglas. Pero la clase dominante nunca ha dudado en doblegar o romper sus propias reglas si era necesario para defender su riqueza y su propiedad. No hay nada nuevo en el \u00ablawfare\u00bb. Y el uso clasista abierto del poder judicial para defender los intereses de la podrida oligarqu\u00eda capitalista deber\u00eda utilizarse, no para exigir un sistema judicial genuinamente \u00abjusto\u00bb, que no puede existir en una sociedad dividida en clases, sino m\u00e1s bien para desenmascarar el verdadero car\u00e1cter del llamado \u00abEstado de derecho\u00bb burgu\u00e9s.<\/p>\n\n\n\n<h2 class=\"wp-block-heading\">La primera y la segunda \u00abolas progresistas\u201d<\/h2>\n\n\n\n<p>El car\u00e1cter de estos gobiernos actuales -que en su conjunto son mucho m\u00e1s d\u00e9biles, mansos y en general m\u00e1s reaccionarios en sus pol\u00edticas que los de la \u00abola progresista\u00bb precedente- viene determinado por el hecho de que no pueden contar ni siquiera con el limitado margen de maniobra del que disfrutaron los de la primera ola en 2005-15.<\/p>\n\n\n\n<p>La situaci\u00f3n econ\u00f3mica de Am\u00e9rica Latina es de grave crisis capitalista. La regi\u00f3n fue la m\u00e1s afectada del mundo por la pandemia, tanto por el n\u00famero de muertos como por el impacto socioecon\u00f3mico. En los diez a\u00f1os hasta 2023, el PIB de la regi\u00f3n ha crecido a una media del 0,8 por ciento, lo que si se tiene en cuenta el crecimiento demogr\u00e1fico significa un retroceso, m\u00e1s que un estancamiento. A modo de comparaci\u00f3n, durante la \u2018d\u00e9cada perdida\u2019 de los a\u00f1os 1980, el crecimiento medio fue del 2%.<\/p>\n\n\n\n<p>Al comentar estas cifras, Jos\u00e9 Manuel Salazar-Xirinachs, responsable de la Comisi\u00f3n Econ\u00f3mica para Am\u00e9rica Latina y el Caribe (CEPAL) de la ONU, dijo: \u00abEsto es terrible, realmente encender todos los focos rojos\u00bb.<\/p>\n\n\n\n<p>En lugar de un \u00absuperciclo\u00bb de altos precios de las materias primas como el que disfrut\u00f3 la anterior oleada de \u00abgobiernos progresistas\u00bb, ahora nos enfrentamos a un per\u00edodo de crisis capitalista mundial, agravada por la fuerte desaceleraci\u00f3n de la econom\u00eda china, el retroceso de la globalizaci\u00f3n, etc. Los pa\u00edses de Am\u00e9rica Latina, completamente integrados y dependientes del mercado mundial, sufrir\u00e1n especialmente.<\/p>\n\n\n\n<p>Esto no quiere decir que no pueda haber contracorrientes temporales. Actualmente hay una gran demanda de ciertos minerales relacionados con la transici\u00f3n a los veh\u00edculos el\u00e9ctricos (litio); algunos pa\u00edses se han beneficiado de los altos precios de la energ\u00eda impulsados en parte por la guerra en Ucrania y las sanciones a Rusia; M\u00e9xico ha recibido inversiones de empresas estadounidenses que \u00abrelocalizan\u00bb su producci\u00f3n de China a zonas m\u00e1s cercanas. Todos estos factores son limitados en su impacto y limitados en el tiempo. La recesi\u00f3n mundial que se avecina provocar\u00e1 una fuerte contracci\u00f3n de la demanda de materias primas, minerales y fuentes de energ\u00eda, de cuya exportaci\u00f3n dependen las econom\u00edas latinoamericanas.<\/p>\n\n\n\n<p>Esta nueva \u00abola rosa\u00bb u \u00abola de gobiernos progresistas\u00bb -como quieran llamarlos- no ser\u00e1, desde luego, m\u00e1s fuerte que la primera. Todo lo contrario. Desde el principio, se enfrenta a una grave crisis del capitalismo y se ver\u00e1 obligada a aplicar medidas antiobreras. En algunos casos ya lo est\u00e1n haciendo. Las masas no permanecer\u00e1n pasivas. Un gobierno elegido por las masas, y en el que \u00e9stas han depositado ilusiones de cambio, puede provocar, por supuesto, un cierto per\u00edodo de desilusi\u00f3n o desmoralizaci\u00f3n cuando lleva a cabo pol\u00edticas favorables a la clase dominante. Pero tan inevitablemente como que la noche sigue al d\u00eda, los obreros y campesinos se ver\u00e1n espoleados a la acci\u00f3n en un intento de defender sus condiciones de vida y revertir los ataques.<\/p>\n\n\n\n<p>Debemos sacar las lecciones necesarias: incluso las tareas nacionales y democr\u00e1ticas de la revoluci\u00f3n que est\u00e1n pendientes en diferentes grados en los distintos pa\u00edses latinoamericanos, s\u00f3lo pueden realizarse plenamente mediante el derrocamiento del capitalismo y la toma del poder por parte de la clase obrera a la cabeza de todas las capas oprimidas de la sociedad. Dentro de los l\u00edmites del capitalismo, ninguno de estos problemas puede resolverse. Esta conclusi\u00f3n, que puede extraerse en la pr\u00e1ctica de la experiencia de las \u00faltimas d\u00e9cadas e incluso de los dos siglos transcurridos desde que las naciones latinoamericanas alcanzaron la independencia formal, es la misma que formul\u00f3 Trotsky en su teor\u00eda de la revoluci\u00f3n permanente.<\/p>\n\n\n\n<p>Esta fue adem\u00e1s la pol\u00edtica de la Internacional Comunista en sus primeros a\u00f1os eninistas con respecto a Am\u00e9rica Latina. La misma pol\u00edtica fue formulada por comunistas latinoamericanos como el peruano Jos\u00e9 Carlos Mari\u00e1tegui y el cubano Julio Antonio Mella en la d\u00e9cada de 1920 en pol\u00e9mica justamente contra aquellos que pretend\u00edan separar la lucha anti-imperialista de la revoluci\u00f3n socialista (como el APRA de Haya de la Torre). S\u00f3lo la revoluci\u00f3n socialista puede empezar a abordar los problemas de atraso, opresi\u00f3n nacional, reforma agraria, vivienda, empleo, educaci\u00f3n y salud a los que se enfrentan decenas de millones de trabajadores y pobres en todo este rico continente. Esto significa la expropiaci\u00f3n de la min\u00fascula y podrida oligarqu\u00eda capitalista de terratenientes, industriales y banqueros, atados por mil lazos a la dominaci\u00f3n del imperialismo.<\/p>\n\n\n\n<p>La perspectiva para Am\u00e9rica Latina, como para el mundo en su conjunto, es de agitaci\u00f3n y tensi\u00f3n, de grandes batallas y convulsiones revolucionarias. Una y otra vez se plantear\u00e1 la cuesti\u00f3n del poder, la cuesti\u00f3n de quien gobierna, si la parasitaria oligarqu\u00eda capitalista o el pueblo trabajador. La tarea m\u00e1s urgente para los revolucionarios de todo el continente es extraer las lecciones necesarias de los \u00faltimos 25 a\u00f1os a fin de prepararse para las batallas que se avecinan.<\/p>\n\n\n\n<p>El capitalismo, en su \u00e9poca de decadencia senil, no puede gestionarse \u00abmejor\u00bb, ni de forma que beneficie a la masa de los trabajadores. La lucha no es contra el neoliberalismo, sino por el derrocamiento del sistema capitalista en su conjunto y la toma del poder por la clase obrera. Confiamos plenamente en la capacidad de la clase trabajadora para transformar la sociedad y tomar el futuro en sus manos. Necesitamos urgentemente construir la direcci\u00f3n revolucionaria necesaria para llevar la lucha a la victoria.<\/p>\n","protected":false},"excerpt":{"rendered":"<p>La elecci\u00f3n de Lula en Brasil y de Petro en Colombia en 2022 ha provocado un aumento del ruido tanto en los medios de comunicaci\u00f3n como en los c\u00edrculos de izquierda sobre una segunda \u00abmarea rosa\u00bb en Am\u00e9rica Latina. Se trata de una referencia a la ola de gobiernos llamados \u00abprogresistas\u00bb que estuvieron en el [&hellip;]<\/p>\n","protected":false},"author":1,"featured_media":3474,"comment_status":"open","ping_status":"open","sticky":false,"template":"","format":"standard","meta":{"footnotes":""},"categories":[288],"tags":[244,306,375],"class_list":["post-3473","post","type-post","status-publish","format-standard","has-post-thumbnail","hentry","category-analisis-internacional","tag-latinoamerica","tag-analisis-internacional","tag-progresismo"],"yoast_head":"<!-- This site is optimized with the Yoast SEO plugin v27.5 - https:\/\/yoast.com\/product\/yoast-seo-wordpress\/ -->\n<title>La segunda ola de \u201cgobiernos progresistas\u00bb de Am\u00e9rica Latina: primero como tragedia, luego como farsa - Comunistas Revolucionarios de Colombia<\/title>\n<meta name=\"robots\" content=\"index, follow, max-snippet:-1, max-image-preview:large, max-video-preview:-1\" \/>\n<link rel=\"canonical\" href=\"https:\/\/colombiamarxista.com\/?p=3473\" \/>\n<meta property=\"og:locale\" content=\"es_ES\" \/>\n<meta property=\"og:type\" content=\"article\" \/>\n<meta property=\"og:title\" content=\"La segunda ola de \u201cgobiernos progresistas\u00bb de Am\u00e9rica Latina: primero como tragedia, luego como farsa\" \/>\n<meta property=\"og:description\" content=\"La elecci\u00f3n de Lula en Brasil y de Petro en Colombia en 2022 ha provocado un aumento del ruido tanto en los medios de comunicaci\u00f3n como en los c\u00edrculos de izquierda sobre una segunda \u00abmarea rosa\u00bb en Am\u00e9rica Latina. Se trata de una referencia a la ola de gobiernos llamados \u00abprogresistas\u00bb que estuvieron en el [&hellip;]\" \/>\n<meta property=\"og:url\" content=\"https:\/\/colombiamarxista.com\/?p=3473\" \/>\n<meta property=\"og:site_name\" content=\"Comunistas Revolucionarios de Colombia\" \/>\n<meta property=\"article:published_time\" content=\"2023-07-24T15:31:43+00:00\" \/>\n<meta property=\"article:modified_time\" content=\"2023-08-09T16:54:36+00:00\" \/>\n<meta property=\"og:image\" content=\"https:\/\/colombiamarxista.com\/wp-content\/uploads\/2023\/07\/america_latina_united_Image_Public_Domain.jpeg\" \/>\n\t<meta property=\"og:image:width\" content=\"645\" \/>\n\t<meta property=\"og:image:height\" content=\"462\" \/>\n\t<meta property=\"og:image:type\" content=\"image\/jpeg\" \/>\n<meta name=\"author\" content=\"Consejo Editorial De Colombia Marxista\" \/>\n<meta name=\"twitter:card\" content=\"summary_large_image\" \/>\n<meta name=\"twitter:title\" content=\"La segunda ola de \u201cgobiernos progresistas\u00bb de Am\u00e9rica Latina: primero como tragedia, luego como farsa\" \/>\n<meta name=\"twitter:image\" content=\"https:\/\/colombiamarxista.com\/wp-content\/uploads\/2023\/07\/america_latina_united_Image_Public_Domain.jpeg\" \/>\n<meta name=\"twitter:label1\" content=\"Escrito por\" \/>\n\t<meta name=\"twitter:data1\" content=\"Consejo Editorial De Colombia Marxista\" \/>\n\t<meta name=\"twitter:label2\" content=\"Tiempo de lectura\" \/>\n\t<meta name=\"twitter:data2\" content=\"37 minutos\" \/>\n<script type=\"application\/ld+json\" class=\"yoast-schema-graph\">{\"@context\":\"https:\\\/\\\/schema.org\",\"@graph\":[{\"@type\":\"Article\",\"@id\":\"https:\\\/\\\/colombiamarxista.com\\\/?p=3473#article\",\"isPartOf\":{\"@id\":\"https:\\\/\\\/colombiamarxista.com\\\/?p=3473\"},\"author\":{\"name\":\"Consejo Editorial De Colombia Marxista\",\"@id\":\"https:\\\/\\\/colombiamarxista.com\\\/#\\\/schema\\\/person\\\/e37d02f1454a536d01306cf74ee02c39\"},\"headline\":\"La segunda ola de \u201cgobiernos progresistas\u00bb de Am\u00e9rica Latina: primero como tragedia, luego como farsa\",\"datePublished\":\"2023-07-24T15:31:43+00:00\",\"dateModified\":\"2023-08-09T16:54:36+00:00\",\"mainEntityOfPage\":{\"@id\":\"https:\\\/\\\/colombiamarxista.com\\\/?p=3473\"},\"wordCount\":8499,\"commentCount\":0,\"publisher\":{\"@id\":\"https:\\\/\\\/colombiamarxista.com\\\/#organization\"},\"image\":{\"@id\":\"https:\\\/\\\/colombiamarxista.com\\\/?p=3473#primaryimage\"},\"thumbnailUrl\":\"https:\\\/\\\/colombiamarxista.com\\\/wp-content\\\/uploads\\\/2023\\\/07\\\/america_latina_united_Image_Public_Domain.jpeg\",\"keywords\":[\"latinoamerica\",\"Analisis Internacional\",\"progresismo\"],\"articleSection\":[\"Analisis Internacional\"],\"inLanguage\":\"es-CO\",\"potentialAction\":[{\"@type\":\"CommentAction\",\"name\":\"Comment\",\"target\":[\"https:\\\/\\\/colombiamarxista.com\\\/?p=3473#respond\"]}]},{\"@type\":\"WebPage\",\"@id\":\"https:\\\/\\\/colombiamarxista.com\\\/?p=3473\",\"url\":\"https:\\\/\\\/colombiamarxista.com\\\/?p=3473\",\"name\":\"La segunda ola de \u201cgobiernos progresistas\u00bb de Am\u00e9rica Latina: primero como tragedia, luego como farsa - Comunistas Revolucionarios de Colombia\",\"isPartOf\":{\"@id\":\"https:\\\/\\\/colombiamarxista.com\\\/#website\"},\"primaryImageOfPage\":{\"@id\":\"https:\\\/\\\/colombiamarxista.com\\\/?p=3473#primaryimage\"},\"image\":{\"@id\":\"https:\\\/\\\/colombiamarxista.com\\\/?p=3473#primaryimage\"},\"thumbnailUrl\":\"https:\\\/\\\/colombiamarxista.com\\\/wp-content\\\/uploads\\\/2023\\\/07\\\/america_latina_united_Image_Public_Domain.jpeg\",\"datePublished\":\"2023-07-24T15:31:43+00:00\",\"dateModified\":\"2023-08-09T16:54:36+00:00\",\"breadcrumb\":{\"@id\":\"https:\\\/\\\/colombiamarxista.com\\\/?p=3473#breadcrumb\"},\"inLanguage\":\"es-CO\",\"potentialAction\":[{\"@type\":\"ReadAction\",\"target\":[\"https:\\\/\\\/colombiamarxista.com\\\/?p=3473\"]}]},{\"@type\":\"ImageObject\",\"inLanguage\":\"es-CO\",\"@id\":\"https:\\\/\\\/colombiamarxista.com\\\/?p=3473#primaryimage\",\"url\":\"https:\\\/\\\/colombiamarxista.com\\\/wp-content\\\/uploads\\\/2023\\\/07\\\/america_latina_united_Image_Public_Domain.jpeg\",\"contentUrl\":\"https:\\\/\\\/colombiamarxista.com\\\/wp-content\\\/uploads\\\/2023\\\/07\\\/america_latina_united_Image_Public_Domain.jpeg\",\"width\":645,\"height\":462},{\"@type\":\"BreadcrumbList\",\"@id\":\"https:\\\/\\\/colombiamarxista.com\\\/?p=3473#breadcrumb\",\"itemListElement\":[{\"@type\":\"ListItem\",\"position\":1,\"name\":\"Home\",\"item\":\"https:\\\/\\\/colombiamarxista.com\\\/\"},{\"@type\":\"ListItem\",\"position\":2,\"name\":\"La segunda ola de \u201cgobiernos progresistas\u00bb de Am\u00e9rica Latina: primero como tragedia, luego como farsa\"}]},{\"@type\":\"WebSite\",\"@id\":\"https:\\\/\\\/colombiamarxista.com\\\/#website\",\"url\":\"https:\\\/\\\/colombiamarxista.com\\\/\",\"name\":\"Comunistas Revolucionarios de Colombia\",\"description\":\"\",\"publisher\":{\"@id\":\"https:\\\/\\\/colombiamarxista.com\\\/#organization\"},\"potentialAction\":[{\"@type\":\"SearchAction\",\"target\":{\"@type\":\"EntryPoint\",\"urlTemplate\":\"https:\\\/\\\/colombiamarxista.com\\\/?s={search_term_string}\"},\"query-input\":{\"@type\":\"PropertyValueSpecification\",\"valueRequired\":true,\"valueName\":\"search_term_string\"}}],\"inLanguage\":\"es-CO\"},{\"@type\":\"Organization\",\"@id\":\"https:\\\/\\\/colombiamarxista.com\\\/#organization\",\"name\":\"Comunistas Revolucionarios de Colombia\",\"url\":\"https:\\\/\\\/colombiamarxista.com\\\/\",\"logo\":{\"@type\":\"ImageObject\",\"inLanguage\":\"es-CO\",\"@id\":\"https:\\\/\\\/colombiamarxista.com\\\/#\\\/schema\\\/logo\\\/image\\\/\",\"url\":\"https:\\\/\\\/colombiamarxista.com\\\/wp-content\\\/uploads\\\/2026\\\/04\\\/logo-crc_Mesa-de-trabajo-1-scaled.png\",\"contentUrl\":\"https:\\\/\\\/colombiamarxista.com\\\/wp-content\\\/uploads\\\/2026\\\/04\\\/logo-crc_Mesa-de-trabajo-1-scaled.png\",\"width\":2560,\"height\":1920,\"caption\":\"Comunistas Revolucionarios de Colombia\"},\"image\":{\"@id\":\"https:\\\/\\\/colombiamarxista.com\\\/#\\\/schema\\\/logo\\\/image\\\/\"}},{\"@type\":\"Person\",\"@id\":\"https:\\\/\\\/colombiamarxista.com\\\/#\\\/schema\\\/person\\\/e37d02f1454a536d01306cf74ee02c39\",\"name\":\"Consejo Editorial De Colombia Marxista\",\"image\":{\"@type\":\"ImageObject\",\"inLanguage\":\"es-CO\",\"@id\":\"https:\\\/\\\/secure.gravatar.com\\\/avatar\\\/27d462afb069d4f31317c3decd42f1acedbc140f1342d432b75cc0cb867e5fb1?s=96&d=mm&r=g\",\"url\":\"https:\\\/\\\/secure.gravatar.com\\\/avatar\\\/27d462afb069d4f31317c3decd42f1acedbc140f1342d432b75cc0cb867e5fb1?s=96&d=mm&r=g\",\"contentUrl\":\"https:\\\/\\\/secure.gravatar.com\\\/avatar\\\/27d462afb069d4f31317c3decd42f1acedbc140f1342d432b75cc0cb867e5fb1?s=96&d=mm&r=g\",\"caption\":\"Consejo Editorial De Colombia Marxista\"},\"sameAs\":[\"http:\\\/\\\/colombiamarxista.com\"],\"url\":\"https:\\\/\\\/www.marxist.com\\\/la-segunda-ola-de-gobiernos-progresistas-de-america-latina-primero-como-tragedia-luego-como-farsa.htm\"}]}<\/script>\n<!-- \/ Yoast SEO plugin. -->","yoast_head_json":{"title":"La segunda ola de \u201cgobiernos progresistas\u00bb de Am\u00e9rica Latina: primero como tragedia, luego como farsa - Comunistas Revolucionarios de Colombia","robots":{"index":"index","follow":"follow","max-snippet":"max-snippet:-1","max-image-preview":"max-image-preview:large","max-video-preview":"max-video-preview:-1"},"canonical":"https:\/\/colombiamarxista.com\/?p=3473","og_locale":"es_ES","og_type":"article","og_title":"La segunda ola de \u201cgobiernos progresistas\u00bb de Am\u00e9rica Latina: primero como tragedia, luego como farsa","og_description":"La elecci\u00f3n de Lula en Brasil y de Petro en Colombia en 2022 ha provocado un aumento del ruido tanto en los medios de comunicaci\u00f3n como en los c\u00edrculos de izquierda sobre una segunda \u00abmarea rosa\u00bb en Am\u00e9rica Latina. Se trata de una referencia a la ola de gobiernos llamados \u00abprogresistas\u00bb que estuvieron en el [&hellip;]","og_url":"https:\/\/colombiamarxista.com\/?p=3473","og_site_name":"Comunistas Revolucionarios de Colombia","article_published_time":"2023-07-24T15:31:43+00:00","article_modified_time":"2023-08-09T16:54:36+00:00","og_image":[{"width":645,"height":462,"url":"https:\/\/colombiamarxista.com\/wp-content\/uploads\/2023\/07\/america_latina_united_Image_Public_Domain.jpeg","type":"image\/jpeg"}],"author":"Consejo Editorial De Colombia Marxista","twitter_card":"summary_large_image","twitter_title":"La segunda ola de \u201cgobiernos progresistas\u00bb de Am\u00e9rica Latina: primero como tragedia, luego como farsa","twitter_image":"https:\/\/colombiamarxista.com\/wp-content\/uploads\/2023\/07\/america_latina_united_Image_Public_Domain.jpeg","twitter_misc":{"Escrito por":"Consejo Editorial De Colombia Marxista","Tiempo de lectura":"37 minutos"},"schema":{"@context":"https:\/\/schema.org","@graph":[{"@type":"Article","@id":"https:\/\/colombiamarxista.com\/?p=3473#article","isPartOf":{"@id":"https:\/\/colombiamarxista.com\/?p=3473"},"author":{"name":"Consejo Editorial De Colombia Marxista","@id":"https:\/\/colombiamarxista.com\/#\/schema\/person\/e37d02f1454a536d01306cf74ee02c39"},"headline":"La segunda ola de \u201cgobiernos progresistas\u00bb de Am\u00e9rica Latina: primero como tragedia, luego como farsa","datePublished":"2023-07-24T15:31:43+00:00","dateModified":"2023-08-09T16:54:36+00:00","mainEntityOfPage":{"@id":"https:\/\/colombiamarxista.com\/?p=3473"},"wordCount":8499,"commentCount":0,"publisher":{"@id":"https:\/\/colombiamarxista.com\/#organization"},"image":{"@id":"https:\/\/colombiamarxista.com\/?p=3473#primaryimage"},"thumbnailUrl":"https:\/\/colombiamarxista.com\/wp-content\/uploads\/2023\/07\/america_latina_united_Image_Public_Domain.jpeg","keywords":["latinoamerica","Analisis Internacional","progresismo"],"articleSection":["Analisis Internacional"],"inLanguage":"es-CO","potentialAction":[{"@type":"CommentAction","name":"Comment","target":["https:\/\/colombiamarxista.com\/?p=3473#respond"]}]},{"@type":"WebPage","@id":"https:\/\/colombiamarxista.com\/?p=3473","url":"https:\/\/colombiamarxista.com\/?p=3473","name":"La segunda ola de \u201cgobiernos progresistas\u00bb de Am\u00e9rica Latina: primero como tragedia, luego como farsa - Comunistas Revolucionarios de Colombia","isPartOf":{"@id":"https:\/\/colombiamarxista.com\/#website"},"primaryImageOfPage":{"@id":"https:\/\/colombiamarxista.com\/?p=3473#primaryimage"},"image":{"@id":"https:\/\/colombiamarxista.com\/?p=3473#primaryimage"},"thumbnailUrl":"https:\/\/colombiamarxista.com\/wp-content\/uploads\/2023\/07\/america_latina_united_Image_Public_Domain.jpeg","datePublished":"2023-07-24T15:31:43+00:00","dateModified":"2023-08-09T16:54:36+00:00","breadcrumb":{"@id":"https:\/\/colombiamarxista.com\/?p=3473#breadcrumb"},"inLanguage":"es-CO","potentialAction":[{"@type":"ReadAction","target":["https:\/\/colombiamarxista.com\/?p=3473"]}]},{"@type":"ImageObject","inLanguage":"es-CO","@id":"https:\/\/colombiamarxista.com\/?p=3473#primaryimage","url":"https:\/\/colombiamarxista.com\/wp-content\/uploads\/2023\/07\/america_latina_united_Image_Public_Domain.jpeg","contentUrl":"https:\/\/colombiamarxista.com\/wp-content\/uploads\/2023\/07\/america_latina_united_Image_Public_Domain.jpeg","width":645,"height":462},{"@type":"BreadcrumbList","@id":"https:\/\/colombiamarxista.com\/?p=3473#breadcrumb","itemListElement":[{"@type":"ListItem","position":1,"name":"Home","item":"https:\/\/colombiamarxista.com\/"},{"@type":"ListItem","position":2,"name":"La segunda ola de \u201cgobiernos progresistas\u00bb de Am\u00e9rica Latina: primero como tragedia, luego como farsa"}]},{"@type":"WebSite","@id":"https:\/\/colombiamarxista.com\/#website","url":"https:\/\/colombiamarxista.com\/","name":"Comunistas Revolucionarios de Colombia","description":"","publisher":{"@id":"https:\/\/colombiamarxista.com\/#organization"},"potentialAction":[{"@type":"SearchAction","target":{"@type":"EntryPoint","urlTemplate":"https:\/\/colombiamarxista.com\/?s={search_term_string}"},"query-input":{"@type":"PropertyValueSpecification","valueRequired":true,"valueName":"search_term_string"}}],"inLanguage":"es-CO"},{"@type":"Organization","@id":"https:\/\/colombiamarxista.com\/#organization","name":"Comunistas Revolucionarios de Colombia","url":"https:\/\/colombiamarxista.com\/","logo":{"@type":"ImageObject","inLanguage":"es-CO","@id":"https:\/\/colombiamarxista.com\/#\/schema\/logo\/image\/","url":"https:\/\/colombiamarxista.com\/wp-content\/uploads\/2026\/04\/logo-crc_Mesa-de-trabajo-1-scaled.png","contentUrl":"https:\/\/colombiamarxista.com\/wp-content\/uploads\/2026\/04\/logo-crc_Mesa-de-trabajo-1-scaled.png","width":2560,"height":1920,"caption":"Comunistas Revolucionarios de Colombia"},"image":{"@id":"https:\/\/colombiamarxista.com\/#\/schema\/logo\/image\/"}},{"@type":"Person","@id":"https:\/\/colombiamarxista.com\/#\/schema\/person\/e37d02f1454a536d01306cf74ee02c39","name":"Consejo Editorial De Colombia Marxista","image":{"@type":"ImageObject","inLanguage":"es-CO","@id":"https:\/\/secure.gravatar.com\/avatar\/27d462afb069d4f31317c3decd42f1acedbc140f1342d432b75cc0cb867e5fb1?s=96&d=mm&r=g","url":"https:\/\/secure.gravatar.com\/avatar\/27d462afb069d4f31317c3decd42f1acedbc140f1342d432b75cc0cb867e5fb1?s=96&d=mm&r=g","contentUrl":"https:\/\/secure.gravatar.com\/avatar\/27d462afb069d4f31317c3decd42f1acedbc140f1342d432b75cc0cb867e5fb1?s=96&d=mm&r=g","caption":"Consejo Editorial De Colombia Marxista"},"sameAs":["http:\/\/colombiamarxista.com"],"url":"https:\/\/www.marxist.com\/la-segunda-ola-de-gobiernos-progresistas-de-america-latina-primero-como-tragedia-luego-como-farsa.htm"}]}},"_links":{"self":[{"href":"https:\/\/colombiamarxista.com\/index.php?rest_route=\/wp\/v2\/posts\/3473","targetHints":{"allow":["GET"]}}],"collection":[{"href":"https:\/\/colombiamarxista.com\/index.php?rest_route=\/wp\/v2\/posts"}],"about":[{"href":"https:\/\/colombiamarxista.com\/index.php?rest_route=\/wp\/v2\/types\/post"}],"author":[{"embeddable":true,"href":"https:\/\/colombiamarxista.com\/index.php?rest_route=\/wp\/v2\/users\/1"}],"replies":[{"embeddable":true,"href":"https:\/\/colombiamarxista.com\/index.php?rest_route=%2Fwp%2Fv2%2Fcomments&post=3473"}],"version-history":[{"count":0,"href":"https:\/\/colombiamarxista.com\/index.php?rest_route=\/wp\/v2\/posts\/3473\/revisions"}],"wp:featuredmedia":[{"embeddable":true,"href":"https:\/\/colombiamarxista.com\/index.php?rest_route=\/wp\/v2\/media\/3474"}],"wp:attachment":[{"href":"https:\/\/colombiamarxista.com\/index.php?rest_route=%2Fwp%2Fv2%2Fmedia&parent=3473"}],"wp:term":[{"taxonomy":"category","embeddable":true,"href":"https:\/\/colombiamarxista.com\/index.php?rest_route=%2Fwp%2Fv2%2Fcategories&post=3473"},{"taxonomy":"post_tag","embeddable":true,"href":"https:\/\/colombiamarxista.com\/index.php?rest_route=%2Fwp%2Fv2%2Ftags&post=3473"}],"curies":[{"name":"wp","href":"https:\/\/api.w.org\/{rel}","templated":true}]}}