{"id":3347,"date":"2023-05-29T10:29:24","date_gmt":"2023-05-29T15:29:24","guid":{"rendered":"https:\/\/colombiamarxista.com\/?p=3347"},"modified":"2023-05-29T11:12:12","modified_gmt":"2023-05-29T16:12:12","slug":"las-confesiones-de-un-comandante-paramilitar","status":"publish","type":"post","link":"https:\/\/colombiamarxista.com\/?p=3347","title":{"rendered":"Las confesiones de un comandante paramilitar"},"content":{"rendered":"\n<p>Un antiguo oficial paramilitar ha dado testimonios p\u00fablicos y explosivos al respecto de la colaboraci\u00f3n cercana entre los hampones derechistas bajo su comando y los capitalistas y terratenientes colombianos que dependieron de estas fuerzas por d\u00e9cadas para reprimir a los obreros y campesinos.&nbsp;<\/p>\n\n\n\n<p>La JEP es un ente de \u201cjusticia transicional\u201d creado como parte de los acuerdos de paz del 2016 entre las FARC-EP (Fuerzas Armadas Revolucionarias de Colombia &#8211; Ej\u00e9rcito del Pueblo)&nbsp; y el Estado. Su meta declarada es desvelar todos los cr\u00edmenes cometidos por los actores principales del conflicto armado colombiano en ambos bandos. Hasta ahora, se ha concentrado en los \u201cfalsos positivos\u201d (el escandaloso caso de ejecuciones de civiles de parte del ej\u00e9rcito para luego ser vestido y declarados como combatientes guerrilleros), reclutamiento infantil y los secuestros de las FARC al igual que la documentaci\u00f3n del exterminio del Partido Comunista y su frente popular pol\u00edtico, la Uni\u00f3n Patri\u00f3tica. Sin embargo, el ente est\u00e1 abierto a cualquier otro actor del conflicto que est\u00e9 dispuesto a dar nuevos estamentos que ayuden a descubrir nuevos detalles de los cr\u00edmenes ocurridos durante el conflicto.&nbsp;<\/p>\n\n\n\n<p>Uno de estos actores es de gran importancia: Salvatore Mancuso, el antiguo segundo al mando de la organizaci\u00f3n paramilitar conocida como las Autodefensas Unidas de Colombia (AUC). A traves de su testimonio de cuatro d\u00edas, Mancuso explic\u00f3 en gran detalle como los paracos fueron directamente responsables por la ejecuci\u00f3n y la tortura de l\u00edderes sindicales y militantes de izquierda a petici\u00f3n de la clase dominante colombiana, con antiguos presidentes y vice-presidentes involucrados directamente. El testimonio sombr\u00edo expone la podredumbre de la clase dominante y sus l\u00edderes pol\u00edticos, pero tambi\u00e9n plantea la cuesti\u00f3n de qui\u00e9nes son los verdaderos amos de las instituciones pol\u00edticas del d\u00eda de hoy.<\/p>\n\n\n\n<h2 class=\"wp-block-heading\">Una pesadilla larga<\/h2>\n\n\n\n<p>La emergencia de fuerzas paramilitares (cuerpos armados de civiles extralegales fuera del ej\u00e9rcito) no es nada nuevo dentro del conflicto armado. Incluso durante el periodo conocido como La Violencia, a trav\u00e9s de los 40s y los 50s, hubo grupos como \u201cLos P\u00e1jaros\u201d que fueron usados por los conservadores para atacar a los simpatizantes radicales y liberales de Jorge Eliecer Gait\u00e1n al igual que a los l\u00edderes sindicales y comunistas. Sin embargo, el ej\u00e9rcito retom\u00f3 su posici\u00f3n de manera inmediata durante las primeras confrontaciones contra las nacientes FARC y el ELN (Ej\u00e9rcito de Liberaci\u00f3n Nacional). Durante un periodo, el conflicto armado en Colombia fue luchado entre el estado y las guerrillas.<\/p>\n\n\n\n<p>El auge del narcotr\u00e1fico durante los finales de los 70s y los 80s cambi\u00f3 esto. Los capos se alzaron r\u00e1pidamente en la escala social y cuando las guerrillas empezaron a extorsionarlos, los carteles de Medell\u00edn y Cali empezaron a formar grupos armados para cazarlos. Esto se convirti\u00f3 en un quid pro quo con el podrido aparato estatal. Durante estos a\u00f1os, los carteles y los pol\u00edticos trabajaron codo con codo para erradicar a las guerrillas hasta que la campa\u00f1a de \u201cguerra contra el estado\u201d de Pablo Escobar cre\u00f3 un vac\u00edo enorme de poder<\/p>\n\n\n\n<p>Es aqu\u00ed donde surgen los grupos paramilitares de hoy. En medio de confrontaciones entre los narcos, las guerrillas, el estado y la emergencia de movimientos masivos de izquierda populares como la UP (Uni\u00f3n Patri\u00f3tica, un frente popular conformado por las FARC, el Partido Comunista Colombiano y otros partidos de izquierda), Colombia se encontraba en una encrucijada entre la reacci\u00f3n, la reforma y la revoluci\u00f3n. Temiendo el movimiento creciente de masas que se reflejaba en la UP y el recientemente desmovilizado M-19 (una guerrilla nacionalista que firm\u00f3 un acuerdo de paz en 1990), la violencia pol\u00edtica reinici\u00f3<\/p>\n\n\n\n<p>Las pandillas armadas de los narcos empezaron a hacer el trabajo sucio del estado capitalista. Durante las elecciones de 1990, tres candidatos (Luis Carlos Gal\u00e1n de los liberales, Carlos Pizarro del M-19 y Bernardo Jaramillo de la UP) fueron asesinados. Esto cre\u00f3 la oportunidad para continuar la pol\u00edtica de apertura econ\u00f3mica: leyes ultra-liberales que hab\u00edan iniciado durante el gobierno de Virgilio Barco continuadas por Carlos Gaviria, qui\u00e9n reemplaz\u00f3 a Luis Carlos Gal\u00e1n en la elecci\u00f3n. En medio de esto, un embri\u00f3n de los paramilitares se empez\u00f3 a desarrollar pero todav\u00eda bas\u00e1ndose sobre peque\u00f1os grupos armados.&nbsp;<\/p>\n\n\n\n<p>La ca\u00edda de Escobar cambiar\u00eda esto para siempre. Como se hab\u00eda mencionado previamente, el vac\u00edo creado por la muerte de Pablo Escobar cre\u00f3 oportunidades que fueron aprovechadas por los hermanos Casta\u00f1o (Carlos y Fidel), que se separaron de los narcos y empezaron a fomentar relaciones con el aparato de seguridad estatal. De all\u00ed, sigui\u00f3 un per\u00edodo de reacci\u00f3n de diez a\u00f1os donde los Casta\u00f1os atacaron a la poblaci\u00f3n para tratar de borrar la memoria de alzamientos populares como el paro nacional de 1977 y el Bogotazo.&nbsp;<\/p>\n\n\n\n<h2 class=\"wp-block-heading\">Una alianza imp\u00eda<\/h2>\n\n\n\n<p>Es dentro de este periodo en el que se puede analizar las <a href=\"https:\/\/www.lasillavacia.com\/historias\/silla-nacional\/las-10-declaraciones-clave-en-la-audiencia-de-mancuso-ante-la-jep\/\">declaraciones<\/a> de Mancuso. Las AUC se encargaron de muchos de los contratos que antes se hab\u00edan acordado entre el Cartel de Medell\u00edn y el estado. Sus filas incrementaron r\u00e1pidamente y recibieron inteligencia y armamento. Los paracos fueron omnipresentes en la vida diaria de la mayor\u00eda del territorio interior colombiano, incluyendo zonas econ\u00f3micas cruciales como Antioquia, el eje cafetero y los llanos orientales. Pero fue en la regi\u00f3n caribe, al norte, donde se volvieron un \u201cestado dentro del estado\u201d. Departamentos como Sucre, Magdalena, Ces\u00e1r y la Guajira se convirtieron en sus centros de poder.&nbsp;<\/p>\n\n\n\n<p>Esto cre\u00f3 una paradoja: en la medida en que las \u00e9lites econ\u00f3micas estaban dispuestas a reducir sus operaciones pero tambi\u00e9n quer\u00edan deshacerse de \u201cindeseables\u201d. Clanes pol\u00edticos locales en estos departamentos fueron los primeros en usar los servicios de los paramilitares pero como las declaraciones de Mancuso demostraron, las corporaciones m\u00e1s grandes del pa\u00eds (como Postob\u00f3n) pagaron tributo para asegurar sus servicios en estas regiones. Actividades sindicales fueron tachadas de \u201csubversi\u00f3n marxista\u201d y activistas sindicales fueron perseguidos y asesinados. Hab\u00edan pistas de esta cooperaci\u00f3n en investigaciones contra Chiquita Banana (Antiguamente, la United Fruit Company culpable de la masacre de las bananeras) pero las declaraciones de Mancuso son las primeras en detallar p\u00fablicamente los v\u00ednculos entre los paramilitares y estos \u201cempresarios respetables\u201d con su nombre.&nbsp;<\/p>\n\n\n\n<p>Corporaciones capitalistas, nacionales y multinacionales, al igual que la oligarqu\u00eda colombiana no tuvieron ning\u00fan reparo en usar a las brutales pandillas paramilitares para maximizar sus ganancias y destruir cualquier intent\u00f3 de organizaci\u00f3n de los campesinos y obreros.&nbsp;<\/p>\n\n\n\n<p>Se pueden listar varios detalles l\u00fagubres. Mancuso, de manera calmada, detall\u00f3 t\u00e1cticas de represi\u00f3n, desde masacres (como la de El Aro y La Granja en Antioquia, bajo la gobernaci\u00f3n de Alvaro Uribe), torturas, asesinatos y desapariciones. Mancuso explic\u00f3 c\u00f3mo estas masacres fueron ejecutadas a trav\u00e9s de la colaboraci\u00f3n directa con el ej\u00e9rcito colombiano:<\/p>\n\n\n\n<p>\u201cHubo preparaci\u00f3n previa por m\u00e1s de un a\u00f1o antes de la operaci\u00f3n. Me reun\u00ed con el General Manosalva (&#8230;) Hubo coordinaci\u00f3n con las tropas en el terreno, coroneles, mayores, capitanes y hubo movimiento de tropas desde Urab\u00e1, C\u00f3rdoba, la regi\u00f3n antioque\u00f1a del sur del Cauca y todas estas tropas se movilizaron desde all\u00ed\u201d<\/p>\n\n\n\n<p>\u00c9l tambi\u00e9n ha detallado como el desplazamiento del campesinado llev\u00f3 directamente a la toma de tierra de parte de los comandantes paramilitares y sus aliados para lucrarse, encima de los pagos lujosos de los empresarios para detener cualquier intento de sindicalizaci\u00f3n.&nbsp;<\/p>\n\n\n<div class=\"wp-block-image\">\n<figure class=\"aligncenter size-large is-resized\"><img fetchpriority=\"high\" decoding=\"async\" src=\"https:\/\/colombiamarxista.com\/wp-content\/uploads\/2023\/05\/AU_Image_World_Economic_Forum_Flickr-1024x789.jpg\" alt=\"\" class=\"wp-image-3351\" width=\"840\" height=\"647\" srcset=\"https:\/\/colombiamarxista.com\/wp-content\/uploads\/2023\/05\/AU_Image_World_Economic_Forum_Flickr-1024x789.jpg 1024w, https:\/\/colombiamarxista.com\/wp-content\/uploads\/2023\/05\/AU_Image_World_Economic_Forum_Flickr-300x231.jpg 300w, https:\/\/colombiamarxista.com\/wp-content\/uploads\/2023\/05\/AU_Image_World_Economic_Forum_Flickr-768x592.jpg 768w, https:\/\/colombiamarxista.com\/wp-content\/uploads\/2023\/05\/AU_Image_World_Economic_Forum_Flickr-1536x1184.jpg 1536w, https:\/\/colombiamarxista.com\/wp-content\/uploads\/2023\/05\/AU_Image_World_Economic_Forum_Flickr.jpg 1752w\" sizes=\"(max-width: 840px) 100vw, 840px\" \/><figcaption class=\"wp-element-caption\">Mancuso tambi\u00e9n detall\u00f3 sus lazos con el ex-presidente \u00c1lvaro Uribe V\u00e9lez, a trav\u00e9s de su gobernaci\u00f3n de Antioquia y luego durante la elecci\u00f3n del 2002. Imagen: World Economic Forum, Flickr<\/figcaption><\/figure>\n<\/div>\n\n\n<p>Los paramilitares estaban en su auge. Sus lazos con el estado llegaron al mismo centro de la inteligencia militar colombiana (el defunto Departamento Administrativo de Seguridad) y muchos asesinatos pol\u00edticos (como el de Jaime Garz\u00f3n, un famoso periodista y satirista con simpat\u00edas de izquierda) fueron operaciones entre los paramilitares y el DAS, de acuerdo a Mancuso. De nuevo, esto se hab\u00eda insinuado en investigaciones anteriores y documentos desclasificados de parte de la CIA, pero en este caso tenemos confirmaci\u00f3n de uno de los culpables.&nbsp;<\/p>\n\n\n\n<p>Mancuso di\u00f3 detalles abundantes. La cantidad de informaci\u00f3n es como un tsunami que ha inundado el status quo pol\u00edtico colombiano de derecha. Esto pr\u00e1cticamente confirma que la clase dominante sacrific\u00f3 generosamente la ficci\u00f3n del \u201cestado de derecho\u201d del que se enorgullecen p\u00fablicamente para someter cualquier movilizaci\u00f3n de la clase obrera a trav\u00e9s del terror abierto.&nbsp;<\/p>\n\n\n\n<p>Por ejemplo, Mancuso detall\u00f3 c\u00f3mo los paramilitares ten\u00edan a los dos candidatos de la elecci\u00f3n de 1998 (Andr\u00e9s Pastra y Horacio Serpa) en su bolsillo. Tambi\u00e9n detall\u00f3 sus lazos con el ex-presidente \u00c1lvaro Uribe V\u00e9lez, a trav\u00e9s de su gobernaci\u00f3n de Antioquia y luego durante la elecci\u00f3n del 2002. Por \u00faltimo, Mancuso apunt\u00f3 a los lazos entre los medios de comunicaci\u00f3n y la elite tradicional como la propuesta repugnante de crear un \u201cbloque capital\u201d para que Bogot\u00e1 gozara del privilegio de la \u201cseguridad\u201d de las patrullas paramilitares<\/p>\n\n\n\n<h2 class=\"wp-block-heading\">La justicia transicional<\/h2>\n\n\n\n<p>Muchos derechistas mencionan la existencia de <em>Justicia y Paz, <\/em>una unidad especial de la fiscal\u00eda creada durante la presidencia de \u00c1lvaro Uribe como prueba de la dudosa credibilidad de Mancuso. Ellos preguntan: \u00bfPor qu\u00e9 es que la informaci\u00f3n sale justo ahora? Esta duda fue repetida por el mismo Uribe y su lacayo leal, el ex-presidente Iv\u00e1n Duque. La <a href=\"https:\/\/elpais.com\/america-colombia\/2023-05-17\/uribe-asegura-que-la-extradicion-de-mancuso-nunca-fue-para-ocultar-la-verdad.html\">implicaci\u00f3n<\/a> es que Mancuso est\u00e1 mintiendo para reducir su sentencia ya que tendr\u00eda que continuarla en Colombia.&nbsp;<\/p>\n\n\n\n<p>Tal vez la respuesta est\u00e1 en el movimiento c\u00ednico hecho por Uribe justo antes de la firma del acuerdo de paz con los paramilitares<em>. <\/em>Fue justo despu\u00e9s del <a href=\"https:\/\/www.youtube.com\/watch?v=oUfGUDcZSq0\">famoso discurso<\/a> de Mancuso en el congreso colombiano. En ese momento, parec\u00eda que los comandantes paramilitares disfrutar\u00edan toda la riqueza acumulada a trav\u00e9s del narcotr\u00e1fico y la toma de tierras. Pero todos los comandantes fueron acusados por el gobierno de enriquecimiento il\u00edcito y extraditados a los Estados Unidos en 2008. Mancuso fue uno de los primeros en caer, seguido por otros 12 y fue enviado prontamente a los EE.UU.&nbsp;<\/p>\n\n\n\n<p>Esto fue durante la era de la \u201cseguridad democr\u00e1tica\u201d de Uribe, en la cual \u00e9l necesitaba mostrar mano firme y evitar que alguien lo delatara. Otros comandantes (como Carlos Casta\u00f1o) que no firmaron el acuerdo de paz con los paramilitares fueron asesinados y un nuevo conjunto de grupos emergieron, muchos de los cuales convergieron en el actual \u201cClan del Golfo\u201d.<\/p>\n\n\n\n<h2 class=\"wp-block-heading\">El secreto a voces: el imperialismo estadounidense<\/h2>\n\n\n\n<p>Una omisi\u00f3n flagrante del testimonio de Mancuso es el papel de los Estados Unidos. Ya que est\u00e1 en prisi\u00f3n en Estados Unidos, esperando su pr\u00f3xima extradici\u00f3n, est\u00e1 en su mejor inter\u00e9s mantenerse callado al respecto. Pero no podemos ignorar que a trav\u00e9s de todo el periodo en el que el estado Colombiano y las fuerzas de seguridad paramilitares establecieron v\u00ednculos de colaboraci\u00f3n de los cuales las multinacionales estadounidenses se beneficiaron, Washington apoy\u00f3 por completo al gobierno colombiano con la excusa de la guerra contra las drogas.&nbsp;<\/p>\n\n\n\n<p>Colombia fue tal vez el aliado m\u00e1s fiable del imperialismo Estadounidense en la regi\u00f3n y fue visto como un basti\u00f3n contra la revoluci\u00f3n socialista en Latinoam\u00e9rica. El infame \u201cPlan Colombia\u201d de ayuda militar Estadounidense lleg\u00f3 a m\u00e1s de $10 billones de d\u00f3lares a trav\u00e9s de un periodo de 10 a\u00f1os, convirtiendo al pa\u00eds suramericano en uno de los mayores recipientes de ayuda militar estadounidenses en el mundo. Colombia estaba rebosante de instructores militares estadounidenses y agentes de la CIA. Nada de lo que Mancuso relat\u00f3 a la Jurisdicci\u00f3n Especial para la Paz ocurri\u00f3 sin el conocimiento directo de Washington.&nbsp;<\/p>\n\n\n\n<p>De hecho, uno de los puntos que Mancuso s\u00ed mencion\u00f3 fue la cuesti\u00f3n de la oposici\u00f3n reaccionaria en Venezuela. \u00c9l explic\u00f3 como se le pidi\u00f3 ayudar a llevar a cabo <a href=\"https:\/\/cambiocolombia.com\/conflicto-armado-en-colombia\/nos-propusieron-asesinar-hugo-chavez-salvatore-mancuso\">un golpe<\/a> en contra del presidente Venezolano Hugo Chavez, planeando su asesinato, incluso:&nbsp;<\/p>\n\n\n\n<p>\u201cEn alg\u00fan momento vino un general venezolano acompa\u00f1ado de su hijo y unos pol\u00edticos venezolanos a proponernos a Carlos Casta\u00f1o y a m\u00ed. (&#8230;) hasta Tierra Alta, C\u00f3rdoba, a proponernos que di\u00e9ramos un golpe de Estado entre una parte de las Fuerzas Militares venezolanas aliados con nosotros para derrocar y asesinar a Hugo Ch\u00e1vez\u201d<\/p>\n\n\n\n<figure class=\"wp-block-image size-large\"><img decoding=\"async\" width=\"1024\" height=\"691\" src=\"https:\/\/colombiamarxista.com\/wp-content\/uploads\/2023\/05\/Chavez_Image_Victor_Soares_-_ABr_Wikimedia_Commons-1024x691.jpeg\" alt=\"\" class=\"wp-image-3350\" srcset=\"https:\/\/colombiamarxista.com\/wp-content\/uploads\/2023\/05\/Chavez_Image_Victor_Soares_-_ABr_Wikimedia_Commons-1024x691.jpeg 1024w, https:\/\/colombiamarxista.com\/wp-content\/uploads\/2023\/05\/Chavez_Image_Victor_Soares_-_ABr_Wikimedia_Commons-300x203.jpeg 300w, https:\/\/colombiamarxista.com\/wp-content\/uploads\/2023\/05\/Chavez_Image_Victor_Soares_-_ABr_Wikimedia_Commons-768x518.jpeg 768w, https:\/\/colombiamarxista.com\/wp-content\/uploads\/2023\/05\/Chavez_Image_Victor_Soares_-_ABr_Wikimedia_Commons.jpeg 1280w\" sizes=\"(max-width: 1024px) 100vw, 1024px\" \/><figcaption class=\"wp-element-caption\">Mancuso explic\u00f3 como se le pidi\u00f3 ayudar a llevar a cabo un golpe en contra del presidente Venezolano Hugo Chavez, planeando su asesinato \/ Imagen: Victor Soares ABr, Wikimedia Commons<\/figcaption><\/figure>\n\n\n\n<h2 class=\"wp-block-heading\">Un testimonio convincente. \u00bfAhora qu\u00e9?<\/h2>\n\n\n\n<p>El testimonio de Mancuso estuvo lleno de secretos a voces. Muchos <a href=\"https:\/\/cuestionpublica.com\/en-este-libro-estan-las-pruebas-que-el-juez-debe-tener-en-cuenta-para-fallar-en-contra-de-santiago-uribe-sergio-mesa\/\">periodistas<\/a> hab\u00edan expuesto algunos de estos v\u00ednculos (Referirse a \u201cEl Clan de los Doce Ap\u00f3stoles\u201d de Olga Behar y \u201cChuzadas\u201d de Juli\u00e1n Mart\u00ednez) y el <a href=\"https:\/\/www.reuters.com\/article\/negocios-eeuu-colombia-chiquita-idLTASIE75300720110604\">caso<\/a> iniciado por activistas sindicales en contra de Chiquita Banana di\u00f3 luces al papel de las autodefensas en la represi\u00f3n pol\u00edtica.&nbsp;<\/p>\n\n\n\n<p>Pero ahora Mancuso est\u00e1 confirmando todos estos reportes al pie de la letra. Se puede ver un lazo claro entre el <em>establishment <\/em>y su cinismo. Mancuso ha descrito minuciosamente los lazos cercanos entre latifundistas, capitalistas, banqueros, due\u00f1os de los medios y representantes pol\u00edticos de la clase dominante con los paramilitares, los que estaban involucrados directamente con el narcotr\u00e1fico a gran escala. \u00bfCu\u00e1l fue la meta de esta colaboraci\u00f3n? Asegurarse de que la clase capitalista se mantuviera en el poder y remover cualquier obst\u00e1culo a su codicia desposada por ganancias, ya sea en la forma de las guerrillas o partidos de izquierda, sindicatos u organizaciones comunitarias y campesinas.&nbsp;<\/p>\n\n\n\n<p>Como marxistas, tenemos que decir las cosas como son. La tarea del momento no es \u201cfortalecer las instituciones democr\u00e1ticas\u201d, como muchos dentro de la izquierda han sugerido. Las declaraciones de Mancuso le sonar\u00e1n familiares a cualquiera que haya visto c\u00f3mo las clases dominantes del mundo han reaccionado cuando necesitaban mantenerse en el poder y repeler a la clase obrera en movimiento. Cuando las instituciones fallan, el \u201cestado de derecho\u201d es f\u00fatil en contra de los intereses de la clase dominante y la oligarqu\u00eda destruir\u00e1 felizmente los atav\u00edos de la democracia liberal para preservar su riqueza y su control de la sociedad.&nbsp;<\/p>\n\n\n\n<h2 class=\"wp-block-heading\">Nada de f\u00e9 en el estado<\/h2>\n\n\n\n<p>Marx y Engels notaron que, en \u00faltima instancia, el estado son los cuerpos armados en defensa de la propiedad privada. En este caso, los cuerpos armados legales fueron suplementados por la acci\u00f3n de cuerpos armados paralegales para llevar a cabo esa misma funci\u00f3n: garantizar el dominio del capital.&nbsp;<\/p>\n\n\n\n<p>Un punto de vista ingenuo \u201cprogresista\u201d podr\u00eda ver a las fuerzas armadas como una instituci\u00f3n que necesita ser salvada de la corrupci\u00f3n, lo que \u00fanicamente a\u00f1adir\u00eda combustible al descontento mientras que la clase dominante retoma forzosamente el control de su arma m\u00e1s poderosa para mantener a las masas bajo control. Este es el caso para los liberales tratando de fortalecer a las instituciones, tratando de legitimar al estado burgu\u00e9s con afirmaciones de que el problema no es su funci\u00f3n (la defensa de la propiedad privada) sino la mala fe de aquellos que las operan. En ambos casos, los reformistas est\u00e1n dici\u00e9ndole a la clase obrera que le de toda su fuerza a preservar y defender el estado burgu\u00e9s.&nbsp;<\/p>\n\n\n\n<p>Como marxistas, tenemos que presentar la perspectiva de ponerle fin al estado burgu\u00e9s en vez de intentar capturarlo para nuestro propio uso. Para lograr esto y responder a la amenaza de los paracos, la clase obrera tiene que depender solamente de su propia fuerza y construir cuerpos de defensa, similares a la primera l\u00ednea que defiendo a los manifestantes durante el paro nacional del 2021 y a la guardia indigena que vimos en Ecuador.&nbsp;<\/p>\n\n\n\n<figure class=\"wp-block-image size-large\"><img decoding=\"async\" width=\"1024\" height=\"683\" src=\"https:\/\/colombiamarxista.com\/wp-content\/uploads\/2023\/05\/Military_Police_of_Colombia_Image_Pipeafcr_Wikimedia_Commons-1024x683.jpg\" alt=\"\" class=\"wp-image-3349\" srcset=\"https:\/\/colombiamarxista.com\/wp-content\/uploads\/2023\/05\/Military_Police_of_Colombia_Image_Pipeafcr_Wikimedia_Commons-1024x683.jpg 1024w, https:\/\/colombiamarxista.com\/wp-content\/uploads\/2023\/05\/Military_Police_of_Colombia_Image_Pipeafcr_Wikimedia_Commons-300x200.jpg 300w, https:\/\/colombiamarxista.com\/wp-content\/uploads\/2023\/05\/Military_Police_of_Colombia_Image_Pipeafcr_Wikimedia_Commons-768x512.jpg 768w, https:\/\/colombiamarxista.com\/wp-content\/uploads\/2023\/05\/Military_Police_of_Colombia_Image_Pipeafcr_Wikimedia_Commons-1536x1024.jpg 1536w, https:\/\/colombiamarxista.com\/wp-content\/uploads\/2023\/05\/Military_Police_of_Colombia_Image_Pipeafcr_Wikimedia_Commons-2048x1366.jpg 2048w\" sizes=\"(max-width: 1024px) 100vw, 1024px\" \/><figcaption class=\"wp-element-caption\">Los cuerpos armados paramilitares como las AUC de Mancuso no son nada m\u00e1s que ej\u00e9rcitos privados que asumen la tarea de defender a la oligarqu\u00eda y a la propiedad privada para suplementar el papel del ej\u00e9rcito.  Imagen: Pipeafcr, Wikimedia Commons<\/figcaption><\/figure>\n\n\n\n<p>Lo que est\u00e1s revelaciones se\u00f1alan es la necesidad de reconstruir el poder independiente de la clase obrera y que cualquier cambio a la realidad material colombiana depende de la posibilidad de destruir este decr\u00e9pito estado capitalista. Esto es lo que muchos esperaban con el ascenso al poder de Gustavo Petro. Pero este espejismo del reformismo se desvanece cada d\u00eda. Aunque Colombia no ha descendido a una crisis todav\u00eda, el potencial de agitaci\u00f3n social continua, lo que otra vez plantea la cuesti\u00f3n de \u201cjusticia y orden\u201d del&nbsp; paramilitarismo. No hay que ver m\u00e1s all\u00e1 de los intentos de movilizaci\u00f3n de los oficiales militares retirados y los elogios a las pol\u00edticas de \u201cmano dura\u201d en muchos de los medios masivos de comunicaci\u00f3n y sus canales de redes sociales.&nbsp;<\/p>\n\n\n\n<p>Los cuerpos armados paramilitares como las AUC de Mancuso no son nada m\u00e1s que ej\u00e9rcitos privados que asumen la tarea de defender a la oligarqu\u00eda y a la propiedad privada para suplementar el papel del ej\u00e9rcito. No son una consecuencia indeseada de las instituciones democr\u00e1ticas. Muchos de los paramilitares, de hecho, son ex-soldados y los oficiales militares activos se apoyan en ellos para implementar medidas de terror m\u00e1s severas<\/p>\n\n\n\n<p>Esto demuestra c\u00f3mo la burgues\u00eda colombiana est\u00e1 atada por miles de hilos a los latifundistas, que no renunciaran a su monopolio sobre la tenencia de la tierra sin una lucha hasta el final. Solo puede ser la clase obrera, a la cabeza de todas las capas oprimidas, usando su propia fuerza como la clase que produce todo en la sociedad para organizar huelgas y organizar demostraciones masivas, la que pueda emprender esta tarea de manera determinada.<\/p>\n\n\n\n<p>Colombia se encuentra otra vez en una encrucijada entre la reacci\u00f3n, reforma o revoluci\u00f3n. La \u00faltima vez que nos encontramos en semejante periodo, la reacci\u00f3n paraliz\u00f3 a la izquierda y la retras\u00f3 por d\u00e9cadas. Sin embargo, a d\u00eda de hoy hay gran inter\u00e9s en las ideas de la izquierda. Debemos tomar ventaja de la oportunidad para acumular las fuerzas del marxismo en este pa\u00eds. Una Colombia socialista ser\u00eda el rechazo definitivo a los latifundistas y narcotraficantes que se enriquecieron con la miser\u00eda y la tortura del campesinado y los obreros por m\u00e1s de 50 a\u00f1os.&nbsp;<\/p>\n\n\n\n<p>La \u00fanica manera de honrar su memoria es derrocando a sus asesinos y torturadores de una vez por todas y echando nuestra mano a la tarea de construir una Federaci\u00f3n Socialista de los Estados Americanos.&nbsp;<\/p>\n","protected":false},"excerpt":{"rendered":"<p>Un antiguo oficial paramilitar ha dado testimonios p\u00fablicos y explosivos al respecto de la colaboraci\u00f3n cercana entre los hampones derechistas bajo su comando y los capitalistas y terratenientes colombianos que dependieron de estas fuerzas por d\u00e9cadas para reprimir a los obreros y campesinos.&nbsp; La JEP es un ente de \u201cjusticia transicional\u201d creado como parte de [&hellip;]<\/p>\n","protected":false},"author":6,"featured_media":3348,"comment_status":"open","ping_status":"open","sticky":false,"template":"","format":"standard","meta":{"footnotes":""},"categories":[201],"tags":[337,388,389,390],"class_list":["post-3347","post","type-post","status-publish","format-standard","has-post-thumbnail","hentry","category-politica","tag-uribismo","tag-salvatore-mancuso","tag-jep","tag-paracos"],"yoast_head":"<!-- This site is optimized with the Yoast SEO plugin v27.5 - https:\/\/yoast.com\/product\/yoast-seo-wordpress\/ -->\n<title>Las confesiones de un comandante paramilitar - Comunistas Revolucionarios de Colombia<\/title>\n<meta name=\"robots\" content=\"index, follow, max-snippet:-1, max-image-preview:large, max-video-preview:-1\" \/>\n<link rel=\"canonical\" href=\"https:\/\/colombiamarxista.com\/?p=3347\" \/>\n<meta property=\"og:locale\" content=\"es_ES\" \/>\n<meta property=\"og:type\" content=\"article\" \/>\n<meta property=\"og:title\" content=\"Las confesiones de un comandante paramilitar\" \/>\n<meta property=\"og:description\" content=\"Un antiguo oficial paramilitar ha dado testimonios p\u00fablicos y explosivos al respecto de la colaboraci\u00f3n cercana entre los hampones derechistas bajo su comando y los capitalistas y terratenientes colombianos que dependieron de estas fuerzas por d\u00e9cadas para reprimir a los obreros y campesinos.&nbsp; La JEP es un ente de \u201cjusticia transicional\u201d creado como parte de [&hellip;]\" \/>\n<meta property=\"og:url\" content=\"https:\/\/colombiamarxista.com\/?p=3347\" \/>\n<meta property=\"og:site_name\" content=\"Comunistas Revolucionarios de Colombia\" \/>\n<meta property=\"article:published_time\" content=\"2023-05-29T15:29:24+00:00\" \/>\n<meta property=\"article:modified_time\" content=\"2023-05-29T16:12:12+00:00\" \/>\n<meta property=\"og:image\" content=\"https:\/\/colombiamarxista.com\/wp-content\/uploads\/2023\/05\/Mancuso_Image_Farmer_Agro100_Twitter.jpg\" \/>\n\t<meta property=\"og:image:width\" content=\"682\" \/>\n\t<meta property=\"og:image:height\" content=\"422\" \/>\n\t<meta property=\"og:image:type\" content=\"image\/jpeg\" \/>\n<meta name=\"author\" content=\"Luis Aristizabal\" \/>\n<meta name=\"twitter:card\" content=\"summary_large_image\" \/>\n<meta name=\"twitter:title\" content=\"Las confesiones de un comandante paramilitar\" \/>\n<meta name=\"twitter:image\" content=\"https:\/\/colombiamarxista.com\/wp-content\/uploads\/2023\/05\/Mancuso_Image_Farmer_Agro100_Twitter.jpg\" \/>\n<meta name=\"twitter:label1\" content=\"Escrito por\" \/>\n\t<meta name=\"twitter:data1\" content=\"Luis Aristizabal\" \/>\n\t<meta name=\"twitter:label2\" content=\"Tiempo de lectura\" \/>\n\t<meta name=\"twitter:data2\" content=\"15 minutos\" \/>\n<script type=\"application\/ld+json\" class=\"yoast-schema-graph\">{\"@context\":\"https:\\\/\\\/schema.org\",\"@graph\":[{\"@type\":\"Article\",\"@id\":\"https:\\\/\\\/colombiamarxista.com\\\/?p=3347#article\",\"isPartOf\":{\"@id\":\"https:\\\/\\\/colombiamarxista.com\\\/?p=3347\"},\"author\":{\"name\":\"Luis Aristizabal\",\"@id\":\"https:\\\/\\\/colombiamarxista.com\\\/#\\\/schema\\\/person\\\/5f4ac2c654f67aee109a8edfe94eedf8\"},\"headline\":\"Las confesiones de un comandante paramilitar\",\"datePublished\":\"2023-05-29T15:29:24+00:00\",\"dateModified\":\"2023-05-29T16:12:12+00:00\",\"mainEntityOfPage\":{\"@id\":\"https:\\\/\\\/colombiamarxista.com\\\/?p=3347\"},\"wordCount\":3215,\"commentCount\":0,\"publisher\":{\"@id\":\"https:\\\/\\\/colombiamarxista.com\\\/#organization\"},\"image\":{\"@id\":\"https:\\\/\\\/colombiamarxista.com\\\/?p=3347#primaryimage\"},\"thumbnailUrl\":\"https:\\\/\\\/colombiamarxista.com\\\/wp-content\\\/uploads\\\/2023\\\/05\\\/Mancuso_Image_Farmer_Agro100_Twitter.jpg\",\"keywords\":[\"uribismo\",\"Salvatore Mancuso\",\"JEP\",\"Paracos\"],\"articleSection\":[\"Pol\u00edtica\"],\"inLanguage\":\"es-CO\",\"potentialAction\":[{\"@type\":\"CommentAction\",\"name\":\"Comment\",\"target\":[\"https:\\\/\\\/colombiamarxista.com\\\/?p=3347#respond\"]}]},{\"@type\":\"WebPage\",\"@id\":\"https:\\\/\\\/colombiamarxista.com\\\/?p=3347\",\"url\":\"https:\\\/\\\/colombiamarxista.com\\\/?p=3347\",\"name\":\"Las confesiones de un comandante paramilitar - Comunistas Revolucionarios de Colombia\",\"isPartOf\":{\"@id\":\"https:\\\/\\\/colombiamarxista.com\\\/#website\"},\"primaryImageOfPage\":{\"@id\":\"https:\\\/\\\/colombiamarxista.com\\\/?p=3347#primaryimage\"},\"image\":{\"@id\":\"https:\\\/\\\/colombiamarxista.com\\\/?p=3347#primaryimage\"},\"thumbnailUrl\":\"https:\\\/\\\/colombiamarxista.com\\\/wp-content\\\/uploads\\\/2023\\\/05\\\/Mancuso_Image_Farmer_Agro100_Twitter.jpg\",\"datePublished\":\"2023-05-29T15:29:24+00:00\",\"dateModified\":\"2023-05-29T16:12:12+00:00\",\"breadcrumb\":{\"@id\":\"https:\\\/\\\/colombiamarxista.com\\\/?p=3347#breadcrumb\"},\"inLanguage\":\"es-CO\",\"potentialAction\":[{\"@type\":\"ReadAction\",\"target\":[\"https:\\\/\\\/colombiamarxista.com\\\/?p=3347\"]}]},{\"@type\":\"ImageObject\",\"inLanguage\":\"es-CO\",\"@id\":\"https:\\\/\\\/colombiamarxista.com\\\/?p=3347#primaryimage\",\"url\":\"https:\\\/\\\/colombiamarxista.com\\\/wp-content\\\/uploads\\\/2023\\\/05\\\/Mancuso_Image_Farmer_Agro100_Twitter.jpg\",\"contentUrl\":\"https:\\\/\\\/colombiamarxista.com\\\/wp-content\\\/uploads\\\/2023\\\/05\\\/Mancuso_Image_Farmer_Agro100_Twitter.jpg\",\"width\":682,\"height\":422},{\"@type\":\"BreadcrumbList\",\"@id\":\"https:\\\/\\\/colombiamarxista.com\\\/?p=3347#breadcrumb\",\"itemListElement\":[{\"@type\":\"ListItem\",\"position\":1,\"name\":\"Home\",\"item\":\"https:\\\/\\\/colombiamarxista.com\\\/\"},{\"@type\":\"ListItem\",\"position\":2,\"name\":\"Las confesiones de un comandante paramilitar\"}]},{\"@type\":\"WebSite\",\"@id\":\"https:\\\/\\\/colombiamarxista.com\\\/#website\",\"url\":\"https:\\\/\\\/colombiamarxista.com\\\/\",\"name\":\"Comunistas Revolucionarios de Colombia\",\"description\":\"\",\"publisher\":{\"@id\":\"https:\\\/\\\/colombiamarxista.com\\\/#organization\"},\"potentialAction\":[{\"@type\":\"SearchAction\",\"target\":{\"@type\":\"EntryPoint\",\"urlTemplate\":\"https:\\\/\\\/colombiamarxista.com\\\/?s={search_term_string}\"},\"query-input\":{\"@type\":\"PropertyValueSpecification\",\"valueRequired\":true,\"valueName\":\"search_term_string\"}}],\"inLanguage\":\"es-CO\"},{\"@type\":\"Organization\",\"@id\":\"https:\\\/\\\/colombiamarxista.com\\\/#organization\",\"name\":\"Comunistas Revolucionarios de Colombia\",\"url\":\"https:\\\/\\\/colombiamarxista.com\\\/\",\"logo\":{\"@type\":\"ImageObject\",\"inLanguage\":\"es-CO\",\"@id\":\"https:\\\/\\\/colombiamarxista.com\\\/#\\\/schema\\\/logo\\\/image\\\/\",\"url\":\"https:\\\/\\\/colombiamarxista.com\\\/wp-content\\\/uploads\\\/2026\\\/04\\\/logo-crc_Mesa-de-trabajo-1-scaled.png\",\"contentUrl\":\"https:\\\/\\\/colombiamarxista.com\\\/wp-content\\\/uploads\\\/2026\\\/04\\\/logo-crc_Mesa-de-trabajo-1-scaled.png\",\"width\":2560,\"height\":1920,\"caption\":\"Comunistas Revolucionarios de Colombia\"},\"image\":{\"@id\":\"https:\\\/\\\/colombiamarxista.com\\\/#\\\/schema\\\/logo\\\/image\\\/\"}},{\"@type\":\"Person\",\"@id\":\"https:\\\/\\\/colombiamarxista.com\\\/#\\\/schema\\\/person\\\/5f4ac2c654f67aee109a8edfe94eedf8\",\"name\":\"Luis Aristizabal\",\"image\":{\"@type\":\"ImageObject\",\"inLanguage\":\"es-CO\",\"@id\":\"https:\\\/\\\/secure.gravatar.com\\\/avatar\\\/8265dbda4ab34169a41f123b61623e38c5e9195bad649222ab6b24db27618a22?s=96&d=mm&r=g\",\"url\":\"https:\\\/\\\/secure.gravatar.com\\\/avatar\\\/8265dbda4ab34169a41f123b61623e38c5e9195bad649222ab6b24db27618a22?s=96&d=mm&r=g\",\"contentUrl\":\"https:\\\/\\\/secure.gravatar.com\\\/avatar\\\/8265dbda4ab34169a41f123b61623e38c5e9195bad649222ab6b24db27618a22?s=96&d=mm&r=g\",\"caption\":\"Luis Aristizabal\"},\"url\":\"https:\\\/\\\/colombiamarxista.com\\\/?author=6\"}]}<\/script>\n<!-- \/ Yoast SEO plugin. -->","yoast_head_json":{"title":"Las confesiones de un comandante paramilitar - Comunistas Revolucionarios de Colombia","robots":{"index":"index","follow":"follow","max-snippet":"max-snippet:-1","max-image-preview":"max-image-preview:large","max-video-preview":"max-video-preview:-1"},"canonical":"https:\/\/colombiamarxista.com\/?p=3347","og_locale":"es_ES","og_type":"article","og_title":"Las confesiones de un comandante paramilitar","og_description":"Un antiguo oficial paramilitar ha dado testimonios p\u00fablicos y explosivos al respecto de la colaboraci\u00f3n cercana entre los hampones derechistas bajo su comando y los capitalistas y terratenientes colombianos que dependieron de estas fuerzas por d\u00e9cadas para reprimir a los obreros y campesinos.&nbsp; La JEP es un ente de \u201cjusticia transicional\u201d creado como parte de [&hellip;]","og_url":"https:\/\/colombiamarxista.com\/?p=3347","og_site_name":"Comunistas Revolucionarios de Colombia","article_published_time":"2023-05-29T15:29:24+00:00","article_modified_time":"2023-05-29T16:12:12+00:00","og_image":[{"width":682,"height":422,"url":"https:\/\/colombiamarxista.com\/wp-content\/uploads\/2023\/05\/Mancuso_Image_Farmer_Agro100_Twitter.jpg","type":"image\/jpeg"}],"author":"Luis Aristizabal","twitter_card":"summary_large_image","twitter_title":"Las confesiones de un comandante paramilitar","twitter_image":"https:\/\/colombiamarxista.com\/wp-content\/uploads\/2023\/05\/Mancuso_Image_Farmer_Agro100_Twitter.jpg","twitter_misc":{"Escrito por":"Luis Aristizabal","Tiempo de lectura":"15 minutos"},"schema":{"@context":"https:\/\/schema.org","@graph":[{"@type":"Article","@id":"https:\/\/colombiamarxista.com\/?p=3347#article","isPartOf":{"@id":"https:\/\/colombiamarxista.com\/?p=3347"},"author":{"name":"Luis Aristizabal","@id":"https:\/\/colombiamarxista.com\/#\/schema\/person\/5f4ac2c654f67aee109a8edfe94eedf8"},"headline":"Las confesiones de un comandante paramilitar","datePublished":"2023-05-29T15:29:24+00:00","dateModified":"2023-05-29T16:12:12+00:00","mainEntityOfPage":{"@id":"https:\/\/colombiamarxista.com\/?p=3347"},"wordCount":3215,"commentCount":0,"publisher":{"@id":"https:\/\/colombiamarxista.com\/#organization"},"image":{"@id":"https:\/\/colombiamarxista.com\/?p=3347#primaryimage"},"thumbnailUrl":"https:\/\/colombiamarxista.com\/wp-content\/uploads\/2023\/05\/Mancuso_Image_Farmer_Agro100_Twitter.jpg","keywords":["uribismo","Salvatore Mancuso","JEP","Paracos"],"articleSection":["Pol\u00edtica"],"inLanguage":"es-CO","potentialAction":[{"@type":"CommentAction","name":"Comment","target":["https:\/\/colombiamarxista.com\/?p=3347#respond"]}]},{"@type":"WebPage","@id":"https:\/\/colombiamarxista.com\/?p=3347","url":"https:\/\/colombiamarxista.com\/?p=3347","name":"Las confesiones de un comandante paramilitar - Comunistas Revolucionarios de Colombia","isPartOf":{"@id":"https:\/\/colombiamarxista.com\/#website"},"primaryImageOfPage":{"@id":"https:\/\/colombiamarxista.com\/?p=3347#primaryimage"},"image":{"@id":"https:\/\/colombiamarxista.com\/?p=3347#primaryimage"},"thumbnailUrl":"https:\/\/colombiamarxista.com\/wp-content\/uploads\/2023\/05\/Mancuso_Image_Farmer_Agro100_Twitter.jpg","datePublished":"2023-05-29T15:29:24+00:00","dateModified":"2023-05-29T16:12:12+00:00","breadcrumb":{"@id":"https:\/\/colombiamarxista.com\/?p=3347#breadcrumb"},"inLanguage":"es-CO","potentialAction":[{"@type":"ReadAction","target":["https:\/\/colombiamarxista.com\/?p=3347"]}]},{"@type":"ImageObject","inLanguage":"es-CO","@id":"https:\/\/colombiamarxista.com\/?p=3347#primaryimage","url":"https:\/\/colombiamarxista.com\/wp-content\/uploads\/2023\/05\/Mancuso_Image_Farmer_Agro100_Twitter.jpg","contentUrl":"https:\/\/colombiamarxista.com\/wp-content\/uploads\/2023\/05\/Mancuso_Image_Farmer_Agro100_Twitter.jpg","width":682,"height":422},{"@type":"BreadcrumbList","@id":"https:\/\/colombiamarxista.com\/?p=3347#breadcrumb","itemListElement":[{"@type":"ListItem","position":1,"name":"Home","item":"https:\/\/colombiamarxista.com\/"},{"@type":"ListItem","position":2,"name":"Las confesiones de un comandante paramilitar"}]},{"@type":"WebSite","@id":"https:\/\/colombiamarxista.com\/#website","url":"https:\/\/colombiamarxista.com\/","name":"Comunistas Revolucionarios de Colombia","description":"","publisher":{"@id":"https:\/\/colombiamarxista.com\/#organization"},"potentialAction":[{"@type":"SearchAction","target":{"@type":"EntryPoint","urlTemplate":"https:\/\/colombiamarxista.com\/?s={search_term_string}"},"query-input":{"@type":"PropertyValueSpecification","valueRequired":true,"valueName":"search_term_string"}}],"inLanguage":"es-CO"},{"@type":"Organization","@id":"https:\/\/colombiamarxista.com\/#organization","name":"Comunistas Revolucionarios de Colombia","url":"https:\/\/colombiamarxista.com\/","logo":{"@type":"ImageObject","inLanguage":"es-CO","@id":"https:\/\/colombiamarxista.com\/#\/schema\/logo\/image\/","url":"https:\/\/colombiamarxista.com\/wp-content\/uploads\/2026\/04\/logo-crc_Mesa-de-trabajo-1-scaled.png","contentUrl":"https:\/\/colombiamarxista.com\/wp-content\/uploads\/2026\/04\/logo-crc_Mesa-de-trabajo-1-scaled.png","width":2560,"height":1920,"caption":"Comunistas Revolucionarios de Colombia"},"image":{"@id":"https:\/\/colombiamarxista.com\/#\/schema\/logo\/image\/"}},{"@type":"Person","@id":"https:\/\/colombiamarxista.com\/#\/schema\/person\/5f4ac2c654f67aee109a8edfe94eedf8","name":"Luis Aristizabal","image":{"@type":"ImageObject","inLanguage":"es-CO","@id":"https:\/\/secure.gravatar.com\/avatar\/8265dbda4ab34169a41f123b61623e38c5e9195bad649222ab6b24db27618a22?s=96&d=mm&r=g","url":"https:\/\/secure.gravatar.com\/avatar\/8265dbda4ab34169a41f123b61623e38c5e9195bad649222ab6b24db27618a22?s=96&d=mm&r=g","contentUrl":"https:\/\/secure.gravatar.com\/avatar\/8265dbda4ab34169a41f123b61623e38c5e9195bad649222ab6b24db27618a22?s=96&d=mm&r=g","caption":"Luis Aristizabal"},"url":"https:\/\/colombiamarxista.com\/?author=6"}]}},"_links":{"self":[{"href":"https:\/\/colombiamarxista.com\/index.php?rest_route=\/wp\/v2\/posts\/3347","targetHints":{"allow":["GET"]}}],"collection":[{"href":"https:\/\/colombiamarxista.com\/index.php?rest_route=\/wp\/v2\/posts"}],"about":[{"href":"https:\/\/colombiamarxista.com\/index.php?rest_route=\/wp\/v2\/types\/post"}],"author":[{"embeddable":true,"href":"https:\/\/colombiamarxista.com\/index.php?rest_route=\/wp\/v2\/users\/6"}],"replies":[{"embeddable":true,"href":"https:\/\/colombiamarxista.com\/index.php?rest_route=%2Fwp%2Fv2%2Fcomments&post=3347"}],"version-history":[{"count":0,"href":"https:\/\/colombiamarxista.com\/index.php?rest_route=\/wp\/v2\/posts\/3347\/revisions"}],"wp:featuredmedia":[{"embeddable":true,"href":"https:\/\/colombiamarxista.com\/index.php?rest_route=\/wp\/v2\/media\/3348"}],"wp:attachment":[{"href":"https:\/\/colombiamarxista.com\/index.php?rest_route=%2Fwp%2Fv2%2Fmedia&parent=3347"}],"wp:term":[{"taxonomy":"category","embeddable":true,"href":"https:\/\/colombiamarxista.com\/index.php?rest_route=%2Fwp%2Fv2%2Fcategories&post=3347"},{"taxonomy":"post_tag","embeddable":true,"href":"https:\/\/colombiamarxista.com\/index.php?rest_route=%2Fwp%2Fv2%2Ftags&post=3347"}],"curies":[{"name":"wp","href":"https:\/\/api.w.org\/{rel}","templated":true}]}}