{"id":3311,"date":"2023-05-03T13:01:20","date_gmt":"2023-05-03T18:01:20","guid":{"rendered":"https:\/\/colombiamarxista.com\/?p=3311"},"modified":"2023-05-06T18:38:51","modified_gmt":"2023-05-06T23:38:51","slug":"un-pais-entre-la-reforma-o-la-revolucion-el-discurso-de-petro-el-primero-de-mayo","status":"publish","type":"post","link":"https:\/\/colombiamarxista.com\/?p=3311","title":{"rendered":"Un pa\u00eds entre la Reforma o la Revoluci\u00f3n: El discurso de Petro el Primero de Mayo\u00a0"},"content":{"rendered":"\n<p>A pesar de lo que la izquierda nacional e internacional repita o lo que la extrema derecha vocifere, la verdad es que el presidente Gustavo Petro siempre ha mostrado su disposici\u00f3n a la concertaci\u00f3n. Pero \u00e9l sabe que para poder negociar con una oligarqu\u00eda reacia a las concesiones, tiene que tener la sart\u00e9n por el mango. La marcha del d\u00eda del trabajo mostr\u00f3 su juego y el porqu\u00e9 de su decisi\u00f3n del cambio de gabinete, que se basaba en su conocimiento del apoyo de las bases, especialmente de la clase trabajadora colombiana. Era una apuesta arriesgada, ya que las \u00faltimas marchas convocadas no hab\u00edan logrado la cantidad de asistencia que se consigui\u00f3 este primero de mayo.<\/p>\n\n\n\n<p>Seg\u00fan art\u00edculo de \u201c<a href=\"https:\/\/elpais.com\/america-colombia\/2023-05-02\/he-marchado-el-primero-de-mayo-toda-mi-vida-y-es-la-primera-vez-que-lo-hago-en-apoyo-de-un-gobierno.html\">El Pa\u00eds<\/a>\u201d, La Polic\u00eda Nacional calcula que 75000 personas marcharon en todo la naci\u00f3n, a pesar de que la Plaza de Bol\u00edvar, en Bogot\u00e1, tiene una capacidad para 55000 personas y en el punto m\u00e1s alto de la movilizaci\u00f3n se llen\u00f3 al completo. Tambi\u00e9n hubo marchas concurridas en ciudades como Bucaramanga y Medell\u00edn, en donde la oligarqu\u00eda colombiana ha tenido un control pol\u00edtico a trav\u00e9s de sus maquinarias electorales y la represi\u00f3n. Sin duda, su apuesta pag\u00f3 y eso le permiti\u00f3 arremeter en su ret\u00f3rica en contra de la oligarqu\u00eda, aunque sus acciones se quedan cortas.<\/p>\n\n\n\n<h3 class=\"wp-block-heading\">Falso alarmismo de la derecha&nbsp;&nbsp;<\/h3>\n\n\n\n<p>Los comentarios alarmistas de la derecha y el \u201ccentro pol\u00edtico\u201d muestran que la concurrencia fue mayor a lo esperado y que la oposici\u00f3n a Petro (desde la ultra izquierda hasta la derecha) se encuentra asustada por su bancarrota pol\u00edtica y la posici\u00f3n de inferioridad en la que los movimientos del gobierno les pone. Sirva de parang\u00f3n el evento organizado por el Centro Democr\u00e1tico el 30 de abril, en el que el expresidente&nbsp; Uribe fue al barrio Moravia en Medell\u00edn para impulsar la campa\u00f1a de sus precandidatos y que tuvo una <a href=\"https:\/\/twitter.com\/AlvaroUribeVel\/status\/1652703231066230786?s=20\">nimia <\/a>asistencia, o el intento del MOIR de usar la fecha para lanzar el movimiento \u201cColombia Soberana\u201d, acusando al gobierno de \u201cpro-gringo\u201d.<\/p>\n\n\n\n<p>Sin embargo, han sido los medios tradicionales quienes se enfocaron en resaltar partes del discurso presidencial en donde el presidente advert\u00eda sobre la necesidad de dar v\u00eda a las reformas a los sistemas de salud y pensi\u00f3n que debido a la crisis y la fuerte monopolizaci\u00f3n se han enfrentado a quiebras. Es obvio que esa presi\u00f3n pide un viraje porque la proyecci\u00f3n en estos servicios no es muy alentadora.&nbsp;<\/p>\n\n\n\n<p>El mensaje de los medios intentaba resaltar la supuesta amenaza antidemocr\u00e1tica de Petro insistiendo en el miedo que deber\u00eda despertar al pa\u00eds el hecho de recordar eventos como el del Estallido Social, sus protagonistas y lanzar vivas a la Primera L\u00ednea (ensa\u00f1andose aqu\u00ed con Francia M\u00e1rquez por su discurso en Cali). Frente a eso hay que mencionar que el gobierno solo ha hecho uso de las herramientas que le ofrece el sistema y la democracia burguesa, el \u00fanico problema aqu\u00ed es que esos instrumentos sean utilizados con la intenci\u00f3n de beneficiar a las mayor\u00edas o un programa de izquierda.&nbsp;<\/p>\n\n\n\n<p>Las masas responden al llamado del gobierno nacional de manera voluntaria, ejercitando sus derechos de libre expresi\u00f3n y asociaci\u00f3n. Que la prensa burguesa se sienta obligada a atacar esos ejercicios democr\u00e1ticos fundamentales es evidencia de que, para ella, la clase obrera solo tiene derecho a ser explotada.<\/p>\n\n\n\n<p>Por supuesto el bullicio de estos lloriqueos no ha dejado indiferente al oportunismo de diversos movimientos (como el mencionado \u201cColombia Soberana\u201d, o personajes de derecha como Fico Guti\u00e9rrez) Este \u00faltimo en su cuenta de Twitter public\u00f3 una advertencia sobre la falta de democracia a la que nos pod\u00edan llevar las decisiones del actual gobierno, pero llamaba a ganar el pulso en las elecciones locales. Sin duda voluntad violenta no le falta a la facci\u00f3n m\u00e1s atrasada de nuestra oligarqu\u00eda, pero muestras de fuerza como las del primero de mayo por parte de la clase trabajadora les enfrenta a su realidad. Asimismo, personajes del \u201ccentro\u201d como <a href=\"https:\/\/twitter.com\/RamiroBejaranoG\/status\/1653029729174274049\">Ramiro Bejarano <\/a>llamaban a reflexionar sobre las advertencias lo que \u201cpuede pasar en Colombia con Petro\u201d hechas por <a href=\"https:\/\/www.eltiempo.com\/mundo\/venezuela\/machado-a-colombia-les-digo-que-cuiden-la-democracia-analisis-764183\">Mar\u00eda Corina Machado<\/a>, l\u00edder del ala extrema de la oposici\u00f3n venezolana en una entrevista de \u201cEl Tiempo\u201d, en una extra\u00f1a coincidencia con el viejo temor de ver a Colombia convertirse en Venezuela.&nbsp;<\/p>\n\n\n\n<figure class=\"wp-block-embed is-type-rich is-provider-twitter wp-block-embed-twitter\"><div class=\"wp-block-embed__wrapper\">\nhttps:\/\/twitter.com\/FicoGutierrez\/status\/1653138982371205151?t=NqWlzYYGVb80jFSPFi99YA&#038;s=19\n<\/div><\/figure>\n\n\n\n<p>Sin embargo, esta reacci\u00f3n hist\u00e9rica no tiene una base material. Como se pudo observar a\u00fan en las partes m\u00e1s radicales del mismo, el hilo conductor de Petro es tratar de \u201ctorear\u201d a la burgues\u00eda pero buscando a la vez su alianza.<\/p>\n\n\n\n<h3 class=\"wp-block-heading\">Conciliaci\u00f3n de clase<\/h3>\n\n\n\n<p>El momento m\u00e1s resaltado de estas marchas fue el discurso del presidente Petro al respecto del progreso de las reformas a trav\u00e9s del Congreso. Aqu\u00ed, Petro lanz\u00f3 una advertencia a la clase dominante: \u201cel intento de coartar las reformas puede llevar a una revoluci\u00f3n\u201d. El dictamen fue visto como una amenaza por toda la derecha e inflam\u00f3 los \u00e1nimos de la plaza. Sin embargo si se analiza todo el discurso, m\u00e1s que una arenga a la toma del poder para un cambio del status quo, lo que llama Petro es a que la movilizaci\u00f3n popular sea comparsa para que el Gobierno logre imponer una l\u00ednea de la conciliaci\u00f3n con la pol\u00edtica tradicional y ha decidido que su principal aliado es el Partido Liberal. Es por eso que les dio un gui\u00f1o al no mover ninguna de sus fichas del gabinete y premi\u00f3 a quienes de ese partido le apoyaron durante el primer debate de la Reforma a la salud nombrando a Luis Fernando Velasco, un liberal contrario a la direcci\u00f3n de Cesar Gaviria, como Ministro del Interior, y que en el discurso se destaparan los ataques a Gaviria y se busque explotar las ya visibles divisiones con su liderazgo dentro de ese partido..&nbsp;<\/p>\n\n\n\n<p>Por el lado de los s\u00edmbolos es notable que el mandatario cit\u00f3 a una de las m\u00e1s grandes figuras de ese partido, Alfonso Lopez Pumarejo, presidente en 1934 y 1942, quien ven\u00eda de una l\u00ednea de liberales que en la d\u00e9cada de los treinta intentaron ofrecer grandes reformas para calmar a las masas despu\u00e9s de eventos como la Masacre de las Bananeras y el largo periodo de hegemon\u00eda conservadora, pr\u00e1cticamente un calco de lo que el Gobierno de Petro busca hacer.&nbsp;<\/p>\n\n\n\n<p>No se puede negar que durante sus dos gobiernos L\u00f3pez logr\u00f3 varias reformas que pretend\u00edan mejorar las condiciones del pa\u00eds, especialmente de la clase trabajadora, no obstante la presi\u00f3n de la oligarqu\u00eda hacendaria le oblig\u00f3 a moderar su posici\u00f3n y renunciar a la Reforma Agraria. De hecho muchos de los logros de las reformas se perdieron luego de la Segunda Guerra Mundial, con el regreso de los conservadores y la divisi\u00f3n de los liberales derivado de las luchas entre el liderazgo de Jorge Eliecer Gait\u00e1n (iniciado con los movimientos populares nacidos al amparo de las pol\u00edticas de Pumarejo) y el ala olig\u00e1rquica.&nbsp;<\/p>\n\n\n\n<p>Pumarejo, quien era seguidor de Keynes e integrante de la \u00e9lite, entend\u00eda la necesidad de equilibrar los poderes por arriba para tratar de dar avance a la industria nacional y superar las inequidades de un capitalismo rentista y atrasado. Sin embargo, ante los constantes ataques de su propia clase fracas\u00f3 en su principal proyecto, la Reforma Agraria, dejando las clases oprimidas sin una soluci\u00f3n efectiva de sus problemas m\u00e1s graves. Esto llevo a los hechos del&nbsp; Bogotaz\u00f3 donde el descontento acumulado por la inoperancia de ambos partidos y la acumulaci\u00f3n de miseria y atraso estallar\u00edan luego del asesinato de Gait\u00e1n en 1948.&nbsp;<\/p>\n\n\n\n<p>Esta figura agrada a Petro porque para \u00e9l es el reflejo del pol\u00edtico liberal abnegado tratando de cambiar el mundo, pero no parece vislumbrar lo que la historia de Pumarejo realmente revela para su propio reformismo. Sea como sea, esa admiraci\u00f3n tambi\u00e9n hace patente la actitud actual con la que enfrenta el escenario pol\u00edtico buscando la manera de lograr los cambios por medio de la negociaci\u00f3n pero con la batuta en la mano.&nbsp; Es ah\u00ed donde la ruptura de la coalici\u00f3n se muestra igual a una escena de teatro.&nbsp;<\/p>\n\n\n\n<p>No podemos negar la tensi\u00f3n generada por los movimientos dados por el ocupante de la Casa de Nari\u00f1o la semana pasada. Esos actos impredecibles para el gran poder no le gustan pues est\u00e1 acostumbrado a ser quien manda. De todas maneras sus alfiles permanecen intactos y el poder econ\u00f3mico sigue en sus manos.&nbsp;&nbsp;<\/p>\n\n\n\n<p>Roy Barreras, presidente del congreso, m\u00e1xima ficha del santismo en el Pacto Hist\u00f3rico y opositor a la reforma de la salud y los \u201cextremismos\u201d del presidente, ratific\u00f3 en entrevista a la \u201cW\u201d la intenci\u00f3n del gobierno para mantener los acuerdos y la coalici\u00f3n de gobierno d\u00e1ndole su voto de confianza al nuevo ministro de Hacienda y asegurando la continuaci\u00f3n de la coalici\u00f3n desde el Congreso a trav\u00e9s de <a href=\"https:\/\/www.wradio.com.co\/2023\/05\/01\/vamos-a-aplicarle-reanimacion-a-la-coalicion-de-gobierno-roy-barreras\/?rel=buscador_noticias\">consensos<\/a>. Con todo esto tambi\u00e9n desminti\u00f3 ataques a las grandes empresas y recalc\u00f3 la voluntad del gobierno para con los m\u00e1s ricos pero abriendo espacios a la \u201ceconom\u00eda popular\u201d, o sea dando oportunidades de trabajo al obrero campesino, seg\u00fan lo permitan los recursos, oportunidades y conocimientos requeridos por las empresas que trabajen en dicho territorio. En buen castellano: la ley lo exige pero la multinacional puede ignorarlo.&nbsp;<\/p>\n\n\n\n<h3 class=\"wp-block-heading\">Reforma o revoluci\u00f3n<\/h3>\n\n\n\n<p>La respuesta de los sindicatos, partidos y organizaciones ante lo que pareci\u00f3 un giro a la izquierda por parte de su gobierno demuestra la fuerza natural de las mayor\u00edas en acci\u00f3n as\u00ed como su determinaci\u00f3n cuando la direcci\u00f3n les llama con decisi\u00f3n a defender lo que ven como cambio.&nbsp;<\/p>\n\n\n\n<p>Despu\u00e9s de las movilizaciones del primero se han vuelto a sentir los \u00e1nimos combativos y la intenci\u00f3n de reivindicaci\u00f3n a organizaciones como la Primera L\u00ednea y a las expresiones en la calle. La discusi\u00f3n se reaviv\u00f3 en las calles y dentro de los grupos m\u00e1s militantes. <a href=\"https:\/\/www.wradio.com.co\/2023\/05\/02\/enfrentaremos-a-quien-quiera-golpear-gobierno-de-transicion-al-cambio-primera-linea\/?rel=buscador_noticias\">Declaraciones<\/a> como las de uno de los l\u00edderes de los Escudos Azules (primera l\u00ednea) lo aseveran. Sus palabras expresan una comprensi\u00f3n instintiva del ambiente pol\u00edtico, la divisi\u00f3n de clases, la importancia de la movilizaci\u00f3n en defensa de las reformas, la lectura de la autodefensa como un organismo no ajeno a las luchas populares y una leg\u00edtima desconfianza con la moderaci\u00f3n del progresismo. Al mismo tiempo eso contrasta con su empirismo, la influencia del posmodernismo y la falta de formaci\u00f3n te\u00f3rica. B\u00e1sicamente es&nbsp; un reflejo de la mayor\u00eda de las bases.&nbsp;<\/p>\n\n\n\n<p>Y es que infortunadamente hay una desconexi\u00f3n evidente entre esas fuerzas abajo y el liderazgo arriba. Es muy notoria la manipulaci\u00f3n utilitarista que le da el Pacto a la movilizaci\u00f3n para mostrar fuerza pero sin el deseo de activarla m\u00e1s all\u00e1 de los aplausos. Las palabras finales del discurso en el balc\u00f3n que elogiaban a la clase obrera y le ped\u00edan ser la fuerza del cambio por ser la clase mayoritaria en el pa\u00eds no son equivocadas pero se fundan en la falacia&nbsp; de trabajar bajo los l\u00edmites de la democracia burguesa, apoyando a los ocupantes del Palacio de Nari\u00f1o.&nbsp;<\/p>\n\n\n\n<p>El movimiento de \u201cajedrez pol\u00edtico\u201d del Gobierno sigue la tendencia de los gobiernos reformistas que buscan a las masas pero a la vez plantan l\u00edmites claros de hasta d\u00f3nde quiere que llegue. Por el momento, lo cierto es que las masas estar\u00e1n apoyando las reformas y el cambio de gabinete buscar\u00e1 agilizar su tr\u00e1mite. Pero estas reformas no van a la yugular.&nbsp;<\/p>\n\n\n\n<p>M\u00e1s bien, estas reformas buscan conciliar las ganancias de la clase dominante con un posible incremento de la infraestructura social para la clase obrera. La meta impl\u00edcita detr\u00e1s de esto es continuar la explotaci\u00f3n de los trabajadores colombianos de parte de las grandes multinacionales. Todas las reformas que el capitalismo puede ofrecer ser\u00e1n sobre esta base.&nbsp;&nbsp;<\/p>\n\n\n\n<p>Esto solo vendr\u00e1 de superar los l\u00edmites de los rituales de la democracia liberal burguesa, que son una camisa de fuerza a la innovaci\u00f3n y la creatividad que pueden desatarse en las din\u00e1micas del centralismo democr\u00e1tico con el control obrero desde abajo hacia arriba. No nos cansaremos de repetir como marxistas que apoyamos las reformas y esperamos que ayuden a elevar la calidad de vida de la clase trabajadora. Sin embargo, entendemos que solo ser\u00e1 a trav\u00e9s de la movilizaci\u00f3n de la clase obrera, en las calles y en los lugares de trabajo, con huelgas y manifestaciones, que estas reformas se podr\u00e1n lograr. Estos intentos de alcanzarlas desde arriba, negociando con la \u00e9lite, solo llevar\u00e1n a moderaciones que crear\u00e1n las semillas de su propia destrucci\u00f3n en la forma de privatizaci\u00f3n y medidas de austeridad. &nbsp;<\/p>\n\n\n\n<p>Solo con la formaci\u00f3n de&nbsp; cuadros capaces de dirigir a la clase trabajadora&nbsp; hacia la victoria desde la tribuna de un partido obrero podremos superar el fracaso del reformismo a la hora de implementar estas reformas. Esto es la semilla de esa revoluci\u00f3n que atemoriza a las \u00e9lites y esperanza a los oprimidos, y que nos llevar\u00e1 a ese ma\u00f1ana pr\u00f3spero, democr\u00e1tico y equitativo.<\/p>\n","protected":false},"excerpt":{"rendered":"<p>A pesar de lo que la izquierda nacional e internacional repita o lo que la extrema derecha vocifere, la verdad es que el presidente Gustavo Petro siempre ha mostrado su disposici\u00f3n a la concertaci\u00f3n. Pero \u00e9l sabe que para poder negociar con una oligarqu\u00eda reacia a las concesiones, tiene que tener la sart\u00e9n por el [&hellip;]<\/p>\n","protected":false},"author":4,"featured_media":3312,"comment_status":"open","ping_status":"open","sticky":false,"template":"","format":"standard","meta":{"footnotes":""},"categories":[200,201],"tags":[],"class_list":["post-3311","post","type-post","status-publish","format-standard","has-post-thumbnail","hentry","category-movilizacion","category-politica"],"yoast_head":"<!-- This site is optimized with the Yoast SEO plugin v27.5 - https:\/\/yoast.com\/product\/yoast-seo-wordpress\/ -->\n<title>Un pa\u00eds entre la Reforma o la Revoluci\u00f3n: El discurso de Petro el Primero de Mayo\u00a0 - Comunistas Revolucionarios de Colombia<\/title>\n<meta name=\"robots\" content=\"index, follow, max-snippet:-1, max-image-preview:large, max-video-preview:-1\" \/>\n<link rel=\"canonical\" href=\"https:\/\/colombiamarxista.com\/?p=3311\" \/>\n<meta property=\"og:locale\" content=\"es_ES\" \/>\n<meta property=\"og:type\" content=\"article\" \/>\n<meta property=\"og:title\" content=\"Un pa\u00eds entre la Reforma o la Revoluci\u00f3n: El discurso de Petro el Primero de Mayo\u00a0 - Comunistas Revolucionarios de Colombia\" \/>\n<meta property=\"og:description\" content=\"A pesar de lo que la izquierda nacional e internacional repita o lo que la extrema derecha vocifere, la verdad es que el presidente Gustavo Petro siempre ha mostrado su disposici\u00f3n a la concertaci\u00f3n. Pero \u00e9l sabe que para poder negociar con una oligarqu\u00eda reacia a las concesiones, tiene que tener la sart\u00e9n por el [&hellip;]\" \/>\n<meta property=\"og:url\" content=\"https:\/\/colombiamarxista.com\/?p=3311\" \/>\n<meta property=\"og:site_name\" content=\"Comunistas Revolucionarios de Colombia\" \/>\n<meta property=\"article:published_time\" content=\"2023-05-03T18:01:20+00:00\" \/>\n<meta property=\"article:modified_time\" content=\"2023-05-06T23:38:51+00:00\" \/>\n<meta property=\"og:image\" content=\"https:\/\/colombiamarxista.com\/wp-content\/uploads\/2023\/05\/IMG_0990-scaled.jpg\" \/>\n\t<meta property=\"og:image:width\" content=\"2560\" \/>\n\t<meta property=\"og:image:height\" content=\"1707\" \/>\n\t<meta property=\"og:image:type\" content=\"image\/jpeg\" \/>\n<meta name=\"author\" content=\"Camilo Buenaventura\" \/>\n<meta name=\"twitter:card\" content=\"summary_large_image\" \/>\n<meta name=\"twitter:label1\" content=\"Escrito por\" \/>\n\t<meta name=\"twitter:data1\" content=\"Camilo Buenaventura\" \/>\n\t<meta name=\"twitter:label2\" content=\"Tiempo de lectura\" \/>\n\t<meta name=\"twitter:data2\" content=\"10 minutos\" \/>\n<script type=\"application\/ld+json\" class=\"yoast-schema-graph\">{\"@context\":\"https:\\\/\\\/schema.org\",\"@graph\":[{\"@type\":\"Article\",\"@id\":\"https:\\\/\\\/colombiamarxista.com\\\/?p=3311#article\",\"isPartOf\":{\"@id\":\"https:\\\/\\\/colombiamarxista.com\\\/?p=3311\"},\"author\":{\"name\":\"Camilo Buenaventura\",\"@id\":\"https:\\\/\\\/colombiamarxista.com\\\/#\\\/schema\\\/person\\\/0fe6fa48836cbcf2759e0db820141456\"},\"headline\":\"Un pa\u00eds entre la Reforma o la Revoluci\u00f3n: El discurso de Petro el Primero de Mayo\u00a0\",\"datePublished\":\"2023-05-03T18:01:20+00:00\",\"dateModified\":\"2023-05-06T23:38:51+00:00\",\"mainEntityOfPage\":{\"@id\":\"https:\\\/\\\/colombiamarxista.com\\\/?p=3311\"},\"wordCount\":2342,\"commentCount\":0,\"publisher\":{\"@id\":\"https:\\\/\\\/colombiamarxista.com\\\/#organization\"},\"image\":{\"@id\":\"https:\\\/\\\/colombiamarxista.com\\\/?p=3311#primaryimage\"},\"thumbnailUrl\":\"https:\\\/\\\/colombiamarxista.com\\\/wp-content\\\/uploads\\\/2023\\\/05\\\/IMG_0990-scaled.jpg\",\"articleSection\":[\"Movilizaci\u00f3n\",\"Pol\u00edtica\"],\"inLanguage\":\"es-CO\",\"potentialAction\":[{\"@type\":\"CommentAction\",\"name\":\"Comment\",\"target\":[\"https:\\\/\\\/colombiamarxista.com\\\/?p=3311#respond\"]}]},{\"@type\":\"WebPage\",\"@id\":\"https:\\\/\\\/colombiamarxista.com\\\/?p=3311\",\"url\":\"https:\\\/\\\/colombiamarxista.com\\\/?p=3311\",\"name\":\"Un pa\u00eds entre la Reforma o la Revoluci\u00f3n: El discurso de Petro el Primero de Mayo\u00a0 - Comunistas Revolucionarios de Colombia\",\"isPartOf\":{\"@id\":\"https:\\\/\\\/colombiamarxista.com\\\/#website\"},\"primaryImageOfPage\":{\"@id\":\"https:\\\/\\\/colombiamarxista.com\\\/?p=3311#primaryimage\"},\"image\":{\"@id\":\"https:\\\/\\\/colombiamarxista.com\\\/?p=3311#primaryimage\"},\"thumbnailUrl\":\"https:\\\/\\\/colombiamarxista.com\\\/wp-content\\\/uploads\\\/2023\\\/05\\\/IMG_0990-scaled.jpg\",\"datePublished\":\"2023-05-03T18:01:20+00:00\",\"dateModified\":\"2023-05-06T23:38:51+00:00\",\"breadcrumb\":{\"@id\":\"https:\\\/\\\/colombiamarxista.com\\\/?p=3311#breadcrumb\"},\"inLanguage\":\"es-CO\",\"potentialAction\":[{\"@type\":\"ReadAction\",\"target\":[\"https:\\\/\\\/colombiamarxista.com\\\/?p=3311\"]}]},{\"@type\":\"ImageObject\",\"inLanguage\":\"es-CO\",\"@id\":\"https:\\\/\\\/colombiamarxista.com\\\/?p=3311#primaryimage\",\"url\":\"https:\\\/\\\/colombiamarxista.com\\\/wp-content\\\/uploads\\\/2023\\\/05\\\/IMG_0990-scaled.jpg\",\"contentUrl\":\"https:\\\/\\\/colombiamarxista.com\\\/wp-content\\\/uploads\\\/2023\\\/05\\\/IMG_0990-scaled.jpg\",\"width\":2560,\"height\":1707},{\"@type\":\"BreadcrumbList\",\"@id\":\"https:\\\/\\\/colombiamarxista.com\\\/?p=3311#breadcrumb\",\"itemListElement\":[{\"@type\":\"ListItem\",\"position\":1,\"name\":\"Home\",\"item\":\"https:\\\/\\\/colombiamarxista.com\\\/\"},{\"@type\":\"ListItem\",\"position\":2,\"name\":\"Un pa\u00eds entre la Reforma o la Revoluci\u00f3n: El discurso de Petro el Primero de Mayo\u00a0\"}]},{\"@type\":\"WebSite\",\"@id\":\"https:\\\/\\\/colombiamarxista.com\\\/#website\",\"url\":\"https:\\\/\\\/colombiamarxista.com\\\/\",\"name\":\"Comunistas Revolucionarios de Colombia\",\"description\":\"\",\"publisher\":{\"@id\":\"https:\\\/\\\/colombiamarxista.com\\\/#organization\"},\"potentialAction\":[{\"@type\":\"SearchAction\",\"target\":{\"@type\":\"EntryPoint\",\"urlTemplate\":\"https:\\\/\\\/colombiamarxista.com\\\/?s={search_term_string}\"},\"query-input\":{\"@type\":\"PropertyValueSpecification\",\"valueRequired\":true,\"valueName\":\"search_term_string\"}}],\"inLanguage\":\"es-CO\"},{\"@type\":\"Organization\",\"@id\":\"https:\\\/\\\/colombiamarxista.com\\\/#organization\",\"name\":\"Comunistas Revolucionarios de Colombia\",\"url\":\"https:\\\/\\\/colombiamarxista.com\\\/\",\"logo\":{\"@type\":\"ImageObject\",\"inLanguage\":\"es-CO\",\"@id\":\"https:\\\/\\\/colombiamarxista.com\\\/#\\\/schema\\\/logo\\\/image\\\/\",\"url\":\"https:\\\/\\\/colombiamarxista.com\\\/wp-content\\\/uploads\\\/2026\\\/04\\\/logo-crc_Mesa-de-trabajo-1-scaled.png\",\"contentUrl\":\"https:\\\/\\\/colombiamarxista.com\\\/wp-content\\\/uploads\\\/2026\\\/04\\\/logo-crc_Mesa-de-trabajo-1-scaled.png\",\"width\":2560,\"height\":1920,\"caption\":\"Comunistas Revolucionarios de Colombia\"},\"image\":{\"@id\":\"https:\\\/\\\/colombiamarxista.com\\\/#\\\/schema\\\/logo\\\/image\\\/\"}},{\"@type\":\"Person\",\"@id\":\"https:\\\/\\\/colombiamarxista.com\\\/#\\\/schema\\\/person\\\/0fe6fa48836cbcf2759e0db820141456\",\"name\":\"Camilo Buenaventura\",\"image\":{\"@type\":\"ImageObject\",\"inLanguage\":\"es-CO\",\"@id\":\"https:\\\/\\\/secure.gravatar.com\\\/avatar\\\/0ed8f0f4038ff29891c3dee7dc33fe374ec2a48069d5beb428305f5b448b7e11?s=96&d=mm&r=g\",\"url\":\"https:\\\/\\\/secure.gravatar.com\\\/avatar\\\/0ed8f0f4038ff29891c3dee7dc33fe374ec2a48069d5beb428305f5b448b7e11?s=96&d=mm&r=g\",\"contentUrl\":\"https:\\\/\\\/secure.gravatar.com\\\/avatar\\\/0ed8f0f4038ff29891c3dee7dc33fe374ec2a48069d5beb428305f5b448b7e11?s=96&d=mm&r=g\",\"caption\":\"Camilo Buenaventura\"},\"url\":\"https:\\\/\\\/colombiamarxista.com\\\/?author=4\"}]}<\/script>\n<!-- \/ Yoast SEO plugin. -->","yoast_head_json":{"title":"Un pa\u00eds entre la Reforma o la Revoluci\u00f3n: El discurso de Petro el Primero de Mayo\u00a0 - Comunistas Revolucionarios de Colombia","robots":{"index":"index","follow":"follow","max-snippet":"max-snippet:-1","max-image-preview":"max-image-preview:large","max-video-preview":"max-video-preview:-1"},"canonical":"https:\/\/colombiamarxista.com\/?p=3311","og_locale":"es_ES","og_type":"article","og_title":"Un pa\u00eds entre la Reforma o la Revoluci\u00f3n: El discurso de Petro el Primero de Mayo\u00a0 - Comunistas Revolucionarios de Colombia","og_description":"A pesar de lo que la izquierda nacional e internacional repita o lo que la extrema derecha vocifere, la verdad es que el presidente Gustavo Petro siempre ha mostrado su disposici\u00f3n a la concertaci\u00f3n. Pero \u00e9l sabe que para poder negociar con una oligarqu\u00eda reacia a las concesiones, tiene que tener la sart\u00e9n por el [&hellip;]","og_url":"https:\/\/colombiamarxista.com\/?p=3311","og_site_name":"Comunistas Revolucionarios de Colombia","article_published_time":"2023-05-03T18:01:20+00:00","article_modified_time":"2023-05-06T23:38:51+00:00","og_image":[{"width":2560,"height":1707,"url":"https:\/\/colombiamarxista.com\/wp-content\/uploads\/2023\/05\/IMG_0990-scaled.jpg","type":"image\/jpeg"}],"author":"Camilo Buenaventura","twitter_card":"summary_large_image","twitter_misc":{"Escrito por":"Camilo Buenaventura","Tiempo de lectura":"10 minutos"},"schema":{"@context":"https:\/\/schema.org","@graph":[{"@type":"Article","@id":"https:\/\/colombiamarxista.com\/?p=3311#article","isPartOf":{"@id":"https:\/\/colombiamarxista.com\/?p=3311"},"author":{"name":"Camilo Buenaventura","@id":"https:\/\/colombiamarxista.com\/#\/schema\/person\/0fe6fa48836cbcf2759e0db820141456"},"headline":"Un pa\u00eds entre la Reforma o la Revoluci\u00f3n: El discurso de Petro el Primero de Mayo\u00a0","datePublished":"2023-05-03T18:01:20+00:00","dateModified":"2023-05-06T23:38:51+00:00","mainEntityOfPage":{"@id":"https:\/\/colombiamarxista.com\/?p=3311"},"wordCount":2342,"commentCount":0,"publisher":{"@id":"https:\/\/colombiamarxista.com\/#organization"},"image":{"@id":"https:\/\/colombiamarxista.com\/?p=3311#primaryimage"},"thumbnailUrl":"https:\/\/colombiamarxista.com\/wp-content\/uploads\/2023\/05\/IMG_0990-scaled.jpg","articleSection":["Movilizaci\u00f3n","Pol\u00edtica"],"inLanguage":"es-CO","potentialAction":[{"@type":"CommentAction","name":"Comment","target":["https:\/\/colombiamarxista.com\/?p=3311#respond"]}]},{"@type":"WebPage","@id":"https:\/\/colombiamarxista.com\/?p=3311","url":"https:\/\/colombiamarxista.com\/?p=3311","name":"Un pa\u00eds entre la Reforma o la Revoluci\u00f3n: El discurso de Petro el Primero de Mayo\u00a0 - Comunistas Revolucionarios de Colombia","isPartOf":{"@id":"https:\/\/colombiamarxista.com\/#website"},"primaryImageOfPage":{"@id":"https:\/\/colombiamarxista.com\/?p=3311#primaryimage"},"image":{"@id":"https:\/\/colombiamarxista.com\/?p=3311#primaryimage"},"thumbnailUrl":"https:\/\/colombiamarxista.com\/wp-content\/uploads\/2023\/05\/IMG_0990-scaled.jpg","datePublished":"2023-05-03T18:01:20+00:00","dateModified":"2023-05-06T23:38:51+00:00","breadcrumb":{"@id":"https:\/\/colombiamarxista.com\/?p=3311#breadcrumb"},"inLanguage":"es-CO","potentialAction":[{"@type":"ReadAction","target":["https:\/\/colombiamarxista.com\/?p=3311"]}]},{"@type":"ImageObject","inLanguage":"es-CO","@id":"https:\/\/colombiamarxista.com\/?p=3311#primaryimage","url":"https:\/\/colombiamarxista.com\/wp-content\/uploads\/2023\/05\/IMG_0990-scaled.jpg","contentUrl":"https:\/\/colombiamarxista.com\/wp-content\/uploads\/2023\/05\/IMG_0990-scaled.jpg","width":2560,"height":1707},{"@type":"BreadcrumbList","@id":"https:\/\/colombiamarxista.com\/?p=3311#breadcrumb","itemListElement":[{"@type":"ListItem","position":1,"name":"Home","item":"https:\/\/colombiamarxista.com\/"},{"@type":"ListItem","position":2,"name":"Un pa\u00eds entre la Reforma o la Revoluci\u00f3n: El discurso de Petro el Primero de Mayo\u00a0"}]},{"@type":"WebSite","@id":"https:\/\/colombiamarxista.com\/#website","url":"https:\/\/colombiamarxista.com\/","name":"Comunistas Revolucionarios de Colombia","description":"","publisher":{"@id":"https:\/\/colombiamarxista.com\/#organization"},"potentialAction":[{"@type":"SearchAction","target":{"@type":"EntryPoint","urlTemplate":"https:\/\/colombiamarxista.com\/?s={search_term_string}"},"query-input":{"@type":"PropertyValueSpecification","valueRequired":true,"valueName":"search_term_string"}}],"inLanguage":"es-CO"},{"@type":"Organization","@id":"https:\/\/colombiamarxista.com\/#organization","name":"Comunistas Revolucionarios de Colombia","url":"https:\/\/colombiamarxista.com\/","logo":{"@type":"ImageObject","inLanguage":"es-CO","@id":"https:\/\/colombiamarxista.com\/#\/schema\/logo\/image\/","url":"https:\/\/colombiamarxista.com\/wp-content\/uploads\/2026\/04\/logo-crc_Mesa-de-trabajo-1-scaled.png","contentUrl":"https:\/\/colombiamarxista.com\/wp-content\/uploads\/2026\/04\/logo-crc_Mesa-de-trabajo-1-scaled.png","width":2560,"height":1920,"caption":"Comunistas Revolucionarios de Colombia"},"image":{"@id":"https:\/\/colombiamarxista.com\/#\/schema\/logo\/image\/"}},{"@type":"Person","@id":"https:\/\/colombiamarxista.com\/#\/schema\/person\/0fe6fa48836cbcf2759e0db820141456","name":"Camilo Buenaventura","image":{"@type":"ImageObject","inLanguage":"es-CO","@id":"https:\/\/secure.gravatar.com\/avatar\/0ed8f0f4038ff29891c3dee7dc33fe374ec2a48069d5beb428305f5b448b7e11?s=96&d=mm&r=g","url":"https:\/\/secure.gravatar.com\/avatar\/0ed8f0f4038ff29891c3dee7dc33fe374ec2a48069d5beb428305f5b448b7e11?s=96&d=mm&r=g","contentUrl":"https:\/\/secure.gravatar.com\/avatar\/0ed8f0f4038ff29891c3dee7dc33fe374ec2a48069d5beb428305f5b448b7e11?s=96&d=mm&r=g","caption":"Camilo Buenaventura"},"url":"https:\/\/colombiamarxista.com\/?author=4"}]}},"_links":{"self":[{"href":"https:\/\/colombiamarxista.com\/index.php?rest_route=\/wp\/v2\/posts\/3311","targetHints":{"allow":["GET"]}}],"collection":[{"href":"https:\/\/colombiamarxista.com\/index.php?rest_route=\/wp\/v2\/posts"}],"about":[{"href":"https:\/\/colombiamarxista.com\/index.php?rest_route=\/wp\/v2\/types\/post"}],"author":[{"embeddable":true,"href":"https:\/\/colombiamarxista.com\/index.php?rest_route=\/wp\/v2\/users\/4"}],"replies":[{"embeddable":true,"href":"https:\/\/colombiamarxista.com\/index.php?rest_route=%2Fwp%2Fv2%2Fcomments&post=3311"}],"version-history":[{"count":0,"href":"https:\/\/colombiamarxista.com\/index.php?rest_route=\/wp\/v2\/posts\/3311\/revisions"}],"wp:featuredmedia":[{"embeddable":true,"href":"https:\/\/colombiamarxista.com\/index.php?rest_route=\/wp\/v2\/media\/3312"}],"wp:attachment":[{"href":"https:\/\/colombiamarxista.com\/index.php?rest_route=%2Fwp%2Fv2%2Fmedia&parent=3311"}],"wp:term":[{"taxonomy":"category","embeddable":true,"href":"https:\/\/colombiamarxista.com\/index.php?rest_route=%2Fwp%2Fv2%2Fcategories&post=3311"},{"taxonomy":"post_tag","embeddable":true,"href":"https:\/\/colombiamarxista.com\/index.php?rest_route=%2Fwp%2Fv2%2Ftags&post=3311"}],"curies":[{"name":"wp","href":"https:\/\/api.w.org\/{rel}","templated":true}]}}