{"id":3195,"date":"2023-02-15T08:02:04","date_gmt":"2023-02-15T13:02:04","guid":{"rendered":"https:\/\/colombiamarxista.com\/?p=3195"},"modified":"2023-02-20T20:16:04","modified_gmt":"2023-02-21T01:16:04","slug":"camilo-torres-y-ka-necesidad-de-un-partido-revolucionario-parte-ii","status":"publish","type":"post","link":"https:\/\/colombiamarxista.com\/?p=3195","title":{"rendered":"Camilo Torres y la necesidad de un partido revolucionario (Parte II)"},"content":{"rendered":"\n<p><strong>EL ESTUDIANTADO:&nbsp;<\/strong><\/p>\n\n\n\n<p>En 1959, Camilo regresar\u00eda a Colombia para establecerse. Es aqu\u00ed cuando puede poner en pr\u00e1ctica lo aprendido en Lovaina siendo nombrado capell\u00e1n auxiliar del Departamento de Culto o Capellan\u00eda de la Universidad Nacional, bajo las \u00f3rdenes del padre Enrique Acosta. En la universidad, se estaba formando un proceso organizativo importante que se daba como resultado de un desencanto durante luchas anteriores, por culpa del reformismo de derecha del partido liberal y los ataques durante el r\u00e9gimen de Rojas Pinilla. La ilusi\u00f3n&nbsp; por el reciente triunfo de la Revoluci\u00f3n Cubana dio pi\u00e9 a la estructuraci\u00f3n de nuevas organizaciones alrededor de la idea de generar teor\u00edas y metodolog\u00edas \u201crenovadas\u201d capaces de ayudar a cambiar las cosas, que en el fondo eran ideolog\u00edas reformistas y no propon\u00edan cambios profundos. Sus bases eran estudiantes que proven\u00edan de la peque\u00f1a burgues\u00eda o de la burgues\u00eda que le apostaban principalmente a la lucha armada.&nbsp;<\/p>\n\n\n\n<p>Es en el \u00e1mbito universitario donde se desarrollar\u00eda la verdadera carrera pol\u00edtica de Camilo al conectar con el movimiento y comenzar a acompa\u00f1arlos en marchas, hacer sermones para ellos o invit\u00e1ndolos a su casa para discutir. Pero el espacio que abrir\u00eda un nuevo escenario de aprendizaje para el cura ser\u00eda la Facultad de Sociolog\u00eda, fundada por \u00e9l junto con Orlando Fals Borda ese mismo a\u00f1o. Su pr\u00e1ctica sociol\u00f3gica fue enfocada en la formaci\u00f3n pol\u00edtica de sus estudiantes desde la experiencia y la teor\u00eda, adem\u00e1s impulsar\u00eda la formaci\u00f3n de grupos con vocaci\u00f3n pol\u00edtica que intervinieran directamente en terreno, lo que lo acercar\u00eda a las clases menos favorecidas.&nbsp;<\/p>\n\n\n\n<p>En este per\u00edodo, Camilo comenzar\u00eda a plantearse las ideas que iba a defender hasta el final de su vida, como la de proponer un liderazgo para las masas proveniente de elementos estudiantiles, pero al mismo tiempo reconocer\u00eda la falta de organizaci\u00f3n pol\u00edtica de este movimiento y su \u201caburguesamiento\u201d. Igualmente concluir\u00eda que el proletariado necesitaba formaci\u00f3n para entender la estructura que le oprime y es por eso que comienza a ir a los lugares m\u00e1s pobres del pa\u00eds junto con esos grupos estudiantiles.&nbsp;<\/p>\n\n\n\n<p>Su teorizaci\u00f3n sobre la formaci\u00f3n, m\u00e1s all\u00e1 de fetiches, se fundaba en la necesidad de dar educaci\u00f3n a un pueblo que ten\u00eda grandes porcentajes de analfabetismo \u201417, 2 % en los hombres y el 22, 2 % en las mujeres\u2014&lt;fn&gt; [CELADE. (1970). Colombia: El Crecimiento de la Poblaci\u00f3n 1950-1965. Perspectivas e implicaciones sobre los requerimientos de profesores en el sector de educaci\u00f3n infantil y primaria, 1965-1985.] &lt;\/fn&gt;. Para Camilo era responsabilidad del movimiento estudiantil cubrir esa falta pero con una postura social que al mismo tiempo devolver\u00eda formaci\u00f3n pol\u00edtica al estudiantado.&nbsp;<\/p>\n\n\n\n<p>\u201cLos estudiantes son un grupo privilegiado en todo pa\u00eds subdesarrollado. Las naciones pobres sostienen a costos muy altos a los pocos egresados de colegios y universidades. En Colombia, en particular, dada la gran cantidad de colegios y universidades privadas existentes, el factor econ\u00f3mico se ha constituido en un factor determinante en la educaci\u00f3n. En un pa\u00eds con un 60% de analfabetas funcionales, 8% de bachilleres y 1% de profesionales, los estudiantes son uno de los pocos grupos que tienen instrumentos de an\u00e1lisis sobre la situaci\u00f3n colombiana, de comparaci\u00f3n con otras situaciones y de informaci\u00f3n sobre las posibles <a href=\"http:\/\/www.archivochile.com\/Homenajes\/camilo\/d\/H_doc_de_CT-0033.pdf\" target=\"_blank\" rel=\"noreferrer noopener\">soluciones.\u201d<\/a>&nbsp;&lt;fn&gt; [ Torres. (1965). \u201cMensaje a los estudiantes\u201d. Publicado en el n\u00famero 9 del peri\u00f3dico \u201cFrente Unido\u201d] &lt;\/fn&gt;<\/p>\n\n\n\n<p>No obstante la fuerte postura peque\u00f1oburguesa dentro del movimiento, tanto por su extracci\u00f3n de clase como por la naturaleza propia del ambiente estudiantil, har\u00edan que&nbsp; Camilo, a\u00f1os m\u00e1s tarde, tomara una posici\u00f3n cr\u00edtica, que nosotros consideramos correcta.<\/p>\n\n\n\n<p>\u201cEstas circunstancias pueden ocasionar graves peligros a una respuesta madura y responsable de los estudiantes al momento hist\u00f3rico que est\u00e1 viviendo Colombia. La crisis econ\u00f3mica y pol\u00edtica se est\u00e1 haciendo sentir con todo el rigor sobre los obreros y los campesinos. El estudiante, generalmente aislado de estos, puede creer que basta una actitud revolucionaria superficial o puramente especulativa. Esa misma falta de contacto puede hacer que el estudiante traicione su vocaci\u00f3n hist\u00f3rica; que, cuando el pa\u00eds le exige una entrega total, el estudiante contin\u00fae con palabrer\u00eda y buenas intenciones, nada m\u00e1s. Que cuando el movimiento de masas le exige un trabajo cotidiano y continuo, el estudiante se conforme con gritos, pedreas y manifestaciones espor\u00e1dicas. Que cuando la clase popular les exige una presencia efectiva, disciplinada y responsable en sus filas, los estudiantes contesten con promesas vanas o disculpas.Es necesario que la convicci\u00f3n revolucionaria del estudiante lo lleve a un compromiso real, hasta las \u00faltimas consecuencias.\u201d &lt;fn&gt; [Ibid.] &lt;\/fn&gt;<\/p>\n\n\n\n<p>Para nosotros este texto tiene especial relevancia ya que muestra la direcci\u00f3n correcta que tomaba Camilo y se\u00f1ala una de las principales debilidades del movimiento estudiantil. Para los marxistas, la juventud y el estudiantado son un elemento importante pues su actitud contestataria es la chispa de todo movimiento revolucionario. De hecho, el partido Bolchevique fue formado por antiguos estudiantes como Lenin y Grigori Zinoviev, qui\u00e9n alguna vez not\u00f3 que \u201cEl t\u00e9rmino \u201cestudiante\u201d era sin\u00f3nimo con el t\u00e9rmino \u2018revolucionario\u2019 [durante finales del siglo XIX]\u201d&lt;fn&gt; [Historia del Partido Bolchevique, New Park Publications, 1973, p.63, edici\u00f3n en Ingl\u00e9s] &lt;\/fn&gt;. Lenin de manera similar en su celebrado \u00bfQue hacer? acordaba que \u201cUn comit\u00e9 compuesto de estudiantes no nos conviene porque es inestable\u201d y agregaba que: (&#8230;) la conclusi\u00f3n que se deduce de ah\u00ed es que hace falta un comit\u00e9 de revolucionarios profesionales, sin que importe si son estudiantes u obreros las personas capaces de forjarse como tales revolucionarios profesionales.\u201d&nbsp;<\/p>\n\n\n\n<p>No obstante esa rebeld\u00eda debe ser formada bajo la direcci\u00f3n pol\u00edtica del partido obrero, con trabajo organizativo y teor\u00eda marxista, para extraer los mejores cuadros. De lo contrario se quedar\u00e1 s\u00f3lo en el plano de la espontaneidad alejando la lucha de los intereses de la clase obrera. De esta misma manera, cuando los estudiantes se unen al partido, lo hacen como comunistas y se ponen al mismo nivel de los obreros dentro de la organizaci\u00f3n.&nbsp;<\/p>\n\n\n\n<p>Tambi\u00e9n es importante aclarar que hoy contamos con una clase obrera m\u00e1s educada que en los tiempos de Camilo y que por ende los estudiantes de hoy tienen una estructura de clase mucho m\u00e1s \u201cpopular\u201d que en los sesenta. Los estudiantes de hoy ser\u00e1n la clase obrera del ma\u00f1ana. Los marxistas tienen que reconocer que sirven como un puente a la clase obrera y ganarlos a las ideas del marxismo a trav\u00e9s de la formaci\u00f3n te\u00f3rica en las ideas del marxismo para as\u00ed formar las fuerzas que puedan llegar al resto de la clase obrera.&nbsp;<\/p>\n\n\n\n<p><strong>LA PLATAFORMA DEL FRENTE UNIDO:<\/strong><\/p>\n\n\n\n<p>Con la profundizaci\u00f3n de la acci\u00f3n pol\u00edtica de Torres se generar\u00e1n roces con la curia que desde varios flancos lo atacar\u00eda hasta obligarlo a retirarse de la Nacional en 1962 y igualmente una amonestaci\u00f3n por expresarse en contra de la muerte de varios estudiantes a manos de la polic\u00eda durante manifestaciones lo enfrentar\u00e1n con la instituci\u00f3n cat\u00f3lica. Su salida parec\u00eda inevitable.&nbsp;<\/p>\n\n\n\n<p>Uno de los actos que impuls\u00f3 ese final fue su \u201cPlataforma del Frente Unido del Pueblo\u201d. Un borrador de programa que present\u00f3 en 1965 en Medell\u00edn en un acto conservador, expresando su pensamiento pol\u00edtico en su forma m\u00e1s madura. Las propuestas dentro del programa eran bastante avanzadas para ese momento. Se distanciaba de los partidos tradicionales y llamaba a los \u201dno alineados\u201d \u2014personas ajenas al partido Conservador y Liberal que compon\u00edan el Frente Nacional\u2014&lt;fn&gt; [ El Frente Nacional fue un pacto pol\u00edtico hecho entre conservadores y liberales para turnarse el poder cada cuatro a\u00f1os. Dur\u00f3 desde 1957 hasta 1974.] &lt;\/fn&gt; a unirse bajo una misma bandera, propon\u00eda nacionalizar las empresas, expropiar las tierras y entreg\u00e1rselas a los campesinos, mantener un ej\u00e9rcito pero que lo manejara el pueblo entero, planteaba igualdad de g\u00e9neros, mejoramiento de la industria y de las relaciones de negocios en el exterior, demandas en educaci\u00f3n a todos los niveles, educaci\u00f3n gratuita, entre otras cosas. No hab\u00eda una cr\u00edtica abierta al capitalismo o a sus formas \u201cdemocr\u00e1ticas\u201d, no obstante propon\u00eda la modernizaci\u00f3n del sistema con una base peque\u00f1o burguesa apoyada en las mayor\u00edas y en clara oposici\u00f3n a las castas tradicionales y el imperialismo norteamericano.<\/p>\n\n\n\n<figure class=\"wp-block-image size-large\"><img fetchpriority=\"high\" decoding=\"async\" width=\"1024\" height=\"513\" src=\"https:\/\/colombiamarxista.com\/wp-content\/uploads\/2023\/02\/Captura-de-pantalla-2023-02-15-a-las-7.52.21-a.-m.-1024x513.png\" alt=\"\" class=\"wp-image-3206\" srcset=\"https:\/\/colombiamarxista.com\/wp-content\/uploads\/2023\/02\/Captura-de-pantalla-2023-02-15-a-las-7.52.21-a.-m.-1024x513.png 1024w, https:\/\/colombiamarxista.com\/wp-content\/uploads\/2023\/02\/Captura-de-pantalla-2023-02-15-a-las-7.52.21-a.-m.-300x150.png 300w, https:\/\/colombiamarxista.com\/wp-content\/uploads\/2023\/02\/Captura-de-pantalla-2023-02-15-a-las-7.52.21-a.-m.-768x385.png 768w, https:\/\/colombiamarxista.com\/wp-content\/uploads\/2023\/02\/Captura-de-pantalla-2023-02-15-a-las-7.52.21-a.-m..png 1205w\" sizes=\"(max-width: 1024px) 100vw, 1024px\" \/><\/figure>\n\n\n\n<p>A todo el mundo le cay\u00f3 mal la presentaci\u00f3n del programa, desde la iglesia hasta algunos l\u00edderes estudiantiles, todos se mostraron en desacuerdo, mientras las bases reaccionaron a favor. Era un programa que hablaba de su realidad y propon\u00eda soluciones m\u00e1s all\u00e1 de lo electoral sembrando la semilla de la lucha conjunta para poder conseguir los objetivos. Contrastaba, adem\u00e1s, con las acciones de partidos de izquierda como el PCC que propon\u00edan apoyar a L\u00f3pez Michelsen \u2014figura de la elite que m\u00e1s adelante ser\u00eda presidente durante el paro del 77\u2014 en su \u201clucha\u201d contra el liberalismo tradicional. El resto de la izquierda se enfrascaba en reformismo, academicismo y dogmas. Camilo presentaba algo certero, sin ambages, mientras que Marquetalia resist\u00eda y las FARC lanzaban desde all\u00e1 su<a href=\"http:\/\/www.archivochile.com\/America_latina\/Doc_paises_al\/Co\/farc\/al_farc0007.pdf\"> Programa Agrario<\/a>, sobreviviendo a las bombas de napalm lanzadas por orden de Guillermo Valencia, abuelo de la actual Senadora Paloma Valencia, y ni siquiera ese programa alcanzaba la claridad del de Camilo.<\/p>\n\n\n\n<p>Obviamente no estaba solo, el FUP (Frente Unido del Pueblo) se concretar\u00eda como organizaci\u00f3n ese mismo a\u00f1o y reunir\u00e1 a estudiantes y partidos aliados lo que le da un m\u00fasculo social fuerte con la suficiente voz para ser escuchado. Esa organizaci\u00f3n pretend\u00eda unirse con los otros partidos y movimientos (como el Movimiento Liberal Radical de Michelsen) para enfrentar el tradicionalismo, pero se fundaba en alianzas hechas sobre todo por arriba. Esta es la diferencia fundamental entre el Frente \u00danico y el Frente Popular, el primero propone una alianza entre las bases sin perder los principios y el segundo lo hace por arriba apoyando a la burgues\u00eda con el supuesto de alcanzar las victorias de la democracia burguesa, posponiendo la lucha por el socialismo en el nombre de logros a corto plazo.&nbsp;<\/p>\n\n\n\n<p>El FUP quer\u00eda lograr una uni\u00f3n honesta, pero su enfoque idealista los orient\u00f3 hacia la t\u00e1ctica del Frente Popular. Pero el liderazgo de Camilo, junto con la energ\u00eda del movimiento estudiantil y el programa recientemente presentado despertaba entusiasmo entre las masas y le dotaban de un aire de novedad. Ante ese escenario, el cura decide dedicarse de lleno a la pol\u00edtica y pide su estado laico entre amenazas de la iglesia.&nbsp;<\/p>\n\n\n\n<p>Libre de esas cadenas, comienza a hacer viajes por todo el pa\u00eds para presentar sus puntos de vista. En esos viajes se dar\u00e1 cuenta de las complicaciones materiales a la hora de hacer pol\u00edtica as\u00ed como comprobar\u00e1 de primera mano la violencia y censura de la clase dominante contra \u00e9l y sus seguidores. Por eso propone lanzar el \u201cSemanario del Frente Unido\u201d, una revista \u201cte\u00f3rica\u201d que pretend\u00eda acercar sus ideas a la gente. Su primera edici\u00f3n sali\u00f3 el 26 de agosto de 1965 con un tiraje de 50000 ejemplares. Ser\u00edan s\u00f3lo 13 ediciones con cierre el 9 de diciembre de ese mismo a\u00f1o con 15000 ejemplares.<\/p>\n\n\n\n<p>Es en medio de ese ajetreo que se contacta con el ELN, una guerrilla reci\u00e9n nacida con una visi\u00f3n ideol\u00f3gica difusa en busca de un te\u00f3rico y cree encontrarlo en Camilo. Le proponen conversar y acercarse a cambio de protecci\u00f3n. Torres, creyente del guerrillerismo por la experiencia cubana, aceptar\u00eda el trato.<\/p>\n\n\n\n<p>Finalmente, acosado por amenazas y sinti\u00e9ndose aislado pol\u00edticamente (a pesar de haber establecido una base social con el FUP) tom\u00f3 la decisi\u00f3n de irse a la guerrilla.&nbsp; El 15 de febrero de 1966, Camilo toma parte de su primera operaci\u00f3n con el ELN en donde, siguiendo la tradici\u00f3n de esta guerrilla, participa en una emboscada en contra del ejercito desarmado para conseguir su primer fusil de combate. Cuando los guerrilleros logran acribillar a parte de los soldados emboscados, Camilo intenta obtener el arma de uno de los combatientes caidos para luego ser asesinado por uno de los militares sobrevivientes. Camilo estuvo en el ELN cuatro meses.&nbsp;<\/p>\n\n\n\n<p><strong>EL LEGADO DE CAMILO:<\/strong><\/p>\n\n\n\n<p>Su muerte expuso las debilidades de sus organizaciones. El FUP se acab\u00f3 sin mucho aspaviento. Algunos de sus seguidores, hu\u00e9rfanos, decidieron suicidarse y el resto se disgreg\u00f3 en otras organizaciones o guerrillas. El ELN, por otro lado, se aprovech\u00f3 de sus ideas explot\u00e1ndolas pero sin entender mucho de su fondo. Hoy en d\u00eda es una organizaci\u00f3n que parece m\u00e1s un grupo mercenario que un partido revolucionario de la clase obrera y de las ideas camilistas no queda ni rastro.&nbsp;<\/p>\n\n\n\n<p>El legado de Camilo se encuentra en su \u00e9nfasis en la formaci\u00f3n pol\u00edtica y acad\u00e9mica de las masas para tener una posici\u00f3n consciente a la hora de la lucha, pero sobre todo en la necesidad de la organizaci\u00f3n popular para lograr un liderazgo efectivo. Por supuesto, para \u00e9l la respuesta no era el marxismo ni el comunismo, siempre les criticaba aunque de forma amistosa.&nbsp;<\/p>\n\n\n\n<p>No obstante, cuanto m\u00e1s apoyo recib\u00eda de las masas, m\u00e1s conflictos ten\u00eda con sus \u201caliados\u201d pol\u00edticos que lo criticaban o calumniaban. Esto fue alejando la escoria oportunista del FUP y dejando s\u00f3lo a los elementos m\u00e1s honestos. Sin embargo, era una organizaci\u00f3n muy joven y poco cohesionada. Adem\u00e1s, Camilo todav\u00eda conservaba su equivocada esperanza en el movimiento estudiantil como l\u00edder absoluto del movimiento de masas.&nbsp;<\/p>\n\n\n\n<p>Hoy no podemos repetir el mismo error, debemos seguir los mejores pasos de este revolucionario que fue modificando su posici\u00f3n yendo cada vez m\u00e1s hacia la izquierda con cada nueva experiencia para crear y fortalecer una organizaci\u00f3n revolucionaria con consciencia de clase de y para los y las trabajadoras. Dicha organizaci\u00f3n no ser\u00e1 creada de un d\u00eda para otro ni tampoco se puede fundar sobre la base de caudillos o grup\u00fasculos de sabios. Esta organizaci\u00f3n debe ser democr\u00e1tica y educar a sus cuadros bajo lo m\u00e1s avanzado de la teor\u00eda marxista siempre con paciencia y haciendo una lectura acertada del momento hist\u00f3rico. El fin de esta organizaci\u00f3n no ser\u00e1 otro que el de preparar a sus miembros a liderar a las masas en el momento de la revoluci\u00f3n y guiarlas hacia la victoria.&nbsp;&nbsp;<\/p>\n\n\n\n<p>Recordando las palabras del propio Camilo Torres:&nbsp;<\/p>\n\n\n\n<p>\u00abCuando la clase dirigente, a pesar de seguir detentando el poder con todos sus factores se ha demostrado incapaz para manejar el pa\u00eds. Cuando estamos abocados a una crisis econ\u00f3mica. Cuando, ante su propia incapacidad, esta misma clase tiene que recurrir a la represi\u00f3n contra todo el que propicie un cambio. Cuando se ha tenido que llegar&nbsp; en esa v\u00eda hasta declarar el estado de sitio. Cuando ha ca\u00eddo, v\u00edctima de la violencia, uno de nuestros compa\u00f1eros, no podemos detenernos en las personas sino que debemos pensar en la necesidad, para Colombia, de la realizaci\u00f3n de una aut\u00e9ntica revoluci\u00f3n.\u00bb&nbsp;<\/p>\n\n\n\n<p>Eso dec\u00eda \u00e9l en un acto p\u00fablico en 1965, nosotros creemos que esa aut\u00e9ntica revoluci\u00f3n es la de los trabajadores organizados bajo la bandera de un partido obrero en b\u00fasqueda de un \u00fanico objetivo: el socialismo.<\/p>\n\n\n\n<p><a href=\"https:\/\/colombiamarxista.com\/?p=3177\">Aqu\u00ed primera parte. <\/a><\/p>\n","protected":false},"excerpt":{"rendered":"<p>EL ESTUDIANTADO:&nbsp; En 1959, Camilo regresar\u00eda a Colombia para establecerse. Es aqu\u00ed cuando puede poner en pr\u00e1ctica lo aprendido en Lovaina siendo nombrado capell\u00e1n auxiliar del Departamento de Culto o Capellan\u00eda de la Universidad Nacional, bajo las \u00f3rdenes del padre Enrique Acosta. En la universidad, se estaba formando un proceso organizativo importante que se daba [&hellip;]<\/p>\n","protected":false},"author":4,"featured_media":3198,"comment_status":"open","ping_status":"open","sticky":false,"template":"","format":"standard","meta":{"footnotes":""},"categories":[199,238],"tags":[],"class_list":["post-3195","post","type-post","status-publish","format-standard","has-post-thumbnail","hentry","category-teoria","category-historia"],"yoast_head":"<!-- This site is optimized with the Yoast SEO plugin v27.5 - https:\/\/yoast.com\/product\/yoast-seo-wordpress\/ -->\n<title>Camilo Torres y la necesidad de un partido revolucionario (Parte II) - Comunistas Revolucionarios de Colombia<\/title>\n<meta name=\"robots\" content=\"index, follow, max-snippet:-1, max-image-preview:large, max-video-preview:-1\" \/>\n<link rel=\"canonical\" href=\"https:\/\/colombiamarxista.com\/?p=3195\" \/>\n<meta property=\"og:locale\" content=\"es_ES\" \/>\n<meta property=\"og:type\" content=\"article\" \/>\n<meta property=\"og:title\" content=\"Camilo Torres y la necesidad de un partido revolucionario (Parte II) - Comunistas Revolucionarios de Colombia\" \/>\n<meta property=\"og:description\" content=\"EL ESTUDIANTADO:&nbsp; En 1959, Camilo regresar\u00eda a Colombia para establecerse. Es aqu\u00ed cuando puede poner en pr\u00e1ctica lo aprendido en Lovaina siendo nombrado capell\u00e1n auxiliar del Departamento de Culto o Capellan\u00eda de la Universidad Nacional, bajo las \u00f3rdenes del padre Enrique Acosta. En la universidad, se estaba formando un proceso organizativo importante que se daba [&hellip;]\" \/>\n<meta property=\"og:url\" content=\"https:\/\/colombiamarxista.com\/?p=3195\" \/>\n<meta property=\"og:site_name\" content=\"Comunistas Revolucionarios de Colombia\" \/>\n<meta property=\"article:published_time\" content=\"2023-02-15T13:02:04+00:00\" \/>\n<meta property=\"article:modified_time\" content=\"2023-02-21T01:16:04+00:00\" \/>\n<meta property=\"og:image\" content=\"https:\/\/colombiamarxista.com\/wp-content\/uploads\/2023\/02\/standard_compressed_camilo-torres-restrepo.jpeg\" \/>\n\t<meta property=\"og:image:width\" content=\"1000\" \/>\n\t<meta property=\"og:image:height\" content=\"903\" \/>\n\t<meta property=\"og:image:type\" content=\"image\/jpeg\" \/>\n<meta name=\"author\" content=\"Camilo Buenaventura\" \/>\n<meta name=\"twitter:card\" content=\"summary_large_image\" \/>\n<meta name=\"twitter:label1\" content=\"Escrito por\" \/>\n\t<meta name=\"twitter:data1\" content=\"Camilo Buenaventura\" \/>\n\t<meta name=\"twitter:label2\" content=\"Tiempo de lectura\" \/>\n\t<meta name=\"twitter:data2\" content=\"12 minutos\" \/>\n<script type=\"application\/ld+json\" class=\"yoast-schema-graph\">{\"@context\":\"https:\\\/\\\/schema.org\",\"@graph\":[{\"@type\":\"Article\",\"@id\":\"https:\\\/\\\/colombiamarxista.com\\\/?p=3195#article\",\"isPartOf\":{\"@id\":\"https:\\\/\\\/colombiamarxista.com\\\/?p=3195\"},\"author\":{\"name\":\"Camilo Buenaventura\",\"@id\":\"https:\\\/\\\/colombiamarxista.com\\\/#\\\/schema\\\/person\\\/0fe6fa48836cbcf2759e0db820141456\"},\"headline\":\"Camilo Torres y la necesidad de un partido revolucionario (Parte II)\",\"datePublished\":\"2023-02-15T13:02:04+00:00\",\"dateModified\":\"2023-02-21T01:16:04+00:00\",\"mainEntityOfPage\":{\"@id\":\"https:\\\/\\\/colombiamarxista.com\\\/?p=3195\"},\"wordCount\":2694,\"commentCount\":0,\"publisher\":{\"@id\":\"https:\\\/\\\/colombiamarxista.com\\\/#organization\"},\"image\":{\"@id\":\"https:\\\/\\\/colombiamarxista.com\\\/?p=3195#primaryimage\"},\"thumbnailUrl\":\"https:\\\/\\\/colombiamarxista.com\\\/wp-content\\\/uploads\\\/2023\\\/02\\\/standard_compressed_camilo-torres-restrepo.jpeg\",\"articleSection\":[\"Teor\u00eda\",\"Historia\"],\"inLanguage\":\"es-CO\",\"potentialAction\":[{\"@type\":\"CommentAction\",\"name\":\"Comment\",\"target\":[\"https:\\\/\\\/colombiamarxista.com\\\/?p=3195#respond\"]}]},{\"@type\":\"WebPage\",\"@id\":\"https:\\\/\\\/colombiamarxista.com\\\/?p=3195\",\"url\":\"https:\\\/\\\/colombiamarxista.com\\\/?p=3195\",\"name\":\"Camilo Torres y la necesidad de un partido revolucionario (Parte II) - Comunistas Revolucionarios de Colombia\",\"isPartOf\":{\"@id\":\"https:\\\/\\\/colombiamarxista.com\\\/#website\"},\"primaryImageOfPage\":{\"@id\":\"https:\\\/\\\/colombiamarxista.com\\\/?p=3195#primaryimage\"},\"image\":{\"@id\":\"https:\\\/\\\/colombiamarxista.com\\\/?p=3195#primaryimage\"},\"thumbnailUrl\":\"https:\\\/\\\/colombiamarxista.com\\\/wp-content\\\/uploads\\\/2023\\\/02\\\/standard_compressed_camilo-torres-restrepo.jpeg\",\"datePublished\":\"2023-02-15T13:02:04+00:00\",\"dateModified\":\"2023-02-21T01:16:04+00:00\",\"breadcrumb\":{\"@id\":\"https:\\\/\\\/colombiamarxista.com\\\/?p=3195#breadcrumb\"},\"inLanguage\":\"es-CO\",\"potentialAction\":[{\"@type\":\"ReadAction\",\"target\":[\"https:\\\/\\\/colombiamarxista.com\\\/?p=3195\"]}]},{\"@type\":\"ImageObject\",\"inLanguage\":\"es-CO\",\"@id\":\"https:\\\/\\\/colombiamarxista.com\\\/?p=3195#primaryimage\",\"url\":\"https:\\\/\\\/colombiamarxista.com\\\/wp-content\\\/uploads\\\/2023\\\/02\\\/standard_compressed_camilo-torres-restrepo.jpeg\",\"contentUrl\":\"https:\\\/\\\/colombiamarxista.com\\\/wp-content\\\/uploads\\\/2023\\\/02\\\/standard_compressed_camilo-torres-restrepo.jpeg\",\"width\":1000,\"height\":903},{\"@type\":\"BreadcrumbList\",\"@id\":\"https:\\\/\\\/colombiamarxista.com\\\/?p=3195#breadcrumb\",\"itemListElement\":[{\"@type\":\"ListItem\",\"position\":1,\"name\":\"Home\",\"item\":\"https:\\\/\\\/colombiamarxista.com\\\/\"},{\"@type\":\"ListItem\",\"position\":2,\"name\":\"Camilo Torres y la necesidad de un partido revolucionario (Parte II)\"}]},{\"@type\":\"WebSite\",\"@id\":\"https:\\\/\\\/colombiamarxista.com\\\/#website\",\"url\":\"https:\\\/\\\/colombiamarxista.com\\\/\",\"name\":\"Comunistas Revolucionarios de Colombia\",\"description\":\"\",\"publisher\":{\"@id\":\"https:\\\/\\\/colombiamarxista.com\\\/#organization\"},\"potentialAction\":[{\"@type\":\"SearchAction\",\"target\":{\"@type\":\"EntryPoint\",\"urlTemplate\":\"https:\\\/\\\/colombiamarxista.com\\\/?s={search_term_string}\"},\"query-input\":{\"@type\":\"PropertyValueSpecification\",\"valueRequired\":true,\"valueName\":\"search_term_string\"}}],\"inLanguage\":\"es-CO\"},{\"@type\":\"Organization\",\"@id\":\"https:\\\/\\\/colombiamarxista.com\\\/#organization\",\"name\":\"Comunistas Revolucionarios de Colombia\",\"url\":\"https:\\\/\\\/colombiamarxista.com\\\/\",\"logo\":{\"@type\":\"ImageObject\",\"inLanguage\":\"es-CO\",\"@id\":\"https:\\\/\\\/colombiamarxista.com\\\/#\\\/schema\\\/logo\\\/image\\\/\",\"url\":\"https:\\\/\\\/colombiamarxista.com\\\/wp-content\\\/uploads\\\/2026\\\/04\\\/logo-crc_Mesa-de-trabajo-1-scaled.png\",\"contentUrl\":\"https:\\\/\\\/colombiamarxista.com\\\/wp-content\\\/uploads\\\/2026\\\/04\\\/logo-crc_Mesa-de-trabajo-1-scaled.png\",\"width\":2560,\"height\":1920,\"caption\":\"Comunistas Revolucionarios de Colombia\"},\"image\":{\"@id\":\"https:\\\/\\\/colombiamarxista.com\\\/#\\\/schema\\\/logo\\\/image\\\/\"}},{\"@type\":\"Person\",\"@id\":\"https:\\\/\\\/colombiamarxista.com\\\/#\\\/schema\\\/person\\\/0fe6fa48836cbcf2759e0db820141456\",\"name\":\"Camilo Buenaventura\",\"image\":{\"@type\":\"ImageObject\",\"inLanguage\":\"es-CO\",\"@id\":\"https:\\\/\\\/secure.gravatar.com\\\/avatar\\\/0ed8f0f4038ff29891c3dee7dc33fe374ec2a48069d5beb428305f5b448b7e11?s=96&d=mm&r=g\",\"url\":\"https:\\\/\\\/secure.gravatar.com\\\/avatar\\\/0ed8f0f4038ff29891c3dee7dc33fe374ec2a48069d5beb428305f5b448b7e11?s=96&d=mm&r=g\",\"contentUrl\":\"https:\\\/\\\/secure.gravatar.com\\\/avatar\\\/0ed8f0f4038ff29891c3dee7dc33fe374ec2a48069d5beb428305f5b448b7e11?s=96&d=mm&r=g\",\"caption\":\"Camilo Buenaventura\"},\"url\":\"https:\\\/\\\/colombiamarxista.com\\\/?author=4\"}]}<\/script>\n<!-- \/ Yoast SEO plugin. -->","yoast_head_json":{"title":"Camilo Torres y la necesidad de un partido revolucionario (Parte II) - Comunistas Revolucionarios de Colombia","robots":{"index":"index","follow":"follow","max-snippet":"max-snippet:-1","max-image-preview":"max-image-preview:large","max-video-preview":"max-video-preview:-1"},"canonical":"https:\/\/colombiamarxista.com\/?p=3195","og_locale":"es_ES","og_type":"article","og_title":"Camilo Torres y la necesidad de un partido revolucionario (Parte II) - Comunistas Revolucionarios de Colombia","og_description":"EL ESTUDIANTADO:&nbsp; En 1959, Camilo regresar\u00eda a Colombia para establecerse. Es aqu\u00ed cuando puede poner en pr\u00e1ctica lo aprendido en Lovaina siendo nombrado capell\u00e1n auxiliar del Departamento de Culto o Capellan\u00eda de la Universidad Nacional, bajo las \u00f3rdenes del padre Enrique Acosta. En la universidad, se estaba formando un proceso organizativo importante que se daba [&hellip;]","og_url":"https:\/\/colombiamarxista.com\/?p=3195","og_site_name":"Comunistas Revolucionarios de Colombia","article_published_time":"2023-02-15T13:02:04+00:00","article_modified_time":"2023-02-21T01:16:04+00:00","og_image":[{"width":1000,"height":903,"url":"https:\/\/colombiamarxista.com\/wp-content\/uploads\/2023\/02\/standard_compressed_camilo-torres-restrepo.jpeg","type":"image\/jpeg"}],"author":"Camilo Buenaventura","twitter_card":"summary_large_image","twitter_misc":{"Escrito por":"Camilo Buenaventura","Tiempo de lectura":"12 minutos"},"schema":{"@context":"https:\/\/schema.org","@graph":[{"@type":"Article","@id":"https:\/\/colombiamarxista.com\/?p=3195#article","isPartOf":{"@id":"https:\/\/colombiamarxista.com\/?p=3195"},"author":{"name":"Camilo Buenaventura","@id":"https:\/\/colombiamarxista.com\/#\/schema\/person\/0fe6fa48836cbcf2759e0db820141456"},"headline":"Camilo Torres y la necesidad de un partido revolucionario (Parte II)","datePublished":"2023-02-15T13:02:04+00:00","dateModified":"2023-02-21T01:16:04+00:00","mainEntityOfPage":{"@id":"https:\/\/colombiamarxista.com\/?p=3195"},"wordCount":2694,"commentCount":0,"publisher":{"@id":"https:\/\/colombiamarxista.com\/#organization"},"image":{"@id":"https:\/\/colombiamarxista.com\/?p=3195#primaryimage"},"thumbnailUrl":"https:\/\/colombiamarxista.com\/wp-content\/uploads\/2023\/02\/standard_compressed_camilo-torres-restrepo.jpeg","articleSection":["Teor\u00eda","Historia"],"inLanguage":"es-CO","potentialAction":[{"@type":"CommentAction","name":"Comment","target":["https:\/\/colombiamarxista.com\/?p=3195#respond"]}]},{"@type":"WebPage","@id":"https:\/\/colombiamarxista.com\/?p=3195","url":"https:\/\/colombiamarxista.com\/?p=3195","name":"Camilo Torres y la necesidad de un partido revolucionario (Parte II) - Comunistas Revolucionarios de Colombia","isPartOf":{"@id":"https:\/\/colombiamarxista.com\/#website"},"primaryImageOfPage":{"@id":"https:\/\/colombiamarxista.com\/?p=3195#primaryimage"},"image":{"@id":"https:\/\/colombiamarxista.com\/?p=3195#primaryimage"},"thumbnailUrl":"https:\/\/colombiamarxista.com\/wp-content\/uploads\/2023\/02\/standard_compressed_camilo-torres-restrepo.jpeg","datePublished":"2023-02-15T13:02:04+00:00","dateModified":"2023-02-21T01:16:04+00:00","breadcrumb":{"@id":"https:\/\/colombiamarxista.com\/?p=3195#breadcrumb"},"inLanguage":"es-CO","potentialAction":[{"@type":"ReadAction","target":["https:\/\/colombiamarxista.com\/?p=3195"]}]},{"@type":"ImageObject","inLanguage":"es-CO","@id":"https:\/\/colombiamarxista.com\/?p=3195#primaryimage","url":"https:\/\/colombiamarxista.com\/wp-content\/uploads\/2023\/02\/standard_compressed_camilo-torres-restrepo.jpeg","contentUrl":"https:\/\/colombiamarxista.com\/wp-content\/uploads\/2023\/02\/standard_compressed_camilo-torres-restrepo.jpeg","width":1000,"height":903},{"@type":"BreadcrumbList","@id":"https:\/\/colombiamarxista.com\/?p=3195#breadcrumb","itemListElement":[{"@type":"ListItem","position":1,"name":"Home","item":"https:\/\/colombiamarxista.com\/"},{"@type":"ListItem","position":2,"name":"Camilo Torres y la necesidad de un partido revolucionario (Parte II)"}]},{"@type":"WebSite","@id":"https:\/\/colombiamarxista.com\/#website","url":"https:\/\/colombiamarxista.com\/","name":"Comunistas Revolucionarios de Colombia","description":"","publisher":{"@id":"https:\/\/colombiamarxista.com\/#organization"},"potentialAction":[{"@type":"SearchAction","target":{"@type":"EntryPoint","urlTemplate":"https:\/\/colombiamarxista.com\/?s={search_term_string}"},"query-input":{"@type":"PropertyValueSpecification","valueRequired":true,"valueName":"search_term_string"}}],"inLanguage":"es-CO"},{"@type":"Organization","@id":"https:\/\/colombiamarxista.com\/#organization","name":"Comunistas Revolucionarios de Colombia","url":"https:\/\/colombiamarxista.com\/","logo":{"@type":"ImageObject","inLanguage":"es-CO","@id":"https:\/\/colombiamarxista.com\/#\/schema\/logo\/image\/","url":"https:\/\/colombiamarxista.com\/wp-content\/uploads\/2026\/04\/logo-crc_Mesa-de-trabajo-1-scaled.png","contentUrl":"https:\/\/colombiamarxista.com\/wp-content\/uploads\/2026\/04\/logo-crc_Mesa-de-trabajo-1-scaled.png","width":2560,"height":1920,"caption":"Comunistas Revolucionarios de Colombia"},"image":{"@id":"https:\/\/colombiamarxista.com\/#\/schema\/logo\/image\/"}},{"@type":"Person","@id":"https:\/\/colombiamarxista.com\/#\/schema\/person\/0fe6fa48836cbcf2759e0db820141456","name":"Camilo Buenaventura","image":{"@type":"ImageObject","inLanguage":"es-CO","@id":"https:\/\/secure.gravatar.com\/avatar\/0ed8f0f4038ff29891c3dee7dc33fe374ec2a48069d5beb428305f5b448b7e11?s=96&d=mm&r=g","url":"https:\/\/secure.gravatar.com\/avatar\/0ed8f0f4038ff29891c3dee7dc33fe374ec2a48069d5beb428305f5b448b7e11?s=96&d=mm&r=g","contentUrl":"https:\/\/secure.gravatar.com\/avatar\/0ed8f0f4038ff29891c3dee7dc33fe374ec2a48069d5beb428305f5b448b7e11?s=96&d=mm&r=g","caption":"Camilo Buenaventura"},"url":"https:\/\/colombiamarxista.com\/?author=4"}]}},"_links":{"self":[{"href":"https:\/\/colombiamarxista.com\/index.php?rest_route=\/wp\/v2\/posts\/3195","targetHints":{"allow":["GET"]}}],"collection":[{"href":"https:\/\/colombiamarxista.com\/index.php?rest_route=\/wp\/v2\/posts"}],"about":[{"href":"https:\/\/colombiamarxista.com\/index.php?rest_route=\/wp\/v2\/types\/post"}],"author":[{"embeddable":true,"href":"https:\/\/colombiamarxista.com\/index.php?rest_route=\/wp\/v2\/users\/4"}],"replies":[{"embeddable":true,"href":"https:\/\/colombiamarxista.com\/index.php?rest_route=%2Fwp%2Fv2%2Fcomments&post=3195"}],"version-history":[{"count":0,"href":"https:\/\/colombiamarxista.com\/index.php?rest_route=\/wp\/v2\/posts\/3195\/revisions"}],"wp:featuredmedia":[{"embeddable":true,"href":"https:\/\/colombiamarxista.com\/index.php?rest_route=\/wp\/v2\/media\/3198"}],"wp:attachment":[{"href":"https:\/\/colombiamarxista.com\/index.php?rest_route=%2Fwp%2Fv2%2Fmedia&parent=3195"}],"wp:term":[{"taxonomy":"category","embeddable":true,"href":"https:\/\/colombiamarxista.com\/index.php?rest_route=%2Fwp%2Fv2%2Fcategories&post=3195"},{"taxonomy":"post_tag","embeddable":true,"href":"https:\/\/colombiamarxista.com\/index.php?rest_route=%2Fwp%2Fv2%2Ftags&post=3195"}],"curies":[{"name":"wp","href":"https:\/\/api.w.org\/{rel}","templated":true}]}}