{"id":3173,"date":"2023-02-01T16:02:12","date_gmt":"2023-02-01T21:02:12","guid":{"rendered":"https:\/\/colombiamarxista.com\/?p=3173"},"modified":"2023-02-01T16:02:13","modified_gmt":"2023-02-01T21:02:13","slug":"cual-es-la-solucion-al-problema-de-las-pensiones","status":"publish","type":"post","link":"https:\/\/colombiamarxista.com\/?p=3173","title":{"rendered":"\u00bfCual es la soluci\u00f3n al problema de las pensiones?"},"content":{"rendered":"\n<p>2023 es el a\u00f1o crucial para las reformas de largo plazo impulsadas por el gobierno del Pacto Hist\u00f3rico. Inscritas dentro de la visi\u00f3n \u201csocialdem\u00f3crata\u201d y \u201cdesarrollista\u201d, es decir de reforma al capitalismo, se plantean reformas de largo alcance a los sistemas de salud, regulaci\u00f3n laboral y la reforma pensional.<\/p>\n\n\n\n<p>En un pa\u00eds en el cual nada m\u00e1s un <a href=\"https:\/\/caracol.com.co\/2022\/10\/26\/cuantas-personas-pensionados-en-colombia-tiene-a-septiembre-de-2022-colpensiones\/#:~:text=En%20un%20informe%20la%20entidad,780.000%20personas%20afiliadas%20a%20Colpensiones.\">3% de la poblaci\u00f3n total alcanza a cotizar en Colpensiones<\/a>, muchos que no alcanzan a pensionarse son <a href=\"https:\/\/www.portafolio.co\/economia\/empleo\/ministerio-del-trabajo-programa-para-contratar-adultos-mayores-y-beneficios-para-empresas-558987\">fomentados a trabajar<\/a> y los pocos que cotizan <a href=\"https:\/\/www.semana.com\/economia\/macroeconomia\/articulo\/pensionados-en-colombia-con-todo-y-el-ingreso-que-reciben-muchos-no-escapan-a-la-pobreza\/202123\/#:~:text=Seg%C3%BAn%20los%20datos%20del%20Dane,pensi%C3%B3n%20mixta%20entre%20estas%20categor%C3%ADas.\">pueden terminar en la pobreza<\/a>, es claro que que el capitalismo colombiano actualmente no tiene una manera en que pueda ayudar a la clase obrera a obtener una vida digna despu\u00e9s de d\u00e9cadas de trabajo.<\/p>\n\n\n\n<p>El debate sobre las pensiones manifiesta los intereses de la clase obrera y la oligarqu\u00eda mientras demuestra su irreconciabilidad. Para la clase dominante es claro que es necesario obtener toda la productividad posible de la clase obrera, sin importar su edad o su estado de salud. Mientras que el obrero sacrifica una gran parte de su vida para tratar de mejorar sus condiciones de vida fuera del trabajo, pero encuentra que, en la medida que el capitalismo entra en declive, es menos y menos probable que encuentre una vida por fuera del trabajo.&nbsp;&nbsp;<\/p>\n\n\n\n<h3 class=\"wp-block-heading\">Vivir m\u00e1s, pero en peores condiciones<\/h3>\n\n\n\n<p>El tema de la vejez y el retiro es una de las primeras banderas del movimiento obrero. En la medida en que la clase obrera tom\u00f3 m\u00fasculo durante el principio del siglo XX, la clase dominante internacional implement\u00f3 reformas desde arriba para prevenir revoluciones desde abajo.Esto lo vemos con los primeros esquemas de seguridad social en la Alemania de Bismarck, el cual ser\u00eda el modelo para los Estados de bienestar que surgen durante el periodo despu\u00e9s de la Segunda Guerra Mundial. En esencia, son modelos contributivos en donde empleador y trabajador \u201ccontribuyen\u201d para mantener una base financiera que permita el retiro de los trabajadores, y manteni\u00e9ndose conforme nuevos integrantes de la fuerza de trabajo empiecen a desarrollar su vida laboral.<\/p>\n\n\n\n<p>Este esquema \u201carm\u00f3nico\u201d sin embargo nunca ha sido del agrado del sistema, pues no tiene rentabilidad. Tampoco es totalmente satisfactorio para los trabajadores, en tanto la protecci\u00f3n de este seguro depende de que la relaci\u00f3n laboral se mantenga \u201cformalizada\u201d lo cual va en contrav\u00eda con la mano de obra barata en pa\u00edses en desarrollo. Sin embargo, en medio de estas contradicciones, los sistemas de seguridad social (a\u00fan siendo imperfectos) contribuyeron a que la clase trabajadora gozara de parte de la prosperidad creada en el ciclo econ\u00f3mico.<\/p>\n\n\n\n<p>Sin embargo, la crisis del capitalismo se encarg\u00f3 de generar un retroceso, iniciando en la d\u00e9cada de 1980 con la b\u00fasqueda de rentabilidad con los fondos de los seguros sociales. Es entonces cuando entra en auge el modelo de contribuci\u00f3n a fondos privados, basado en la premisa de buscar mayores rentabilidades que hicieran&nbsp; crecer m\u00e1s los fondos de los trabajadores. Asimismo, la carga fiscal de las pensiones en los Estados (sustentadas en grandes ingresos fiscales desde impuestos y empresas p\u00fablicas) era insostenible con la privatizaci\u00f3n y la reducci\u00f3n de impuestos a los grandes capitales.<\/p>\n\n\n\n<p>No es casualidad que el primer pa\u00eds en adoptar este esquema fuera Chile bajo la dictadura&nbsp; Pinochet, donde se crea el primer esquema de Aseguradoras de Fondos de Pensiones (AFP), basadas en estas ideas liberales (aunque el Estado chileno le mantuvo el sistema contributivo a su base de poder: El Ej\u00e9rcito). A partir de este ejemplo y especialmente con la apertura econ\u00f3mica de 1990, se inician las \u201creformas\u201d a los sistemas de seguridad social y pensi\u00f3n. Quiz\u00e1 lo m\u00e1s paradigm\u00e1tico es que la principal causa de revuelta en el movimiento social de 2019 en Chile fueran las paup\u00e9rrimas pensiones ofrecidas por las AFP, a la par que las corporaciones facturaban ganancias.<\/p>\n\n\n\n<h3 class=\"wp-block-heading\">El modelo de Colombia<\/h3>\n\n\n\n<p>Colombia vio nacer las primeras AFP en 1993 como resultado de la Ley 100, cuerpo legal que formaliz\u00f3&nbsp; la privatizaci\u00f3n en los servicios de salud y las pensiones. Hasta entonces, el Instituto de Seguridad Social hab\u00eda mantenido un r\u00e9gimen de reparto simple, que con esta ley se liquida en funci\u00f3n de dos modelos:<\/p>\n\n\n\n<p>1. &nbsp; El r\u00e9gimen de prima media<\/p>\n\n\n\n<p>2. &nbsp; El r\u00e9gimen de ahorro individual con solidaridad (RAIS)<\/p>\n\n\n\n<p>El primer r\u00e9gimen ser\u00eda administrado por la entidad p\u00fablica Colpensiones, y mantendr\u00eda un esquema de contribuci\u00f3n de reparto simple, mientras en el segundo ser\u00edan los rendimientos de los fondos administrados por la AFP lo que mantendr\u00eda la pensi\u00f3n.&nbsp; Sucesivas reformas hicieron obligatoria la afiliaci\u00f3n a cualquiera de los dos reg\u00edmenes, sea como empleado o trabajador aut\u00f3nomo.<\/p>\n\n\n\n<p>El problema es que los ingresos medios en Colombia hace que los rendimientos obtenidos por las AFP sean en realidad bajos, y el r\u00e9gimen de Colpensiones se mantenga, pero con una base cada vez m\u00e1s peque\u00f1a. Colombia es un pa\u00eds en transici\u00f3n demogr\u00e1fica, y la poblaci\u00f3n envejece lo que hace que menos j\u00f3venes aparezcan en la fuerza de trabajo \u201cformal\u201d. Por tanto, ambos modelos son insostenibles, el primero porque se acaban los contribuyentes, y en el segundo porque, como en Chile (y a\u00fan con una cl\u00e1usula legal de m\u00ednimos retornos), las pensiones de ingresos bajos y medios son paup\u00e9rrimas.<\/p>\n\n\n\n<h3 class=\"wp-block-heading\">El sistema de pilares: Una soluci\u00f3n a corto plazo<\/h3>\n\n\n\n<p>Dado esto, y siguiendo el modelo europeo (que tiene sus propias falencias) se ha discutido la idea de un sistema de pilares, en donde se categorizan a los contribuyentes, siendo cada categor\u00eda un pilar. Seg\u00fan esto, ciertos pilares ser\u00edan administrados obligatoriamente por Colpensiones, y el resto tendr\u00eda la opci\u00f3n del RAIS y las AFP. Es decir, una mezcla entre el sistema contributivo de seguro social con el de rentabilidades, en el que supuestamente se garantizar\u00eda una base fija para el seguro social p\u00fablico, y se deja a los privados competir con los que devengan sueldos m\u00e1s altos. A la vez, se incorporar\u00eda a poblaci\u00f3n que nunca contribuy\u00f3, con un monto fijo de COP 500,000, que estar\u00edan bajo la administraci\u00f3n de Colpensiones. Finalmente estar\u00eda tambi\u00e9n la discusi\u00f3n de aumentar la edad de pensi\u00f3n, que est\u00e1 en estudio por parte de todas las partes.<\/p>\n\n\n\n<p>Sin embargo, dado que en Colombia, el 80% de la poblaci\u00f3n recibe un salario m\u00ednimo y medio o menos, las AFP perder\u00edan una cantidad considerable de contribuyentes, potencialmente amenazando su estabilidad financiera, algo que tambi\u00e9n afectar\u00eda al mercado de capitales colombiano que tiene a las AFP como sus principales motores. Esto no es m\u00e1s que la muestra de la extrema desigualdad de ingresos, algo que el Gobierno con su pol\u00edtica reformista busca atacar.&nbsp;<\/p>\n\n\n\n<h3 class=\"wp-block-heading\">El futuro<\/h3>\n\n\n\n<p>Desde un punto de vista marxista, apoyamos cualquier intento de mejora de condiciones de la clase trabajadora. El sistema de pensiones colombiano es insostenible y la amenaza real de una poblaci\u00f3n envejecida sin ning\u00fan tipo de sustento se ve a diario con adultos mayores teniendo que trabajar como vendedores ambulantes para tener un m\u00ednimo vital. Las propuestas de un ingreso m\u00ednimo, junto con el de pilares pueden ayudar a una transici\u00f3n.<\/p>\n\n\n\n<p>Pero como lo demuestra la posici\u00f3n de Asofondos (el gremio de las AFP) muchas veces basada en posiciones dudosas, esta t\u00edmida reforma (pues no es un retorno a un modelo estatal de reparto simple) ser\u00e1 machacada y puesta en duda. Esto ya se vio cuando se dio el anuncio y se cre\u00f3 una matriz informativa que hablaba de que esto era una \u201cexpropiaci\u00f3n\u201d de los ahorros de los contribuyentes, y se ejemplificaba con el caso argentino en el per\u00edodo 2003-2015, donde se efectivamente se incorpor\u00f3&nbsp; al sistema pensional a personas que no hab\u00edan contribuido (el argumento de la desfinanciaci\u00f3n fue utilizado por el gobierno macrista para buscar un pr\u00e9stamo con el FMI).<\/p>\n\n\n\n<p>Lo que nos demuestra, es que aun con estas reformas, la insostenibilidad a largo plazo de estas es m\u00e1s un s\u00edntoma de la senilidad capitalista, que buscar\u00e1 maximizar sus ingresos como sea, siendo esto visto en el tema de subir o no la edad de jubilaci\u00f3n y pensi\u00f3n. A la vez que se alega que tenemos vidas m\u00e1s longevas, tambi\u00e9n tenemos vidas m\u00e1s perturbadas y enfermas, algo que tambi\u00e9n se nota en la decisi\u00f3n de muchos de no tener m\u00e1s hijos e hijas, en un ciclo vicioso que est\u00e1 perpetuando estas contradicciones.<\/p>\n\n\n\n<p>Un sistema socialista garantizar\u00e1&nbsp; las condiciones materiales para una vejez digna, y a la vez para que las nuevas generaciones se desarrollen. Hay suficiente riqueza en la sociedad colombiana para lograr financiar retiros dignos para las poblaciones de adultos mayores. Cuando se considera que <a href=\"https:\/\/www.statista.com\/statistics\/1075279\/colombia-income-inequality\/\">el 60% del PIB colombiano es acumulado por el 20% de la poblaci\u00f3n<\/a>, es f\u00e1cil entender c\u00f3mo se podr\u00eda financiar un programa finalizado de cuidado socializado que pueda proveer servicios b\u00e1sicos y cuidados a la poblaci\u00f3n m\u00e1s anciana en conjunto con la poblaci\u00f3n m\u00e1s j\u00f3ven.&nbsp;<\/p>\n\n\n\n<p>Sin embargo, no podemos controlar lo que no nos pertenece. En la medida en que la clase dominante se adue\u00f1e de la riqueza del pa\u00eds, no se podr\u00e1 usar para resolver las necesidades sociales. Solo ser\u00e1 con una lucha por la nacionalizaci\u00f3n de las altas esferas de la econom\u00eda bajo control obrero que se podr\u00e1 usar las grandes riquezas y la maquinaria que se usa para producirla en nombre de mejorar la calidad de la vida de la gran mayor\u00eda de la poblaci\u00f3n. Sobre esa base economica se podr\u00e1 erguir una infraestructura que le d\u00e9 m\u00e1s dignidad a la poblaci\u00f3n mayor que unos simples cheques mensuales.&nbsp;<\/p>\n\n\n\n<p><strong><em>Bibliograf\u00eda:&nbsp;<\/em><\/strong><\/p>\n\n\n\n<p><a href=\"https:\/\/www.bbc.com\/mundo\/noticias-america-latina-44048982\">https:\/\/www.bbc.com\/mundo\/noticias-america-latina-44048982<\/a><\/p>\n\n\n\n<p><a href=\"https:\/\/www.bbc.com\/mundo\/noticias-america-latina-42420568\">https:\/\/www.bbc.com\/mundo\/noticias-america-latina-42420568<\/a><\/p>\n\n\n\n<p><a href=\"https:\/\/www.semana.com\/economia\/macroeconomia\/articulo\/en-argentina-se-hizo-la-misma-reforma-pensional-que-propone-petro-como-le-ha-ido\/202205\/\">https:\/\/www.semana.com\/economia\/macroeconomia\/articulo\/en-argentina-se-hizo-la-misma-reforma-pensional-que-propone-petro-como-le-ha-ido\/202205\/<\/a><\/p>\n\n\n\n<p><a href=\"https:\/\/www.infobae.com\/america\/colombia\/2022\/12\/06\/el-431-de-los-trabajadores-recibe-menos-del-salario-minimo-en-colombia\/\">https:\/\/www.infobae.com\/america\/colombia\/2022\/12\/06\/el-431-de-los-trabajadores-recibe-menos-del-salario-minimo-en-colombia\/<\/a><\/p>\n\n\n\n<p><a href=\"https:\/\/archivos.juridicas.unam.mx\/www\/bjv\/libros\/7\/3120\/4.pdf\">https:\/\/archivos.juridicas.unam.mx\/www\/bjv\/libros\/7\/3120\/4.pdf<\/a><\/p>\n\n\n\n<p><a href=\"https:\/\/repositorio.cepal.org\/bitstream\/handle\/11362\/45780\/1\/S2000379_es.pdf\">https:\/\/repositorio.cepal.org\/bitstream\/handle\/11362\/45780\/1\/S2000379_es.pdf<\/a><\/p>\n\n\n\n<p><a href=\"https:\/\/www.portafolio.co\/economia\/gobierno\/reforma-pensional-gobierno-de-petro-presento-su-proyecto-574140\">https:\/\/www.portafolio.co\/economia\/gobierno\/reforma-pensional-gobierno-de-petro-presento-su-proyecto-574140<\/a><\/p>\n\n\n\n<p><a href=\"https:\/\/www.infobae.com\/america\/colombia\/2022\/11\/16\/asi-seria-la-propuesta-de-la-reforma-pensional-del-gobierno-de-gustavo-petro\/\">https:\/\/www.infobae.com\/america\/colombia\/2022\/11\/16\/asi-seria-la-propuesta-de-la-reforma-pensional-del-gobierno-de-gustavo-petro\/<\/a><\/p>\n\n\n\n<p><a href=\"https:\/\/www.bloomberglinea.com\/2022\/11\/23\/reforma-pensional-de-petro-que-riesgos-tiene-el-sistema-que-plantea\/\">https:\/\/www.bloomberglinea.com\/2022\/11\/23\/reforma-pensional-de-petro-que-riesgos-tiene-el-sistema-que-plantea\/<\/a><\/p>\n\n\n\n<p><a href=\"https:\/\/www.ambitojuridico.com\/noticias\/en-ejercicio\/el-sistema-de-seguridad-social-en-pensiones-tal-como-esta-disenado-es\">https:\/\/www.ambitojuridico.com\/noticias\/en-ejercicio\/el-sistema-de-seguridad-social-en-pensiones-tal-como-esta-disenado-es<\/a><\/p>\n\n\n\n<figure class=\"wp-block-embed is-type-rich is-provider-twitter wp-block-embed-twitter\"><div class=\"wp-block-embed__wrapper\">\n<blockquote class=\"twitter-tweet\" data-width=\"550\" data-dnt=\"true\"><p lang=\"es\" dir=\"ltr\">Ya me he referido a este punto en dos hilos anteriores: <a href=\"https:\/\/t.co\/QXlKCviJlM\">https:\/\/t.co\/QXlKCviJlM<\/a> y <a href=\"https:\/\/t.co\/2FAEf835ga\">https:\/\/t.co\/2FAEf835ga<\/a><\/p>&mdash; Kevin Hartmann (@KevinHartmannC) <a href=\"https:\/\/twitter.com\/KevinHartmannC\/status\/1504418998225670145?ref_src=twsrc%5Etfw\">March 17, 2022<\/a><\/blockquote><script async src=\"https:\/\/platform.twitter.com\/widgets.js\" charset=\"utf-8\"><\/script>\n<\/div><\/figure>\n","protected":false},"excerpt":{"rendered":"<p>2023 es el a\u00f1o crucial para las reformas de largo plazo impulsadas por el gobierno del Pacto Hist\u00f3rico. Inscritas dentro de la visi\u00f3n \u201csocialdem\u00f3crata\u201d y \u201cdesarrollista\u201d, es decir de reforma al capitalismo, se plantean reformas de largo alcance a los sistemas de salud, regulaci\u00f3n laboral y la reforma pensional. En un pa\u00eds en el cual [&hellip;]<\/p>\n","protected":false},"author":6,"featured_media":3174,"comment_status":"open","ping_status":"open","sticky":false,"template":"","format":"standard","meta":{"footnotes":""},"categories":[198],"tags":[],"class_list":["post-3173","post","type-post","status-publish","format-standard","has-post-thumbnail","hentry","category-economia"],"yoast_head":"<!-- This site is optimized with the Yoast SEO plugin v27.5 - https:\/\/yoast.com\/product\/yoast-seo-wordpress\/ -->\n<title>\u00bfCual es la soluci\u00f3n al problema de las pensiones? - Comunistas Revolucionarios de Colombia<\/title>\n<meta name=\"robots\" content=\"index, follow, max-snippet:-1, max-image-preview:large, max-video-preview:-1\" \/>\n<link rel=\"canonical\" href=\"https:\/\/colombiamarxista.com\/?p=3173\" \/>\n<meta property=\"og:locale\" content=\"es_ES\" \/>\n<meta property=\"og:type\" content=\"article\" \/>\n<meta property=\"og:title\" content=\"\u00bfCual es la soluci\u00f3n al problema de las pensiones? - Comunistas Revolucionarios de Colombia\" \/>\n<meta property=\"og:description\" content=\"2023 es el a\u00f1o crucial para las reformas de largo plazo impulsadas por el gobierno del Pacto Hist\u00f3rico. Inscritas dentro de la visi\u00f3n \u201csocialdem\u00f3crata\u201d y \u201cdesarrollista\u201d, es decir de reforma al capitalismo, se plantean reformas de largo alcance a los sistemas de salud, regulaci\u00f3n laboral y la reforma pensional. En un pa\u00eds en el cual [&hellip;]\" \/>\n<meta property=\"og:url\" content=\"https:\/\/colombiamarxista.com\/?p=3173\" \/>\n<meta property=\"og:site_name\" content=\"Comunistas Revolucionarios de Colombia\" \/>\n<meta property=\"article:published_time\" content=\"2023-02-01T21:02:12+00:00\" \/>\n<meta property=\"article:modified_time\" content=\"2023-02-01T21:02:13+00:00\" \/>\n<meta property=\"og:image\" content=\"https:\/\/colombiamarxista.com\/wp-content\/uploads\/2023\/02\/pensiones.jpg\" \/>\n\t<meta property=\"og:image:width\" content=\"1000\" \/>\n\t<meta property=\"og:image:height\" content=\"667\" \/>\n\t<meta property=\"og:image:type\" content=\"image\/jpeg\" \/>\n<meta name=\"author\" content=\"Luis Aristizabal\" \/>\n<meta name=\"twitter:card\" content=\"summary_large_image\" \/>\n<meta name=\"twitter:label1\" content=\"Escrito por\" \/>\n\t<meta name=\"twitter:data1\" content=\"Luis Aristizabal\" \/>\n\t<meta name=\"twitter:label2\" content=\"Tiempo de lectura\" \/>\n\t<meta name=\"twitter:data2\" content=\"8 minutos\" \/>\n<script type=\"application\/ld+json\" class=\"yoast-schema-graph\">{\"@context\":\"https:\\\/\\\/schema.org\",\"@graph\":[{\"@type\":\"Article\",\"@id\":\"https:\\\/\\\/colombiamarxista.com\\\/?p=3173#article\",\"isPartOf\":{\"@id\":\"https:\\\/\\\/colombiamarxista.com\\\/?p=3173\"},\"author\":{\"name\":\"Luis Aristizabal\",\"@id\":\"https:\\\/\\\/colombiamarxista.com\\\/#\\\/schema\\\/person\\\/5f4ac2c654f67aee109a8edfe94eedf8\"},\"headline\":\"\u00bfCual es la soluci\u00f3n al problema de las pensiones?\",\"datePublished\":\"2023-02-01T21:02:12+00:00\",\"dateModified\":\"2023-02-01T21:02:13+00:00\",\"mainEntityOfPage\":{\"@id\":\"https:\\\/\\\/colombiamarxista.com\\\/?p=3173\"},\"wordCount\":1772,\"commentCount\":0,\"publisher\":{\"@id\":\"https:\\\/\\\/colombiamarxista.com\\\/#organization\"},\"image\":{\"@id\":\"https:\\\/\\\/colombiamarxista.com\\\/?p=3173#primaryimage\"},\"thumbnailUrl\":\"https:\\\/\\\/colombiamarxista.com\\\/wp-content\\\/uploads\\\/2023\\\/02\\\/pensiones.jpg\",\"articleSection\":[\"Econom\u00eda\"],\"inLanguage\":\"es-CO\",\"potentialAction\":[{\"@type\":\"CommentAction\",\"name\":\"Comment\",\"target\":[\"https:\\\/\\\/colombiamarxista.com\\\/?p=3173#respond\"]}]},{\"@type\":\"WebPage\",\"@id\":\"https:\\\/\\\/colombiamarxista.com\\\/?p=3173\",\"url\":\"https:\\\/\\\/colombiamarxista.com\\\/?p=3173\",\"name\":\"\u00bfCual es la soluci\u00f3n al problema de las pensiones? - Comunistas Revolucionarios de Colombia\",\"isPartOf\":{\"@id\":\"https:\\\/\\\/colombiamarxista.com\\\/#website\"},\"primaryImageOfPage\":{\"@id\":\"https:\\\/\\\/colombiamarxista.com\\\/?p=3173#primaryimage\"},\"image\":{\"@id\":\"https:\\\/\\\/colombiamarxista.com\\\/?p=3173#primaryimage\"},\"thumbnailUrl\":\"https:\\\/\\\/colombiamarxista.com\\\/wp-content\\\/uploads\\\/2023\\\/02\\\/pensiones.jpg\",\"datePublished\":\"2023-02-01T21:02:12+00:00\",\"dateModified\":\"2023-02-01T21:02:13+00:00\",\"breadcrumb\":{\"@id\":\"https:\\\/\\\/colombiamarxista.com\\\/?p=3173#breadcrumb\"},\"inLanguage\":\"es-CO\",\"potentialAction\":[{\"@type\":\"ReadAction\",\"target\":[\"https:\\\/\\\/colombiamarxista.com\\\/?p=3173\"]}]},{\"@type\":\"ImageObject\",\"inLanguage\":\"es-CO\",\"@id\":\"https:\\\/\\\/colombiamarxista.com\\\/?p=3173#primaryimage\",\"url\":\"https:\\\/\\\/colombiamarxista.com\\\/wp-content\\\/uploads\\\/2023\\\/02\\\/pensiones.jpg\",\"contentUrl\":\"https:\\\/\\\/colombiamarxista.com\\\/wp-content\\\/uploads\\\/2023\\\/02\\\/pensiones.jpg\",\"width\":1000,\"height\":667},{\"@type\":\"BreadcrumbList\",\"@id\":\"https:\\\/\\\/colombiamarxista.com\\\/?p=3173#breadcrumb\",\"itemListElement\":[{\"@type\":\"ListItem\",\"position\":1,\"name\":\"Home\",\"item\":\"https:\\\/\\\/colombiamarxista.com\\\/\"},{\"@type\":\"ListItem\",\"position\":2,\"name\":\"\u00bfCual es la soluci\u00f3n al problema de las pensiones?\"}]},{\"@type\":\"WebSite\",\"@id\":\"https:\\\/\\\/colombiamarxista.com\\\/#website\",\"url\":\"https:\\\/\\\/colombiamarxista.com\\\/\",\"name\":\"Comunistas Revolucionarios de Colombia\",\"description\":\"\",\"publisher\":{\"@id\":\"https:\\\/\\\/colombiamarxista.com\\\/#organization\"},\"potentialAction\":[{\"@type\":\"SearchAction\",\"target\":{\"@type\":\"EntryPoint\",\"urlTemplate\":\"https:\\\/\\\/colombiamarxista.com\\\/?s={search_term_string}\"},\"query-input\":{\"@type\":\"PropertyValueSpecification\",\"valueRequired\":true,\"valueName\":\"search_term_string\"}}],\"inLanguage\":\"es-CO\"},{\"@type\":\"Organization\",\"@id\":\"https:\\\/\\\/colombiamarxista.com\\\/#organization\",\"name\":\"Comunistas Revolucionarios de Colombia\",\"url\":\"https:\\\/\\\/colombiamarxista.com\\\/\",\"logo\":{\"@type\":\"ImageObject\",\"inLanguage\":\"es-CO\",\"@id\":\"https:\\\/\\\/colombiamarxista.com\\\/#\\\/schema\\\/logo\\\/image\\\/\",\"url\":\"https:\\\/\\\/colombiamarxista.com\\\/wp-content\\\/uploads\\\/2026\\\/04\\\/logo-crc_Mesa-de-trabajo-1-scaled.png\",\"contentUrl\":\"https:\\\/\\\/colombiamarxista.com\\\/wp-content\\\/uploads\\\/2026\\\/04\\\/logo-crc_Mesa-de-trabajo-1-scaled.png\",\"width\":2560,\"height\":1920,\"caption\":\"Comunistas Revolucionarios de Colombia\"},\"image\":{\"@id\":\"https:\\\/\\\/colombiamarxista.com\\\/#\\\/schema\\\/logo\\\/image\\\/\"}},{\"@type\":\"Person\",\"@id\":\"https:\\\/\\\/colombiamarxista.com\\\/#\\\/schema\\\/person\\\/5f4ac2c654f67aee109a8edfe94eedf8\",\"name\":\"Luis Aristizabal\",\"image\":{\"@type\":\"ImageObject\",\"inLanguage\":\"es-CO\",\"@id\":\"https:\\\/\\\/secure.gravatar.com\\\/avatar\\\/8265dbda4ab34169a41f123b61623e38c5e9195bad649222ab6b24db27618a22?s=96&d=mm&r=g\",\"url\":\"https:\\\/\\\/secure.gravatar.com\\\/avatar\\\/8265dbda4ab34169a41f123b61623e38c5e9195bad649222ab6b24db27618a22?s=96&d=mm&r=g\",\"contentUrl\":\"https:\\\/\\\/secure.gravatar.com\\\/avatar\\\/8265dbda4ab34169a41f123b61623e38c5e9195bad649222ab6b24db27618a22?s=96&d=mm&r=g\",\"caption\":\"Luis Aristizabal\"},\"url\":\"https:\\\/\\\/colombiamarxista.com\\\/?author=6\"}]}<\/script>\n<!-- \/ Yoast SEO plugin. -->","yoast_head_json":{"title":"\u00bfCual es la soluci\u00f3n al problema de las pensiones? - Comunistas Revolucionarios de Colombia","robots":{"index":"index","follow":"follow","max-snippet":"max-snippet:-1","max-image-preview":"max-image-preview:large","max-video-preview":"max-video-preview:-1"},"canonical":"https:\/\/colombiamarxista.com\/?p=3173","og_locale":"es_ES","og_type":"article","og_title":"\u00bfCual es la soluci\u00f3n al problema de las pensiones? - Comunistas Revolucionarios de Colombia","og_description":"2023 es el a\u00f1o crucial para las reformas de largo plazo impulsadas por el gobierno del Pacto Hist\u00f3rico. Inscritas dentro de la visi\u00f3n \u201csocialdem\u00f3crata\u201d y \u201cdesarrollista\u201d, es decir de reforma al capitalismo, se plantean reformas de largo alcance a los sistemas de salud, regulaci\u00f3n laboral y la reforma pensional. En un pa\u00eds en el cual [&hellip;]","og_url":"https:\/\/colombiamarxista.com\/?p=3173","og_site_name":"Comunistas Revolucionarios de Colombia","article_published_time":"2023-02-01T21:02:12+00:00","article_modified_time":"2023-02-01T21:02:13+00:00","og_image":[{"width":1000,"height":667,"url":"https:\/\/colombiamarxista.com\/wp-content\/uploads\/2023\/02\/pensiones.jpg","type":"image\/jpeg"}],"author":"Luis Aristizabal","twitter_card":"summary_large_image","twitter_misc":{"Escrito por":"Luis Aristizabal","Tiempo de lectura":"8 minutos"},"schema":{"@context":"https:\/\/schema.org","@graph":[{"@type":"Article","@id":"https:\/\/colombiamarxista.com\/?p=3173#article","isPartOf":{"@id":"https:\/\/colombiamarxista.com\/?p=3173"},"author":{"name":"Luis Aristizabal","@id":"https:\/\/colombiamarxista.com\/#\/schema\/person\/5f4ac2c654f67aee109a8edfe94eedf8"},"headline":"\u00bfCual es la soluci\u00f3n al problema de las pensiones?","datePublished":"2023-02-01T21:02:12+00:00","dateModified":"2023-02-01T21:02:13+00:00","mainEntityOfPage":{"@id":"https:\/\/colombiamarxista.com\/?p=3173"},"wordCount":1772,"commentCount":0,"publisher":{"@id":"https:\/\/colombiamarxista.com\/#organization"},"image":{"@id":"https:\/\/colombiamarxista.com\/?p=3173#primaryimage"},"thumbnailUrl":"https:\/\/colombiamarxista.com\/wp-content\/uploads\/2023\/02\/pensiones.jpg","articleSection":["Econom\u00eda"],"inLanguage":"es-CO","potentialAction":[{"@type":"CommentAction","name":"Comment","target":["https:\/\/colombiamarxista.com\/?p=3173#respond"]}]},{"@type":"WebPage","@id":"https:\/\/colombiamarxista.com\/?p=3173","url":"https:\/\/colombiamarxista.com\/?p=3173","name":"\u00bfCual es la soluci\u00f3n al problema de las pensiones? - Comunistas Revolucionarios de Colombia","isPartOf":{"@id":"https:\/\/colombiamarxista.com\/#website"},"primaryImageOfPage":{"@id":"https:\/\/colombiamarxista.com\/?p=3173#primaryimage"},"image":{"@id":"https:\/\/colombiamarxista.com\/?p=3173#primaryimage"},"thumbnailUrl":"https:\/\/colombiamarxista.com\/wp-content\/uploads\/2023\/02\/pensiones.jpg","datePublished":"2023-02-01T21:02:12+00:00","dateModified":"2023-02-01T21:02:13+00:00","breadcrumb":{"@id":"https:\/\/colombiamarxista.com\/?p=3173#breadcrumb"},"inLanguage":"es-CO","potentialAction":[{"@type":"ReadAction","target":["https:\/\/colombiamarxista.com\/?p=3173"]}]},{"@type":"ImageObject","inLanguage":"es-CO","@id":"https:\/\/colombiamarxista.com\/?p=3173#primaryimage","url":"https:\/\/colombiamarxista.com\/wp-content\/uploads\/2023\/02\/pensiones.jpg","contentUrl":"https:\/\/colombiamarxista.com\/wp-content\/uploads\/2023\/02\/pensiones.jpg","width":1000,"height":667},{"@type":"BreadcrumbList","@id":"https:\/\/colombiamarxista.com\/?p=3173#breadcrumb","itemListElement":[{"@type":"ListItem","position":1,"name":"Home","item":"https:\/\/colombiamarxista.com\/"},{"@type":"ListItem","position":2,"name":"\u00bfCual es la soluci\u00f3n al problema de las pensiones?"}]},{"@type":"WebSite","@id":"https:\/\/colombiamarxista.com\/#website","url":"https:\/\/colombiamarxista.com\/","name":"Comunistas Revolucionarios de Colombia","description":"","publisher":{"@id":"https:\/\/colombiamarxista.com\/#organization"},"potentialAction":[{"@type":"SearchAction","target":{"@type":"EntryPoint","urlTemplate":"https:\/\/colombiamarxista.com\/?s={search_term_string}"},"query-input":{"@type":"PropertyValueSpecification","valueRequired":true,"valueName":"search_term_string"}}],"inLanguage":"es-CO"},{"@type":"Organization","@id":"https:\/\/colombiamarxista.com\/#organization","name":"Comunistas Revolucionarios de Colombia","url":"https:\/\/colombiamarxista.com\/","logo":{"@type":"ImageObject","inLanguage":"es-CO","@id":"https:\/\/colombiamarxista.com\/#\/schema\/logo\/image\/","url":"https:\/\/colombiamarxista.com\/wp-content\/uploads\/2026\/04\/logo-crc_Mesa-de-trabajo-1-scaled.png","contentUrl":"https:\/\/colombiamarxista.com\/wp-content\/uploads\/2026\/04\/logo-crc_Mesa-de-trabajo-1-scaled.png","width":2560,"height":1920,"caption":"Comunistas Revolucionarios de Colombia"},"image":{"@id":"https:\/\/colombiamarxista.com\/#\/schema\/logo\/image\/"}},{"@type":"Person","@id":"https:\/\/colombiamarxista.com\/#\/schema\/person\/5f4ac2c654f67aee109a8edfe94eedf8","name":"Luis Aristizabal","image":{"@type":"ImageObject","inLanguage":"es-CO","@id":"https:\/\/secure.gravatar.com\/avatar\/8265dbda4ab34169a41f123b61623e38c5e9195bad649222ab6b24db27618a22?s=96&d=mm&r=g","url":"https:\/\/secure.gravatar.com\/avatar\/8265dbda4ab34169a41f123b61623e38c5e9195bad649222ab6b24db27618a22?s=96&d=mm&r=g","contentUrl":"https:\/\/secure.gravatar.com\/avatar\/8265dbda4ab34169a41f123b61623e38c5e9195bad649222ab6b24db27618a22?s=96&d=mm&r=g","caption":"Luis Aristizabal"},"url":"https:\/\/colombiamarxista.com\/?author=6"}]}},"_links":{"self":[{"href":"https:\/\/colombiamarxista.com\/index.php?rest_route=\/wp\/v2\/posts\/3173","targetHints":{"allow":["GET"]}}],"collection":[{"href":"https:\/\/colombiamarxista.com\/index.php?rest_route=\/wp\/v2\/posts"}],"about":[{"href":"https:\/\/colombiamarxista.com\/index.php?rest_route=\/wp\/v2\/types\/post"}],"author":[{"embeddable":true,"href":"https:\/\/colombiamarxista.com\/index.php?rest_route=\/wp\/v2\/users\/6"}],"replies":[{"embeddable":true,"href":"https:\/\/colombiamarxista.com\/index.php?rest_route=%2Fwp%2Fv2%2Fcomments&post=3173"}],"version-history":[{"count":0,"href":"https:\/\/colombiamarxista.com\/index.php?rest_route=\/wp\/v2\/posts\/3173\/revisions"}],"wp:featuredmedia":[{"embeddable":true,"href":"https:\/\/colombiamarxista.com\/index.php?rest_route=\/wp\/v2\/media\/3174"}],"wp:attachment":[{"href":"https:\/\/colombiamarxista.com\/index.php?rest_route=%2Fwp%2Fv2%2Fmedia&parent=3173"}],"wp:term":[{"taxonomy":"category","embeddable":true,"href":"https:\/\/colombiamarxista.com\/index.php?rest_route=%2Fwp%2Fv2%2Fcategories&post=3173"},{"taxonomy":"post_tag","embeddable":true,"href":"https:\/\/colombiamarxista.com\/index.php?rest_route=%2Fwp%2Fv2%2Ftags&post=3173"}],"curies":[{"name":"wp","href":"https:\/\/api.w.org\/{rel}","templated":true}]}}