{"id":3138,"date":"2022-12-08T14:43:53","date_gmt":"2022-12-08T19:43:53","guid":{"rendered":"https:\/\/colombiamarxista.com\/?p=3138"},"modified":"2022-12-08T14:43:54","modified_gmt":"2022-12-08T19:43:54","slug":"un-llamado-urgente-a-la-movilizacion-en-las-calles-para-frenar-a-la-derecha-del-peru","status":"publish","type":"post","link":"https:\/\/colombiamarxista.com\/?p=3138","title":{"rendered":"Un llamado urgente a la movilizaci\u00f3n en las calles para frenar a la derecha del Per\u00fa"},"content":{"rendered":"\n<p>Una tercera moci\u00f3n de vacancia se hab\u00eda presentado contra Pedro Castillo y se discutir\u00eda el d\u00eda de hoy 7 de diciembre, ante el Congreso. Sin embargo, hoy a las 11:45 am Castillo dio un mensaje a la naci\u00f3n anunciando la disoluci\u00f3n del parlamento, como respuesta ante los m\u00faltiples ataques y trabas que han puesto a su mandato desde el inicio.<\/p>\n\n\n\n<p>Como hab\u00edamos advertido en art\u00edculos anteriores, la derecha reaccionaria y la oligarqu\u00eda peruana har\u00edan todo lo posible por deshacerse de este ente extra\u00f1o que se atrevi\u00f3 a ocupar un lugar en su aparato estatal. A pesar de que Castillo en todo momento se comprometi\u00f3 a mantener el r\u00e9gimen constitucional burgu\u00e9s, la burgues\u00eda simplemente no soporta a alguien que no pertenece a su clase, a alguien que viene del pueblo plebeyo.<\/p>\n\n\n\n<p>Ante esta situaci\u00f3n de confrontaci\u00f3n y de par\u00e1lisis pol\u00edtica, Pedro Castillo hizo un llamado a la OEA hace unas semanas para que interviniera. Desde la CMI Per\u00fa expusimos que no estamos de acuerdo en la participaci\u00f3n de la OEA dado que es un organismo del imperialismo americano para intervenir en todos los pa\u00edses de Am\u00e9rica Latina para hacer valer sus intereses contra cualquier intento del pueblo por su emancipaci\u00f3n, incluyendo a los reformistas t\u00edmidos que no plantean una lucha seria contra el capital, el d\u00eda de hoy, los acontecimientos nos han dado la raz\u00f3n, pues ante la convulsi\u00f3n pol\u00edtica que ha causado el anuncio de Castillo, la OEA ha declarado que hubo un agravio a la constitucionalidad del Per\u00fa por parte del presidente, ha reconocido su vacancia y la presidencia de Dina Boluarte.<\/p>\n\n\n\n<p>Despu\u00e9s del anuncio del presidente la situaci\u00f3n pol\u00edtica se ha vuelto ca\u00f3tica, la burgues\u00eda empez\u00f3 a movilizar a su Estado, a los medios de comunicaci\u00f3n, las redes sociales y a las fuerzas armadas del Per\u00fa, anunciando un supuesto \u201cGolpe de Estado\u201d, un atentado al orden constitucional y a la democracia, enarbolando la necesidad de defender la institucionalidad del acto \u201cdictatorial\u201d de Castillo. Han reunido al congreso, han votado su vacancia y han nombrado a Dina Boluarte nueva presidenta. En esta situaci\u00f3n no podemos dejar de mencionar que tanto la bancada magisterial como la de Per\u00fa Libre han votado, en su mayor\u00eda, por la vacancia de Castillo, lo cual nos parece un acto bajo y cobarde, pues como representantes de la \u201cizquierda\u201d peruana, saben muy bien que la ingobernabilidad y las purgas en los ministerios proven\u00edan del congreso mayoritariamente de derecha. Son inadmisibles las declaraciones de gente que se hace llamar \u201cmarxista, leninista mariateguista\u201d justificando su voto o abstenci\u00f3n por la vacancia ante la necesidad \u201cde defender la democracia, la constituci\u00f3n\u201d. Un verdadero marxista nunca caer\u00eda en la trampa de la defensa abstracta de la \u201cdemocracia\u201d ni la \u201cconstitucionalidad\u201d burguesa. Hay que ver m\u00e1s all\u00e1 de las formas y esclarecer el aut\u00e9ntico car\u00e1cter de clase de los procesos. Hoy hemos asistido a un golpe de la CONFIEP, el aparato del estado burgu\u00e9s, el fujimorismo, las multinacionales mineras y la embajada de EE. UU. contra un presidente al que nunca aceptaron.<\/p>\n\n\n\n<p>Lo acontecido el d\u00eda de hoy da nuevamente un ejemplo al reformismo latinoamericano, se puede estar en el gobierno pero eso no significa tener el poder. Mientras la burgues\u00eda ha actuado al un\u00edsono movilizando sus fuerzas para lograr su objetivo, Pedro Castillo simplemente desapareci\u00f3, pues hizo su anuncio sin un llamado a las masas a defender su decreto, decreto que adem\u00e1s era muy popular entre los sectores en lucha, no ha habido una marcha en el \u00faltimo periodo en el Per\u00fa que no haga el llamado al cierre del congreso. A pesar de las medidas tibias y las negociaciones del presidente con la derecha, las masas han mostrado siempre su apoyo incondicional al gobierno que asumen como suyo, pero el error m\u00e1s grande de Castillo ha sido buscar alianzas y apoyo en las instituciones burguesas y no en las masas obreras y campesinas del Per\u00fa que lo pusieron en la presidencia.<\/p>\n\n\n\n<p>En este momento hay mucho en juego para la clase oprimida del Per\u00fa, ya no se trata de si Castillo s\u00ed o no, se trata de impedir que la derecha ascienda en un proceso de contrarrevoluci\u00f3n, la cual es la base fundamental sobre la cual le gusta dominar a la derecha ya que puede aplicar todo su programa con el ej\u00e9rcito y la polic\u00eda en las calles.<\/p>\n\n\n\n<p>Nuestra lucha en estos momentos es contra el golpe burgu\u00e9s-olig\u00e1rquico, para llevar adelante una lucha revolucionaria para expropiar a la burgues\u00eda, terminar con el odiado ej\u00e9rcito y la odiada constituci\u00f3n fujimorista. Es necesario levantar y fortalecer una organizaci\u00f3n popular desde las bases que pueda ofrecer una alternativa socialista a esta crisis pol\u00edtica que se ha abierto en el r\u00e9gimen burgu\u00e9s peruano. Esta situaci\u00f3n no es algo secundario, se trata de una cuesti\u00f3n urgente, puesto que la vida y el futuro de nuestra clase est\u00e1 en riesgo. Es preciso que las masas obreras y campesinas del Per\u00fa salgamos a las calles no solo a defender al presidente, sino a plantear la cuesti\u00f3n de qui\u00e9n manda, si la CONFIEP o las masas obreras y campesinas.<\/p>\n\n\n\n<p>Tenemos que hacer llamados a elegir representantes de las organizaciones sindicales, estudiantiles, organizaciones de mujeres y de campesinos, y estas tienen que llamar a una unidad de la lucha para enfrentar al enemigo que se centra en estos momentos en el Congreso, hacer un llamado serio a luchar contra la oligarqu\u00eda y contra los altos mandos del ej\u00e9rcito burgu\u00e9s.<\/p>\n\n\n\n<p>En las calles suena la consigna: \u00a1Que se vayan todos, nuevas elecciones! que expresa la oposici\u00f3n a los congresistas que desde un principio sabotearon al presidente Castillo, y adem\u00e1s la exigencia de que un nuevo presidente sea electo por el pueblo, no por esa cueva de bandidos. Es una aspiraci\u00f3n democr\u00e1tica justa. Sin embargo, debemos sacar todas las conclusiones necesarias de la experiencia de la presidencia de Castillo. Obreros y campesinos pueden elegir a un presidente, pero los que mandan de verdad son los que tienen el poder econ\u00f3mico, controlan los medios y el aparato del estado. No basta con cambiar de gobierno, hay que cambiar de sistema. Pero para llegar a eso necesitamos la organizaci\u00f3n y movilizaci\u00f3n de las masas oprimidas y una direcci\u00f3n revolucionaria que tenemos que construir.<\/p>\n\n\n\n<p>Insistimos, estas movilizaciones no ser\u00e1n para defender a Castillo, porque \u00e9l ha demostrado que no ha estado a la altura de los acontecimientos, todo lo que ha sucedido ha sido consecuencia de su actitud t\u00edmida y servil, el hecho de que la burgues\u00eda ahora este envalentonada y que est\u00e9 intentando dar este golpe es resultado de su pol\u00edtica de conciliaci\u00f3n de clases. Estas movilizaciones y esta lucha que tenemos que dar es fundamentalmente por nosotros, por la clase obrera y por los pobres de este pa\u00eds, que a final de cuentas seremos los que pagaremos caro el hecho de que la burgues\u00eda vuelva tomar pleno control de su Estado, donde no habr\u00e1 nadie que les impida aplicar sus anhelados planes de ataques a los intereses de la clase obrera derivados de la crisis del sistema capitalista.<\/p>\n\n\n\n<p>En estos momentos, Pedro Castillo y su ex premier An\u00edbal Torres han sido apresados, y Dina Boluarte ha juramentado en la presidencia, con un discurso llamando a la tregua, a formar un gobierno de unidad nacional con todas las fuerzas pol\u00edticas del Per\u00fa, solicitando un plazo para rescatar al pa\u00eds de la corrupci\u00f3n y el desgobierno. Pero nada cambiar\u00e1, el Estado burgu\u00e9s es la herramienta de la burgues\u00eda para salvaguardar sus intereses. Con la derecha no se negocia, a la derecha se le combate, con organizaci\u00f3n y en las calles.<\/p>\n\n\n\n<p>La situaci\u00f3n pol\u00edtica del Per\u00fa es muy cr\u00edtica y desde la CMI-Per\u00fa hacemos un llamado a todas las organizaciones en lucha a salir juntos a las calles, a demostrar que el verdadero poder viene del pu\u00f1o de la clase obrera y los campesinos pobres organizados y revolucionarios.<\/p>\n","protected":false},"excerpt":{"rendered":"<p>Una tercera moci\u00f3n de vacancia se hab\u00eda presentado contra Pedro Castillo y se discutir\u00eda el d\u00eda de hoy 7 de diciembre, ante el Congreso. Sin embargo, hoy a las 11:45 am Castillo dio un mensaje a la naci\u00f3n anunciando la disoluci\u00f3n del parlamento, como respuesta ante los m\u00faltiples ataques y trabas que han puesto a [&hellip;]<\/p>\n","protected":false},"author":1,"featured_media":3139,"comment_status":"open","ping_status":"open","sticky":false,"template":"","format":"standard","meta":{"footnotes":""},"categories":[288],"tags":[235,265,318],"class_list":["post-3138","post","type-post","status-publish","format-standard","has-post-thumbnail","hentry","category-analisis-internacional","tag-pedro-castillo","tag-reformismo","tag-peru-2"],"yoast_head":"<!-- This site is optimized with the Yoast SEO plugin v27.5 - https:\/\/yoast.com\/product\/yoast-seo-wordpress\/ -->\n<title>Un llamado urgente a la movilizaci\u00f3n en las calles para frenar a la derecha del Per\u00fa - Comunistas Revolucionarios de Colombia<\/title>\n<meta name=\"robots\" content=\"index, follow, max-snippet:-1, max-image-preview:large, max-video-preview:-1\" \/>\n<link rel=\"canonical\" href=\"https:\/\/colombiamarxista.com\/?p=3138\" \/>\n<meta property=\"og:locale\" content=\"es_ES\" \/>\n<meta property=\"og:type\" content=\"article\" \/>\n<meta property=\"og:title\" content=\"Un llamado urgente a la movilizaci\u00f3n en las calles para frenar a la derecha del Per\u00fa - Comunistas Revolucionarios de Colombia\" \/>\n<meta property=\"og:description\" content=\"Una tercera moci\u00f3n de vacancia se hab\u00eda presentado contra Pedro Castillo y se discutir\u00eda el d\u00eda de hoy 7 de diciembre, ante el Congreso. Sin embargo, hoy a las 11:45 am Castillo dio un mensaje a la naci\u00f3n anunciando la disoluci\u00f3n del parlamento, como respuesta ante los m\u00faltiples ataques y trabas que han puesto a [&hellip;]\" \/>\n<meta property=\"og:url\" content=\"https:\/\/colombiamarxista.com\/?p=3138\" \/>\n<meta property=\"og:site_name\" content=\"Comunistas Revolucionarios de Colombia\" \/>\n<meta property=\"article:published_time\" content=\"2022-12-08T19:43:53+00:00\" \/>\n<meta property=\"article:modified_time\" content=\"2022-12-08T19:43:54+00:00\" \/>\n<meta property=\"og:image\" content=\"https:\/\/colombiamarxista.com\/wp-content\/uploads\/2022\/12\/Caida-de-Castillo.jpeg\" \/>\n\t<meta property=\"og:image:width\" content=\"608\" \/>\n\t<meta property=\"og:image:height\" content=\"342\" \/>\n\t<meta property=\"og:image:type\" content=\"image\/jpeg\" \/>\n<meta name=\"author\" content=\"Consejo Editorial De Colombia Marxista\" \/>\n<meta name=\"twitter:card\" content=\"summary_large_image\" \/>\n<meta name=\"twitter:label1\" content=\"Escrito por\" \/>\n\t<meta name=\"twitter:data1\" content=\"Consejo Editorial De Colombia Marxista\" \/>\n\t<meta name=\"twitter:label2\" content=\"Tiempo de lectura\" \/>\n\t<meta name=\"twitter:data2\" content=\"6 minutos\" \/>\n<script type=\"application\/ld+json\" class=\"yoast-schema-graph\">{\"@context\":\"https:\\\/\\\/schema.org\",\"@graph\":[{\"@type\":\"Article\",\"@id\":\"https:\\\/\\\/colombiamarxista.com\\\/?p=3138#article\",\"isPartOf\":{\"@id\":\"https:\\\/\\\/colombiamarxista.com\\\/?p=3138\"},\"author\":{\"name\":\"Consejo Editorial De Colombia Marxista\",\"@id\":\"https:\\\/\\\/colombiamarxista.com\\\/#\\\/schema\\\/person\\\/e37d02f1454a536d01306cf74ee02c39\"},\"headline\":\"Un llamado urgente a la movilizaci\u00f3n en las calles para frenar a la derecha del Per\u00fa\",\"datePublished\":\"2022-12-08T19:43:53+00:00\",\"dateModified\":\"2022-12-08T19:43:54+00:00\",\"mainEntityOfPage\":{\"@id\":\"https:\\\/\\\/colombiamarxista.com\\\/?p=3138\"},\"wordCount\":1414,\"commentCount\":0,\"publisher\":{\"@id\":\"https:\\\/\\\/colombiamarxista.com\\\/#organization\"},\"image\":{\"@id\":\"https:\\\/\\\/colombiamarxista.com\\\/?p=3138#primaryimage\"},\"thumbnailUrl\":\"https:\\\/\\\/colombiamarxista.com\\\/wp-content\\\/uploads\\\/2022\\\/12\\\/Caida-de-Castillo.jpeg\",\"keywords\":[\"pedro castillo\",\"reformismo\",\"Per\u00fa\"],\"articleSection\":[\"Analisis Internacional\"],\"inLanguage\":\"es-CO\",\"potentialAction\":[{\"@type\":\"CommentAction\",\"name\":\"Comment\",\"target\":[\"https:\\\/\\\/colombiamarxista.com\\\/?p=3138#respond\"]}]},{\"@type\":\"WebPage\",\"@id\":\"https:\\\/\\\/colombiamarxista.com\\\/?p=3138\",\"url\":\"https:\\\/\\\/colombiamarxista.com\\\/?p=3138\",\"name\":\"Un llamado urgente a la movilizaci\u00f3n en las calles para frenar a la derecha del Per\u00fa - Comunistas Revolucionarios de Colombia\",\"isPartOf\":{\"@id\":\"https:\\\/\\\/colombiamarxista.com\\\/#website\"},\"primaryImageOfPage\":{\"@id\":\"https:\\\/\\\/colombiamarxista.com\\\/?p=3138#primaryimage\"},\"image\":{\"@id\":\"https:\\\/\\\/colombiamarxista.com\\\/?p=3138#primaryimage\"},\"thumbnailUrl\":\"https:\\\/\\\/colombiamarxista.com\\\/wp-content\\\/uploads\\\/2022\\\/12\\\/Caida-de-Castillo.jpeg\",\"datePublished\":\"2022-12-08T19:43:53+00:00\",\"dateModified\":\"2022-12-08T19:43:54+00:00\",\"breadcrumb\":{\"@id\":\"https:\\\/\\\/colombiamarxista.com\\\/?p=3138#breadcrumb\"},\"inLanguage\":\"es-CO\",\"potentialAction\":[{\"@type\":\"ReadAction\",\"target\":[\"https:\\\/\\\/colombiamarxista.com\\\/?p=3138\"]}]},{\"@type\":\"ImageObject\",\"inLanguage\":\"es-CO\",\"@id\":\"https:\\\/\\\/colombiamarxista.com\\\/?p=3138#primaryimage\",\"url\":\"https:\\\/\\\/colombiamarxista.com\\\/wp-content\\\/uploads\\\/2022\\\/12\\\/Caida-de-Castillo.jpeg\",\"contentUrl\":\"https:\\\/\\\/colombiamarxista.com\\\/wp-content\\\/uploads\\\/2022\\\/12\\\/Caida-de-Castillo.jpeg\",\"width\":608,\"height\":342},{\"@type\":\"BreadcrumbList\",\"@id\":\"https:\\\/\\\/colombiamarxista.com\\\/?p=3138#breadcrumb\",\"itemListElement\":[{\"@type\":\"ListItem\",\"position\":1,\"name\":\"Home\",\"item\":\"https:\\\/\\\/colombiamarxista.com\\\/\"},{\"@type\":\"ListItem\",\"position\":2,\"name\":\"Un llamado urgente a la movilizaci\u00f3n en las calles para frenar a la derecha del Per\u00fa\"}]},{\"@type\":\"WebSite\",\"@id\":\"https:\\\/\\\/colombiamarxista.com\\\/#website\",\"url\":\"https:\\\/\\\/colombiamarxista.com\\\/\",\"name\":\"Comunistas Revolucionarios de Colombia\",\"description\":\"\",\"publisher\":{\"@id\":\"https:\\\/\\\/colombiamarxista.com\\\/#organization\"},\"potentialAction\":[{\"@type\":\"SearchAction\",\"target\":{\"@type\":\"EntryPoint\",\"urlTemplate\":\"https:\\\/\\\/colombiamarxista.com\\\/?s={search_term_string}\"},\"query-input\":{\"@type\":\"PropertyValueSpecification\",\"valueRequired\":true,\"valueName\":\"search_term_string\"}}],\"inLanguage\":\"es-CO\"},{\"@type\":\"Organization\",\"@id\":\"https:\\\/\\\/colombiamarxista.com\\\/#organization\",\"name\":\"Comunistas Revolucionarios de Colombia\",\"url\":\"https:\\\/\\\/colombiamarxista.com\\\/\",\"logo\":{\"@type\":\"ImageObject\",\"inLanguage\":\"es-CO\",\"@id\":\"https:\\\/\\\/colombiamarxista.com\\\/#\\\/schema\\\/logo\\\/image\\\/\",\"url\":\"https:\\\/\\\/colombiamarxista.com\\\/wp-content\\\/uploads\\\/2026\\\/04\\\/logo-crc_Mesa-de-trabajo-1-scaled.png\",\"contentUrl\":\"https:\\\/\\\/colombiamarxista.com\\\/wp-content\\\/uploads\\\/2026\\\/04\\\/logo-crc_Mesa-de-trabajo-1-scaled.png\",\"width\":2560,\"height\":1920,\"caption\":\"Comunistas Revolucionarios de Colombia\"},\"image\":{\"@id\":\"https:\\\/\\\/colombiamarxista.com\\\/#\\\/schema\\\/logo\\\/image\\\/\"}},{\"@type\":\"Person\",\"@id\":\"https:\\\/\\\/colombiamarxista.com\\\/#\\\/schema\\\/person\\\/e37d02f1454a536d01306cf74ee02c39\",\"name\":\"Consejo Editorial De Colombia Marxista\",\"image\":{\"@type\":\"ImageObject\",\"inLanguage\":\"es-CO\",\"@id\":\"https:\\\/\\\/secure.gravatar.com\\\/avatar\\\/27d462afb069d4f31317c3decd42f1acedbc140f1342d432b75cc0cb867e5fb1?s=96&d=mm&r=g\",\"url\":\"https:\\\/\\\/secure.gravatar.com\\\/avatar\\\/27d462afb069d4f31317c3decd42f1acedbc140f1342d432b75cc0cb867e5fb1?s=96&d=mm&r=g\",\"contentUrl\":\"https:\\\/\\\/secure.gravatar.com\\\/avatar\\\/27d462afb069d4f31317c3decd42f1acedbc140f1342d432b75cc0cb867e5fb1?s=96&d=mm&r=g\",\"caption\":\"Consejo Editorial De Colombia Marxista\"},\"sameAs\":[\"http:\\\/\\\/colombiamarxista.com\"],\"url\":\"https:\\\/\\\/marxismo.mx\\\/un-llamado-urgente-a-la-movilizacion-en-las-calles-para-frenar-a-la-derecha-del-peru\\\/\"}]}<\/script>\n<!-- \/ Yoast SEO plugin. -->","yoast_head_json":{"title":"Un llamado urgente a la movilizaci\u00f3n en las calles para frenar a la derecha del Per\u00fa - Comunistas Revolucionarios de Colombia","robots":{"index":"index","follow":"follow","max-snippet":"max-snippet:-1","max-image-preview":"max-image-preview:large","max-video-preview":"max-video-preview:-1"},"canonical":"https:\/\/colombiamarxista.com\/?p=3138","og_locale":"es_ES","og_type":"article","og_title":"Un llamado urgente a la movilizaci\u00f3n en las calles para frenar a la derecha del Per\u00fa - Comunistas Revolucionarios de Colombia","og_description":"Una tercera moci\u00f3n de vacancia se hab\u00eda presentado contra Pedro Castillo y se discutir\u00eda el d\u00eda de hoy 7 de diciembre, ante el Congreso. Sin embargo, hoy a las 11:45 am Castillo dio un mensaje a la naci\u00f3n anunciando la disoluci\u00f3n del parlamento, como respuesta ante los m\u00faltiples ataques y trabas que han puesto a [&hellip;]","og_url":"https:\/\/colombiamarxista.com\/?p=3138","og_site_name":"Comunistas Revolucionarios de Colombia","article_published_time":"2022-12-08T19:43:53+00:00","article_modified_time":"2022-12-08T19:43:54+00:00","og_image":[{"width":608,"height":342,"url":"https:\/\/colombiamarxista.com\/wp-content\/uploads\/2022\/12\/Caida-de-Castillo.jpeg","type":"image\/jpeg"}],"author":"Consejo Editorial De Colombia Marxista","twitter_card":"summary_large_image","twitter_misc":{"Escrito por":"Consejo Editorial De Colombia Marxista","Tiempo de lectura":"6 minutos"},"schema":{"@context":"https:\/\/schema.org","@graph":[{"@type":"Article","@id":"https:\/\/colombiamarxista.com\/?p=3138#article","isPartOf":{"@id":"https:\/\/colombiamarxista.com\/?p=3138"},"author":{"name":"Consejo Editorial De Colombia Marxista","@id":"https:\/\/colombiamarxista.com\/#\/schema\/person\/e37d02f1454a536d01306cf74ee02c39"},"headline":"Un llamado urgente a la movilizaci\u00f3n en las calles para frenar a la derecha del Per\u00fa","datePublished":"2022-12-08T19:43:53+00:00","dateModified":"2022-12-08T19:43:54+00:00","mainEntityOfPage":{"@id":"https:\/\/colombiamarxista.com\/?p=3138"},"wordCount":1414,"commentCount":0,"publisher":{"@id":"https:\/\/colombiamarxista.com\/#organization"},"image":{"@id":"https:\/\/colombiamarxista.com\/?p=3138#primaryimage"},"thumbnailUrl":"https:\/\/colombiamarxista.com\/wp-content\/uploads\/2022\/12\/Caida-de-Castillo.jpeg","keywords":["pedro castillo","reformismo","Per\u00fa"],"articleSection":["Analisis Internacional"],"inLanguage":"es-CO","potentialAction":[{"@type":"CommentAction","name":"Comment","target":["https:\/\/colombiamarxista.com\/?p=3138#respond"]}]},{"@type":"WebPage","@id":"https:\/\/colombiamarxista.com\/?p=3138","url":"https:\/\/colombiamarxista.com\/?p=3138","name":"Un llamado urgente a la movilizaci\u00f3n en las calles para frenar a la derecha del Per\u00fa - Comunistas Revolucionarios de Colombia","isPartOf":{"@id":"https:\/\/colombiamarxista.com\/#website"},"primaryImageOfPage":{"@id":"https:\/\/colombiamarxista.com\/?p=3138#primaryimage"},"image":{"@id":"https:\/\/colombiamarxista.com\/?p=3138#primaryimage"},"thumbnailUrl":"https:\/\/colombiamarxista.com\/wp-content\/uploads\/2022\/12\/Caida-de-Castillo.jpeg","datePublished":"2022-12-08T19:43:53+00:00","dateModified":"2022-12-08T19:43:54+00:00","breadcrumb":{"@id":"https:\/\/colombiamarxista.com\/?p=3138#breadcrumb"},"inLanguage":"es-CO","potentialAction":[{"@type":"ReadAction","target":["https:\/\/colombiamarxista.com\/?p=3138"]}]},{"@type":"ImageObject","inLanguage":"es-CO","@id":"https:\/\/colombiamarxista.com\/?p=3138#primaryimage","url":"https:\/\/colombiamarxista.com\/wp-content\/uploads\/2022\/12\/Caida-de-Castillo.jpeg","contentUrl":"https:\/\/colombiamarxista.com\/wp-content\/uploads\/2022\/12\/Caida-de-Castillo.jpeg","width":608,"height":342},{"@type":"BreadcrumbList","@id":"https:\/\/colombiamarxista.com\/?p=3138#breadcrumb","itemListElement":[{"@type":"ListItem","position":1,"name":"Home","item":"https:\/\/colombiamarxista.com\/"},{"@type":"ListItem","position":2,"name":"Un llamado urgente a la movilizaci\u00f3n en las calles para frenar a la derecha del Per\u00fa"}]},{"@type":"WebSite","@id":"https:\/\/colombiamarxista.com\/#website","url":"https:\/\/colombiamarxista.com\/","name":"Comunistas Revolucionarios de Colombia","description":"","publisher":{"@id":"https:\/\/colombiamarxista.com\/#organization"},"potentialAction":[{"@type":"SearchAction","target":{"@type":"EntryPoint","urlTemplate":"https:\/\/colombiamarxista.com\/?s={search_term_string}"},"query-input":{"@type":"PropertyValueSpecification","valueRequired":true,"valueName":"search_term_string"}}],"inLanguage":"es-CO"},{"@type":"Organization","@id":"https:\/\/colombiamarxista.com\/#organization","name":"Comunistas Revolucionarios de Colombia","url":"https:\/\/colombiamarxista.com\/","logo":{"@type":"ImageObject","inLanguage":"es-CO","@id":"https:\/\/colombiamarxista.com\/#\/schema\/logo\/image\/","url":"https:\/\/colombiamarxista.com\/wp-content\/uploads\/2026\/04\/logo-crc_Mesa-de-trabajo-1-scaled.png","contentUrl":"https:\/\/colombiamarxista.com\/wp-content\/uploads\/2026\/04\/logo-crc_Mesa-de-trabajo-1-scaled.png","width":2560,"height":1920,"caption":"Comunistas Revolucionarios de Colombia"},"image":{"@id":"https:\/\/colombiamarxista.com\/#\/schema\/logo\/image\/"}},{"@type":"Person","@id":"https:\/\/colombiamarxista.com\/#\/schema\/person\/e37d02f1454a536d01306cf74ee02c39","name":"Consejo Editorial De Colombia Marxista","image":{"@type":"ImageObject","inLanguage":"es-CO","@id":"https:\/\/secure.gravatar.com\/avatar\/27d462afb069d4f31317c3decd42f1acedbc140f1342d432b75cc0cb867e5fb1?s=96&d=mm&r=g","url":"https:\/\/secure.gravatar.com\/avatar\/27d462afb069d4f31317c3decd42f1acedbc140f1342d432b75cc0cb867e5fb1?s=96&d=mm&r=g","contentUrl":"https:\/\/secure.gravatar.com\/avatar\/27d462afb069d4f31317c3decd42f1acedbc140f1342d432b75cc0cb867e5fb1?s=96&d=mm&r=g","caption":"Consejo Editorial De Colombia Marxista"},"sameAs":["http:\/\/colombiamarxista.com"],"url":"https:\/\/marxismo.mx\/un-llamado-urgente-a-la-movilizacion-en-las-calles-para-frenar-a-la-derecha-del-peru\/"}]}},"_links":{"self":[{"href":"https:\/\/colombiamarxista.com\/index.php?rest_route=\/wp\/v2\/posts\/3138","targetHints":{"allow":["GET"]}}],"collection":[{"href":"https:\/\/colombiamarxista.com\/index.php?rest_route=\/wp\/v2\/posts"}],"about":[{"href":"https:\/\/colombiamarxista.com\/index.php?rest_route=\/wp\/v2\/types\/post"}],"author":[{"embeddable":true,"href":"https:\/\/colombiamarxista.com\/index.php?rest_route=\/wp\/v2\/users\/1"}],"replies":[{"embeddable":true,"href":"https:\/\/colombiamarxista.com\/index.php?rest_route=%2Fwp%2Fv2%2Fcomments&post=3138"}],"version-history":[{"count":0,"href":"https:\/\/colombiamarxista.com\/index.php?rest_route=\/wp\/v2\/posts\/3138\/revisions"}],"wp:featuredmedia":[{"embeddable":true,"href":"https:\/\/colombiamarxista.com\/index.php?rest_route=\/wp\/v2\/media\/3139"}],"wp:attachment":[{"href":"https:\/\/colombiamarxista.com\/index.php?rest_route=%2Fwp%2Fv2%2Fmedia&parent=3138"}],"wp:term":[{"taxonomy":"category","embeddable":true,"href":"https:\/\/colombiamarxista.com\/index.php?rest_route=%2Fwp%2Fv2%2Fcategories&post=3138"},{"taxonomy":"post_tag","embeddable":true,"href":"https:\/\/colombiamarxista.com\/index.php?rest_route=%2Fwp%2Fv2%2Ftags&post=3138"}],"curies":[{"name":"wp","href":"https:\/\/api.w.org\/{rel}","templated":true}]}}