{"id":3020,"date":"2022-06-24T19:29:41","date_gmt":"2022-06-25T00:29:41","guid":{"rendered":"https:\/\/colombiamarxista.com\/?p=3020"},"modified":"2022-06-24T19:57:02","modified_gmt":"2022-06-25T00:57:02","slug":"ecuador-paro-nacional-decenas-de-miles-marchan-en-quito-y-empiezan-las-tomas-de-gobernaciones%ef%bf%bc","status":"publish","type":"post","link":"https:\/\/colombiamarxista.com\/?p=3020","title":{"rendered":"Ecuador paro nacional: decenas de miles marchan en Quito y empiezan las tomas de gobernaciones\ufffc"},"content":{"rendered":"\n<p>El 22 de junio fue el d\u00eda 10 del paro nacional de Ecuador convocado por la CONAIE contra las pol\u00edticas del presidente banquero Lasso. La brutal represi\u00f3n policial que ha dejado 2 muertos y decenas de heridos no ha detenido el movimiento. Las columnas de manifestantes campesinos ind\u00edgenas han llegado a la capital rompiendo las l\u00edneas policiales y militares y desafiando el estado de emergencia declarado por el presidente en 5 provincias, incluida la capital, Quito. El gobierno y la clase dominante est\u00e1n en p\u00e1nico y el movimiento adquiere un car\u00e1cter insurreccional en algunas provincias.&nbsp;<\/p>\n\n\n\n<p>Una enorme multitud de 50.000 personas march\u00f3 ayer por el centro de Quito, desafiando el estado de emergencia y la represi\u00f3n.&nbsp;<\/p>\n\n\n\n<figure class=\"wp-block-embed\"><div class=\"wp-block-embed__wrapper\">\nhttps:\/\/platform.twitter.com\/embed\/Tweet.html?dnt=false&#038;embedId=twitter-widget-0&#038;features=eyJ0ZndfdHdlZXRfZWRpdF9iYWNrZW5kIjp7ImJ1Y2tldCI6Im9mZiIsInZlcnNpb24iOm51bGx9LCJ0ZndfcmVmc3JjX3Nlc3Npb24iOnsiYnVja2V0Ijoib2ZmIiwidmVyc2lvbiI6bnVsbH0sInRmd190d2VldF9yZXN1bHRfbWlncmF0aW9uXzEzOTc5Ijp7ImJ1Y2tldCI6InR3ZWV0X3Jlc3VsdCIsInZlcnNpb24iOm51bGx9LCJ0Zndfc2Vuc2l0aXZlX21lZGlhX2ludGVyc3RpdGlhbF8xMzk2MyI6eyJidWNrZXQiOiJpbnRlcnN0aXRpYWwiLCJ2ZXJzaW9uIjpudWxsfSwidGZ3X2V4cGVyaW1lbnRzX2Nvb2tpZV9leHBpcmF0aW9uIjp7ImJ1Y2tldCI6MTIwOTYwMCwidmVyc2lvbiI6bnVsbH0sInRmd191c2VyX2ZvbGxvd19pbnRlbnRfMTQ0MDYiOnsiYnVja2V0IjoiZm9sbG93IiwidmVyc2lvbiI6bnVsbH0sInRmd190d2VldF9lZGl0X2Zyb250ZW5kIjp7ImJ1Y2tldCI6Im9mZiIsInZlcnNpb24iOm51bGx9fQ%3D%3D&#038;frame=false&#038;hideCard=false&#038;hideThread=false&#038;id=1539745656985817088&#038;lang=en-gb&#038;origin=http%3A%2F%2Fwww.marxist.com%2Fecuador-paro-nacional-decenas-de-miles-marchan-en-quito-y-empiezan-las-tomas-de-gobernaciones.htm&#038;sessionId=a690a2473e13bbfaf9e7a61b0dab6ed279b01331&#038;siteScreenName=marxistcom&#038;theme=light&#038;widgetsVersion=b45a03c79d4c1%3A1654150928467&#038;width=550px\n<\/div><\/figure>\n\n\n\n<p>El mismo d\u00eda, las organizaciones convocantes del paro nacional entregaron una respuesta a la carta del gobierno ofreciendo negociaciones. En la carta, exigen negociaciones que sean realmente claras y espec\u00edficas sobre su lista de demandas de 10 puntos, as\u00ed como una serie de requisitos previos para cualquier conversaci\u00f3n: levantamiento del estado de emergencia, fin de la represi\u00f3n, retiro de la polic\u00eda del Parque del Arbolito y la Casa de la Cultura en el centro hist\u00f3rico de Quito.<\/p>\n\n\n\n<p>Al final de la protesta pac\u00edfica pero airada, bajo la consigna \u201cFuera Lasso\u201d, hubo nuevamente represi\u00f3n policial y enfrentamientos, con los j\u00f3venes liderando la autodefensa del movimiento.<\/p>\n\n\n\n<p><img fetchpriority=\"high\" decoding=\"async\" src=\"http:\/\/www.marxist.com\/images\/stories\/ecuador\/2022_June\/Ecuador_Self_Defence_Image_Felix_Rodriguez.jpg\" width=\"1080\" height=\"718\" alt=\"Ecuador Self Defence Image Felix Rodriguez\">Los j\u00f3venes lideran el movimiento de autodefensa \/ Image: Felix Rodriguez<\/p>\n\n\n\n<p>Mientras tanto, el paro nacional ya ha adquirido proporciones insurreccionales en algunas provincias. Este fue el caso, por ejemplo, en Ambato, la capital de la provincia de Tungurahua, al sur de Quito. Una enorme multitud de manifestantes, encabezados por una l\u00ednea de autodefensa de j\u00f3venes armados con palos, con cascos y portando escudos caseros, marcharon hacia el edificio de la gobernaci\u00f3n con el objetivo de tomarlo. Cuando llegaron, saltaron y quitaron la cerca protectora y entraron en el edificio.&nbsp;<\/p>\n\n\n\n<figure class=\"wp-block-embed\"><div class=\"wp-block-embed__wrapper\">\nhttps:\/\/platform.twitter.com\/embed\/Tweet.html?dnt=false&#038;embedId=twitter-widget-1&#038;features=eyJ0ZndfdHdlZXRfZWRpdF9iYWNrZW5kIjp7ImJ1Y2tldCI6Im9mZiIsInZlcnNpb24iOm51bGx9LCJ0ZndfcmVmc3JjX3Nlc3Npb24iOnsiYnVja2V0Ijoib2ZmIiwidmVyc2lvbiI6bnVsbH0sInRmd190d2VldF9yZXN1bHRfbWlncmF0aW9uXzEzOTc5Ijp7ImJ1Y2tldCI6InR3ZWV0X3Jlc3VsdCIsInZlcnNpb24iOm51bGx9LCJ0Zndfc2Vuc2l0aXZlX21lZGlhX2ludGVyc3RpdGlhbF8xMzk2MyI6eyJidWNrZXQiOiJpbnRlcnN0aXRpYWwiLCJ2ZXJzaW9uIjpudWxsfSwidGZ3X2V4cGVyaW1lbnRzX2Nvb2tpZV9leHBpcmF0aW9uIjp7ImJ1Y2tldCI6MTIwOTYwMCwidmVyc2lvbiI6bnVsbH0sInRmd191c2VyX2ZvbGxvd19pbnRlbnRfMTQ0MDYiOnsiYnVja2V0IjoiZm9sbG93IiwidmVyc2lvbiI6bnVsbH0sInRmd190d2VldF9lZGl0X2Zyb250ZW5kIjp7ImJ1Y2tldCI6Im9mZiIsInZlcnNpb24iOm51bGx9fQ%3D%3D&#038;frame=false&#038;hideCard=false&#038;hideThread=false&#038;id=1539745667081543682&#038;lang=en-gb&#038;origin=http%3A%2F%2Fwww.marxist.com%2Fecuador-paro-nacional-decenas-de-miles-marchan-en-quito-y-empiezan-las-tomas-de-gobernaciones.htm&#038;sessionId=a690a2473e13bbfaf9e7a61b0dab6ed279b01331&#038;siteScreenName=marxistcom&#038;theme=light&#038;widgetsVersion=b45a03c79d4c1%3A1654150928467&#038;width=550px\n<\/div><\/figure>\n\n\n\n<p>La polic\u00eda se hizo a un lado y no ofreci\u00f3 resistencia. Estaban superados en n\u00famero. Una vez que los manifestantes tomaron control de la gobernaci\u00f3n, lo rebautizaron como Casa del Pueblo. Como dec\u00eda&nbsp;<a href=\"http:\/\/www.marxist.com\/ecuador-al-grito-de-fuera-lasso-el-paro-nacional-llega-a-la-capital.htm\">el art\u00edculo que publicamos a primera hora del 22 de junio<\/a>, la pregunta de &#8220;\u00bfqui\u00e9n manda? el pueblo o el gobierno del banquero Lasso&#8221; se plantea cada vez m\u00e1s. El movimiento (estimulado y enojado por la represi\u00f3n) se est\u00e1 volviendo m\u00e1s fuerte y m\u00e1s din\u00e1mico.<\/p>\n\n\n\n<p>about:blank<\/p>\n\n\n\n<p>En la ciudad de Puyo, en la noche del lunes 21, fue asesinado el compa\u00f1ero comunero Guido Guatatoca por impacto directo en la cabeza de una granada lacrim\u00f3gena. Los manifestantes respondieron con la quema de la unidad policial del Centro de la ciudad, y en consecuencia las fuerzas policiales abandonaron la ciudad que es la capital de la provincia de Pastaza en la regi\u00f3n amaz\u00f3nica.Los manifestantes tambi\u00e9n atacaron la sede local del Banco de Guayaquil, propiedad del presidente banquero.&nbsp;<\/p>\n\n\n\n<p><img decoding=\"async\" src=\"http:\/\/www.marxist.com\/images\/stories\/ecuador\/2022_June\/Somos_Ecuador_Image_Felix_Rodriguez.jpg\" width=\"1080\" height=\"1624\" alt=\"Somos Ecuador Image Felix Rodriguez\">La brutal represi\u00f3n policial ha dejado 2 muertos y decenas de heridos \/ Image: Felix Rodriguez<\/p>\n\n\n\n<p>Tanto en Pastaza como en Tungurahua rige el estado de emergencia decretado por el banquero asesino Lasso, pero claramente el gobierno no tiene el control del orden p\u00fablico que est\u00e1 en manos de las organizaciones sociales.&nbsp;<\/p>\n\n\n\n<p>La clase dominante parece estar en p\u00e1nico. Ahora han utilizado a la Conferencia Espiscopal para llamar al di\u00e1logo. Tambi\u00e9n ha habido una declaraci\u00f3n conjunta de las embajadas del imperialismo llamando a &#8220;la paz, la reconciliaci\u00f3n, el di\u00e1logo y la reconstrucci\u00f3n nacional&#8221;. Eso significa que tienen miedo y est\u00e1n pidiendo al gobierno que haga concesiones para sacar a las masas de las calles. El gobierno es d\u00e9bil. En una encuesta reciente la popularidad de Lasso es de apenas el 16%.&nbsp;<\/p>\n\n\n\n<p>Est\u00e1 intentando usar la trampa de las negociaciones (visto que la represi\u00f3n no funcion\u00f3) para desmovilizar. De hecho as\u00ed lo plantea claramente un editorial en El Comercio que a cambio de la apertura del di\u00e1logo, lo que exige es \u201cel fin de las movilizaciones\u201d. Esto es poner las cosas al rev\u00e9s. Las movilizaciones de la CONAIE se producen justamente porque el di\u00e1logo no hab\u00eda llegado a ninguna parte. El di\u00e1logo no es el objetivo del paro nacional, sino la satisfacci\u00f3n de las 10 demandas, y por lo tanto no se puede levantar el paro hasta que se consigan las mismas.&nbsp;<\/p>\n\n\n\n<p>Incluso, no es descartable que el gobierno pudiera ofrecer concesiones serias y sustanciales, ante la alternativa de ser barrido por una insurrecci\u00f3n en toda regla, con el objetivo de sacar el movimiento de las calles. Una vez logrado ese objetivo, entonces pueden renegar de sus promesas y volver a la ofensiva de nuevo.&nbsp;<\/p>\n\n\n\n<p>Pero no hay que confundirse, adem\u00e1s de la carta de la negociaci\u00f3n, el gobierno y la clase dominante est\u00e1n dispuestos a defenderse utilizando todos los medios a su alcance. Ya han movilizado a m\u00e1s de 2000 efectivos del ej\u00e9rcito, armados hasta los dientes con material de guerra, para defender el Palacio presidencial. Ellos entienden que lo que est\u00e1 en disputa en Ecuador es justamente quien gobierna el pa\u00eds.&nbsp;<\/p>\n\n\n\n<p>La actitud de los dirigentes de la CONAIE y en particular de Leonidas Iza ser\u00e1 crucial. Hasta ahora han jugado un papel positivo, convocando al movimiento, manteniendo el impulso, avanzando frente a la represi\u00f3n y manteni\u00e9ndose firmes en las 10 demandas. Sobre las negociaciones han dicho que no est\u00e1n en contra, pero han planteado condiciones previas.&nbsp;<\/p>\n\n\n\n<p>El movimiento ha comenzado a organizar la autodefensa, bas\u00e1ndose en la experiencia de 2019. Lo que realmente falta ahora es el desarrollo de asambleas de masas, que ya han comenzado, para dar al movimiento un car\u00e1cter organizado democr\u00e1tico. Tales cuerpos podr\u00edan convertirse en \u00f3rganos de doble poder y desafiar el poder del estado capitalista oficial. La estrategia que habr\u00eda que plantear es una que condujera a un gobierno de los trabajadores y todos los sectores oprimidos de la sociedad.&nbsp;<\/p>\n\n\n\n<p>Los acontecimientos en el Ecuador son la continuaci\u00f3n del proceso interrumpido de octubre de 2019. El potencial para movimientos de masas de ese tipo existe en el resto de Am\u00e9rica Latina que apenas sale de la pandemia y es azotada por la crisis capitalista mundial.&nbsp;<\/p>\n","protected":false},"excerpt":{"rendered":"<p>El 22 de junio fue el d\u00eda 10 del paro nacional de Ecuador convocado por la CONAIE contra las pol\u00edticas del presidente banquero Lasso. La brutal represi\u00f3n policial que ha dejado 2 muertos y decenas de heridos no ha detenido el movimiento. Las columnas de manifestantes campesinos ind\u00edgenas han llegado a la capital rompiendo las [&hellip;]<\/p>\n","protected":false},"author":1,"featured_media":3021,"comment_status":"open","ping_status":"open","sticky":false,"template":"","format":"standard","meta":{"footnotes":""},"categories":[288],"tags":[239,369,370],"class_list":["post-3020","post","type-post","status-publish","format-standard","has-post-thumbnail","hentry","category-analisis-internacional","tag-ecuador","tag-leonardo-izas","tag-paro-nacional-ecuador"],"yoast_head":"<!-- This site is optimized with the Yoast SEO plugin v27.5 - https:\/\/yoast.com\/product\/yoast-seo-wordpress\/ -->\n<title>Ecuador paro nacional: decenas de miles marchan en Quito y empiezan las tomas de gobernaciones\ufffc - Comunistas Revolucionarios de Colombia<\/title>\n<meta name=\"robots\" content=\"index, follow, max-snippet:-1, max-image-preview:large, max-video-preview:-1\" \/>\n<link rel=\"canonical\" href=\"https:\/\/colombiamarxista.com\/?p=3020\" \/>\n<meta property=\"og:locale\" content=\"es_ES\" \/>\n<meta property=\"og:type\" content=\"article\" \/>\n<meta property=\"og:title\" content=\"Ecuador paro nacional: decenas de miles marchan en Quito y empiezan las tomas de gobernaciones\ufffc - Comunistas Revolucionarios de Colombia\" \/>\n<meta property=\"og:description\" content=\"El 22 de junio fue el d\u00eda 10 del paro nacional de Ecuador convocado por la CONAIE contra las pol\u00edticas del presidente banquero Lasso. La brutal represi\u00f3n policial que ha dejado 2 muertos y decenas de heridos no ha detenido el movimiento. Las columnas de manifestantes campesinos ind\u00edgenas han llegado a la capital rompiendo las [&hellip;]\" \/>\n<meta property=\"og:url\" content=\"https:\/\/colombiamarxista.com\/?p=3020\" \/>\n<meta property=\"og:site_name\" content=\"Comunistas Revolucionarios de Colombia\" \/>\n<meta property=\"article:published_time\" content=\"2022-06-25T00:29:41+00:00\" \/>\n<meta property=\"article:modified_time\" content=\"2022-06-25T00:57:02+00:00\" \/>\n<meta property=\"og:image\" content=\"https:\/\/colombiamarxista.com\/wp-content\/uploads\/2022\/06\/Protestors_Tungurahua_Image_screen_grab.jpg\" \/>\n\t<meta property=\"og:image:width\" content=\"928\" \/>\n\t<meta property=\"og:image:height\" content=\"523\" \/>\n\t<meta property=\"og:image:type\" content=\"image\/jpeg\" \/>\n<meta name=\"author\" content=\"Consejo Editorial De Colombia Marxista\" \/>\n<meta name=\"twitter:card\" content=\"summary_large_image\" \/>\n<meta name=\"twitter:label1\" content=\"Escrito por\" \/>\n\t<meta name=\"twitter:data1\" content=\"Consejo Editorial De Colombia Marxista\" \/>\n\t<meta name=\"twitter:label2\" content=\"Tiempo de lectura\" \/>\n\t<meta name=\"twitter:data2\" content=\"5 minutos\" \/>\n<script type=\"application\/ld+json\" class=\"yoast-schema-graph\">{\"@context\":\"https:\\\/\\\/schema.org\",\"@graph\":[{\"@type\":\"Article\",\"@id\":\"https:\\\/\\\/colombiamarxista.com\\\/?p=3020#article\",\"isPartOf\":{\"@id\":\"https:\\\/\\\/colombiamarxista.com\\\/?p=3020\"},\"author\":{\"name\":\"Consejo Editorial De Colombia Marxista\",\"@id\":\"https:\\\/\\\/colombiamarxista.com\\\/#\\\/schema\\\/person\\\/e37d02f1454a536d01306cf74ee02c39\"},\"headline\":\"Ecuador paro nacional: decenas de miles marchan en Quito y empiezan las tomas de gobernaciones\ufffc\",\"datePublished\":\"2022-06-25T00:29:41+00:00\",\"dateModified\":\"2022-06-25T00:57:02+00:00\",\"mainEntityOfPage\":{\"@id\":\"https:\\\/\\\/colombiamarxista.com\\\/?p=3020\"},\"wordCount\":1418,\"commentCount\":0,\"publisher\":{\"@id\":\"https:\\\/\\\/colombiamarxista.com\\\/#organization\"},\"image\":{\"@id\":\"https:\\\/\\\/colombiamarxista.com\\\/?p=3020#primaryimage\"},\"thumbnailUrl\":\"https:\\\/\\\/colombiamarxista.com\\\/wp-content\\\/uploads\\\/2022\\\/06\\\/Protestors_Tungurahua_Image_screen_grab.jpg\",\"keywords\":[\"Ecuador\",\"leonardo izas\",\"paro nacional ecuador\"],\"articleSection\":[\"Analisis Internacional\"],\"inLanguage\":\"es-CO\",\"potentialAction\":[{\"@type\":\"CommentAction\",\"name\":\"Comment\",\"target\":[\"https:\\\/\\\/colombiamarxista.com\\\/?p=3020#respond\"]}]},{\"@type\":\"WebPage\",\"@id\":\"https:\\\/\\\/colombiamarxista.com\\\/?p=3020\",\"url\":\"https:\\\/\\\/colombiamarxista.com\\\/?p=3020\",\"name\":\"Ecuador paro nacional: decenas de miles marchan en Quito y empiezan las tomas de gobernaciones\ufffc - Comunistas Revolucionarios de Colombia\",\"isPartOf\":{\"@id\":\"https:\\\/\\\/colombiamarxista.com\\\/#website\"},\"primaryImageOfPage\":{\"@id\":\"https:\\\/\\\/colombiamarxista.com\\\/?p=3020#primaryimage\"},\"image\":{\"@id\":\"https:\\\/\\\/colombiamarxista.com\\\/?p=3020#primaryimage\"},\"thumbnailUrl\":\"https:\\\/\\\/colombiamarxista.com\\\/wp-content\\\/uploads\\\/2022\\\/06\\\/Protestors_Tungurahua_Image_screen_grab.jpg\",\"datePublished\":\"2022-06-25T00:29:41+00:00\",\"dateModified\":\"2022-06-25T00:57:02+00:00\",\"breadcrumb\":{\"@id\":\"https:\\\/\\\/colombiamarxista.com\\\/?p=3020#breadcrumb\"},\"inLanguage\":\"es-CO\",\"potentialAction\":[{\"@type\":\"ReadAction\",\"target\":[\"https:\\\/\\\/colombiamarxista.com\\\/?p=3020\"]}]},{\"@type\":\"ImageObject\",\"inLanguage\":\"es-CO\",\"@id\":\"https:\\\/\\\/colombiamarxista.com\\\/?p=3020#primaryimage\",\"url\":\"https:\\\/\\\/colombiamarxista.com\\\/wp-content\\\/uploads\\\/2022\\\/06\\\/Protestors_Tungurahua_Image_screen_grab.jpg\",\"contentUrl\":\"https:\\\/\\\/colombiamarxista.com\\\/wp-content\\\/uploads\\\/2022\\\/06\\\/Protestors_Tungurahua_Image_screen_grab.jpg\",\"width\":928,\"height\":523},{\"@type\":\"BreadcrumbList\",\"@id\":\"https:\\\/\\\/colombiamarxista.com\\\/?p=3020#breadcrumb\",\"itemListElement\":[{\"@type\":\"ListItem\",\"position\":1,\"name\":\"Home\",\"item\":\"https:\\\/\\\/colombiamarxista.com\\\/\"},{\"@type\":\"ListItem\",\"position\":2,\"name\":\"Ecuador paro nacional: decenas de miles marchan en Quito y empiezan las tomas de gobernaciones\ufffc\"}]},{\"@type\":\"WebSite\",\"@id\":\"https:\\\/\\\/colombiamarxista.com\\\/#website\",\"url\":\"https:\\\/\\\/colombiamarxista.com\\\/\",\"name\":\"Comunistas Revolucionarios de Colombia\",\"description\":\"\",\"publisher\":{\"@id\":\"https:\\\/\\\/colombiamarxista.com\\\/#organization\"},\"potentialAction\":[{\"@type\":\"SearchAction\",\"target\":{\"@type\":\"EntryPoint\",\"urlTemplate\":\"https:\\\/\\\/colombiamarxista.com\\\/?s={search_term_string}\"},\"query-input\":{\"@type\":\"PropertyValueSpecification\",\"valueRequired\":true,\"valueName\":\"search_term_string\"}}],\"inLanguage\":\"es-CO\"},{\"@type\":\"Organization\",\"@id\":\"https:\\\/\\\/colombiamarxista.com\\\/#organization\",\"name\":\"Comunistas Revolucionarios de Colombia\",\"url\":\"https:\\\/\\\/colombiamarxista.com\\\/\",\"logo\":{\"@type\":\"ImageObject\",\"inLanguage\":\"es-CO\",\"@id\":\"https:\\\/\\\/colombiamarxista.com\\\/#\\\/schema\\\/logo\\\/image\\\/\",\"url\":\"https:\\\/\\\/colombiamarxista.com\\\/wp-content\\\/uploads\\\/2026\\\/04\\\/logo-crc_Mesa-de-trabajo-1-scaled.png\",\"contentUrl\":\"https:\\\/\\\/colombiamarxista.com\\\/wp-content\\\/uploads\\\/2026\\\/04\\\/logo-crc_Mesa-de-trabajo-1-scaled.png\",\"width\":2560,\"height\":1920,\"caption\":\"Comunistas Revolucionarios de Colombia\"},\"image\":{\"@id\":\"https:\\\/\\\/colombiamarxista.com\\\/#\\\/schema\\\/logo\\\/image\\\/\"}},{\"@type\":\"Person\",\"@id\":\"https:\\\/\\\/colombiamarxista.com\\\/#\\\/schema\\\/person\\\/e37d02f1454a536d01306cf74ee02c39\",\"name\":\"Consejo Editorial De Colombia Marxista\",\"image\":{\"@type\":\"ImageObject\",\"inLanguage\":\"es-CO\",\"@id\":\"https:\\\/\\\/secure.gravatar.com\\\/avatar\\\/27d462afb069d4f31317c3decd42f1acedbc140f1342d432b75cc0cb867e5fb1?s=96&d=mm&r=g\",\"url\":\"https:\\\/\\\/secure.gravatar.com\\\/avatar\\\/27d462afb069d4f31317c3decd42f1acedbc140f1342d432b75cc0cb867e5fb1?s=96&d=mm&r=g\",\"contentUrl\":\"https:\\\/\\\/secure.gravatar.com\\\/avatar\\\/27d462afb069d4f31317c3decd42f1acedbc140f1342d432b75cc0cb867e5fb1?s=96&d=mm&r=g\",\"caption\":\"Consejo Editorial De Colombia Marxista\"},\"sameAs\":[\"http:\\\/\\\/colombiamarxista.com\"],\"url\":\"http:\\\/\\\/www.marxist.com\\\/ecuador-paro-nacional-decenas-de-miles-marchan-en-quito-y-empiezan-las-tomas-de-gobernaciones.htm\"}]}<\/script>\n<!-- \/ Yoast SEO plugin. -->","yoast_head_json":{"title":"Ecuador paro nacional: decenas de miles marchan en Quito y empiezan las tomas de gobernaciones\ufffc - Comunistas Revolucionarios de Colombia","robots":{"index":"index","follow":"follow","max-snippet":"max-snippet:-1","max-image-preview":"max-image-preview:large","max-video-preview":"max-video-preview:-1"},"canonical":"https:\/\/colombiamarxista.com\/?p=3020","og_locale":"es_ES","og_type":"article","og_title":"Ecuador paro nacional: decenas de miles marchan en Quito y empiezan las tomas de gobernaciones\ufffc - Comunistas Revolucionarios de Colombia","og_description":"El 22 de junio fue el d\u00eda 10 del paro nacional de Ecuador convocado por la CONAIE contra las pol\u00edticas del presidente banquero Lasso. La brutal represi\u00f3n policial que ha dejado 2 muertos y decenas de heridos no ha detenido el movimiento. Las columnas de manifestantes campesinos ind\u00edgenas han llegado a la capital rompiendo las [&hellip;]","og_url":"https:\/\/colombiamarxista.com\/?p=3020","og_site_name":"Comunistas Revolucionarios de Colombia","article_published_time":"2022-06-25T00:29:41+00:00","article_modified_time":"2022-06-25T00:57:02+00:00","og_image":[{"width":928,"height":523,"url":"https:\/\/colombiamarxista.com\/wp-content\/uploads\/2022\/06\/Protestors_Tungurahua_Image_screen_grab.jpg","type":"image\/jpeg"}],"author":"Consejo Editorial De Colombia Marxista","twitter_card":"summary_large_image","twitter_misc":{"Escrito por":"Consejo Editorial De Colombia Marxista","Tiempo de lectura":"5 minutos"},"schema":{"@context":"https:\/\/schema.org","@graph":[{"@type":"Article","@id":"https:\/\/colombiamarxista.com\/?p=3020#article","isPartOf":{"@id":"https:\/\/colombiamarxista.com\/?p=3020"},"author":{"name":"Consejo Editorial De Colombia Marxista","@id":"https:\/\/colombiamarxista.com\/#\/schema\/person\/e37d02f1454a536d01306cf74ee02c39"},"headline":"Ecuador paro nacional: decenas de miles marchan en Quito y empiezan las tomas de gobernaciones\ufffc","datePublished":"2022-06-25T00:29:41+00:00","dateModified":"2022-06-25T00:57:02+00:00","mainEntityOfPage":{"@id":"https:\/\/colombiamarxista.com\/?p=3020"},"wordCount":1418,"commentCount":0,"publisher":{"@id":"https:\/\/colombiamarxista.com\/#organization"},"image":{"@id":"https:\/\/colombiamarxista.com\/?p=3020#primaryimage"},"thumbnailUrl":"https:\/\/colombiamarxista.com\/wp-content\/uploads\/2022\/06\/Protestors_Tungurahua_Image_screen_grab.jpg","keywords":["Ecuador","leonardo izas","paro nacional ecuador"],"articleSection":["Analisis Internacional"],"inLanguage":"es-CO","potentialAction":[{"@type":"CommentAction","name":"Comment","target":["https:\/\/colombiamarxista.com\/?p=3020#respond"]}]},{"@type":"WebPage","@id":"https:\/\/colombiamarxista.com\/?p=3020","url":"https:\/\/colombiamarxista.com\/?p=3020","name":"Ecuador paro nacional: decenas de miles marchan en Quito y empiezan las tomas de gobernaciones\ufffc - Comunistas Revolucionarios de Colombia","isPartOf":{"@id":"https:\/\/colombiamarxista.com\/#website"},"primaryImageOfPage":{"@id":"https:\/\/colombiamarxista.com\/?p=3020#primaryimage"},"image":{"@id":"https:\/\/colombiamarxista.com\/?p=3020#primaryimage"},"thumbnailUrl":"https:\/\/colombiamarxista.com\/wp-content\/uploads\/2022\/06\/Protestors_Tungurahua_Image_screen_grab.jpg","datePublished":"2022-06-25T00:29:41+00:00","dateModified":"2022-06-25T00:57:02+00:00","breadcrumb":{"@id":"https:\/\/colombiamarxista.com\/?p=3020#breadcrumb"},"inLanguage":"es-CO","potentialAction":[{"@type":"ReadAction","target":["https:\/\/colombiamarxista.com\/?p=3020"]}]},{"@type":"ImageObject","inLanguage":"es-CO","@id":"https:\/\/colombiamarxista.com\/?p=3020#primaryimage","url":"https:\/\/colombiamarxista.com\/wp-content\/uploads\/2022\/06\/Protestors_Tungurahua_Image_screen_grab.jpg","contentUrl":"https:\/\/colombiamarxista.com\/wp-content\/uploads\/2022\/06\/Protestors_Tungurahua_Image_screen_grab.jpg","width":928,"height":523},{"@type":"BreadcrumbList","@id":"https:\/\/colombiamarxista.com\/?p=3020#breadcrumb","itemListElement":[{"@type":"ListItem","position":1,"name":"Home","item":"https:\/\/colombiamarxista.com\/"},{"@type":"ListItem","position":2,"name":"Ecuador paro nacional: decenas de miles marchan en Quito y empiezan las tomas de gobernaciones\ufffc"}]},{"@type":"WebSite","@id":"https:\/\/colombiamarxista.com\/#website","url":"https:\/\/colombiamarxista.com\/","name":"Comunistas Revolucionarios de Colombia","description":"","publisher":{"@id":"https:\/\/colombiamarxista.com\/#organization"},"potentialAction":[{"@type":"SearchAction","target":{"@type":"EntryPoint","urlTemplate":"https:\/\/colombiamarxista.com\/?s={search_term_string}"},"query-input":{"@type":"PropertyValueSpecification","valueRequired":true,"valueName":"search_term_string"}}],"inLanguage":"es-CO"},{"@type":"Organization","@id":"https:\/\/colombiamarxista.com\/#organization","name":"Comunistas Revolucionarios de Colombia","url":"https:\/\/colombiamarxista.com\/","logo":{"@type":"ImageObject","inLanguage":"es-CO","@id":"https:\/\/colombiamarxista.com\/#\/schema\/logo\/image\/","url":"https:\/\/colombiamarxista.com\/wp-content\/uploads\/2026\/04\/logo-crc_Mesa-de-trabajo-1-scaled.png","contentUrl":"https:\/\/colombiamarxista.com\/wp-content\/uploads\/2026\/04\/logo-crc_Mesa-de-trabajo-1-scaled.png","width":2560,"height":1920,"caption":"Comunistas Revolucionarios de Colombia"},"image":{"@id":"https:\/\/colombiamarxista.com\/#\/schema\/logo\/image\/"}},{"@type":"Person","@id":"https:\/\/colombiamarxista.com\/#\/schema\/person\/e37d02f1454a536d01306cf74ee02c39","name":"Consejo Editorial De Colombia Marxista","image":{"@type":"ImageObject","inLanguage":"es-CO","@id":"https:\/\/secure.gravatar.com\/avatar\/27d462afb069d4f31317c3decd42f1acedbc140f1342d432b75cc0cb867e5fb1?s=96&d=mm&r=g","url":"https:\/\/secure.gravatar.com\/avatar\/27d462afb069d4f31317c3decd42f1acedbc140f1342d432b75cc0cb867e5fb1?s=96&d=mm&r=g","contentUrl":"https:\/\/secure.gravatar.com\/avatar\/27d462afb069d4f31317c3decd42f1acedbc140f1342d432b75cc0cb867e5fb1?s=96&d=mm&r=g","caption":"Consejo Editorial De Colombia Marxista"},"sameAs":["http:\/\/colombiamarxista.com"],"url":"http:\/\/www.marxist.com\/ecuador-paro-nacional-decenas-de-miles-marchan-en-quito-y-empiezan-las-tomas-de-gobernaciones.htm"}]}},"_links":{"self":[{"href":"https:\/\/colombiamarxista.com\/index.php?rest_route=\/wp\/v2\/posts\/3020","targetHints":{"allow":["GET"]}}],"collection":[{"href":"https:\/\/colombiamarxista.com\/index.php?rest_route=\/wp\/v2\/posts"}],"about":[{"href":"https:\/\/colombiamarxista.com\/index.php?rest_route=\/wp\/v2\/types\/post"}],"author":[{"embeddable":true,"href":"https:\/\/colombiamarxista.com\/index.php?rest_route=\/wp\/v2\/users\/1"}],"replies":[{"embeddable":true,"href":"https:\/\/colombiamarxista.com\/index.php?rest_route=%2Fwp%2Fv2%2Fcomments&post=3020"}],"version-history":[{"count":0,"href":"https:\/\/colombiamarxista.com\/index.php?rest_route=\/wp\/v2\/posts\/3020\/revisions"}],"wp:featuredmedia":[{"embeddable":true,"href":"https:\/\/colombiamarxista.com\/index.php?rest_route=\/wp\/v2\/media\/3021"}],"wp:attachment":[{"href":"https:\/\/colombiamarxista.com\/index.php?rest_route=%2Fwp%2Fv2%2Fmedia&parent=3020"}],"wp:term":[{"taxonomy":"category","embeddable":true,"href":"https:\/\/colombiamarxista.com\/index.php?rest_route=%2Fwp%2Fv2%2Fcategories&post=3020"},{"taxonomy":"post_tag","embeddable":true,"href":"https:\/\/colombiamarxista.com\/index.php?rest_route=%2Fwp%2Fv2%2Ftags&post=3020"}],"curies":[{"name":"wp","href":"https:\/\/api.w.org\/{rel}","templated":true}]}}