{"id":2888,"date":"2022-03-22T07:38:49","date_gmt":"2022-03-22T12:38:49","guid":{"rendered":"https:\/\/colombiamarxista.com\/?p=2888"},"modified":"2022-03-22T10:28:38","modified_gmt":"2022-03-22T15:28:38","slug":"balance-de-las-legislativas-la-caida-del-uribismo-y-el-alza-de-gustavo-petro","status":"publish","type":"post","link":"https:\/\/colombiamarxista.com\/?p=2888","title":{"rendered":"Balance de las legislativas: La ca\u00edda del Uribismo y el alza de Gustavo Petro"},"content":{"rendered":"\n<p>El pasado Marzo 13, Colombia celebr\u00f3 sus elecciones legislativas al igual que sus \u201celecciones consultivas\u201d donde cada coalici\u00f3n elegir\u00eda a su candidato presidencial para las elecciones de este a\u00f1o. Gustavo Petro ha obtenido la nominaci\u00f3n de la coalici\u00f3n de centro-izquierda \u201cPacto Hist\u00f3rico\u201d con apoyo abrumador tanto dentro de su partido como dentro del electorado general.&nbsp;<\/p>\n\n\n\n<p>Petro se convierte en el favorito para la primera ronda de las elecciones presidenciales y tiene la aspiraci\u00f3n de evitar una segunda ronda obteniendo m\u00e1s del 51%. Considerando su base de apoyo, est\u00e1 dentro de sus capacidades lograr esto. <a href=\"https:\/\/elpais.com\/america\/2022-03-14\/elecciones-legislativas-de-marzo-en-colombia-votaciones-y-resultados-en-vivo.html\">Casi el 80% de los votantes dentro de la consulta de su coalici\u00f3n votaron por Petro<\/a> y su coalici\u00f3n recibi\u00f3 el <a href=\"https:\/\/twitter.com\/petrogustavo\/status\/1503155013237026823\">47% de todos los votos, mucho m\u00e1s que el 32% obtenido por la coalici\u00f3n de derecha \u201cEquipo por Colombia\u201d y la coalici\u00f3n de centro \u201cCentro Esperanza\u201d, que nada m\u00e1s obtuvo 19%.&nbsp;<\/a><\/p>\n\n\n\n<p>En t\u00e9rminos legislativos, el Pacto Hist\u00f3rico logr\u00f3 obtener un n\u00famero considerable de legisladores tanto en el senado (16, uno menos que el Partido Conservador que obtuvo la mayor cantidad) y la Camara de Representantes (27, cinco menos que los liberales, quienes obtuvieron la mayor cantidad). Estos son logros decentes, considerando que esta es la primera elecci\u00f3n para la coalici\u00f3n, incluso si se tiene en cuenta que las organizaciones que representa han existido por d\u00e9cadas. Sin embargo, es importante notar que todav\u00eda es una minor\u00eda en el congreso.&nbsp;<\/p>\n\n\n\n<p>Estos son resultados extremadamente alentadores para lo que se perfila como un nuevo periodo en la pol\u00edtica colombiana. Despu\u00e9s de dos paros nacionales y la firma del tratado de paz que desarm\u00f3 a FARC y las integr\u00f3 a la pol\u00edtica nacional, parece que el establecimiento de la derecha encabezado por el presidente Iv\u00e1n Duque y su mentor, Alvaro Uribe Velez, se encuentra en reflujo y que hay campo abierto para que la izquierda maniobre en un pa\u00eds en la que ha sido asfixiada, hist\u00f3ricamente. Como marxistas, tenemos que entender este pr\u00f3ximo periodo en el contexto de la crisis del capitalismo mundial para tomar una posici\u00f3n correcta.&nbsp;<\/p>\n\n\n\n<h4 class=\"wp-block-heading\">El establecimiento en reflujo<\/h4>\n\n\n\n<p>Los partidos de la oligarqu\u00eda se han encontrado en un relativo reflujo en comparaci\u00f3n a periodos anteriores. Vale la pena recordar que el Centro Democratico (el partido de Alvaro Uribe Velez) pas\u00f3 de tener 32 representantes a 16. Tambi\u00e9n perdi\u00f3 5 curules en el senado. <a href=\"https:\/\/cnnespanol.cnn.com\/2022\/03\/14\/resultados-elecciones-colombia-2022-ganadores-perdedores-legislativas-consultas-orix\/\">En t\u00e9rminos de votantes, el partido pas\u00f3 de recibir 2.5 millones de votos en el senado a 1.9 millones, mientras que en la c\u00e1mara de representantes pasaron de recibir 2.3 millones de votos a 1.6 millones<\/a>.<\/p>\n\n\n\n<p>Esto es un reflejo del rechazo que enfrenta el Centro Democratico. Duque tiene una <a href=\"https:\/\/www.elespectador.com\/politica\/elecciones-colombia-2022\/encuesta-invamer-petro-gana-en-todos-los-escenarios-en-primera-y-segunda-vuelta\/\">desaprobaci\u00f3n&nbsp; del 70,7%<\/a>. Uribe termin\u00f3 el 2021 <a href=\"https:\/\/www.elespectador.com\/politica\/alvaro-uribe-registra-su-tasa-de-favorabilidad-mas-baja-en-25-anos\/\">con una aprobaci\u00f3n del 19%<\/a> (vale recordar que Uribe termin\u00f3 su presidencia en 2008 con una aprobaci\u00f3n del 80%). Despu\u00e9s de las elecciones, el Centro Democratico tuvo una reuni\u00f3n para evaluar sus p\u00e9rdidas y el camino a seguir, en donde <a href=\"https:\/\/www.elcolombiano.com\/colombia\/politica\/alvaro-uribe-reconoce-que-el-centro-democratico-perdio-curules-por-su-culpa-MM16928664\">Uribe declar\u00f3 que \u00e9l era culpable por el pobre resultado.&nbsp;<\/a><\/p>\n\n\n\n<p>Equipo por Colombia, la coalici\u00f3n de derecha, termin\u00f3 eligiendo a Federico \u201cFico\u201d Gutierrez como su candidato con <a href=\"https:\/\/www.larepublica.co\/resultados-elecciones-2022\/consulta-equipo-por-colombia\">2.160.329 votos<\/a>. Es claro para muchos que su gobierno continuar\u00eda las pol\u00edticas de Uribe y Duque. Despu\u00e9s de todo, Fico recibi\u00f3 el apoyo de Uribe como alcalde de Medell\u00edn y el candidato del Centro Democratico, Oscar Iv\u00e1n Zuluaga, ya se ha retirado de la contienda para comenzar a consolidar a la derecha detr\u00e1s de Fico y prevenir la victoria de Gustavo Petro.&nbsp;<\/p>\n\n\n\n<figure class=\"wp-block-image size-full\"><img fetchpriority=\"high\" decoding=\"async\" width=\"980\" height=\"674\" src=\"https:\/\/colombiamarxista.com\/wp-content\/uploads\/2022\/03\/1647200048_856389_1647221903_album_normal.jpg\" alt=\"\" class=\"wp-image-2890\" srcset=\"https:\/\/colombiamarxista.com\/wp-content\/uploads\/2022\/03\/1647200048_856389_1647221903_album_normal.jpg 980w, https:\/\/colombiamarxista.com\/wp-content\/uploads\/2022\/03\/1647200048_856389_1647221903_album_normal-300x206.jpg 300w, https:\/\/colombiamarxista.com\/wp-content\/uploads\/2022\/03\/1647200048_856389_1647221903_album_normal-768x528.jpg 768w\" sizes=\"(max-width: 980px) 100vw, 980px\" \/><\/figure>\n\n\n\n<p>La coalici\u00f3n de centro, Centro Esperanza, ha elegido a Sergio Fajardo como su candidato por segunda vez, con 2.1 millones de personas votando en la consulta en total, solo un poco menos de todas las personas que votaron por Fico. Tambi\u00e9n es diciente que Fajardo solo obtuvo 723.000 votos, que es 60.000 menos que Francia Marquez, quien obtuvo el segundo puesto en la consulta del Pacto Hist\u00f3rico. Estos resultados muestran el grado de polarizaci\u00f3n del electorado y tambi\u00e9n que tan desconectado est\u00e1 el establecimiento de las masas en estos \u00faltimos tres a\u00f1os.&nbsp;<\/p>\n\n\n\n<h4 class=\"wp-block-heading\">El significado hist\u00f3rico de una presidencia Petro<\/h4>\n\n\n\n<p>La historia de Colombia est\u00e1 llena de reformistas y populistas que han aspirado a la presidencia solo para ser asesinados. Jorge Eliecer Gait\u00e1n (candidato por el partido Liberal y simpatizante de las ideas del socialismo), Luis Carlos Gal\u00e1n (fundador del movimiento del Nuevo Liberalismo, quien atac\u00f3 abiertamente al establecimiento y sus lazos con el narcotr\u00e1fico), Bernardo Jaramillo (candidato presidencial por el Partido Comunista&nbsp; y la Uni\u00f3n Patri\u00f3tica) y Carlos Pizarro (anterior comandante de la guerrilla del M-19, que se convirti\u00f3 en un partido pol\u00edtico, por el que corri\u00f3 a la presidencia) fueron todos asesinados antes de que pudieran participar en las elecciones.&nbsp;<\/p>\n\n\n\n<div class=\"wp-block-image\"><figure class=\"aligncenter size-full\"><img decoding=\"async\" width=\"440\" height=\"439\" src=\"https:\/\/colombiamarxista.com\/wp-content\/uploads\/2022\/03\/candidatos-1.png\" alt=\"\" class=\"wp-image-2892\" srcset=\"https:\/\/colombiamarxista.com\/wp-content\/uploads\/2022\/03\/candidatos-1.png 440w, https:\/\/colombiamarxista.com\/wp-content\/uploads\/2022\/03\/candidatos-1-300x300.png 300w, https:\/\/colombiamarxista.com\/wp-content\/uploads\/2022\/03\/candidatos-1-150x150.png 150w, https:\/\/colombiamarxista.com\/wp-content\/uploads\/2022\/03\/candidatos-1-96x96.png 96w\" sizes=\"(max-width: 440px) 100vw, 440px\" \/><figcaption>En el sentido de las agujas del reloj: Jorge Eliecer Gait\u00e1n, Bernardo Jaramillo, Luis Carlos Gal\u00e1n, Carlos Pizarro<\/figcaption><\/figure><\/div>\n\n\n\n<p>Colombia tambi\u00e9n es uno de los pa\u00edses donde ser un activista social o un sindicalista acarrea un riesgo serio a la vida. De acuerdo <a href=\"https:\/\/www.instagram.com\/p\/CbOjlFgsXiG\/\">con Indepaz<\/a>, 41 activistas han sido asesinados en 2022 y 1327 han sido asesinados desde la firma de los acuerdos de paz. Por otro lado, 308 antiguos miembros de las FARC y firmantes de los acuerdos de paz han sido asesinados desde 2016, de los cuales 9 han sido asesinados este a\u00f1o. La brutalidad de la clase dominante colombiana est\u00e1 bien documentada. Eventos hist\u00f3ricos como la aniquilaci\u00f3n de la Uni\u00f3n Patri\u00f3tica, con el estado dependiendo de grupos paramilitares para efectuar la masacre o el escandalo de los falsos positivos en donde <a href=\"https:\/\/www.jep.gov.co\/Sala-de-Prensa\/Paginas\/La-JEP-hace-p%C3%BAblica-la-estrategia-de-priorizaci%C3%B3n-dentro-del-Caso-03,-conocido-como-el-de-falsos-positivos.aspx\">hasta 6.402 personas<\/a> fueron asesinadas por el ejercito y vestidas como combatientes enemigos para justificar su asesinato, demuestran exactamente con lo que estamos tratando.&nbsp;<\/p>\n\n\n\n<p>Sin embargo, el estado de \u00e1nimo de los obreros, el campesinado y la juventud no es de pesimismo ante todo esto. Los \u00faltimos cuatro a\u00f1os han sido una respuesta contundente a las t\u00e1cticas de represi\u00f3n y austeridad de la clase dominante. El tratado de paz signific\u00f3 la retirada de las FARC como guerrilla del escenario pol\u00edtico. Sin las guerrillas, el gobierno simplemente no ten\u00eda un chivo expiatorio para justificar su dependencia del ej\u00e9rcito y la polic\u00eda para mantener el orden social y las masas no ten\u00edan miedo de organizarse y luchar por sus derechos. Es justo decir que los paros nacionales de 2019 y 2021 simplemente no hubieran ocurrido sin la desmovilizaci\u00f3n de las FARC.&nbsp;<\/p>\n\n\n\n<p>Los paros nacionales vieron la irrupci\u00f3n de las masas en la escena, como parte de un movimiento continental que incluye a la insurrecci\u00f3n ecuatoriana y el alzamiento chileno al final del 2019. Estos demostraron la fortaleza enorme de las masas, la furia profunda y la oposici\u00f3n masiva a la oligarqu\u00eda colombiana y sus representantes pol\u00edticos. Las masas, con la juventud al frente, lucharon contra medidas de austeridad y no se acobardaron frente a la brutal represi\u00f3n policial y militar. La importancia de los dos paros nacionales no se puede subestimar. Sin embargo, sin un liderazgo claro, el movimiento se agot\u00f3. Habiendo ganado unas concesiones del gobierno y sin una perspectiva sobre c\u00f3mo avanzar, las masas se retiraron de las calles y toda la atenci\u00f3n se concentr\u00f3 en el proceso electoral del 2022.&nbsp;<\/p>\n\n\n\n<p>Las masas colombianas no tienen la experiencia de un gobierno reformista. Esto hace de una presidencia de Petro algo prometedor y hay expectativas de que va a poder lograr algunas de las reformas prometidas. Pero es importante se\u00f1alar que la capacidad de un gobierno de Petro de implementar estas reformas es muy limitada debido a razones que se mencionan m\u00e1s abajo. Sin embargo, una victoria de Petro en las elecciones presidenciales ser\u00eda muy importante porque le dar\u00e1 confianza a las masas mientras avanzan y luchan por mejores salarios, condiciones de trabajo y luchar contra la clase dominante y tambi\u00e9n proveer\u00e1 las lesiones necesarias con respecto a los l\u00edmites del reformismo.&nbsp;<\/p>\n\n\n\n<h4 class=\"wp-block-heading\">La naturaleza conciliatoria de Petro&nbsp;<\/h4>\n\n\n\n<figure class=\"wp-block-image size-full\"><img decoding=\"async\" width=\"980\" height=\"653\" src=\"https:\/\/colombiamarxista.com\/wp-content\/uploads\/2022\/03\/1647200048_856389_1647223648_album_normal.jpg\" alt=\"\" class=\"wp-image-2895\" srcset=\"https:\/\/colombiamarxista.com\/wp-content\/uploads\/2022\/03\/1647200048_856389_1647223648_album_normal.jpg 980w, https:\/\/colombiamarxista.com\/wp-content\/uploads\/2022\/03\/1647200048_856389_1647223648_album_normal-300x200.jpg 300w, https:\/\/colombiamarxista.com\/wp-content\/uploads\/2022\/03\/1647200048_856389_1647223648_album_normal-768x512.jpg 768w\" sizes=\"(max-width: 980px) 100vw, 980px\" \/><figcaption>Gustavo Petro y Francia Marquez<\/figcaption><\/figure>\n\n\n\n<p>La cuesti\u00f3n clave es, c\u00f3mo se ver\u00eda una presidencia de Petro? Es diciente que Petro vol\u00f3 a Chile antes de la elecci\u00f3n para presenciar la inauguraci\u00f3n de Gabriel Boric. En <a href=\"https:\/\/cambiocolombia.com\/articulo\/politica\/petro-ya-no-es-mamerto-cronica-de-un-viaje\">un perfil sobre Petro escrito por Mar\u00eda Jimena Duzan<\/a>, Petro es citado mencionando que tal vez ser\u00eda forzado a gobernar en conjunto a congreso de derecha al igual que a Boric, donde su partido es una minor\u00eda en ambas c\u00e1maras. El enfoque de Petro es similar al de Boric, prometiendo reformas pero queriendo lograrlas dentro del l\u00edmite del sistema que quiere \u201chumanizar\u201d en vez de derrocar.&nbsp;<\/p>\n\n\n\n<p>Efectivamente hablando, Pacto Hist\u00f3rico, si bien es un grupo grande en un congreso dividido entre diez partidos, todav\u00eda es una minor\u00eda y usar\u00e1 esto como una excusa para ofrecer concesiones para pasar cualquier ley que proponga. De hecho, la \u00fanica manera de sobrellevar una aritm\u00e9tica parlamentaria desfavorable ser\u00eda confiar en la movilizaci\u00f3n masiva de los obreros, el campesinado, la juventud, las mujeres y la minga indigena en las calles para avanzar un programa de transformaci\u00f3n social.<\/p>\n\n\n\n<p>Cuando a esto se le agrega la composici\u00f3n del Pacto Hist\u00f3rico (un frente popular uniendo tanto a organizaciones obreras con figuras renegadas del establecimiento, buscando alianzas con el partido liberal para reforzar su campa\u00f1a online), es claro que las bases del Pacto Hist\u00f3rico tendr\u00e1n que luchar a como d\u00e9 lugar para obtener los logros que la presidencia de Petro promete.&nbsp;<\/p>\n\n\n\n<p>Vale la pena recordar que en 2018, cuando Petro lleg\u00f3 a la segunda ronda, se orient\u00f3 a la conciliaci\u00f3n y mitig\u00f3 su programa. Pas\u00f3 de luchar por la reforma agraria a declarar que su gobierno no expropiar\u00e1 (una consigna que defiende hoy). Con respecto a temas como el aborto, Petro trata de apaciguar a ambos lados, diciendo que apoya el derecho de las mujeres de elegir, pero que tambi\u00e9n preferir\u00eda usar la educaci\u00f3n sexual para prevenir embarazos en el primer lugar, declarando que <a href=\"https:\/\/www.elcolombiano.com\/colombia\/petro-hablo-sobre-el-debate-del-aborto-tras-llegada-del-pastor-alfredo-saade-gf15984103\">no es un candidato pro-aborto.<\/a> Esto abre la puerta a la posibilidad a retroceder en caso de que se convoque un referendo para revocar la decisi\u00f3n de la Corte Constitucional de descriminalizar el aborto.&nbsp;<\/p>\n\n\n\n<p>El m\u00e9todo de Petro implica ganar a las masas a un programa de cambio mientras que aten\u00faa su programa para apaciguar a la clase dominante. De hecho, este m\u00e9todo \u201cpragm\u00e1tico\u201d es contraproductivo. Las masas de obreros, campesinos y oprimidos s\u00f3lo pueden ser movilizadas por un programa de transformaci\u00f3n radical. Eliminar las aristas m\u00e1s radicales no enga\u00f1ar\u00e1 a la clase dominante, pero podr\u00eda causar abatimiento y desmovilizaci\u00f3n dentro de la base natural de apoyo de Petro.&nbsp;<\/p>\n\n\n\n<p>Hay una secci\u00f3n de la clase dominante que reconoce la necesidad de una presidencia de Petro precisamente por que aquietar\u00eda a las masas y prevendr\u00eda otro alzamiento. Pero hay tambi\u00e9n otra capa de la clase dominante que reconoce el peligro detr\u00e1s de Petro. Si bien su programa y su partido son reformistas, han ganado el apoyo de millones de personas que quieren ponerle fin a la crueldad del capitalismo colombiano. Y esas personas no se contentar\u00e1n simplemente con reformas cosm\u00e9ticas por siempre.&nbsp;<\/p>\n\n\n\n<p>Esta capa har\u00e1 lo que sea para sabotear una presidencia de Petro. Por ejemplo, est\u00e1 <a href=\"https:\/\/www.portafolio.co\/economia\/gobierno\/clausula-petro-es-legal-implementar-esta-condicion-en-contratos-561171\">la cl\u00e1usula Petro<\/a>. Muchos contratos de negocios tienen una cl\u00e1usula declarando que el contrato puede ser revocado por cualquiera de las dos partes en caso de presidencia de Petro. Tambi\u00e9n est\u00e1 la campa\u00f1a de calumnias lanzadas a Petro y a su programa a trav\u00e9s de los medios, haci\u00e9ndolo parecer como el heredero de Hugo Chavez. Este es el amarillismo de una clase dominante que est\u00e1 asustada. La realidad es que el programa de Petro es de un \u201ccapitalismo humano\u201d, en sus propias palabras.&nbsp;<\/p>\n\n\n\n<p>Esta clase dominante est\u00e1 acostumbrada a tener a su empleado en la Casa de Nari\u00f1o y solo hasta ahora se ha encontrado con una oposici\u00f3n ser\u00eda. Las guerrillas nunca desafiaron seriamente el poder de la oligarqu\u00eda, incluso si en ciertos episodios podr\u00edan haber parecido m\u00e1s fuertes de lo que eran, como en la toma del Palacio de Justicia. Pero el gobierno siempre fue h\u00e1bil a la hora de separar a las guerrillas de las masas. Y fuera de episodios como El Bogotazo y el Paro Nacional de 1977, las masas colombianas no han desafiado por el poder de la misma manera en que lo han hecho en estos tres a\u00f1os.&nbsp;<\/p>\n\n\n\n<h4 class=\"wp-block-heading\">El gobierno de Petro y las tareas de los marxistas<\/h4>\n\n\n\n<p>Si Petro fuera a tomar el poder, lo har\u00eda con una econom\u00eda que ha tenido la apariencia de una recuperaci\u00f3n de la pandemia. <a href=\"https:\/\/www.portafolio.co\/economia\/gobierno\/colombia-ha-recuperado-el-88-4-de-empleos-perdidos-por-la-pandemia-558084\">88.4% de los empleos perdidos a trav\u00e9s de la pandemia han sido recuperados<\/a> y <a href=\"https:\/\/www.elespectador.com\/economia\/macroeconomia\/que-tanto-crecio-la-economia-de-colombia-frente-a-otros-paises\/#:~:text=En%202021%20el%20PIB%20de,de%20la%20historia%20econ%C3%B3mica%20nacional.\">el PIB han incrementado por 10.6% (2.8% por encima del PIB antes de la pandemia)<\/a>. Sin embargo Colombia se enfrenta a <a href=\"https:\/\/www.larepublica.co\/economia\/colombia-cierra-2021-con-inflacion-de-562-la-mas-alta-registrada-en-cinco-anos-3283454#:~:text=Colombia%20acumul%C3%B3%20una%20inflaci%C3%B3n%20de,inform%C3%B3%20el%20mi%C3%A9rcoles%20el%20Gobierno.\">una tasa de inflaci\u00f3n de 5.61%<\/a> y una deuda nacional de <a href=\"https:\/\/www.portafolio.co\/economia\/finanzas\/deuda-bruta-de-colombia-cerro-2021-con-un-nivel-de-61-5-del-pib-560769\">181 millardos<\/a> (equivalente a 61.5% del PIB). Similarmente, intentos a alzar el salario m\u00ednimo apenas se mantienen con la canasta familiar (a saber: el salario m\u00ednimo es 262 USD mientras que la canasta familiar est\u00e1 calculado entre 209 USD y 786 USD). Bajo estas condiciones, es claro que la oligarqu\u00eda necesitar\u00e1 implementar medidas de austeridad para incrementar su lucro. Esta situaci\u00f3n no le da mucha capacidad de maniobra a un gobierno reformista para implementar reformas.&nbsp;<\/p>\n\n\n\n<p>M\u00e1s all\u00e1 de esto, vale la pena considerar la situaci\u00f3n del capitalismo mundial. Despu\u00e9s de una crisis financiera y una guerra que amenaza a reducir el suministro de petr\u00f3leo mundial, es muy probable que la propuesta del gobierno de Petro de parar todas las operaciones de las petroleras y mineras cuando llegue a la presidencia sea opuesta fervientemente por la oligarqu\u00eda colombiana y la clase dominante internacional. Adem\u00e1s, Colombia ha sido un basti\u00f3n del imperialismo estadounidense por mucho tiempo, con bases militares e importancia estrat\u00e9gica para Washington. Ellos no permitir\u00e1n que Colombia salga de su control sin dar la batalla.&nbsp;<\/p>\n\n\n\n<p>Una presidencia de Petro ser\u00eda una tremenda oportunidad para el naciente movimiento de la clase obrera, el campesinado y la juventud. No necesariamente por lo que Petro har\u00eda por estos sino por lo que ellos tendr\u00edan que hacer tanto para obtener una presidencia de Petro y defender su programa de reformas de los ataques de la derecha. Tendr\u00edan que luchar para enfrentar al ala de la clase dominante que no est\u00e1 dispuesta a retroceder ni un cent\u00edmetro en un pa\u00eds que han dominado con un pu\u00f1o de hierro por d\u00e9cadas.&nbsp;<\/p>\n\n\n\n<p>Somos cr\u00edticos del programa de Petro y el m\u00e9todo del Pacto Hist\u00f3rico ya que no creemos que el capitalismo pueda ser reformado, humanizado o utilizado en beneficio de los intereses de las masas de obreros y pobres. Al mismo tiempo es claro que la perspectiva de la llegada al poder de Petro refleja las aspiraciones de millones que quieren dejar atr\u00e1s d\u00e9cadas de austeridad, represi\u00f3n y los horrores que han convertido a la oligarqu\u00eda colombiana en una clase dominante reconocida por su crueldad a nivel internacional. No compartimos estas ilusiones pero acompa\u00f1aremos a las masas en su experiencia. Debemos explicar pacientemente que los obreros s\u00f3lo podemos confiar en nuestras propias fuerzas. Las masas aprender\u00e1n a trav\u00e9s de su experiencia.&nbsp;<\/p>\n\n\n\n<p>Un nuevo cap\u00edtulo est\u00e1 siendo escrito en la lucha de clases del continente y Colombia se ha encontrado como uno de sus ejes principales. Un pa\u00eds que muchos en la izquierda hab\u00edan declarado como condenado ha tenido no una sino tres insurrecciones en tres a\u00f1os y est\u00e1 a punto de dejar atr\u00e1s la desgracia del Uribismo. Es necesario crear un liderazgo revolucionario que pueda abanderar las luchas del campesinado, la clase obrera y la juventud para avanzar a donde Gustavo Petro y el Pacto Hist\u00f3rico no se atrever\u00e1n, mientras defiendan cualquier conquista lograda a trav\u00e9s del Pacto Hist\u00f3rico.&nbsp;<\/p>\n\n\n\n<p>Semejante liderazgo le podr\u00eda dar a estos cientos de miles que han sido atra\u00eddos al Pacto Hist\u00f3rico un programa pol\u00edtico que pueda representar sus intereses y las t\u00e1cticas y estrategia necesarias para implementarlos. Pero ese liderazgo solo puede ganarse la confianza de los mejores elementos del Pacto luchando hombro con hombro con el resto de la clase y repeliendo los ataques de la derecha. Ser\u00e1 a trav\u00e9s de esta lucha que los obreros aprender\u00e1n que solo una transformaci\u00f3n socialista de la sociedad le puede poner fin a la oligarqu\u00eda que se ha alimentado del atraso de este pa\u00eds y ha creado la necesidad del Pacto Hist\u00f3rico en primer lugar.&nbsp;<\/p>\n\n\n\n<p>En la elecci\u00f3n de Mayo 29, nuestra consigna, por consiguiente, debe ser <strong><em>Votar por Petro, Luchar Por El Socialismo.&nbsp;<\/em><\/strong><\/p>\n","protected":false},"excerpt":{"rendered":"<p>El pasado Marzo 13, Colombia celebr\u00f3 sus elecciones legislativas al igual que sus \u201celecciones consultivas\u201d donde cada coalici\u00f3n elegir\u00eda a su candidato presidencial para las elecciones de este a\u00f1o. Gustavo Petro ha obtenido la nominaci\u00f3n de la coalici\u00f3n de centro-izquierda \u201cPacto Hist\u00f3rico\u201d con apoyo abrumador tanto dentro de su partido como dentro del electorado general.&nbsp; [&hellip;]<\/p>\n","protected":false},"author":2,"featured_media":2889,"comment_status":"open","ping_status":"open","sticky":false,"template":"","format":"standard","meta":{"footnotes":""},"categories":[201],"tags":[265,275,334,335,336,337],"class_list":["post-2888","post","type-post","status-publish","format-standard","has-post-thumbnail","hentry","category-politica","tag-reformismo","tag-gustavo-petro","tag-elecciones-legislativas","tag-consultas-presidenciales","tag-centro-democratico","tag-uribismo"],"yoast_head":"<!-- This site is optimized with the Yoast SEO plugin v27.5 - https:\/\/yoast.com\/product\/yoast-seo-wordpress\/ -->\n<title>Balance de las legislativas: La ca\u00edda del Uribismo y el alza de Gustavo Petro - Comunistas Revolucionarios de Colombia<\/title>\n<meta name=\"robots\" content=\"index, follow, max-snippet:-1, max-image-preview:large, max-video-preview:-1\" \/>\n<link rel=\"canonical\" href=\"https:\/\/colombiamarxista.com\/?p=2888\" \/>\n<meta property=\"og:locale\" content=\"es_ES\" \/>\n<meta property=\"og:type\" content=\"article\" \/>\n<meta property=\"og:title\" content=\"Balance de las legislativas: La ca\u00edda del Uribismo y el alza de Gustavo Petro\" \/>\n<meta property=\"og:description\" content=\"El pasado Marzo 13, Colombia celebr\u00f3 sus elecciones legislativas al igual que sus \u201celecciones consultivas\u201d donde cada coalici\u00f3n elegir\u00eda a su candidato presidencial para las elecciones de este a\u00f1o. Gustavo Petro ha obtenido la nominaci\u00f3n de la coalici\u00f3n de centro-izquierda \u201cPacto Hist\u00f3rico\u201d con apoyo abrumador tanto dentro de su partido como dentro del electorado general.&nbsp; [&hellip;]\" \/>\n<meta property=\"og:url\" content=\"https:\/\/colombiamarxista.com\/?p=2888\" \/>\n<meta property=\"og:site_name\" content=\"Comunistas Revolucionarios de Colombia\" \/>\n<meta property=\"article:published_time\" content=\"2022-03-22T12:38:49+00:00\" \/>\n<meta property=\"article:modified_time\" content=\"2022-03-22T15:28:38+00:00\" \/>\n<meta property=\"og:image\" content=\"https:\/\/colombiamarxista.com\/wp-content\/uploads\/2022\/03\/1647200048_856389_1647204360_album_normal.jpg\" \/>\n\t<meta property=\"og:image:width\" content=\"980\" \/>\n\t<meta property=\"og:image:height\" content=\"653\" \/>\n\t<meta property=\"og:image:type\" content=\"image\/jpeg\" \/>\n<meta name=\"author\" content=\"Gabriel Galeano\" \/>\n<meta name=\"twitter:card\" content=\"summary_large_image\" \/>\n<meta name=\"twitter:title\" content=\"Balance de las legislativas: La ca\u00edda del Uribismo y el alza de Gustavo Petro\" \/>\n<meta name=\"twitter:image\" content=\"https:\/\/colombiamarxista.com\/wp-content\/uploads\/2022\/03\/1647200048_856389_1647204360_album_normal.jpg\" \/>\n<meta name=\"twitter:label1\" content=\"Escrito por\" \/>\n\t<meta name=\"twitter:data1\" content=\"Gabriel Galeano\" \/>\n\t<meta name=\"twitter:label2\" content=\"Tiempo de lectura\" \/>\n\t<meta name=\"twitter:data2\" content=\"13 minutos\" \/>\n<script type=\"application\/ld+json\" class=\"yoast-schema-graph\">{\"@context\":\"https:\\\/\\\/schema.org\",\"@graph\":[{\"@type\":\"Article\",\"@id\":\"https:\\\/\\\/colombiamarxista.com\\\/?p=2888#article\",\"isPartOf\":{\"@id\":\"https:\\\/\\\/colombiamarxista.com\\\/?p=2888\"},\"author\":{\"name\":\"Gabriel Galeano\",\"@id\":\"https:\\\/\\\/colombiamarxista.com\\\/#\\\/schema\\\/person\\\/7144a9d3ac99877932a4974fbd819cbf\"},\"headline\":\"Balance de las legislativas: La ca\u00edda del Uribismo y el alza de Gustavo Petro\",\"datePublished\":\"2022-03-22T12:38:49+00:00\",\"dateModified\":\"2022-03-22T15:28:38+00:00\",\"mainEntityOfPage\":{\"@id\":\"https:\\\/\\\/colombiamarxista.com\\\/?p=2888\"},\"wordCount\":2907,\"commentCount\":0,\"publisher\":{\"@id\":\"https:\\\/\\\/colombiamarxista.com\\\/#organization\"},\"image\":{\"@id\":\"https:\\\/\\\/colombiamarxista.com\\\/?p=2888#primaryimage\"},\"thumbnailUrl\":\"https:\\\/\\\/colombiamarxista.com\\\/wp-content\\\/uploads\\\/2022\\\/03\\\/1647200048_856389_1647204360_album_normal.jpg\",\"keywords\":[\"reformismo\",\"gustavo petro\",\"elecciones legislativas\",\"consultas presidenciales\",\"centro democratico\",\"uribismo\"],\"articleSection\":[\"Pol\u00edtica\"],\"inLanguage\":\"es-CO\",\"potentialAction\":[{\"@type\":\"CommentAction\",\"name\":\"Comment\",\"target\":[\"https:\\\/\\\/colombiamarxista.com\\\/?p=2888#respond\"]}]},{\"@type\":\"WebPage\",\"@id\":\"https:\\\/\\\/colombiamarxista.com\\\/?p=2888\",\"url\":\"https:\\\/\\\/colombiamarxista.com\\\/?p=2888\",\"name\":\"Balance de las legislativas: La ca\u00edda del Uribismo y el alza de Gustavo Petro - Comunistas Revolucionarios de Colombia\",\"isPartOf\":{\"@id\":\"https:\\\/\\\/colombiamarxista.com\\\/#website\"},\"primaryImageOfPage\":{\"@id\":\"https:\\\/\\\/colombiamarxista.com\\\/?p=2888#primaryimage\"},\"image\":{\"@id\":\"https:\\\/\\\/colombiamarxista.com\\\/?p=2888#primaryimage\"},\"thumbnailUrl\":\"https:\\\/\\\/colombiamarxista.com\\\/wp-content\\\/uploads\\\/2022\\\/03\\\/1647200048_856389_1647204360_album_normal.jpg\",\"datePublished\":\"2022-03-22T12:38:49+00:00\",\"dateModified\":\"2022-03-22T15:28:38+00:00\",\"breadcrumb\":{\"@id\":\"https:\\\/\\\/colombiamarxista.com\\\/?p=2888#breadcrumb\"},\"inLanguage\":\"es-CO\",\"potentialAction\":[{\"@type\":\"ReadAction\",\"target\":[\"https:\\\/\\\/colombiamarxista.com\\\/?p=2888\"]}]},{\"@type\":\"ImageObject\",\"inLanguage\":\"es-CO\",\"@id\":\"https:\\\/\\\/colombiamarxista.com\\\/?p=2888#primaryimage\",\"url\":\"https:\\\/\\\/colombiamarxista.com\\\/wp-content\\\/uploads\\\/2022\\\/03\\\/1647200048_856389_1647204360_album_normal.jpg\",\"contentUrl\":\"https:\\\/\\\/colombiamarxista.com\\\/wp-content\\\/uploads\\\/2022\\\/03\\\/1647200048_856389_1647204360_album_normal.jpg\",\"width\":980,\"height\":653},{\"@type\":\"BreadcrumbList\",\"@id\":\"https:\\\/\\\/colombiamarxista.com\\\/?p=2888#breadcrumb\",\"itemListElement\":[{\"@type\":\"ListItem\",\"position\":1,\"name\":\"Home\",\"item\":\"https:\\\/\\\/colombiamarxista.com\\\/\"},{\"@type\":\"ListItem\",\"position\":2,\"name\":\"Balance de las legislativas: La ca\u00edda del Uribismo y el alza de Gustavo Petro\"}]},{\"@type\":\"WebSite\",\"@id\":\"https:\\\/\\\/colombiamarxista.com\\\/#website\",\"url\":\"https:\\\/\\\/colombiamarxista.com\\\/\",\"name\":\"Comunistas Revolucionarios de Colombia\",\"description\":\"\",\"publisher\":{\"@id\":\"https:\\\/\\\/colombiamarxista.com\\\/#organization\"},\"potentialAction\":[{\"@type\":\"SearchAction\",\"target\":{\"@type\":\"EntryPoint\",\"urlTemplate\":\"https:\\\/\\\/colombiamarxista.com\\\/?s={search_term_string}\"},\"query-input\":{\"@type\":\"PropertyValueSpecification\",\"valueRequired\":true,\"valueName\":\"search_term_string\"}}],\"inLanguage\":\"es-CO\"},{\"@type\":\"Organization\",\"@id\":\"https:\\\/\\\/colombiamarxista.com\\\/#organization\",\"name\":\"Comunistas Revolucionarios de Colombia\",\"url\":\"https:\\\/\\\/colombiamarxista.com\\\/\",\"logo\":{\"@type\":\"ImageObject\",\"inLanguage\":\"es-CO\",\"@id\":\"https:\\\/\\\/colombiamarxista.com\\\/#\\\/schema\\\/logo\\\/image\\\/\",\"url\":\"https:\\\/\\\/colombiamarxista.com\\\/wp-content\\\/uploads\\\/2026\\\/04\\\/logo-crc_Mesa-de-trabajo-1-scaled.png\",\"contentUrl\":\"https:\\\/\\\/colombiamarxista.com\\\/wp-content\\\/uploads\\\/2026\\\/04\\\/logo-crc_Mesa-de-trabajo-1-scaled.png\",\"width\":2560,\"height\":1920,\"caption\":\"Comunistas Revolucionarios de Colombia\"},\"image\":{\"@id\":\"https:\\\/\\\/colombiamarxista.com\\\/#\\\/schema\\\/logo\\\/image\\\/\"}},{\"@type\":\"Person\",\"@id\":\"https:\\\/\\\/colombiamarxista.com\\\/#\\\/schema\\\/person\\\/7144a9d3ac99877932a4974fbd819cbf\",\"name\":\"Gabriel Galeano\",\"image\":{\"@type\":\"ImageObject\",\"inLanguage\":\"es-CO\",\"@id\":\"https:\\\/\\\/secure.gravatar.com\\\/avatar\\\/4f42705dcaa003feae644c4b7be0eb3a7f70ab67775c0c92a8b8eebb460d0140?s=96&d=mm&r=g\",\"url\":\"https:\\\/\\\/secure.gravatar.com\\\/avatar\\\/4f42705dcaa003feae644c4b7be0eb3a7f70ab67775c0c92a8b8eebb460d0140?s=96&d=mm&r=g\",\"contentUrl\":\"https:\\\/\\\/secure.gravatar.com\\\/avatar\\\/4f42705dcaa003feae644c4b7be0eb3a7f70ab67775c0c92a8b8eebb460d0140?s=96&d=mm&r=g\",\"caption\":\"Gabriel Galeano\"},\"url\":\"https:\\\/\\\/colombiamarxista.com\\\/?author=2\"}]}<\/script>\n<!-- \/ Yoast SEO plugin. -->","yoast_head_json":{"title":"Balance de las legislativas: La ca\u00edda del Uribismo y el alza de Gustavo Petro - Comunistas Revolucionarios de Colombia","robots":{"index":"index","follow":"follow","max-snippet":"max-snippet:-1","max-image-preview":"max-image-preview:large","max-video-preview":"max-video-preview:-1"},"canonical":"https:\/\/colombiamarxista.com\/?p=2888","og_locale":"es_ES","og_type":"article","og_title":"Balance de las legislativas: La ca\u00edda del Uribismo y el alza de Gustavo Petro","og_description":"El pasado Marzo 13, Colombia celebr\u00f3 sus elecciones legislativas al igual que sus \u201celecciones consultivas\u201d donde cada coalici\u00f3n elegir\u00eda a su candidato presidencial para las elecciones de este a\u00f1o. Gustavo Petro ha obtenido la nominaci\u00f3n de la coalici\u00f3n de centro-izquierda \u201cPacto Hist\u00f3rico\u201d con apoyo abrumador tanto dentro de su partido como dentro del electorado general.&nbsp; [&hellip;]","og_url":"https:\/\/colombiamarxista.com\/?p=2888","og_site_name":"Comunistas Revolucionarios de Colombia","article_published_time":"2022-03-22T12:38:49+00:00","article_modified_time":"2022-03-22T15:28:38+00:00","og_image":[{"width":980,"height":653,"url":"https:\/\/colombiamarxista.com\/wp-content\/uploads\/2022\/03\/1647200048_856389_1647204360_album_normal.jpg","type":"image\/jpeg"}],"author":"Gabriel Galeano","twitter_card":"summary_large_image","twitter_title":"Balance de las legislativas: La ca\u00edda del Uribismo y el alza de Gustavo Petro","twitter_image":"https:\/\/colombiamarxista.com\/wp-content\/uploads\/2022\/03\/1647200048_856389_1647204360_album_normal.jpg","twitter_misc":{"Escrito por":"Gabriel Galeano","Tiempo de lectura":"13 minutos"},"schema":{"@context":"https:\/\/schema.org","@graph":[{"@type":"Article","@id":"https:\/\/colombiamarxista.com\/?p=2888#article","isPartOf":{"@id":"https:\/\/colombiamarxista.com\/?p=2888"},"author":{"name":"Gabriel Galeano","@id":"https:\/\/colombiamarxista.com\/#\/schema\/person\/7144a9d3ac99877932a4974fbd819cbf"},"headline":"Balance de las legislativas: La ca\u00edda del Uribismo y el alza de Gustavo Petro","datePublished":"2022-03-22T12:38:49+00:00","dateModified":"2022-03-22T15:28:38+00:00","mainEntityOfPage":{"@id":"https:\/\/colombiamarxista.com\/?p=2888"},"wordCount":2907,"commentCount":0,"publisher":{"@id":"https:\/\/colombiamarxista.com\/#organization"},"image":{"@id":"https:\/\/colombiamarxista.com\/?p=2888#primaryimage"},"thumbnailUrl":"https:\/\/colombiamarxista.com\/wp-content\/uploads\/2022\/03\/1647200048_856389_1647204360_album_normal.jpg","keywords":["reformismo","gustavo petro","elecciones legislativas","consultas presidenciales","centro democratico","uribismo"],"articleSection":["Pol\u00edtica"],"inLanguage":"es-CO","potentialAction":[{"@type":"CommentAction","name":"Comment","target":["https:\/\/colombiamarxista.com\/?p=2888#respond"]}]},{"@type":"WebPage","@id":"https:\/\/colombiamarxista.com\/?p=2888","url":"https:\/\/colombiamarxista.com\/?p=2888","name":"Balance de las legislativas: La ca\u00edda del Uribismo y el alza de Gustavo Petro - Comunistas Revolucionarios de Colombia","isPartOf":{"@id":"https:\/\/colombiamarxista.com\/#website"},"primaryImageOfPage":{"@id":"https:\/\/colombiamarxista.com\/?p=2888#primaryimage"},"image":{"@id":"https:\/\/colombiamarxista.com\/?p=2888#primaryimage"},"thumbnailUrl":"https:\/\/colombiamarxista.com\/wp-content\/uploads\/2022\/03\/1647200048_856389_1647204360_album_normal.jpg","datePublished":"2022-03-22T12:38:49+00:00","dateModified":"2022-03-22T15:28:38+00:00","breadcrumb":{"@id":"https:\/\/colombiamarxista.com\/?p=2888#breadcrumb"},"inLanguage":"es-CO","potentialAction":[{"@type":"ReadAction","target":["https:\/\/colombiamarxista.com\/?p=2888"]}]},{"@type":"ImageObject","inLanguage":"es-CO","@id":"https:\/\/colombiamarxista.com\/?p=2888#primaryimage","url":"https:\/\/colombiamarxista.com\/wp-content\/uploads\/2022\/03\/1647200048_856389_1647204360_album_normal.jpg","contentUrl":"https:\/\/colombiamarxista.com\/wp-content\/uploads\/2022\/03\/1647200048_856389_1647204360_album_normal.jpg","width":980,"height":653},{"@type":"BreadcrumbList","@id":"https:\/\/colombiamarxista.com\/?p=2888#breadcrumb","itemListElement":[{"@type":"ListItem","position":1,"name":"Home","item":"https:\/\/colombiamarxista.com\/"},{"@type":"ListItem","position":2,"name":"Balance de las legislativas: La ca\u00edda del Uribismo y el alza de Gustavo Petro"}]},{"@type":"WebSite","@id":"https:\/\/colombiamarxista.com\/#website","url":"https:\/\/colombiamarxista.com\/","name":"Comunistas Revolucionarios de Colombia","description":"","publisher":{"@id":"https:\/\/colombiamarxista.com\/#organization"},"potentialAction":[{"@type":"SearchAction","target":{"@type":"EntryPoint","urlTemplate":"https:\/\/colombiamarxista.com\/?s={search_term_string}"},"query-input":{"@type":"PropertyValueSpecification","valueRequired":true,"valueName":"search_term_string"}}],"inLanguage":"es-CO"},{"@type":"Organization","@id":"https:\/\/colombiamarxista.com\/#organization","name":"Comunistas Revolucionarios de Colombia","url":"https:\/\/colombiamarxista.com\/","logo":{"@type":"ImageObject","inLanguage":"es-CO","@id":"https:\/\/colombiamarxista.com\/#\/schema\/logo\/image\/","url":"https:\/\/colombiamarxista.com\/wp-content\/uploads\/2026\/04\/logo-crc_Mesa-de-trabajo-1-scaled.png","contentUrl":"https:\/\/colombiamarxista.com\/wp-content\/uploads\/2026\/04\/logo-crc_Mesa-de-trabajo-1-scaled.png","width":2560,"height":1920,"caption":"Comunistas Revolucionarios de Colombia"},"image":{"@id":"https:\/\/colombiamarxista.com\/#\/schema\/logo\/image\/"}},{"@type":"Person","@id":"https:\/\/colombiamarxista.com\/#\/schema\/person\/7144a9d3ac99877932a4974fbd819cbf","name":"Gabriel Galeano","image":{"@type":"ImageObject","inLanguage":"es-CO","@id":"https:\/\/secure.gravatar.com\/avatar\/4f42705dcaa003feae644c4b7be0eb3a7f70ab67775c0c92a8b8eebb460d0140?s=96&d=mm&r=g","url":"https:\/\/secure.gravatar.com\/avatar\/4f42705dcaa003feae644c4b7be0eb3a7f70ab67775c0c92a8b8eebb460d0140?s=96&d=mm&r=g","contentUrl":"https:\/\/secure.gravatar.com\/avatar\/4f42705dcaa003feae644c4b7be0eb3a7f70ab67775c0c92a8b8eebb460d0140?s=96&d=mm&r=g","caption":"Gabriel Galeano"},"url":"https:\/\/colombiamarxista.com\/?author=2"}]}},"_links":{"self":[{"href":"https:\/\/colombiamarxista.com\/index.php?rest_route=\/wp\/v2\/posts\/2888","targetHints":{"allow":["GET"]}}],"collection":[{"href":"https:\/\/colombiamarxista.com\/index.php?rest_route=\/wp\/v2\/posts"}],"about":[{"href":"https:\/\/colombiamarxista.com\/index.php?rest_route=\/wp\/v2\/types\/post"}],"author":[{"embeddable":true,"href":"https:\/\/colombiamarxista.com\/index.php?rest_route=\/wp\/v2\/users\/2"}],"replies":[{"embeddable":true,"href":"https:\/\/colombiamarxista.com\/index.php?rest_route=%2Fwp%2Fv2%2Fcomments&post=2888"}],"version-history":[{"count":0,"href":"https:\/\/colombiamarxista.com\/index.php?rest_route=\/wp\/v2\/posts\/2888\/revisions"}],"wp:featuredmedia":[{"embeddable":true,"href":"https:\/\/colombiamarxista.com\/index.php?rest_route=\/wp\/v2\/media\/2889"}],"wp:attachment":[{"href":"https:\/\/colombiamarxista.com\/index.php?rest_route=%2Fwp%2Fv2%2Fmedia&parent=2888"}],"wp:term":[{"taxonomy":"category","embeddable":true,"href":"https:\/\/colombiamarxista.com\/index.php?rest_route=%2Fwp%2Fv2%2Fcategories&post=2888"},{"taxonomy":"post_tag","embeddable":true,"href":"https:\/\/colombiamarxista.com\/index.php?rest_route=%2Fwp%2Fv2%2Ftags&post=2888"}],"curies":[{"name":"wp","href":"https:\/\/api.w.org\/{rel}","templated":true}]}}