{"id":2844,"date":"2022-03-09T15:54:57","date_gmt":"2022-03-09T20:54:57","guid":{"rendered":"https:\/\/colombiamarxista.com\/?p=2844"},"modified":"2022-03-10T15:13:11","modified_gmt":"2022-03-10T20:13:11","slug":"las-elecciones-en-colombia-y-la-necesidad-de-una-partido-obrero","status":"publish","type":"post","link":"https:\/\/colombiamarxista.com\/?p=2844","title":{"rendered":"Las elecciones en Colombia y la necesidad de un partido obrero"},"content":{"rendered":"\n<p>El domingo 13 de marzo ser\u00e1n las elecciones legislativas en Colombia y en ellas se elegir\u00e1n los y las miembros de ambas c\u00e1maras del Congreso. Ese mismo d\u00eda se definir\u00e1n las consultas presidenciales de algunas agrupaciones pol\u00edticas que buscan determinar su candidato a la presidencia para enfrentarse el 29 de mayo en primera vuelta, y si fuera necesario el 19 de junio en segunda.<\/p>\n\n\n\n<p>Esta es una carrera electoral en una coyuntura&nbsp; especial para el pa\u00eds,&nbsp; al ocurrir despu\u00e9s de un periodo de tres a\u00f1os de movilizaciones masivas cada vez m\u00e1s audaces y especialmente convulsas, y&nbsp; todas manejadas con violencia e inclemencia. A la vez, son unas elecciones que suceden en medio de una crisis exacerbada por la pandemia que ha dejado al pa\u00eds con los peores \u00edndices de desempleo, pobreza e inflaci\u00f3n. No ayuda la ineptitud del peor gobierno de nuestra historia que ha minado la confianza de la ciudadan\u00eda en las instituciones burguesas al tomar todo tipo de decisiones mal calculadas haciendo evidente su desprecio por el pueblo raso y cualquier m\u00ednimo de democracia. Esto ha resquebrajado a la derecha y su \u00e9lite que se encuentran en el peor momento de popularidad en su historia.<\/p>\n\n\n\n<p>Sin embargo, la cereza del pastel es la falta de liderazgo por parte de la izquierda nacional con su reformismo liberal y utilitarista hacia las masas, desaprovechando el momento para elevar las peticiones colectivas a cuotas revolucionarias y m\u00e1s bien sirviendo de disipador oportunista pidiendo una falsa confianza en las corruptas herramientas estatales por encima de las movilizaciones ciudadanas, prefiriendo una pol\u00edtica de acercamientos con actores con larga y manchada reputaci\u00f3n. As\u00ed las cosas y con un aumento en la violencia, criminalidad y coerci\u00f3n sobre todo en zonas rurales, no se dilucida un ambiente claro.<\/p>\n\n\n\n<p><strong>Sin muchas opciones<\/strong><\/p>\n\n\n\n<p>Las propuestas ofrecidas por los partidos y candidaturas son fr\u00e1giles ante los embates de la caprichosa realidad, por lo que cualquier sismo social representa un cambio dr\u00e1stico en las preferencias del electorado. Esto \u00faltimo ha afectado, sobre todo, a las opciones de Centro como la Coalici\u00f3n de la Esperanza conformada a la fecha por Sergio Fajardo, Alejandro Gaviria, Juan Manuel Gal\u00e1n, Jorge Enrique Robledo, Carlos Amaya y Juan Fernando Cristo, todos cuadros liberales de derecha que se disfrazan de progreso, academia o izquierda.<\/p>\n\n\n\n<p>Lo propio le sucede al Equipo por Colombia, del que hacen parte Federico Guti\u00e9rrez, Alejandro Char, David Barguil, Enrique Pe\u00f1alosa y Ayde\u00e9 Lizarazo, las lumbreras de la ultraderecha colombiana. Ni qu\u00e9 decir del candidato del partido de gobierno Iv\u00e1n Zuluaga, el \u201celegido\u201d de Uribe, quien enfrenta una evidente desaprobaci\u00f3n en las encuestas y en la calle.&nbsp;&nbsp;<\/p>\n\n\n\n<p>Por supuesto no todos estas candidaturas y sus partidos son aborrecidos en masa, m\u00e1s bien suben o bajan unos u otros en una danza absurda sometida a la voluntad inestable de la crisis decadente del capitalismo. La similitud de sus programas y su uni\u00f3n de filas contra Gustavo Petro les hace endebles y presas de cualquier esc\u00e1ndalo pol\u00edtico proveniente de sus pasados corruptos al haber pertenecido a la maquinaria de los gobiernos predecesores que dicen querer combatir.<\/p>\n\n\n\n<p>Ah\u00ed mismo entran los candidatos independientes o sin coalici\u00f3n como Rodolfo Hern\u00e1ndez de la Liga de Gobernantes Anticorrupci\u00f3n, un demagogo de derecha que tiene por bandera la lucha contra la corrupci\u00f3n y que exhibe una posici\u00f3n antisistema muy parecida a la de Trump o Bolsonaro y que al igual que ellos gana seguidores explotando la rabia sin mucho an\u00e1lisis de fondo. Lo cierto es que semejante panorama es la muestra de la bancarrota de la elite nacional y sus representantes pol\u00edticos incapaces de recuperarse del golpe dado por el Paro Nacional del 2021 o de los efectos de la crisis global. Esto ha generado un desgaste en esa clase que comienza a mostrar fracturas y le cuesta ponerse de acuerdo. La Coalici\u00f3n de la Esperanza, por ejemplo, cada d\u00eda se divide m\u00e1s por las disputas de egos en su interior, mientras el Equipo por Colombia parece unido pero debe defenderse de los esc\u00e1ndalos por corrupci\u00f3n de Alejandro Char al mismo tiempo que esquiva la gran sombra de Uribe que le cubre.&nbsp;<\/p>\n\n\n\n<p>Por otro lado, a Gustavo Petro, quien lidera las encuestas, las cosas parecen irle viento en popa. No obstante podr\u00eda irle todav\u00eda mejor.&nbsp; Su popularidad se ha visto minada y se ha trasladado a otros candidatos de su coalici\u00f3n o contrarios por culpa de sus acercamientos a elementos de la pol\u00edtica tradicional como Luis Suarez o Caesar Gaviria. Las mayor\u00edas le siguen ya que \u00e9l&nbsp; representa la oposici\u00f3n pero se acrecienta una desconfianza notable que ha generado conflictos incluso dentro del progresismo. Los reiterados acercamientos a la oligarqu\u00eda desgasta las bases y las pone recelosas. La inminencia del fraude junto con la lentitud de la coalici\u00f3n del Pacto Hist\u00f3rico para responder a esa amenaza empeora la situaci\u00f3n.&nbsp;<\/p>\n\n\n\n<p>La acumulaci\u00f3n de eventos ha despertado los \u00e1nimos de lucha previos al Paro, pero son desestimados por el liderazgo progresista que pide calma y promete cambio si hay asistencia multitudinaria a las urnas. El instinto&nbsp; de defensa popular en las calles de parte de las bases es la m\u00e1s atinada, pero sigue carente de una direcci\u00f3n efectiva. Sin embargo, en las calles se vuelven a ver peque\u00f1os conatos de protesta y las plazas se han vuelto a llenar.<\/p>\n\n\n\n<p><strong>Perspectivas<\/strong><\/p>\n\n\n\n<p>Las encuestas son lideradas por la coalici\u00f3n del Pacto Hist\u00f3rico con Gustavo Petro a la cabeza y de cerca Francia M\u00e1rquez que ha crecido notablemente en su popularidad. Seg\u00fan la encuesta de Invamer del 17 de febrero del 2022 en referencia al crecimiento de la favorabilidad Petro tuvo un crecimiento de 42% frente a la anterior encuesta donde puntu\u00f3 34% y M\u00e1rquez creci\u00f3 del 9% al 16%. Detr\u00e1s van Gal\u00e1n y Hern\u00e1ndez, el primero con 29% frente a 22% y el segundo con 16% frente a 17%. Parecieran crecimientos p\u00edrricos, pero son significativos, sobre todo en el caso de la activista Francia M\u00e1rquez que viene del liderazgo regional con temas medioambientales, \u00e9tnicos y de g\u00e9nero, pero sin experiencia electoral previa.<\/p>\n\n\n\n<p>Su ascenso responde a una suerte de voto de opini\u00f3n que busca el cambio en lo m\u00e1s popular y se sustenta en parte de la peque\u00f1a burgues\u00eda que no soporta las pol\u00edticas petristas y se siente complacida con los discursos de identidad sobre diversidad y g\u00e9nero dados por la candidata del PH. Lo cierto es que su propuesta no difiere mucho de la de Petro, en el fondo hay el mismo reformismo, pero con un marcado acento en las pol\u00edticas de identidad y una inclinaci\u00f3n de clase que despierta simpat\u00eda por enfrentar a los grandes gamonales de las regiones en debates p\u00fablicos. Su postura resulta interesante y es atractiva para quienes buscan un liderazgo genuino sin maquinarias detr\u00e1s.&nbsp;<\/p>\n\n\n\n<p>A\u00fan as\u00ed remarca la inestabilidad del electorado y las divisiones dentro de la clase media que pugna entre sus inconsistentes ideales y el oportunismo. En el presente no representa ning\u00fan peligro serio pero en un futuro lejano ser\u00e1 una grieta insalvable y en el pr\u00f3ximo traer\u00e1 problemas en la elecci\u00f3n de f\u00f3rmulas para la vicepresidencia y dar\u00e1 entrada a toda clase de lagartos.<\/p>\n\n\n\n<p>Volviendo a Petro, las plazas p\u00fablicas son otra muestra del crecimiento de su popularidad. Cada vez se llenan m\u00e1s durante sus discursos, lugares que en a\u00f1os anteriores eran puntos estrat\u00e9gicos de la derecha o del llamado centro ahora responden efusivamente al candidato de la \u201cizquierda\u201d. Las cifras de intenci\u00f3n de voto lo respaldan con un 44, 6% por encima del resto de candidatos y contrasta con las de aprobaci\u00f3n del presidente y Alvaro Uribe:&nbsp; 20% el primero y 21% el segundo. Los viejos poderes est\u00e1n golpeados por eso buscan un espacio dentro del Pacto y \u00e9ste les abre las puertas sin muchas exigencias.<\/p>\n\n\n\n<p>Con todo y lo anterior no es apropiado asumir a la \u00e9lite como un poder completamente derrotado y perdido que ha bajado los brazos, al rev\u00e9s, sus tent\u00e1culos son tan largos que se le vislumbra en los entresijos de la carrera electoral. El aumento de la violencia, la persecuci\u00f3n a l\u00edderes sociales, las noticias falsas, los discursos populistas, las negociaciones ventajistas y la preparaci\u00f3n de un fraude sin parang\u00f3n hacen gala de esas intenciones. Lo que pasa es que todo ese esfuerzo no est\u00e1 dando los frutos buscados. Alex Char y Rodolfo Hernandez son un ejemplo de eso, ambos con perfiles diferentes responden al mismo amo y buscan defender iguales intereses, pero Hernandez hace movimientos tan torpes que ha quedado en evidencia en m\u00e1s de una ocasi\u00f3n. Por su lado, Char, una ficha pol\u00edtica de la costa colombiana, hijo de una de las familias m\u00e1s poderosas de esa regi\u00f3n se la juega por mantener el barco de su clase al mismo tiempo que pretende hacerse con m\u00e1s poder para ponerse a la cabeza de la jerarqu\u00eda mafiosa de nuestra \u00e9lite. Esto, a pesar del esc\u00e1ndalo de compra de votos resultado de las confesiones de Aida Merlano que lo obligaron a rechazar debates p\u00fablicos y lo afectaron en popularidad.&nbsp;<\/p>\n\n\n\n<p>El monstruo no desfallece y prepara sus armas para el ataque, para mantenerse. Eso es de esperar, pero. \u00bfQu\u00e9 hacer al respecto?<\/p>\n\n\n\n<p><strong>\u00bfC\u00f3mo enfrentar el fraude?<\/strong><\/p>\n\n\n\n<p>No cabe duda que la herramienta principal de la clase dominante es el fraude, no es la primera vez que lo usa ni ser\u00e1 la \u00faltima, su objetivo principal es, sobre todo, el de lograr una mayor\u00eda legislativa que les dar\u00eda el poder para controlar y presionar al futuro presidente.<\/p>\n\n\n\n<p>Y es que seg\u00fan informe de la MOE (Misi\u00f3n de Observaci\u00f3n Electoral) del 9 de febrero del presente a\u00f1o se&nbsp; alerta que en 131 municipios hay riesgo por&nbsp; fraude o violencia. Se suman a el informe los esc\u00e1ndalos por las contrataciones realizadas por la Registradur\u00eda Nacional y sus irregularidades con relaci\u00f3n a la entrega de conteos, despido masivo de funcionarios, estad\u00edsticas infladas y traslado de c\u00e9dulas. La cuesti\u00f3n ha llegado a tal nivel que la misma oposici\u00f3n ha tenido que invertir alrededor de 3000 millones de pesos para contratar una compa\u00f1\u00eda que le ayude a combatir el acto corrupto, adem\u00e1s de capacitaciones a jurados y testigos, o la elaboraci\u00f3n de un software independiente que haga auditor\u00edas.&nbsp;&nbsp;<\/p>\n\n\n\n<p>Decisiones tomadas de manera tard\u00eda que responden m\u00e1s a la insistencia de su militancia para tomar acciones al respecto que a un inter\u00e9s genuino. Con todo y eso no parece existir mucha esperanza sobre el futuro de las votaciones y la posibilidad de poder evitar un fraude. Se le pide a la ciudadan\u00eda el salir a votar en masa, pero no m\u00e1s all\u00e1 de eso. Ante las propuestas de defensa popular del voto la izquierda pide cordura y que se respete el leg\u00edtimo proceso. Mientras los entes estatales lo irrespetan haciendo m\u00e1s jugadas sucias.<\/p>\n\n\n\n<p>Pareciera que no se comprende desde el Pacto Hist\u00f3rico que su actual fulguraci\u00f3n es el resultado del apoyo de las masas y que s\u00f3lo estas le pueden llevar al triunfo y asegurar que se respete esa decisi\u00f3n. Definitivamente la defensa de las elecciones debe darse de parte de las mayor\u00edas, en las calles, exigiendo que se respete su voto.&nbsp;<\/p>\n\n\n\n<p>Apenas el a\u00f1o pasado fue uno de los m\u00e1s grandes levantamientos populares de los \u00faltimos tiempos y de ah\u00ed se desencaden\u00f3 el proceso que hoy recorremos. Es necesario seguir avanzando por esa senda. Hoy, la clase obrera ha puesto todas sus esperanzas en el reformismo de Gustavo Petro. La significancia hist\u00f3rica de su presidencia es innegable. Despu\u00e9s de todo, este es un pa\u00eds en donde los aspirantes de izquierda a la presidencia han sido asesinados y en donde los l\u00edderes sociales y sindicales son asesinados con regularidad. Es en gran parte por esto que la clase obrera colombiana nunca ha pasado por la escuela del reformismo, donde se aprenden los l\u00edmites de la democracia burguesa.&nbsp;&nbsp;<\/p>\n\n\n\n<p><\/p>\n\n\n\n<figure class=\"wp-block-image size-large\"><img fetchpriority=\"high\" decoding=\"async\" width=\"1024\" height=\"555\" src=\"https:\/\/colombiamarxista.com\/wp-content\/uploads\/2022\/03\/Petro-1024x555.jpg\" alt=\"\" class=\"wp-image-2848\" srcset=\"https:\/\/colombiamarxista.com\/wp-content\/uploads\/2022\/03\/Petro-1024x555.jpg 1024w, https:\/\/colombiamarxista.com\/wp-content\/uploads\/2022\/03\/Petro-300x163.jpg 300w, https:\/\/colombiamarxista.com\/wp-content\/uploads\/2022\/03\/Petro-768x416.jpg 768w, https:\/\/colombiamarxista.com\/wp-content\/uploads\/2022\/03\/Petro.jpg 1200w\" sizes=\"(max-width: 1024px) 100vw, 1024px\" \/><figcaption>Petro ha convocado demonstraciones masivas que han atra\u00eddo a miles de personas a trav\u00e9s del pa\u00eds<\/figcaption><\/figure>\n\n\n\n<p>Petro se ha ganado en estos cuatro a\u00f1os el apoyo de las masas y el odio de la oligarqu\u00eda colombiana. Como marxistas, apoyamos cualquier movimiento de las masas en la direcci\u00f3n correcta, pero no lo hacemos ciegamente. Es necesario aclarar los l\u00edmites de una presidencia de Petro. No solo dentro de las reglas de la democracia burguesa (en otras palabras, cu\u00e1ntas curules obtiene el Pacto Hist\u00f3rico) sino tambi\u00e9n en t\u00e9rminos de la din\u00e1mica de la lucha de clases (en otras palabras, si la clase dominante obedecer\u00e1 las nuevas leyes o si har\u00e1 todo lo que pueda para sabotear la gesti\u00f3n de Petro). Creemos que este proceso de clarificaci\u00f3n y preparaci\u00f3n ayudar\u00e1 a los muchos que apoyan a Petro a sacar las conclusiones correctas cuando los l\u00edmites de su programa se encuentren con la realidad de que la oligarqu\u00eda colombiana no se doblega ante nadie que resida en la casa de Nari\u00f1o.&nbsp;<\/p>\n\n\n\n<p>Nuestra tarea es explicar&nbsp;pacientemente nuestra posici\u00f3n para acercarnos a la mayor cantidad de personas posible, sea el n\u00famero que sea, para as\u00ed ir construyendo la organizaci\u00f3n que necesitamos. Dicha organizaci\u00f3n no se construye de la nada y con inacci\u00f3n, tampoco se hace creyendo en la uni\u00f3n de explotador y explotado. Es necesario generar un proceso organizativo que nos acerque a estas masas que reci\u00e9n despiertan, y ser los mejores al momento de explicar las contradicciones en que el movimiento reformista caer\u00e1, al negar la lucha de clases y avanzar en sus &#8220;negociaciones&#8221; con el sistema, luchando hombro con hombro con las bases del Pacto y exponiendo la debilidad de la direcci\u00f3n que est\u00e1 dispuesta a capitular y abandonar la lucha de las bases. La esperanza no es un Pacto amplio, sino el movimiento que permita superar al capitalismo y su decadencia.<\/p>\n\n\n\n<p><\/p>\n","protected":false},"excerpt":{"rendered":"<p>El domingo 13 de marzo ser\u00e1n las elecciones legislativas en Colombia y en ellas se elegir\u00e1n los y las miembros de ambas c\u00e1maras del Congreso. Ese mismo d\u00eda se definir\u00e1n las consultas presidenciales de algunas agrupaciones pol\u00edticas que buscan determinar su candidato a la presidencia para enfrentarse el 29 de mayo en primera vuelta, y [&hellip;]<\/p>\n","protected":false},"author":4,"featured_media":2847,"comment_status":"open","ping_status":"open","sticky":false,"template":"","format":"standard","meta":{"footnotes":""},"categories":[201,204],"tags":[257,264,310,313],"class_list":["post-2844","post","type-post","status-publish","format-standard","has-post-thumbnail","hentry","category-politica","category-actualidad","tag-actualidad","tag-petro","tag-elecciones","tag-pacto-historico"],"yoast_head":"<!-- This site is optimized with the Yoast SEO plugin v27.5 - https:\/\/yoast.com\/product\/yoast-seo-wordpress\/ -->\n<title>Las elecciones en Colombia y la necesidad de un partido obrero - Comunistas Revolucionarios de Colombia<\/title>\n<meta name=\"robots\" content=\"index, follow, max-snippet:-1, max-image-preview:large, max-video-preview:-1\" \/>\n<link rel=\"canonical\" href=\"https:\/\/colombiamarxista.com\/?p=2844\" \/>\n<meta property=\"og:locale\" content=\"es_ES\" \/>\n<meta property=\"og:type\" content=\"article\" \/>\n<meta property=\"og:title\" content=\"Las elecciones en Colombia y la necesidad de un partido obrero\" \/>\n<meta property=\"og:description\" content=\"El domingo 13 de marzo ser\u00e1n las elecciones legislativas en Colombia y en ellas se elegir\u00e1n los y las miembros de ambas c\u00e1maras del Congreso. Ese mismo d\u00eda se definir\u00e1n las consultas presidenciales de algunas agrupaciones pol\u00edticas que buscan determinar su candidato a la presidencia para enfrentarse el 29 de mayo en primera vuelta, y [&hellip;]\" \/>\n<meta property=\"og:url\" content=\"https:\/\/colombiamarxista.com\/?p=2844\" \/>\n<meta property=\"og:site_name\" content=\"Comunistas Revolucionarios de Colombia\" \/>\n<meta property=\"article:published_time\" content=\"2022-03-09T20:54:57+00:00\" \/>\n<meta property=\"article:modified_time\" content=\"2022-03-10T20:13:11+00:00\" \/>\n<meta property=\"og:image\" content=\"https:\/\/colombiamarxista.com\/wp-content\/uploads\/2022\/03\/Elecciones-colombia.jpg\" \/>\n\t<meta property=\"og:image:width\" content=\"1120\" \/>\n\t<meta property=\"og:image:height\" content=\"581\" \/>\n\t<meta property=\"og:image:type\" content=\"image\/jpeg\" \/>\n<meta name=\"author\" content=\"Camilo Buenaventura\" \/>\n<meta name=\"twitter:card\" content=\"summary_large_image\" \/>\n<meta name=\"twitter:title\" content=\"Las elecciones en Colombia y la necesidad de un partido obrero\" \/>\n<meta name=\"twitter:image\" content=\"https:\/\/colombiamarxista.com\/wp-content\/uploads\/2022\/03\/Elecciones-colombia.jpg\" \/>\n<meta name=\"twitter:label1\" content=\"Escrito por\" \/>\n\t<meta name=\"twitter:data1\" content=\"Camilo Buenaventura\" \/>\n\t<meta name=\"twitter:label2\" content=\"Tiempo de lectura\" \/>\n\t<meta name=\"twitter:data2\" content=\"11 minutos\" \/>\n<script type=\"application\/ld+json\" class=\"yoast-schema-graph\">{\"@context\":\"https:\\\/\\\/schema.org\",\"@graph\":[{\"@type\":\"Article\",\"@id\":\"https:\\\/\\\/colombiamarxista.com\\\/?p=2844#article\",\"isPartOf\":{\"@id\":\"https:\\\/\\\/colombiamarxista.com\\\/?p=2844\"},\"author\":{\"name\":\"Camilo Buenaventura\",\"@id\":\"https:\\\/\\\/colombiamarxista.com\\\/#\\\/schema\\\/person\\\/0fe6fa48836cbcf2759e0db820141456\"},\"headline\":\"Las elecciones en Colombia y la necesidad de un partido obrero\",\"datePublished\":\"2022-03-09T20:54:57+00:00\",\"dateModified\":\"2022-03-10T20:13:11+00:00\",\"mainEntityOfPage\":{\"@id\":\"https:\\\/\\\/colombiamarxista.com\\\/?p=2844\"},\"wordCount\":2439,\"commentCount\":0,\"publisher\":{\"@id\":\"https:\\\/\\\/colombiamarxista.com\\\/#organization\"},\"image\":{\"@id\":\"https:\\\/\\\/colombiamarxista.com\\\/?p=2844#primaryimage\"},\"thumbnailUrl\":\"https:\\\/\\\/colombiamarxista.com\\\/wp-content\\\/uploads\\\/2022\\\/03\\\/Elecciones-colombia.jpg\",\"keywords\":[\"actualidad\",\"petro\",\"elecciones\",\"pacto historico\"],\"articleSection\":[\"Pol\u00edtica\",\"Actualidad\"],\"inLanguage\":\"es-CO\",\"potentialAction\":[{\"@type\":\"CommentAction\",\"name\":\"Comment\",\"target\":[\"https:\\\/\\\/colombiamarxista.com\\\/?p=2844#respond\"]}]},{\"@type\":\"WebPage\",\"@id\":\"https:\\\/\\\/colombiamarxista.com\\\/?p=2844\",\"url\":\"https:\\\/\\\/colombiamarxista.com\\\/?p=2844\",\"name\":\"Las elecciones en Colombia y la necesidad de un partido obrero - Comunistas Revolucionarios de Colombia\",\"isPartOf\":{\"@id\":\"https:\\\/\\\/colombiamarxista.com\\\/#website\"},\"primaryImageOfPage\":{\"@id\":\"https:\\\/\\\/colombiamarxista.com\\\/?p=2844#primaryimage\"},\"image\":{\"@id\":\"https:\\\/\\\/colombiamarxista.com\\\/?p=2844#primaryimage\"},\"thumbnailUrl\":\"https:\\\/\\\/colombiamarxista.com\\\/wp-content\\\/uploads\\\/2022\\\/03\\\/Elecciones-colombia.jpg\",\"datePublished\":\"2022-03-09T20:54:57+00:00\",\"dateModified\":\"2022-03-10T20:13:11+00:00\",\"breadcrumb\":{\"@id\":\"https:\\\/\\\/colombiamarxista.com\\\/?p=2844#breadcrumb\"},\"inLanguage\":\"es-CO\",\"potentialAction\":[{\"@type\":\"ReadAction\",\"target\":[\"https:\\\/\\\/colombiamarxista.com\\\/?p=2844\"]}]},{\"@type\":\"ImageObject\",\"inLanguage\":\"es-CO\",\"@id\":\"https:\\\/\\\/colombiamarxista.com\\\/?p=2844#primaryimage\",\"url\":\"https:\\\/\\\/colombiamarxista.com\\\/wp-content\\\/uploads\\\/2022\\\/03\\\/Elecciones-colombia.jpg\",\"contentUrl\":\"https:\\\/\\\/colombiamarxista.com\\\/wp-content\\\/uploads\\\/2022\\\/03\\\/Elecciones-colombia.jpg\",\"width\":1120,\"height\":581},{\"@type\":\"BreadcrumbList\",\"@id\":\"https:\\\/\\\/colombiamarxista.com\\\/?p=2844#breadcrumb\",\"itemListElement\":[{\"@type\":\"ListItem\",\"position\":1,\"name\":\"Home\",\"item\":\"https:\\\/\\\/colombiamarxista.com\\\/\"},{\"@type\":\"ListItem\",\"position\":2,\"name\":\"Las elecciones en Colombia y la necesidad de un partido obrero\"}]},{\"@type\":\"WebSite\",\"@id\":\"https:\\\/\\\/colombiamarxista.com\\\/#website\",\"url\":\"https:\\\/\\\/colombiamarxista.com\\\/\",\"name\":\"Comunistas Revolucionarios de Colombia\",\"description\":\"\",\"publisher\":{\"@id\":\"https:\\\/\\\/colombiamarxista.com\\\/#organization\"},\"potentialAction\":[{\"@type\":\"SearchAction\",\"target\":{\"@type\":\"EntryPoint\",\"urlTemplate\":\"https:\\\/\\\/colombiamarxista.com\\\/?s={search_term_string}\"},\"query-input\":{\"@type\":\"PropertyValueSpecification\",\"valueRequired\":true,\"valueName\":\"search_term_string\"}}],\"inLanguage\":\"es-CO\"},{\"@type\":\"Organization\",\"@id\":\"https:\\\/\\\/colombiamarxista.com\\\/#organization\",\"name\":\"Comunistas Revolucionarios de Colombia\",\"url\":\"https:\\\/\\\/colombiamarxista.com\\\/\",\"logo\":{\"@type\":\"ImageObject\",\"inLanguage\":\"es-CO\",\"@id\":\"https:\\\/\\\/colombiamarxista.com\\\/#\\\/schema\\\/logo\\\/image\\\/\",\"url\":\"https:\\\/\\\/colombiamarxista.com\\\/wp-content\\\/uploads\\\/2026\\\/04\\\/logo-crc_Mesa-de-trabajo-1-scaled.png\",\"contentUrl\":\"https:\\\/\\\/colombiamarxista.com\\\/wp-content\\\/uploads\\\/2026\\\/04\\\/logo-crc_Mesa-de-trabajo-1-scaled.png\",\"width\":2560,\"height\":1920,\"caption\":\"Comunistas Revolucionarios de Colombia\"},\"image\":{\"@id\":\"https:\\\/\\\/colombiamarxista.com\\\/#\\\/schema\\\/logo\\\/image\\\/\"}},{\"@type\":\"Person\",\"@id\":\"https:\\\/\\\/colombiamarxista.com\\\/#\\\/schema\\\/person\\\/0fe6fa48836cbcf2759e0db820141456\",\"name\":\"Camilo Buenaventura\",\"image\":{\"@type\":\"ImageObject\",\"inLanguage\":\"es-CO\",\"@id\":\"https:\\\/\\\/secure.gravatar.com\\\/avatar\\\/0ed8f0f4038ff29891c3dee7dc33fe374ec2a48069d5beb428305f5b448b7e11?s=96&d=mm&r=g\",\"url\":\"https:\\\/\\\/secure.gravatar.com\\\/avatar\\\/0ed8f0f4038ff29891c3dee7dc33fe374ec2a48069d5beb428305f5b448b7e11?s=96&d=mm&r=g\",\"contentUrl\":\"https:\\\/\\\/secure.gravatar.com\\\/avatar\\\/0ed8f0f4038ff29891c3dee7dc33fe374ec2a48069d5beb428305f5b448b7e11?s=96&d=mm&r=g\",\"caption\":\"Camilo Buenaventura\"},\"url\":\"https:\\\/\\\/colombiamarxista.com\\\/?author=4\"}]}<\/script>\n<!-- \/ Yoast SEO plugin. -->","yoast_head_json":{"title":"Las elecciones en Colombia y la necesidad de un partido obrero - Comunistas Revolucionarios de Colombia","robots":{"index":"index","follow":"follow","max-snippet":"max-snippet:-1","max-image-preview":"max-image-preview:large","max-video-preview":"max-video-preview:-1"},"canonical":"https:\/\/colombiamarxista.com\/?p=2844","og_locale":"es_ES","og_type":"article","og_title":"Las elecciones en Colombia y la necesidad de un partido obrero","og_description":"El domingo 13 de marzo ser\u00e1n las elecciones legislativas en Colombia y en ellas se elegir\u00e1n los y las miembros de ambas c\u00e1maras del Congreso. Ese mismo d\u00eda se definir\u00e1n las consultas presidenciales de algunas agrupaciones pol\u00edticas que buscan determinar su candidato a la presidencia para enfrentarse el 29 de mayo en primera vuelta, y [&hellip;]","og_url":"https:\/\/colombiamarxista.com\/?p=2844","og_site_name":"Comunistas Revolucionarios de Colombia","article_published_time":"2022-03-09T20:54:57+00:00","article_modified_time":"2022-03-10T20:13:11+00:00","og_image":[{"width":1120,"height":581,"url":"https:\/\/colombiamarxista.com\/wp-content\/uploads\/2022\/03\/Elecciones-colombia.jpg","type":"image\/jpeg"}],"author":"Camilo Buenaventura","twitter_card":"summary_large_image","twitter_title":"Las elecciones en Colombia y la necesidad de un partido obrero","twitter_image":"https:\/\/colombiamarxista.com\/wp-content\/uploads\/2022\/03\/Elecciones-colombia.jpg","twitter_misc":{"Escrito por":"Camilo Buenaventura","Tiempo de lectura":"11 minutos"},"schema":{"@context":"https:\/\/schema.org","@graph":[{"@type":"Article","@id":"https:\/\/colombiamarxista.com\/?p=2844#article","isPartOf":{"@id":"https:\/\/colombiamarxista.com\/?p=2844"},"author":{"name":"Camilo Buenaventura","@id":"https:\/\/colombiamarxista.com\/#\/schema\/person\/0fe6fa48836cbcf2759e0db820141456"},"headline":"Las elecciones en Colombia y la necesidad de un partido obrero","datePublished":"2022-03-09T20:54:57+00:00","dateModified":"2022-03-10T20:13:11+00:00","mainEntityOfPage":{"@id":"https:\/\/colombiamarxista.com\/?p=2844"},"wordCount":2439,"commentCount":0,"publisher":{"@id":"https:\/\/colombiamarxista.com\/#organization"},"image":{"@id":"https:\/\/colombiamarxista.com\/?p=2844#primaryimage"},"thumbnailUrl":"https:\/\/colombiamarxista.com\/wp-content\/uploads\/2022\/03\/Elecciones-colombia.jpg","keywords":["actualidad","petro","elecciones","pacto historico"],"articleSection":["Pol\u00edtica","Actualidad"],"inLanguage":"es-CO","potentialAction":[{"@type":"CommentAction","name":"Comment","target":["https:\/\/colombiamarxista.com\/?p=2844#respond"]}]},{"@type":"WebPage","@id":"https:\/\/colombiamarxista.com\/?p=2844","url":"https:\/\/colombiamarxista.com\/?p=2844","name":"Las elecciones en Colombia y la necesidad de un partido obrero - Comunistas Revolucionarios de Colombia","isPartOf":{"@id":"https:\/\/colombiamarxista.com\/#website"},"primaryImageOfPage":{"@id":"https:\/\/colombiamarxista.com\/?p=2844#primaryimage"},"image":{"@id":"https:\/\/colombiamarxista.com\/?p=2844#primaryimage"},"thumbnailUrl":"https:\/\/colombiamarxista.com\/wp-content\/uploads\/2022\/03\/Elecciones-colombia.jpg","datePublished":"2022-03-09T20:54:57+00:00","dateModified":"2022-03-10T20:13:11+00:00","breadcrumb":{"@id":"https:\/\/colombiamarxista.com\/?p=2844#breadcrumb"},"inLanguage":"es-CO","potentialAction":[{"@type":"ReadAction","target":["https:\/\/colombiamarxista.com\/?p=2844"]}]},{"@type":"ImageObject","inLanguage":"es-CO","@id":"https:\/\/colombiamarxista.com\/?p=2844#primaryimage","url":"https:\/\/colombiamarxista.com\/wp-content\/uploads\/2022\/03\/Elecciones-colombia.jpg","contentUrl":"https:\/\/colombiamarxista.com\/wp-content\/uploads\/2022\/03\/Elecciones-colombia.jpg","width":1120,"height":581},{"@type":"BreadcrumbList","@id":"https:\/\/colombiamarxista.com\/?p=2844#breadcrumb","itemListElement":[{"@type":"ListItem","position":1,"name":"Home","item":"https:\/\/colombiamarxista.com\/"},{"@type":"ListItem","position":2,"name":"Las elecciones en Colombia y la necesidad de un partido obrero"}]},{"@type":"WebSite","@id":"https:\/\/colombiamarxista.com\/#website","url":"https:\/\/colombiamarxista.com\/","name":"Comunistas Revolucionarios de Colombia","description":"","publisher":{"@id":"https:\/\/colombiamarxista.com\/#organization"},"potentialAction":[{"@type":"SearchAction","target":{"@type":"EntryPoint","urlTemplate":"https:\/\/colombiamarxista.com\/?s={search_term_string}"},"query-input":{"@type":"PropertyValueSpecification","valueRequired":true,"valueName":"search_term_string"}}],"inLanguage":"es-CO"},{"@type":"Organization","@id":"https:\/\/colombiamarxista.com\/#organization","name":"Comunistas Revolucionarios de Colombia","url":"https:\/\/colombiamarxista.com\/","logo":{"@type":"ImageObject","inLanguage":"es-CO","@id":"https:\/\/colombiamarxista.com\/#\/schema\/logo\/image\/","url":"https:\/\/colombiamarxista.com\/wp-content\/uploads\/2026\/04\/logo-crc_Mesa-de-trabajo-1-scaled.png","contentUrl":"https:\/\/colombiamarxista.com\/wp-content\/uploads\/2026\/04\/logo-crc_Mesa-de-trabajo-1-scaled.png","width":2560,"height":1920,"caption":"Comunistas Revolucionarios de Colombia"},"image":{"@id":"https:\/\/colombiamarxista.com\/#\/schema\/logo\/image\/"}},{"@type":"Person","@id":"https:\/\/colombiamarxista.com\/#\/schema\/person\/0fe6fa48836cbcf2759e0db820141456","name":"Camilo Buenaventura","image":{"@type":"ImageObject","inLanguage":"es-CO","@id":"https:\/\/secure.gravatar.com\/avatar\/0ed8f0f4038ff29891c3dee7dc33fe374ec2a48069d5beb428305f5b448b7e11?s=96&d=mm&r=g","url":"https:\/\/secure.gravatar.com\/avatar\/0ed8f0f4038ff29891c3dee7dc33fe374ec2a48069d5beb428305f5b448b7e11?s=96&d=mm&r=g","contentUrl":"https:\/\/secure.gravatar.com\/avatar\/0ed8f0f4038ff29891c3dee7dc33fe374ec2a48069d5beb428305f5b448b7e11?s=96&d=mm&r=g","caption":"Camilo Buenaventura"},"url":"https:\/\/colombiamarxista.com\/?author=4"}]}},"_links":{"self":[{"href":"https:\/\/colombiamarxista.com\/index.php?rest_route=\/wp\/v2\/posts\/2844","targetHints":{"allow":["GET"]}}],"collection":[{"href":"https:\/\/colombiamarxista.com\/index.php?rest_route=\/wp\/v2\/posts"}],"about":[{"href":"https:\/\/colombiamarxista.com\/index.php?rest_route=\/wp\/v2\/types\/post"}],"author":[{"embeddable":true,"href":"https:\/\/colombiamarxista.com\/index.php?rest_route=\/wp\/v2\/users\/4"}],"replies":[{"embeddable":true,"href":"https:\/\/colombiamarxista.com\/index.php?rest_route=%2Fwp%2Fv2%2Fcomments&post=2844"}],"version-history":[{"count":0,"href":"https:\/\/colombiamarxista.com\/index.php?rest_route=\/wp\/v2\/posts\/2844\/revisions"}],"wp:featuredmedia":[{"embeddable":true,"href":"https:\/\/colombiamarxista.com\/index.php?rest_route=\/wp\/v2\/media\/2847"}],"wp:attachment":[{"href":"https:\/\/colombiamarxista.com\/index.php?rest_route=%2Fwp%2Fv2%2Fmedia&parent=2844"}],"wp:term":[{"taxonomy":"category","embeddable":true,"href":"https:\/\/colombiamarxista.com\/index.php?rest_route=%2Fwp%2Fv2%2Fcategories&post=2844"},{"taxonomy":"post_tag","embeddable":true,"href":"https:\/\/colombiamarxista.com\/index.php?rest_route=%2Fwp%2Fv2%2Ftags&post=2844"}],"curies":[{"name":"wp","href":"https:\/\/api.w.org\/{rel}","templated":true}]}}