{"id":2759,"date":"2022-01-11T16:03:18","date_gmt":"2022-01-11T21:03:18","guid":{"rendered":"https:\/\/colombiamarxista.com\/?p=2759"},"modified":"2022-01-11T16:04:14","modified_gmt":"2022-01-11T21:04:14","slug":"como-entender-la-inflacion-en-colombia","status":"publish","type":"post","link":"https:\/\/colombiamarxista.com\/?p=2759","title":{"rendered":"\u00bfC\u00f3mo entender la inflaci\u00f3n en Colombia?"},"content":{"rendered":"\n<p>El cierre del 2021 y el A\u00f1o Nuevo no cumplieron con la m\u00ednima promesa de estabilidad, antes m\u00e1s bien la incertidumbre y los problemas parecen multiplicarse en todo el mundo. Especialmente las contradicciones del manejo de la pol\u00edtica econ\u00f3mica desde la crisis de 2008 siguen sin dar una base s\u00f3lida para una recuperaci\u00f3n. Estamos hablando de d\u00e9cadas perdidas para gran parte de la clase trabajadora gracias al aumento de la precarizaci\u00f3n. Todo esto no es m\u00e1s que la materializaci\u00f3n de la lucha de clases, y las contradicciones cada vez m\u00e1s evidentes del sistema capitalista.<\/p>\n\n\n\n<p>La mayor\u00eda de analistas, en el peor de los casos apologistas del sistema y en el mejor incapaces de ver una alternativa al sistema econ\u00f3mico, se encuentran enfrascados en discusiones bizantinas respecto a qu\u00e9 herramientas utilizar para contener los problemas desatados por la pandemia.&nbsp;<\/p>\n\n\n\n<p>Estos \u00faltimos no son pocos, con las cadenas de suministro en problemas derivado de los entramados de \u201ceficiencia\u201d (la famosa metodolog\u00eda \u201cjust in time\u201d), las restricciones en las zonas manufactureras de Asia (especialmente China) y la aparici\u00f3n de la nueva variante \u201comicron\u201d han provocado un nuevo descalabro. La respuesta a la crisis solo est\u00e1 provocando nuevas burbujas, con dinero f\u00e1cil circulando en los mercados financieros, especulaci\u00f3n, y una cada vez mayor b\u00fasqueda por parte de la burgues\u00eda de que la clase trabajadora pague la crisis con austeridad.&nbsp;<\/p>\n\n\n\n<figure class=\"wp-block-image size-large\"><img fetchpriority=\"high\" decoding=\"async\" width=\"1024\" height=\"512\" src=\"https:\/\/colombiamarxista.com\/wp-content\/uploads\/2022\/01\/Captura-de-pantalla-2022-01-11-a-las-3.42.30-p.-m.-1024x512.png\" alt=\"\" class=\"wp-image-2767\" srcset=\"https:\/\/colombiamarxista.com\/wp-content\/uploads\/2022\/01\/Captura-de-pantalla-2022-01-11-a-las-3.42.30-p.-m.-1024x512.png 1024w, https:\/\/colombiamarxista.com\/wp-content\/uploads\/2022\/01\/Captura-de-pantalla-2022-01-11-a-las-3.42.30-p.-m.-300x150.png 300w, https:\/\/colombiamarxista.com\/wp-content\/uploads\/2022\/01\/Captura-de-pantalla-2022-01-11-a-las-3.42.30-p.-m.-768x384.png 768w, https:\/\/colombiamarxista.com\/wp-content\/uploads\/2022\/01\/Captura-de-pantalla-2022-01-11-a-las-3.42.30-p.-m.-1536x768.png 1536w, https:\/\/colombiamarxista.com\/wp-content\/uploads\/2022\/01\/Captura-de-pantalla-2022-01-11-a-las-3.42.30-p.-m..png 1920w\" sizes=\"(max-width: 1024px) 100vw, 1024px\" \/><\/figure>\n\n\n\n<p>Para el caso colombiano, estas contradicciones han explotado con una inflaci\u00f3n generalizada, con un importante aumento en productos de primera necesidad como alimentos y transporte. Colombia, con un modelo econ\u00f3mico rentista y dependiente, ha sufrido los embates tanto de la crisis log\u00edstica, como de la inestabilidad en los mercados financieros. La p\u00e9rdida de valor del peso colombiano en los mercados internacionales est\u00e1 provocando que las importaciones se encarezcan mientras la concentraci\u00f3n de ingresos y la pobreza aumentan. Esto es derivado de los TLC y la apertura econ\u00f3mica, que pesan en la canasta familiar.<\/p>\n\n\n\n<p>Si la pandemia devast\u00f3 los t\u00edmidos intentos de pol\u00edtica social impulsados desde 2010, 2022 pinta como un a\u00f1o donde econ\u00f3micamente la l\u00ednea entre la burgues\u00eda y la clase trabajadora se definir\u00e1 a\u00fan m\u00e1s n\u00edtidamente. Hay que entender que la inflaci\u00f3n es realmente una consecuencia de la devastaci\u00f3n de la llamada \u201ceconom\u00eda real\u201d, y que si contin\u00faa forzar\u00e1 a eliminar las condiciones de dinero f\u00e1cil, explotando burbujas y creando nuevas crisis. Por otro lado, si se decide aumentar los ingresos lo m\u00e1s probable es que la respuesta sea desempleo, ya no solo en los niveles bajos, sino en medios y altos, creando mayores problemas para los Estados, en un momento donde las soluciones bonapartistas, populistas y antidemocr\u00e1ticas se avizoran en muchos pa\u00edses.<\/p>\n\n\n\n<p>El golpe de la inflaci\u00f3n y la carest\u00eda est\u00e1n provocando cada vez m\u00e1s grietas en las \u00e9lites que han dominado la sociedad colombiana. Mientras los m\u00e1s ortodoxos abogan por mantener un sistema cada vez m\u00e1s insostenible, los reformistas est\u00e1n tomando aires nuevos, pero sin querer romper el sistema, sino simplemente llevarlo nuevamente a una \u201cera dorada\u201d amparados en pol\u00edticas keynesianas de expansi\u00f3n del gasto y aumento de la tributaci\u00f3n de ingresos altos.<\/p>\n\n\n\n<p>De hecho, la palabra \u201cplanificaci\u00f3n\u201d satanizada con la crisis de 1970 y sobre todo con la ca\u00edda de la URSS ha tenido un renacer en los discursos acad\u00e9micos y de pol\u00edtica econ\u00f3mica. Incluso algunos han empezado a plantear la idea de <a href=\"https:\/\/www.theguardian.com\/business\/commentisfree\/2021\/dec\/29\/inflation-price-controls-time-we-use-it\">\u201ccontroles de precios estrat\u00e9gicos\u201d<\/a> siguiendo el modelo (cuestionado) del New Deal en los a\u00f1os 40 en EUA. Para Colombia, esto se ha traducido en discursos reformistas tanto desde la derecha como de la izquierda, como se pudo ver en el aumento consensuado del salario m\u00ednimo para 2022.<\/p>\n\n\n\n<p>El gasto p\u00fablico como herramienta si se ha desarrollado, pero los instrumentos creados han sido m\u00e1s que nada subsidios a los grandes capitales (la p\u00e9sima reforma tributaria de 2018) y una transferencia directa de Ingreso Solidario. Es decir, soluciones que no terminan de ser estables dado que dependen de un ingreso p\u00fablico s\u00f3lido (que no se ha logrado y una de las razones aducidas para la degradaci\u00f3n de la deuda p\u00fablica colombiana por las calificadoras).&nbsp;<\/p>\n\n\n\n<p>Pero esto solo demuestra que el sistema est\u00e1 cada vez m\u00e1s agotado. El tratar de reeditar experiencias pasadas, de un reformismo que lleve a una nueva \u201cera gloriosa\u201d adolece de que al contrario de 1945-1973, el capitalismo est\u00e1 en una etapa senil. El progreso es real \u00fanicamente para los due\u00f1os de los medios de producci\u00f3n, con la masa de trabajadores condenados en su mayor\u00eda a una explotaci\u00f3n intensa.&nbsp;<\/p>\n\n\n\n<figure class=\"wp-block-image size-large\"><img decoding=\"async\" width=\"1024\" height=\"682\" src=\"https:\/\/colombiamarxista.com\/wp-content\/uploads\/2021\/08\/20-Julio-paro-1024x682.jpg\" alt=\"\" class=\"wp-image-2607\" srcset=\"https:\/\/colombiamarxista.com\/wp-content\/uploads\/2021\/08\/20-Julio-paro-1024x682.jpg 1024w, https:\/\/colombiamarxista.com\/wp-content\/uploads\/2021\/08\/20-Julio-paro-300x200.jpg 300w, https:\/\/colombiamarxista.com\/wp-content\/uploads\/2021\/08\/20-Julio-paro-768x512.jpg 768w, https:\/\/colombiamarxista.com\/wp-content\/uploads\/2021\/08\/20-Julio-paro.jpg 1280w\" sizes=\"(max-width: 1024px) 100vw, 1024px\" \/><\/figure>\n\n\n\n<p>No es de extra\u00f1ar que en Colombia, una econom\u00eda dependiente, esto se traduzca en que esto sea m\u00e1s extremo. La \u00fanica realidad donde se podr\u00eda eliminar esto es a trav\u00e9s de una planificaci\u00f3n centralizada, basada en el control obrero de los medios de producci\u00f3n, una verdadera econom\u00eda socialista que elimine todo vestigio de las relaciones de explotaci\u00f3n capitalista. Cualquier punto intermedio ya no es sostenible, pues las reformas deben financiarse y los capitalistas no est\u00e1n dispuestos a ceder mucho m\u00e1s de lo que ellos piensan que han cedido.<\/p>\n","protected":false},"excerpt":{"rendered":"<p>El cierre del 2021 y el A\u00f1o Nuevo no cumplieron con la m\u00ednima promesa de estabilidad, antes m\u00e1s bien la incertidumbre y los problemas parecen multiplicarse en todo el mundo. Especialmente las contradicciones del manejo de la pol\u00edtica econ\u00f3mica desde la crisis de 2008 siguen sin dar una base s\u00f3lida para una recuperaci\u00f3n. Estamos hablando [&hellip;]<\/p>\n","protected":false},"author":6,"featured_media":2760,"comment_status":"open","ping_status":"open","sticky":false,"template":"","format":"standard","meta":{"footnotes":""},"categories":[197,198,201],"tags":[315],"class_list":["post-2759","post","type-post","status-publish","format-standard","has-post-thumbnail","hentry","category-coronavirus","category-economia","category-politica","tag-economia-2"],"yoast_head":"<!-- This site is optimized with the Yoast SEO plugin v27.5 - https:\/\/yoast.com\/product\/yoast-seo-wordpress\/ -->\n<title>\u00bfC\u00f3mo entender la inflaci\u00f3n en Colombia? - Comunistas Revolucionarios de Colombia<\/title>\n<meta name=\"robots\" content=\"index, follow, max-snippet:-1, max-image-preview:large, max-video-preview:-1\" \/>\n<link rel=\"canonical\" href=\"https:\/\/colombiamarxista.com\/?p=2759\" \/>\n<meta property=\"og:locale\" content=\"es_ES\" \/>\n<meta property=\"og:type\" content=\"article\" \/>\n<meta property=\"og:title\" content=\"\u00bfC\u00f3mo entender la inflaci\u00f3n en Colombia? - Comunistas Revolucionarios de Colombia\" \/>\n<meta property=\"og:description\" content=\"El cierre del 2021 y el A\u00f1o Nuevo no cumplieron con la m\u00ednima promesa de estabilidad, antes m\u00e1s bien la incertidumbre y los problemas parecen multiplicarse en todo el mundo. Especialmente las contradicciones del manejo de la pol\u00edtica econ\u00f3mica desde la crisis de 2008 siguen sin dar una base s\u00f3lida para una recuperaci\u00f3n. Estamos hablando [&hellip;]\" \/>\n<meta property=\"og:url\" content=\"https:\/\/colombiamarxista.com\/?p=2759\" \/>\n<meta property=\"og:site_name\" content=\"Comunistas Revolucionarios de Colombia\" \/>\n<meta property=\"article:published_time\" content=\"2022-01-11T21:03:18+00:00\" \/>\n<meta property=\"article:modified_time\" content=\"2022-01-11T21:04:14+00:00\" \/>\n<meta property=\"og:image\" content=\"https:\/\/colombiamarxista.com\/wp-content\/uploads\/2022\/01\/Captura-de-pantalla-2022-01-11-a-las-2.58.41-p.-m.-1024x512.png\" \/>\n\t<meta property=\"og:image:width\" content=\"1024\" \/>\n\t<meta property=\"og:image:height\" content=\"512\" \/>\n\t<meta property=\"og:image:type\" content=\"image\/png\" \/>\n<meta name=\"author\" content=\"Luis Aristizabal\" \/>\n<meta name=\"twitter:card\" content=\"summary_large_image\" \/>\n<meta name=\"twitter:label1\" content=\"Escrito por\" \/>\n\t<meta name=\"twitter:data1\" content=\"Luis Aristizabal\" \/>\n\t<meta name=\"twitter:label2\" content=\"Tiempo de lectura\" \/>\n\t<meta name=\"twitter:data2\" content=\"5 minutos\" \/>\n<script type=\"application\/ld+json\" class=\"yoast-schema-graph\">{\"@context\":\"https:\\\/\\\/schema.org\",\"@graph\":[{\"@type\":\"Article\",\"@id\":\"https:\\\/\\\/colombiamarxista.com\\\/?p=2759#article\",\"isPartOf\":{\"@id\":\"https:\\\/\\\/colombiamarxista.com\\\/?p=2759\"},\"author\":{\"name\":\"Luis Aristizabal\",\"@id\":\"https:\\\/\\\/colombiamarxista.com\\\/#\\\/schema\\\/person\\\/5f4ac2c654f67aee109a8edfe94eedf8\"},\"headline\":\"\u00bfC\u00f3mo entender la inflaci\u00f3n en Colombia?\",\"datePublished\":\"2022-01-11T21:03:18+00:00\",\"dateModified\":\"2022-01-11T21:04:14+00:00\",\"mainEntityOfPage\":{\"@id\":\"https:\\\/\\\/colombiamarxista.com\\\/?p=2759\"},\"wordCount\":918,\"commentCount\":0,\"publisher\":{\"@id\":\"https:\\\/\\\/colombiamarxista.com\\\/#organization\"},\"image\":{\"@id\":\"https:\\\/\\\/colombiamarxista.com\\\/?p=2759#primaryimage\"},\"thumbnailUrl\":\"https:\\\/\\\/colombiamarxista.com\\\/wp-content\\\/uploads\\\/2022\\\/01\\\/Captura-de-pantalla-2022-01-11-a-las-2.58.41-p.-m..png\",\"keywords\":[\"econom\u00eda\"],\"articleSection\":[\"Coronavirus\",\"Econom\u00eda\",\"Pol\u00edtica\"],\"inLanguage\":\"es-CO\",\"potentialAction\":[{\"@type\":\"CommentAction\",\"name\":\"Comment\",\"target\":[\"https:\\\/\\\/colombiamarxista.com\\\/?p=2759#respond\"]}]},{\"@type\":\"WebPage\",\"@id\":\"https:\\\/\\\/colombiamarxista.com\\\/?p=2759\",\"url\":\"https:\\\/\\\/colombiamarxista.com\\\/?p=2759\",\"name\":\"\u00bfC\u00f3mo entender la inflaci\u00f3n en Colombia? - Comunistas Revolucionarios de Colombia\",\"isPartOf\":{\"@id\":\"https:\\\/\\\/colombiamarxista.com\\\/#website\"},\"primaryImageOfPage\":{\"@id\":\"https:\\\/\\\/colombiamarxista.com\\\/?p=2759#primaryimage\"},\"image\":{\"@id\":\"https:\\\/\\\/colombiamarxista.com\\\/?p=2759#primaryimage\"},\"thumbnailUrl\":\"https:\\\/\\\/colombiamarxista.com\\\/wp-content\\\/uploads\\\/2022\\\/01\\\/Captura-de-pantalla-2022-01-11-a-las-2.58.41-p.-m..png\",\"datePublished\":\"2022-01-11T21:03:18+00:00\",\"dateModified\":\"2022-01-11T21:04:14+00:00\",\"breadcrumb\":{\"@id\":\"https:\\\/\\\/colombiamarxista.com\\\/?p=2759#breadcrumb\"},\"inLanguage\":\"es-CO\",\"potentialAction\":[{\"@type\":\"ReadAction\",\"target\":[\"https:\\\/\\\/colombiamarxista.com\\\/?p=2759\"]}]},{\"@type\":\"ImageObject\",\"inLanguage\":\"es-CO\",\"@id\":\"https:\\\/\\\/colombiamarxista.com\\\/?p=2759#primaryimage\",\"url\":\"https:\\\/\\\/colombiamarxista.com\\\/wp-content\\\/uploads\\\/2022\\\/01\\\/Captura-de-pantalla-2022-01-11-a-las-2.58.41-p.-m..png\",\"contentUrl\":\"https:\\\/\\\/colombiamarxista.com\\\/wp-content\\\/uploads\\\/2022\\\/01\\\/Captura-de-pantalla-2022-01-11-a-las-2.58.41-p.-m..png\",\"width\":1920,\"height\":960},{\"@type\":\"BreadcrumbList\",\"@id\":\"https:\\\/\\\/colombiamarxista.com\\\/?p=2759#breadcrumb\",\"itemListElement\":[{\"@type\":\"ListItem\",\"position\":1,\"name\":\"Home\",\"item\":\"https:\\\/\\\/colombiamarxista.com\\\/\"},{\"@type\":\"ListItem\",\"position\":2,\"name\":\"\u00bfC\u00f3mo entender la inflaci\u00f3n en Colombia?\"}]},{\"@type\":\"WebSite\",\"@id\":\"https:\\\/\\\/colombiamarxista.com\\\/#website\",\"url\":\"https:\\\/\\\/colombiamarxista.com\\\/\",\"name\":\"Comunistas Revolucionarios de Colombia\",\"description\":\"\",\"publisher\":{\"@id\":\"https:\\\/\\\/colombiamarxista.com\\\/#organization\"},\"potentialAction\":[{\"@type\":\"SearchAction\",\"target\":{\"@type\":\"EntryPoint\",\"urlTemplate\":\"https:\\\/\\\/colombiamarxista.com\\\/?s={search_term_string}\"},\"query-input\":{\"@type\":\"PropertyValueSpecification\",\"valueRequired\":true,\"valueName\":\"search_term_string\"}}],\"inLanguage\":\"es-CO\"},{\"@type\":\"Organization\",\"@id\":\"https:\\\/\\\/colombiamarxista.com\\\/#organization\",\"name\":\"Comunistas Revolucionarios de Colombia\",\"url\":\"https:\\\/\\\/colombiamarxista.com\\\/\",\"logo\":{\"@type\":\"ImageObject\",\"inLanguage\":\"es-CO\",\"@id\":\"https:\\\/\\\/colombiamarxista.com\\\/#\\\/schema\\\/logo\\\/image\\\/\",\"url\":\"https:\\\/\\\/colombiamarxista.com\\\/wp-content\\\/uploads\\\/2026\\\/04\\\/logo-crc_Mesa-de-trabajo-1-scaled.png\",\"contentUrl\":\"https:\\\/\\\/colombiamarxista.com\\\/wp-content\\\/uploads\\\/2026\\\/04\\\/logo-crc_Mesa-de-trabajo-1-scaled.png\",\"width\":2560,\"height\":1920,\"caption\":\"Comunistas Revolucionarios de Colombia\"},\"image\":{\"@id\":\"https:\\\/\\\/colombiamarxista.com\\\/#\\\/schema\\\/logo\\\/image\\\/\"}},{\"@type\":\"Person\",\"@id\":\"https:\\\/\\\/colombiamarxista.com\\\/#\\\/schema\\\/person\\\/5f4ac2c654f67aee109a8edfe94eedf8\",\"name\":\"Luis Aristizabal\",\"image\":{\"@type\":\"ImageObject\",\"inLanguage\":\"es-CO\",\"@id\":\"https:\\\/\\\/secure.gravatar.com\\\/avatar\\\/8265dbda4ab34169a41f123b61623e38c5e9195bad649222ab6b24db27618a22?s=96&d=mm&r=g\",\"url\":\"https:\\\/\\\/secure.gravatar.com\\\/avatar\\\/8265dbda4ab34169a41f123b61623e38c5e9195bad649222ab6b24db27618a22?s=96&d=mm&r=g\",\"contentUrl\":\"https:\\\/\\\/secure.gravatar.com\\\/avatar\\\/8265dbda4ab34169a41f123b61623e38c5e9195bad649222ab6b24db27618a22?s=96&d=mm&r=g\",\"caption\":\"Luis Aristizabal\"},\"url\":\"https:\\\/\\\/colombiamarxista.com\\\/?author=6\"}]}<\/script>\n<!-- \/ Yoast SEO plugin. -->","yoast_head_json":{"title":"\u00bfC\u00f3mo entender la inflaci\u00f3n en Colombia? - Comunistas Revolucionarios de Colombia","robots":{"index":"index","follow":"follow","max-snippet":"max-snippet:-1","max-image-preview":"max-image-preview:large","max-video-preview":"max-video-preview:-1"},"canonical":"https:\/\/colombiamarxista.com\/?p=2759","og_locale":"es_ES","og_type":"article","og_title":"\u00bfC\u00f3mo entender la inflaci\u00f3n en Colombia? - Comunistas Revolucionarios de Colombia","og_description":"El cierre del 2021 y el A\u00f1o Nuevo no cumplieron con la m\u00ednima promesa de estabilidad, antes m\u00e1s bien la incertidumbre y los problemas parecen multiplicarse en todo el mundo. Especialmente las contradicciones del manejo de la pol\u00edtica econ\u00f3mica desde la crisis de 2008 siguen sin dar una base s\u00f3lida para una recuperaci\u00f3n. Estamos hablando [&hellip;]","og_url":"https:\/\/colombiamarxista.com\/?p=2759","og_site_name":"Comunistas Revolucionarios de Colombia","article_published_time":"2022-01-11T21:03:18+00:00","article_modified_time":"2022-01-11T21:04:14+00:00","og_image":[{"width":1024,"height":512,"url":"https:\/\/colombiamarxista.com\/wp-content\/uploads\/2022\/01\/Captura-de-pantalla-2022-01-11-a-las-2.58.41-p.-m.-1024x512.png","type":"image\/png"}],"author":"Luis Aristizabal","twitter_card":"summary_large_image","twitter_misc":{"Escrito por":"Luis Aristizabal","Tiempo de lectura":"5 minutos"},"schema":{"@context":"https:\/\/schema.org","@graph":[{"@type":"Article","@id":"https:\/\/colombiamarxista.com\/?p=2759#article","isPartOf":{"@id":"https:\/\/colombiamarxista.com\/?p=2759"},"author":{"name":"Luis Aristizabal","@id":"https:\/\/colombiamarxista.com\/#\/schema\/person\/5f4ac2c654f67aee109a8edfe94eedf8"},"headline":"\u00bfC\u00f3mo entender la inflaci\u00f3n en Colombia?","datePublished":"2022-01-11T21:03:18+00:00","dateModified":"2022-01-11T21:04:14+00:00","mainEntityOfPage":{"@id":"https:\/\/colombiamarxista.com\/?p=2759"},"wordCount":918,"commentCount":0,"publisher":{"@id":"https:\/\/colombiamarxista.com\/#organization"},"image":{"@id":"https:\/\/colombiamarxista.com\/?p=2759#primaryimage"},"thumbnailUrl":"https:\/\/colombiamarxista.com\/wp-content\/uploads\/2022\/01\/Captura-de-pantalla-2022-01-11-a-las-2.58.41-p.-m..png","keywords":["econom\u00eda"],"articleSection":["Coronavirus","Econom\u00eda","Pol\u00edtica"],"inLanguage":"es-CO","potentialAction":[{"@type":"CommentAction","name":"Comment","target":["https:\/\/colombiamarxista.com\/?p=2759#respond"]}]},{"@type":"WebPage","@id":"https:\/\/colombiamarxista.com\/?p=2759","url":"https:\/\/colombiamarxista.com\/?p=2759","name":"\u00bfC\u00f3mo entender la inflaci\u00f3n en Colombia? - Comunistas Revolucionarios de Colombia","isPartOf":{"@id":"https:\/\/colombiamarxista.com\/#website"},"primaryImageOfPage":{"@id":"https:\/\/colombiamarxista.com\/?p=2759#primaryimage"},"image":{"@id":"https:\/\/colombiamarxista.com\/?p=2759#primaryimage"},"thumbnailUrl":"https:\/\/colombiamarxista.com\/wp-content\/uploads\/2022\/01\/Captura-de-pantalla-2022-01-11-a-las-2.58.41-p.-m..png","datePublished":"2022-01-11T21:03:18+00:00","dateModified":"2022-01-11T21:04:14+00:00","breadcrumb":{"@id":"https:\/\/colombiamarxista.com\/?p=2759#breadcrumb"},"inLanguage":"es-CO","potentialAction":[{"@type":"ReadAction","target":["https:\/\/colombiamarxista.com\/?p=2759"]}]},{"@type":"ImageObject","inLanguage":"es-CO","@id":"https:\/\/colombiamarxista.com\/?p=2759#primaryimage","url":"https:\/\/colombiamarxista.com\/wp-content\/uploads\/2022\/01\/Captura-de-pantalla-2022-01-11-a-las-2.58.41-p.-m..png","contentUrl":"https:\/\/colombiamarxista.com\/wp-content\/uploads\/2022\/01\/Captura-de-pantalla-2022-01-11-a-las-2.58.41-p.-m..png","width":1920,"height":960},{"@type":"BreadcrumbList","@id":"https:\/\/colombiamarxista.com\/?p=2759#breadcrumb","itemListElement":[{"@type":"ListItem","position":1,"name":"Home","item":"https:\/\/colombiamarxista.com\/"},{"@type":"ListItem","position":2,"name":"\u00bfC\u00f3mo entender la inflaci\u00f3n en Colombia?"}]},{"@type":"WebSite","@id":"https:\/\/colombiamarxista.com\/#website","url":"https:\/\/colombiamarxista.com\/","name":"Comunistas Revolucionarios de Colombia","description":"","publisher":{"@id":"https:\/\/colombiamarxista.com\/#organization"},"potentialAction":[{"@type":"SearchAction","target":{"@type":"EntryPoint","urlTemplate":"https:\/\/colombiamarxista.com\/?s={search_term_string}"},"query-input":{"@type":"PropertyValueSpecification","valueRequired":true,"valueName":"search_term_string"}}],"inLanguage":"es-CO"},{"@type":"Organization","@id":"https:\/\/colombiamarxista.com\/#organization","name":"Comunistas Revolucionarios de Colombia","url":"https:\/\/colombiamarxista.com\/","logo":{"@type":"ImageObject","inLanguage":"es-CO","@id":"https:\/\/colombiamarxista.com\/#\/schema\/logo\/image\/","url":"https:\/\/colombiamarxista.com\/wp-content\/uploads\/2026\/04\/logo-crc_Mesa-de-trabajo-1-scaled.png","contentUrl":"https:\/\/colombiamarxista.com\/wp-content\/uploads\/2026\/04\/logo-crc_Mesa-de-trabajo-1-scaled.png","width":2560,"height":1920,"caption":"Comunistas Revolucionarios de Colombia"},"image":{"@id":"https:\/\/colombiamarxista.com\/#\/schema\/logo\/image\/"}},{"@type":"Person","@id":"https:\/\/colombiamarxista.com\/#\/schema\/person\/5f4ac2c654f67aee109a8edfe94eedf8","name":"Luis Aristizabal","image":{"@type":"ImageObject","inLanguage":"es-CO","@id":"https:\/\/secure.gravatar.com\/avatar\/8265dbda4ab34169a41f123b61623e38c5e9195bad649222ab6b24db27618a22?s=96&d=mm&r=g","url":"https:\/\/secure.gravatar.com\/avatar\/8265dbda4ab34169a41f123b61623e38c5e9195bad649222ab6b24db27618a22?s=96&d=mm&r=g","contentUrl":"https:\/\/secure.gravatar.com\/avatar\/8265dbda4ab34169a41f123b61623e38c5e9195bad649222ab6b24db27618a22?s=96&d=mm&r=g","caption":"Luis Aristizabal"},"url":"https:\/\/colombiamarxista.com\/?author=6"}]}},"_links":{"self":[{"href":"https:\/\/colombiamarxista.com\/index.php?rest_route=\/wp\/v2\/posts\/2759","targetHints":{"allow":["GET"]}}],"collection":[{"href":"https:\/\/colombiamarxista.com\/index.php?rest_route=\/wp\/v2\/posts"}],"about":[{"href":"https:\/\/colombiamarxista.com\/index.php?rest_route=\/wp\/v2\/types\/post"}],"author":[{"embeddable":true,"href":"https:\/\/colombiamarxista.com\/index.php?rest_route=\/wp\/v2\/users\/6"}],"replies":[{"embeddable":true,"href":"https:\/\/colombiamarxista.com\/index.php?rest_route=%2Fwp%2Fv2%2Fcomments&post=2759"}],"version-history":[{"count":0,"href":"https:\/\/colombiamarxista.com\/index.php?rest_route=\/wp\/v2\/posts\/2759\/revisions"}],"wp:featuredmedia":[{"embeddable":true,"href":"https:\/\/colombiamarxista.com\/index.php?rest_route=\/wp\/v2\/media\/2760"}],"wp:attachment":[{"href":"https:\/\/colombiamarxista.com\/index.php?rest_route=%2Fwp%2Fv2%2Fmedia&parent=2759"}],"wp:term":[{"taxonomy":"category","embeddable":true,"href":"https:\/\/colombiamarxista.com\/index.php?rest_route=%2Fwp%2Fv2%2Fcategories&post=2759"},{"taxonomy":"post_tag","embeddable":true,"href":"https:\/\/colombiamarxista.com\/index.php?rest_route=%2Fwp%2Fv2%2Ftags&post=2759"}],"curies":[{"name":"wp","href":"https:\/\/api.w.org\/{rel}","templated":true}]}}