{"id":2744,"date":"2021-12-11T21:14:23","date_gmt":"2021-12-12T02:14:23","guid":{"rendered":"https:\/\/colombiamarxista.com\/?p=2744"},"modified":"2021-12-13T16:35:39","modified_gmt":"2021-12-13T21:35:39","slug":"en-que-direccion-se-mueve-el-pacto-historico","status":"publish","type":"post","link":"https:\/\/colombiamarxista.com\/?p=2744","title":{"rendered":"\u00bfEn que direcci\u00f3n se mueve el Pacto Hist\u00f3rico?"},"content":{"rendered":"\n<p>El 2 de Noviembre, Gustavo Petro confirm\u00f3 la adhesi\u00f3n al Pacto Hist\u00f3rico de Alfredo Saade, un sacerdote provida. El 29 de noviembre, al publicarse fotos de un encuentro de l\u00edderes del Pacto Hist\u00f3rico en Antioquia con Luis Perez, se confirm\u00f3 el inter\u00e9s de un ala del Partido Liberal para participar de la consulta del Pacto. P\u00e9rez, alcalde de Medell\u00edn durante la operaci\u00f3n Ori\u00f3n nunca ha condenado la misma y tambi\u00e9n ha sido se\u00f1alado de v\u00ednculos con paramilitares. Estos eventos han sido recibidos con gran escepticismo por las bases de la coalici\u00f3n de Petro al igual que los dirigentes de las organizaciones de izquierdas adherentes.&nbsp;<\/p>\n\n\n\n<p>Mientras que el periodo electoral se acerca, la cuesti\u00f3n que definir\u00e1, para bien o para mal, el resultado de la elecci\u00f3n ser\u00e1 el rol que el Pacto Hist\u00f3rico tome a trav\u00e9s de los siguientes seis meses. Si bien es todav\u00eda te\u00f3ricamente posible que otro partido o coalici\u00f3n logre capturar la imaginaci\u00f3n de la clase obrera, el campesinado y la juventud colombianas, las probabilidades son bastante reducidas, debido al rol que Petro ha jugado en los \u00faltimos 3 a\u00f1os, desde su campa\u00f1a presidencial del 2018 hasta su papel como el cr\u00edtico m\u00e1s prominente del gobierno de Ivan Duque.&nbsp;<\/p>\n\n\n\n<p>Es claro que detr\u00e1s de Gustavo Petro y su coalici\u00f3n est\u00e1n las esperanzas de millones de Colombianos que quieren cambiar el rumbo de un pa\u00eds en donde el salario m\u00ednimo es apenas un tercio de la canasta familiar. Es por esto que es muy importante entender qu\u00e9 es el Pacto Hist\u00f3rico, sus din\u00e1micas y en qu\u00e9 direcci\u00f3n se est\u00e1 orientado.&nbsp;<\/p>\n\n\n\n<h3 class=\"wp-block-heading\">Un balance de la campa\u00f1a de Petro del 2018<\/h3>\n\n\n\n<p>La campa\u00f1a de Petro del 2018 fue un punto de inflexi\u00f3n. Un candidato abiertamente de centro-izquierda logr\u00f3 pasar a la segunda ronda de votaci\u00f3n. Hasta 1977, bajo el manto del Frente Nacional, los Liberales y Conservadores (dos alas de la misma clase) se turnaban la presidencia. Luego, en el calor de la lucha contra la guerrilla y el narcotr\u00e1fico, surge el Uribismo, con lo que los partidos tradicionales empezaron a perder relevancia. Esto signific\u00f3 la continuaci\u00f3n del poder de la extrema derecha, con la izquierda organizada siendo relegada al margen.&nbsp;<\/p>\n\n\n\n<p>No hay m\u00e1s que comparar el desempe\u00f1o de Petro con el del Polo Democratico Alternativo, el partido de izquierda m\u00e1s prominente antes del surgimiento de Colombia Humana en el 2018. El PDA solo logr\u00f3 22% del voto en la elecci\u00f3n del 2008. Una d\u00e9cada m\u00e1s tarde, Petro obtendr\u00eda el 42% del voto. Es claro que su campa\u00f1a logr\u00f3 recibir este apoyo porque su programa, de ser implementado, lo pone en un curso de colisi\u00f3n con la oligarqu\u00eda colombiana.&nbsp;<\/p>\n\n\n\n<p>Si bien su programa no representa una ruptura con el sistema, la oligarqu\u00eda entiende que detr\u00e1s de Petro est\u00e1n millones de personas que quieren cambiar las condiciones de vida de Colombia que son tan paup\u00e9rrimas para la gente del com\u00fan y tan beneficiosas para los banqueros, los patrones y el latifundio.&nbsp; Por esto, se lanzaron al ataque, declarando a Petro como un \u201ccastro-chavista\u201d. Lo interesante es la respuesta de Petro a esto. En vez de entender de manera clara que su base lo apoya debido a sus diferencias con los pol\u00edticos del establecimiento, Petro decidi\u00f3 mitigar el radicalismo de su programa y retract\u00f3 promesas como la reforma agraria en nombre de evitar expropiaciones y respetar la propiedad privada dentro del marco legal de la Constituci\u00f3n del 91.&nbsp;<\/p>\n\n\n\n<p>Es cierto que esta no es la \u00fanica causa por la que Petro perdi\u00f3 (muchos sabemos que la segunda vuelta es una buena oportunidad para que la clase dominante pueda cerrar el paso a cualquier candidato insurgente, y el destape de la \u00d1e\u00f1epolitica demuestra un caso cre\u00edble de fraude), su comportamiento luego de la derrota electoral con respecto a los ataques de la derecha empez\u00f3 a mostrar c\u00f3mo conducir\u00eda su campa\u00f1a en 2022.&nbsp;<\/p>\n\n\n\n<h3 class=\"wp-block-heading\">Concesiones a la derecha<\/h3>\n\n\n\n<p>Eso pudo verse con la inclusi\u00f3n en 2020 de Roy Barreras, y Armando Benedetti (Uribistas en una vida pasada, que luego apoyaron a Santos y ahora petristas iluminados), que refleja el tipo de votantes que Petro est\u00e1 tratando de convencer. Petro no est\u00e1 buscando movilizar a ninguna parte del 48% de personas que no votaron en la elecci\u00f3n anterior sino a los peque\u00f1os empresarios insatisfechos con la gesti\u00f3n de Duque.&nbsp;<\/p>\n\n\n\n<p>En su inclusi\u00f3n de Alfredo Saade, Petro declar\u00f3 que no se consideraba \u201cpro-aborto\u201d ya que preferir\u00eda una sociedad sin aborto en donde la educaci\u00f3n sexual prevendr\u00eda la posibilidad de abortos en el primer lugar. Este no es el lugar para discutir en detalle la posici\u00f3n revolucionaria con respecto al derecho del aborto. Lo que vale la pena notar es que Petro efectivamente usa esto para defender su decisi\u00f3n de abrirle la puerta a Saade, un reverendo cristiano abiertamente anti-aborto con la meta de intentar atraer a m\u00e1s cristianos al Pacto Hist\u00f3rico. Pero efectivamente, esto deja la posici\u00f3n de la coalici\u00f3n sin definir. Esto f\u00e1cilmente ser\u00eda el primer paso hacia una concesi\u00f3n a la derecha donde se evite luchar por una ley que legalice el aborto.&nbsp;<\/p>\n\n\n\n<p>Si esto es preocupante, la inclusi\u00f3n de Luis Perez y la defensa abierta de la misma es a\u00fan m\u00e1s grave. El historial de Luis Perez habla por s\u00ed solo. Desde su complacencia y defensa en la Operaci\u00f3n Ori\u00f3n (<a href=\"https:\/\/twitter.com\/petrogustavo\/status\/1465814681726210053\">lo que Petro &#8220;suaviza&#8221; al decir que no tuvo participaci\u00f3n directa,<\/a> aunque la idea de que el alcalde de Medell\u00edn desconociera el rol que la polic\u00eda y los paramilitares tuvieron en la muerte de al menos 80 civiles y 92 desapariciones forzosas merece el beneficio de la duda, como m\u00ednimo) hasta su reputaci\u00f3n corrupta (su apodo de Luis XV viene de su h\u00e1bito de obtener un 15% de cualquier contrato p\u00fablico que concedi\u00f3), Luis Perez representa todos los principios y la historia con los que el Pacto Hist\u00f3rico ha declarado enemistad ideol\u00f3gica.&nbsp;<\/p>\n\n\n\n<p>Todo esto se pudo ver en el reciente &#8220;di\u00e1logo&#8221; organizado por Caracol y La Silla Vac\u00eda.&nbsp; Con cada pregunta que buscaba mostrar los miedos que se tienen de un gobierno del PH, se evidenci\u00f3 la nueva estrategia, desde lo m\u00e1s tradicional como declarar que Venezuela es una dictadura hasta una nueva defensa de los contactos con P\u00e9rez&nbsp; de la gran mayor\u00eda de los precandidatos.<\/p>\n\n\n\n<p><\/p>\n\n\n\n<figure class=\"wp-block-image size-full\"><img fetchpriority=\"high\" decoding=\"async\" width=\"640\" height=\"480\" src=\"https:\/\/colombiamarxista.com\/wp-content\/uploads\/2021\/12\/detector-pactohistorico.jpg\" alt=\"\" class=\"wp-image-2746\" srcset=\"https:\/\/colombiamarxista.com\/wp-content\/uploads\/2021\/12\/detector-pactohistorico.jpg 640w, https:\/\/colombiamarxista.com\/wp-content\/uploads\/2021\/12\/detector-pactohistorico-300x225.jpg 300w\" sizes=\"(max-width: 640px) 100vw, 640px\" \/><\/figure>\n\n\n\n<p>La defensa de Petro de la inclusi\u00f3n de personajes como Perez, Barreras y Benedetti es que el pacto hist\u00f3rico tiene que reunir a todos los que est\u00e9n de acuerdo con la necesidad de cambio, sin importar su origen. La pregunta que hay que hacerse es si personajes como estos ex-uribistas de verdad quieren un cambio en Colombia y si est\u00e1n de acuerdo con el programa del Pacto Hist\u00f3rico y con la meta de sus bases, que quieren ponerle un fin al atraso colombiano, producto del capitalismo. La evidencia en cada caso brilla por su ausencia. \u00a1Perez llama abiertamente a que <a href=\"https:\/\/www.semana.com\/nacion\/articulo\/luis-perez-a-gustavo-petro-no-pelee-tanto-con-los-ricos\/202147\/\">Petro no pelee tanto con los ricos<\/a>! Benedetti est\u00e1 siendo investigado por enriquecimiento il\u00edcito, mientras que Karen Abudinen <a href=\"https:\/\/twitter.com\/karenabudi\/status\/1442465958724055041\">lo acusa de tratar de enriquecerse del desastre de MINTIC<\/a>, donde 70.000 millones de pesos colombianos asignados a la modernizaci\u00f3n de escuelas rurales, han desaparecido de manera misteriosa.<\/p>\n\n\n\n<h3 class=\"wp-block-heading\">\u00bfC\u00f3mo puede responder la izquierda?<\/h3>\n\n\n\n<p>Petro declara que el Pacto Hist\u00f3rico tiene que atraer tambi\u00e9n a los uribistas. La pregunta es qu\u00e9 tipo de organizaci\u00f3n atraer\u00e1 a estos elementos y que har\u00e1n ellos dentro de ella. Esto va sobre todo apuntado a &#8220;acoger&#8221; a l\u00edderes y est\u00e1 claro que muchos de ellos ven en el Pacto Hist\u00f3rico la posibilidad de estabilizar la situaci\u00f3n del pa\u00eds a su favor. El gobierno de Duque se ha caracterizado por su inestabilidad. Desde su gesti\u00f3n criminal de la pandemia hasta el paro general, donde justific\u00f3 el asesinato de decenas de civiles, muchos en la burgues\u00eda claramente ven que el Centro Democratico est\u00e1 desgastado. En suma, ven en ello la posibilidad de un cambio &#8220;gatopardo&#8221; en donde cambios superficiales se usan para evitar el cambio sistem\u00e1tico.&nbsp;<\/p>\n\n\n\n<p>Como marxistas tenemos que clarificar lo que Petro y sus invitados no est\u00e1n dispuestos a admitir: que una organizaci\u00f3n que invite tanto a la clase obrera, al campesinado y a la juventud a unirse de las manos con sus explotadores y opresores es una organizaci\u00f3n que se definir\u00e1 por sus conflictos internos. Y el conflicto interno m\u00e1s grande que habr\u00e1 ser\u00e1 el conflicto program\u00e1tico, como se vio con los ataques a la invitaci\u00f3n a P\u00e9rez.&nbsp;<\/p>\n\n\n\n<p>Si bien Petro dice que no tiene ning\u00fan problema con quien se una al Pacto Hist\u00f3rico mientras est\u00e9n de acuerdo con la visi\u00f3n de una mejor Colombia, hay que reconocer que cada uno de estos senadores est\u00e1n atados por mil hilos a la clase dominante y al imperialismo internacional. Si sus intereses ahora mismo est\u00e1n en el pacto hist\u00f3rico, eventualmente la presi\u00f3n de la clase dominante a trav\u00e9s del control de sus intereses y su patrimonio se encargar\u00e1 de que estos senadores reconsideren su nuevo camino.&nbsp;<\/p>\n\n\n\n<h3 class=\"wp-block-heading\">Un partido obrero<\/h3>\n\n\n\n<p>Sin embargo, no es suficiente decir que direcci\u00f3n no debe tomar el Pacto Hist\u00f3rico. Es esencial explicar qu\u00e9 tipo de organizaci\u00f3n creemos que podr\u00eda jugar un rol positivo en los eventos por venir. Nosotros abogamos por un partido independiente de la clase obrera. La independencia de clase es el paso m\u00e1s esencial para la madurez de la clase obrera. Solo ser\u00e1 sobre la base de su propia fuerza que la clase obrera colombiana podr\u00e1 ponerle fin a esta crisis ya que no tendr\u00e1 que unirse con sus propios explotadores, cuyos intereses materiales son enteramente opuestos a los intereses de los trabajadores, cuyo primer inter\u00e9s material es ponerle fin a la explotaci\u00f3n en\u00a0 primer lugar.<\/p>\n\n\n\n<p>Es esencial retomar los viejos m\u00e9todos de lucha obrera que han servido a los trabajadores a trav\u00e9s de la historia. Las demostraciones masivas evidenciaron\u00a0 su poder en los meses decisivos de abril y mayo de este a\u00f1o, donde las masas tumbaron la reforma tributaria y se deshicieron de su autor, el ministro de hacienda, Carrasquilla. Pero no solo se trata de demostraciones masivas. Se trata de retomar el arma m\u00e1s poderosa de la clase obrera, la huelga, y usarla para obtener nuevas conquistas atacando a la clase dominante exactamente donde les duele: en el bolsillo. Conquistas como la sindicalizaci\u00f3n de la clase obrera colombiana, mejoras a las condiciones laborales y derechos democr\u00e1ticos que son tirados por la borda solo ser\u00e1n posibles sobre la base de una lucha de clases que reconozca las herramientas m\u00e1s poderosas que tiene la clase obrera: su inmenso poder econ\u00f3mico y el hecho de ser parte de la mayor\u00eda de la sociedad, en conjunto al campesinado y al estudiantado.\u00a0<\/p>\n\n\n\n<p>Antes de tener unidad con cualquier grupo, es esencial tener unidad de principios, ideas y programa. No hay problema con una organizaci\u00f3n que atraiga a cualquiera sin importar su procedencia. Es cuando su procedencia se ignora a favor de su integraci\u00f3n y se le otorga prestigio no meritorio debido a sus lazos con el aparato pol\u00edtico que las bases tienen que dudar de su integraci\u00f3n. Este no es el soporte sobre el cual se puede crear una organizaci\u00f3n que pueda actuar de manera unitaria a la hora de la verdad.&nbsp;<\/p>\n\n\n\n<p>Cuando el Pacto Hist\u00f3rico busca este tipo de adiciones, lo que est\u00e1 buscando es un atajo al poder. Pero obtener la presidencia de la rep\u00fablica pondr\u00e1 a Petro en una confrontaci\u00f3n abierta con la oligarqu\u00eda colombiana que hasta hoy siempre ha tenido a sus sirvientes m\u00e1s leales en el palacio de Nari\u00f1o. Sin unas bases organizadas de tal manera que puedan poner en pr\u00e1ctica las reformas necesarias para avanzar la econom\u00eda colombiana (la reforma agraria y la nacionalizaci\u00f3n de las altas esferas de la econom\u00eda, por ejemplo) Petro tendr\u00e1 que depender del estado colombiano, dise\u00f1ado para defender los intereses de la burgues\u00eda y operado enteramente por los bur\u00f3cratas de su predilecci\u00f3n. Si el Pacto Hist\u00f3rico se orientar\u00e1 hacia las masas que quieren luchar por que una presidencia de Petro sea exitosa y se atreviera a ofrecerles un programa y t\u00e1cticas generales de lucha, esto pondr\u00eda en jaque a la clase dominante que claramente preferir\u00eda que una presidencia del Pacto Hist\u00f3rico solo sea una cubeta de agua fr\u00eda regada sobre las masas.&nbsp;<\/p>\n\n\n\n<h3 class=\"wp-block-heading\">La tarea de los marxistas y la deuda hist\u00f3rica<\/h3>\n\n\n\n<p>Creemos que el papel m\u00e1s importante que los Marxistas pueden jugar en el periodo actual es precisamente el de ser la izquierda del pacto hist\u00f3rico y defenderlo de los ataques de la derecha. Pero no escondemos nuestras cr\u00edticas ni ocultamos nuestras banderas. Creemos que el pacto hist\u00f3rico y la posible presidencia de Gustavo Petro nos presentan la oportunidad de luchar por varias reformas que son deudas hist\u00f3ricas del pa\u00eds, como los derechos sindicales y la dignidad laboral. Pero sabemos que en muchas de estas luchas, lo que ser\u00e1 necesario hacer, ser\u00e1 confrontar abiertamente el poder del capital colombiano. Nuestra tarea ser\u00e1 ir donde Petro y los consejeros del uribismo no se atrevan a ir: a desafiar al latifundio, a los banqueros y a los patrones.&nbsp;<\/p>\n\n\n\n<figure class=\"wp-block-image size-full\"><img decoding=\"async\" width=\"600\" height=\"338\" src=\"https:\/\/colombiamarxista.com\/wp-content\/uploads\/2021\/09\/colombia_sesiones_de_trabajo_asamblea_nacional_popular_foto_xasambleapop21.jpg_1718483347.jpg\" alt=\"\" class=\"wp-image-2654\" srcset=\"https:\/\/colombiamarxista.com\/wp-content\/uploads\/2021\/09\/colombia_sesiones_de_trabajo_asamblea_nacional_popular_foto_xasambleapop21.jpg_1718483347.jpg 600w, https:\/\/colombiamarxista.com\/wp-content\/uploads\/2021\/09\/colombia_sesiones_de_trabajo_asamblea_nacional_popular_foto_xasambleapop21.jpg_1718483347-300x169.jpg 300w\" sizes=\"(max-width: 600px) 100vw, 600px\" \/><\/figure>\n\n\n\n<p>El Pacto Hist\u00f3rico recoge las esperanzas de millones de Colombianos que han vivido a trav\u00e9s de veinte a\u00f1os de guerra, pobreza y represi\u00f3n, impuestos por el imperialismo. Esta es la raz\u00f3n por la que la oligarqu\u00eda colombiana tiene que calumniar a Petro y presentarlo como el heredero de Chavez, a pesar de&nbsp; su moderaci\u00f3n. Mientras que el Pacto Hist\u00f3rico abarque esas esperanzas y sea una plataforma para la movilizaci\u00f3n de estos colombianos, apoyaremos al Pacto y presentaremos la necesidad del socialismo y la teor\u00eda revolucionaria en un periodo tan cr\u00edtico como el nuestro. Pero tendremos que reconocer que los oponentes m\u00e1s f\u00e9rreos de estas ideas no estar\u00e1n solo en la derecha sino en los altos puestos del Pacto. Pero esto es a\u00fan m\u00e1s raz\u00f3n para ayudar a los mejores militantes del Pacto Hist\u00f3rico a sacar un balance acertado y convencerlos de la necesidad de luchar por el socialismo.&nbsp;<\/p>\n\n\n\n<p>Ante todo, participamos con la perspectiva de que la mejor herramienta para la lucha por los derechos laborales, la dignidad del campesinado y un futuro para la juventud es un partido obrero guiado por un programa revolucionario. Creemos que estamos en un periodo en la historia colombiana en el cual la posibilidad de semejante partido est\u00e1 a nuestro alcance. A trav\u00e9s de los \u00faltimos cinco a\u00f1os, desde la firma del acuerdo de paz, ha sido claro que los obreros, campesinos y oprimidos colombianos han reconocido la necesidad de luchar en contra de la oligarqu\u00eda. Los paros generales del 2019 y 2021 y las manifestaciones masivas a nivel nacional en 2020 demuestran que hay cientos de miles de personas que est\u00e1n dispuestas a luchar y que est\u00e1n aprendiendo las lecciones de los \u00faltimos cinco a\u00f1os.&nbsp;<\/p>\n\n\n\n<p>Un partido obrero podr\u00eda darle a estas cientos de miles de personas un programa que clarifique c\u00f3mo ponerle fin a su miseria a trav\u00e9s de su acci\u00f3n coordinada, t\u00e1cticas y estrategia para poner el programa en pr\u00e1ctica e ideas para defender el programa de los ataques de la clase dominante y atraer a los mejores elementos de la clase obrera a la lucha por un fin a la oligarqu\u00eda colombiana. S\u00f3lo esto podr\u00e1 ponerle fin a las circunstancias que han creado la necesidad de un Pacto Hist\u00f3rico en primer lugar.<\/p>\n","protected":false},"excerpt":{"rendered":"<p>El 2 de Noviembre, Gustavo Petro confirm\u00f3 la adhesi\u00f3n al Pacto Hist\u00f3rico de Alfredo Saade, un sacerdote provida. El 29 de noviembre, al publicarse fotos de un encuentro de l\u00edderes del Pacto Hist\u00f3rico en Antioquia con Luis Perez, se confirm\u00f3 el inter\u00e9s de un ala del Partido Liberal para participar de la consulta del Pacto. [&hellip;]<\/p>\n","protected":false},"author":2,"featured_media":2745,"comment_status":"open","ping_status":"open","sticky":false,"template":"","format":"standard","meta":{"footnotes":""},"categories":[201],"tags":[264,303,313,314],"class_list":["post-2744","post","type-post","status-publish","format-standard","has-post-thumbnail","hentry","category-politica","tag-petro","tag-partido-obrero","tag-pacto-historico","tag-periodo-electoral"],"yoast_head":"<!-- This site is optimized with the Yoast SEO plugin v27.5 - https:\/\/yoast.com\/product\/yoast-seo-wordpress\/ -->\n<title>\u00bfEn que direcci\u00f3n se mueve el Pacto Hist\u00f3rico? - Comunistas Revolucionarios de Colombia<\/title>\n<meta name=\"robots\" content=\"index, follow, max-snippet:-1, max-image-preview:large, max-video-preview:-1\" \/>\n<link rel=\"canonical\" href=\"https:\/\/colombiamarxista.com\/?p=2744\" \/>\n<meta property=\"og:locale\" content=\"es_ES\" \/>\n<meta property=\"og:type\" content=\"article\" \/>\n<meta property=\"og:title\" content=\"\u00bfEn que direcci\u00f3n se mueve el Pacto Hist\u00f3rico?\" \/>\n<meta property=\"og:description\" content=\"El 2 de Noviembre, Gustavo Petro confirm\u00f3 la adhesi\u00f3n al Pacto Hist\u00f3rico de Alfredo Saade, un sacerdote provida. El 29 de noviembre, al publicarse fotos de un encuentro de l\u00edderes del Pacto Hist\u00f3rico en Antioquia con Luis Perez, se confirm\u00f3 el inter\u00e9s de un ala del Partido Liberal para participar de la consulta del Pacto. [&hellip;]\" \/>\n<meta property=\"og:url\" content=\"https:\/\/colombiamarxista.com\/?p=2744\" \/>\n<meta property=\"og:site_name\" content=\"Comunistas Revolucionarios de Colombia\" \/>\n<meta property=\"article:published_time\" content=\"2021-12-12T02:14:23+00:00\" \/>\n<meta property=\"article:modified_time\" content=\"2021-12-13T21:35:39+00:00\" \/>\n<meta property=\"og:image\" content=\"https:\/\/colombiamarxista.com\/wp-content\/uploads\/2021\/12\/Pacto-Historico.jpg\" \/>\n\t<meta property=\"og:image:width\" content=\"1920\" \/>\n\t<meta property=\"og:image:height\" content=\"1080\" \/>\n\t<meta property=\"og:image:type\" content=\"image\/jpeg\" \/>\n<meta name=\"author\" content=\"Gabriel Galeano\" \/>\n<meta name=\"twitter:card\" content=\"summary_large_image\" \/>\n<meta name=\"twitter:title\" content=\"\u00bfEn que direcci\u00f3n se mueve el Pacto Hist\u00f3rico?\" \/>\n<meta name=\"twitter:image\" content=\"https:\/\/colombiamarxista.com\/wp-content\/uploads\/2021\/12\/Pacto-Historico.jpg\" \/>\n<meta name=\"twitter:label1\" content=\"Escrito por\" \/>\n\t<meta name=\"twitter:data1\" content=\"Gabriel Galeano\" \/>\n\t<meta name=\"twitter:label2\" content=\"Tiempo de lectura\" \/>\n\t<meta name=\"twitter:data2\" content=\"12 minutos\" \/>\n<script type=\"application\/ld+json\" class=\"yoast-schema-graph\">{\"@context\":\"https:\\\/\\\/schema.org\",\"@graph\":[{\"@type\":\"Article\",\"@id\":\"https:\\\/\\\/colombiamarxista.com\\\/?p=2744#article\",\"isPartOf\":{\"@id\":\"https:\\\/\\\/colombiamarxista.com\\\/?p=2744\"},\"author\":{\"name\":\"Gabriel Galeano\",\"@id\":\"https:\\\/\\\/colombiamarxista.com\\\/#\\\/schema\\\/person\\\/7144a9d3ac99877932a4974fbd819cbf\"},\"headline\":\"\u00bfEn que direcci\u00f3n se mueve el Pacto Hist\u00f3rico?\",\"datePublished\":\"2021-12-12T02:14:23+00:00\",\"dateModified\":\"2021-12-13T21:35:39+00:00\",\"mainEntityOfPage\":{\"@id\":\"https:\\\/\\\/colombiamarxista.com\\\/?p=2744\"},\"wordCount\":2740,\"commentCount\":0,\"publisher\":{\"@id\":\"https:\\\/\\\/colombiamarxista.com\\\/#organization\"},\"image\":{\"@id\":\"https:\\\/\\\/colombiamarxista.com\\\/?p=2744#primaryimage\"},\"thumbnailUrl\":\"https:\\\/\\\/colombiamarxista.com\\\/wp-content\\\/uploads\\\/2021\\\/12\\\/Pacto-Historico.jpg\",\"keywords\":[\"petro\",\"partido obrero\",\"pacto historico\",\"periodo electoral\"],\"articleSection\":[\"Pol\u00edtica\"],\"inLanguage\":\"es-CO\",\"potentialAction\":[{\"@type\":\"CommentAction\",\"name\":\"Comment\",\"target\":[\"https:\\\/\\\/colombiamarxista.com\\\/?p=2744#respond\"]}]},{\"@type\":\"WebPage\",\"@id\":\"https:\\\/\\\/colombiamarxista.com\\\/?p=2744\",\"url\":\"https:\\\/\\\/colombiamarxista.com\\\/?p=2744\",\"name\":\"\u00bfEn que direcci\u00f3n se mueve el Pacto Hist\u00f3rico? - Comunistas Revolucionarios de Colombia\",\"isPartOf\":{\"@id\":\"https:\\\/\\\/colombiamarxista.com\\\/#website\"},\"primaryImageOfPage\":{\"@id\":\"https:\\\/\\\/colombiamarxista.com\\\/?p=2744#primaryimage\"},\"image\":{\"@id\":\"https:\\\/\\\/colombiamarxista.com\\\/?p=2744#primaryimage\"},\"thumbnailUrl\":\"https:\\\/\\\/colombiamarxista.com\\\/wp-content\\\/uploads\\\/2021\\\/12\\\/Pacto-Historico.jpg\",\"datePublished\":\"2021-12-12T02:14:23+00:00\",\"dateModified\":\"2021-12-13T21:35:39+00:00\",\"breadcrumb\":{\"@id\":\"https:\\\/\\\/colombiamarxista.com\\\/?p=2744#breadcrumb\"},\"inLanguage\":\"es-CO\",\"potentialAction\":[{\"@type\":\"ReadAction\",\"target\":[\"https:\\\/\\\/colombiamarxista.com\\\/?p=2744\"]}]},{\"@type\":\"ImageObject\",\"inLanguage\":\"es-CO\",\"@id\":\"https:\\\/\\\/colombiamarxista.com\\\/?p=2744#primaryimage\",\"url\":\"https:\\\/\\\/colombiamarxista.com\\\/wp-content\\\/uploads\\\/2021\\\/12\\\/Pacto-Historico.jpg\",\"contentUrl\":\"https:\\\/\\\/colombiamarxista.com\\\/wp-content\\\/uploads\\\/2021\\\/12\\\/Pacto-Historico.jpg\",\"width\":1920,\"height\":1080},{\"@type\":\"BreadcrumbList\",\"@id\":\"https:\\\/\\\/colombiamarxista.com\\\/?p=2744#breadcrumb\",\"itemListElement\":[{\"@type\":\"ListItem\",\"position\":1,\"name\":\"Home\",\"item\":\"https:\\\/\\\/colombiamarxista.com\\\/\"},{\"@type\":\"ListItem\",\"position\":2,\"name\":\"\u00bfEn que direcci\u00f3n se mueve el Pacto Hist\u00f3rico?\"}]},{\"@type\":\"WebSite\",\"@id\":\"https:\\\/\\\/colombiamarxista.com\\\/#website\",\"url\":\"https:\\\/\\\/colombiamarxista.com\\\/\",\"name\":\"Comunistas Revolucionarios de Colombia\",\"description\":\"\",\"publisher\":{\"@id\":\"https:\\\/\\\/colombiamarxista.com\\\/#organization\"},\"potentialAction\":[{\"@type\":\"SearchAction\",\"target\":{\"@type\":\"EntryPoint\",\"urlTemplate\":\"https:\\\/\\\/colombiamarxista.com\\\/?s={search_term_string}\"},\"query-input\":{\"@type\":\"PropertyValueSpecification\",\"valueRequired\":true,\"valueName\":\"search_term_string\"}}],\"inLanguage\":\"es-CO\"},{\"@type\":\"Organization\",\"@id\":\"https:\\\/\\\/colombiamarxista.com\\\/#organization\",\"name\":\"Comunistas Revolucionarios de Colombia\",\"url\":\"https:\\\/\\\/colombiamarxista.com\\\/\",\"logo\":{\"@type\":\"ImageObject\",\"inLanguage\":\"es-CO\",\"@id\":\"https:\\\/\\\/colombiamarxista.com\\\/#\\\/schema\\\/logo\\\/image\\\/\",\"url\":\"https:\\\/\\\/colombiamarxista.com\\\/wp-content\\\/uploads\\\/2026\\\/04\\\/logo-crc_Mesa-de-trabajo-1-scaled.png\",\"contentUrl\":\"https:\\\/\\\/colombiamarxista.com\\\/wp-content\\\/uploads\\\/2026\\\/04\\\/logo-crc_Mesa-de-trabajo-1-scaled.png\",\"width\":2560,\"height\":1920,\"caption\":\"Comunistas Revolucionarios de Colombia\"},\"image\":{\"@id\":\"https:\\\/\\\/colombiamarxista.com\\\/#\\\/schema\\\/logo\\\/image\\\/\"}},{\"@type\":\"Person\",\"@id\":\"https:\\\/\\\/colombiamarxista.com\\\/#\\\/schema\\\/person\\\/7144a9d3ac99877932a4974fbd819cbf\",\"name\":\"Gabriel Galeano\",\"image\":{\"@type\":\"ImageObject\",\"inLanguage\":\"es-CO\",\"@id\":\"https:\\\/\\\/secure.gravatar.com\\\/avatar\\\/4f42705dcaa003feae644c4b7be0eb3a7f70ab67775c0c92a8b8eebb460d0140?s=96&d=mm&r=g\",\"url\":\"https:\\\/\\\/secure.gravatar.com\\\/avatar\\\/4f42705dcaa003feae644c4b7be0eb3a7f70ab67775c0c92a8b8eebb460d0140?s=96&d=mm&r=g\",\"contentUrl\":\"https:\\\/\\\/secure.gravatar.com\\\/avatar\\\/4f42705dcaa003feae644c4b7be0eb3a7f70ab67775c0c92a8b8eebb460d0140?s=96&d=mm&r=g\",\"caption\":\"Gabriel Galeano\"},\"url\":\"https:\\\/\\\/colombiamarxista.com\\\/?author=2\"}]}<\/script>\n<!-- \/ Yoast SEO plugin. -->","yoast_head_json":{"title":"\u00bfEn que direcci\u00f3n se mueve el Pacto Hist\u00f3rico? - Comunistas Revolucionarios de Colombia","robots":{"index":"index","follow":"follow","max-snippet":"max-snippet:-1","max-image-preview":"max-image-preview:large","max-video-preview":"max-video-preview:-1"},"canonical":"https:\/\/colombiamarxista.com\/?p=2744","og_locale":"es_ES","og_type":"article","og_title":"\u00bfEn que direcci\u00f3n se mueve el Pacto Hist\u00f3rico?","og_description":"El 2 de Noviembre, Gustavo Petro confirm\u00f3 la adhesi\u00f3n al Pacto Hist\u00f3rico de Alfredo Saade, un sacerdote provida. El 29 de noviembre, al publicarse fotos de un encuentro de l\u00edderes del Pacto Hist\u00f3rico en Antioquia con Luis Perez, se confirm\u00f3 el inter\u00e9s de un ala del Partido Liberal para participar de la consulta del Pacto. [&hellip;]","og_url":"https:\/\/colombiamarxista.com\/?p=2744","og_site_name":"Comunistas Revolucionarios de Colombia","article_published_time":"2021-12-12T02:14:23+00:00","article_modified_time":"2021-12-13T21:35:39+00:00","og_image":[{"width":1920,"height":1080,"url":"https:\/\/colombiamarxista.com\/wp-content\/uploads\/2021\/12\/Pacto-Historico.jpg","type":"image\/jpeg"}],"author":"Gabriel Galeano","twitter_card":"summary_large_image","twitter_title":"\u00bfEn que direcci\u00f3n se mueve el Pacto Hist\u00f3rico?","twitter_image":"https:\/\/colombiamarxista.com\/wp-content\/uploads\/2021\/12\/Pacto-Historico.jpg","twitter_misc":{"Escrito por":"Gabriel Galeano","Tiempo de lectura":"12 minutos"},"schema":{"@context":"https:\/\/schema.org","@graph":[{"@type":"Article","@id":"https:\/\/colombiamarxista.com\/?p=2744#article","isPartOf":{"@id":"https:\/\/colombiamarxista.com\/?p=2744"},"author":{"name":"Gabriel Galeano","@id":"https:\/\/colombiamarxista.com\/#\/schema\/person\/7144a9d3ac99877932a4974fbd819cbf"},"headline":"\u00bfEn que direcci\u00f3n se mueve el Pacto Hist\u00f3rico?","datePublished":"2021-12-12T02:14:23+00:00","dateModified":"2021-12-13T21:35:39+00:00","mainEntityOfPage":{"@id":"https:\/\/colombiamarxista.com\/?p=2744"},"wordCount":2740,"commentCount":0,"publisher":{"@id":"https:\/\/colombiamarxista.com\/#organization"},"image":{"@id":"https:\/\/colombiamarxista.com\/?p=2744#primaryimage"},"thumbnailUrl":"https:\/\/colombiamarxista.com\/wp-content\/uploads\/2021\/12\/Pacto-Historico.jpg","keywords":["petro","partido obrero","pacto historico","periodo electoral"],"articleSection":["Pol\u00edtica"],"inLanguage":"es-CO","potentialAction":[{"@type":"CommentAction","name":"Comment","target":["https:\/\/colombiamarxista.com\/?p=2744#respond"]}]},{"@type":"WebPage","@id":"https:\/\/colombiamarxista.com\/?p=2744","url":"https:\/\/colombiamarxista.com\/?p=2744","name":"\u00bfEn que direcci\u00f3n se mueve el Pacto Hist\u00f3rico? - Comunistas Revolucionarios de Colombia","isPartOf":{"@id":"https:\/\/colombiamarxista.com\/#website"},"primaryImageOfPage":{"@id":"https:\/\/colombiamarxista.com\/?p=2744#primaryimage"},"image":{"@id":"https:\/\/colombiamarxista.com\/?p=2744#primaryimage"},"thumbnailUrl":"https:\/\/colombiamarxista.com\/wp-content\/uploads\/2021\/12\/Pacto-Historico.jpg","datePublished":"2021-12-12T02:14:23+00:00","dateModified":"2021-12-13T21:35:39+00:00","breadcrumb":{"@id":"https:\/\/colombiamarxista.com\/?p=2744#breadcrumb"},"inLanguage":"es-CO","potentialAction":[{"@type":"ReadAction","target":["https:\/\/colombiamarxista.com\/?p=2744"]}]},{"@type":"ImageObject","inLanguage":"es-CO","@id":"https:\/\/colombiamarxista.com\/?p=2744#primaryimage","url":"https:\/\/colombiamarxista.com\/wp-content\/uploads\/2021\/12\/Pacto-Historico.jpg","contentUrl":"https:\/\/colombiamarxista.com\/wp-content\/uploads\/2021\/12\/Pacto-Historico.jpg","width":1920,"height":1080},{"@type":"BreadcrumbList","@id":"https:\/\/colombiamarxista.com\/?p=2744#breadcrumb","itemListElement":[{"@type":"ListItem","position":1,"name":"Home","item":"https:\/\/colombiamarxista.com\/"},{"@type":"ListItem","position":2,"name":"\u00bfEn que direcci\u00f3n se mueve el Pacto Hist\u00f3rico?"}]},{"@type":"WebSite","@id":"https:\/\/colombiamarxista.com\/#website","url":"https:\/\/colombiamarxista.com\/","name":"Comunistas Revolucionarios de Colombia","description":"","publisher":{"@id":"https:\/\/colombiamarxista.com\/#organization"},"potentialAction":[{"@type":"SearchAction","target":{"@type":"EntryPoint","urlTemplate":"https:\/\/colombiamarxista.com\/?s={search_term_string}"},"query-input":{"@type":"PropertyValueSpecification","valueRequired":true,"valueName":"search_term_string"}}],"inLanguage":"es-CO"},{"@type":"Organization","@id":"https:\/\/colombiamarxista.com\/#organization","name":"Comunistas Revolucionarios de Colombia","url":"https:\/\/colombiamarxista.com\/","logo":{"@type":"ImageObject","inLanguage":"es-CO","@id":"https:\/\/colombiamarxista.com\/#\/schema\/logo\/image\/","url":"https:\/\/colombiamarxista.com\/wp-content\/uploads\/2026\/04\/logo-crc_Mesa-de-trabajo-1-scaled.png","contentUrl":"https:\/\/colombiamarxista.com\/wp-content\/uploads\/2026\/04\/logo-crc_Mesa-de-trabajo-1-scaled.png","width":2560,"height":1920,"caption":"Comunistas Revolucionarios de Colombia"},"image":{"@id":"https:\/\/colombiamarxista.com\/#\/schema\/logo\/image\/"}},{"@type":"Person","@id":"https:\/\/colombiamarxista.com\/#\/schema\/person\/7144a9d3ac99877932a4974fbd819cbf","name":"Gabriel Galeano","image":{"@type":"ImageObject","inLanguage":"es-CO","@id":"https:\/\/secure.gravatar.com\/avatar\/4f42705dcaa003feae644c4b7be0eb3a7f70ab67775c0c92a8b8eebb460d0140?s=96&d=mm&r=g","url":"https:\/\/secure.gravatar.com\/avatar\/4f42705dcaa003feae644c4b7be0eb3a7f70ab67775c0c92a8b8eebb460d0140?s=96&d=mm&r=g","contentUrl":"https:\/\/secure.gravatar.com\/avatar\/4f42705dcaa003feae644c4b7be0eb3a7f70ab67775c0c92a8b8eebb460d0140?s=96&d=mm&r=g","caption":"Gabriel Galeano"},"url":"https:\/\/colombiamarxista.com\/?author=2"}]}},"_links":{"self":[{"href":"https:\/\/colombiamarxista.com\/index.php?rest_route=\/wp\/v2\/posts\/2744","targetHints":{"allow":["GET"]}}],"collection":[{"href":"https:\/\/colombiamarxista.com\/index.php?rest_route=\/wp\/v2\/posts"}],"about":[{"href":"https:\/\/colombiamarxista.com\/index.php?rest_route=\/wp\/v2\/types\/post"}],"author":[{"embeddable":true,"href":"https:\/\/colombiamarxista.com\/index.php?rest_route=\/wp\/v2\/users\/2"}],"replies":[{"embeddable":true,"href":"https:\/\/colombiamarxista.com\/index.php?rest_route=%2Fwp%2Fv2%2Fcomments&post=2744"}],"version-history":[{"count":0,"href":"https:\/\/colombiamarxista.com\/index.php?rest_route=\/wp\/v2\/posts\/2744\/revisions"}],"wp:featuredmedia":[{"embeddable":true,"href":"https:\/\/colombiamarxista.com\/index.php?rest_route=\/wp\/v2\/media\/2745"}],"wp:attachment":[{"href":"https:\/\/colombiamarxista.com\/index.php?rest_route=%2Fwp%2Fv2%2Fmedia&parent=2744"}],"wp:term":[{"taxonomy":"category","embeddable":true,"href":"https:\/\/colombiamarxista.com\/index.php?rest_route=%2Fwp%2Fv2%2Fcategories&post=2744"},{"taxonomy":"post_tag","embeddable":true,"href":"https:\/\/colombiamarxista.com\/index.php?rest_route=%2Fwp%2Fv2%2Ftags&post=2744"}],"curies":[{"name":"wp","href":"https:\/\/api.w.org\/{rel}","templated":true}]}}