{"id":2679,"date":"2021-10-11T12:46:17","date_gmt":"2021-10-11T17:46:17","guid":{"rendered":"https:\/\/colombiamarxista.com\/?p=2679"},"modified":"2022-05-26T09:32:27","modified_gmt":"2022-05-26T14:32:27","slug":"peru-la-caida-del-gabinete-bellido-castillo-se-pliega-a-la-ofensiva-de-los-capitalistas","status":"publish","type":"post","link":"https:\/\/colombiamarxista.com\/?p=2679","title":{"rendered":"Per\u00fa: la ca\u00edda del gabinete Bellido \u2013 Castillo se pliega a la ofensiva de los capitalistas"},"content":{"rendered":"\n<p>El mi\u00e9rcoles 6 de octubre Guido Bellido renunci\u00f3 a la Presidencia del Consejo de Ministros y el presidente Pedro Castillo anunci\u00f3 un nuevo gabinete ministerial que representa un claro giro a la derecha. Salen los que la prensa burguesa acus\u00f3 de \u201cradicales\u201d y \u201csenderistas&#8221;, entran los empresarios, los \u201cmoderados&#8221;, los de la izquierda caviar, comprometidos con la estabilidad del r\u00e9gimen. Se queda Francke, quinta columna de la CONFIEP. La bancada de Per\u00fa Libre ha roto con el nuevo gobierno.<\/p>\n\n\n\n<p>La ca\u00edda de Bellido es la culminaci\u00f3n de 69 d\u00edas de una campa\u00f1a incesante de acoso y derribo contra Castillo y su gobierno por parte de la oligarqu\u00eda capitalista del Per\u00fa y las multinacionales, y las tensiones y desencuentros que la misma ha provocado entre el gobierno y el presidente.<\/p>\n\n\n\n<h2 class=\"wp-block-heading\">La campa\u00f1a de la oligarqu\u00eda capitalista contra el gobierno de Castillo<\/h2>\n\n\n\n<p>Ya en la segunda vuelta de las elecciones presidenciales que culminaron con la victoria de Castillo vimos al candidato de Per\u00fa Libre enviar mensajes claros a la burgues\u00eda y las multinacionales asegurando que no se tocar\u00edan sus intereses. El nombramiento de Pedro Francke, primero como asesor de la campa\u00f1a y luego como titular de la cartera de finanzas fue el m\u00e1s claro de esos mensajes. Economista del Banco Mundial, Francke asegur\u00f3 a la CONFIEP \u201cuna pol\u00edtica fiscal y monetaria responsable\u201d y \u201cprotecci\u00f3n a la propiedad privada\u201d.<\/p>\n\n\n\n<p>En la misma noche de la juramentaci\u00f3n del gabinete de Bellido, el 29 de julio, ya salieron a la luz las contradicciones de su gobierno. Francke amenaz\u00f3 con no juramentar su cargo si Bellido era el premier. Finalmente el conflicto se resolvi\u00f3 con una declaraci\u00f3n de Bellido de apoyo al programa econ\u00f3mico pro-capitalista de Francke.<\/p>\n\n\n\n<p>El siguiente conflicto de envergadura fue el que llev\u00f3 a la destituci\u00f3n \/ renuncia del canciller H\u00e9ctor B\u00e9jar. Antiguo guerrillero y activista de la reforma agraria durante el gobierno de Velasco Alvarado, B\u00e9jar fue el primer ministro contra el que la oligarqu\u00eda capitalista abri\u00f3 fuego. A apenas dos semanas de su juramentaci\u00f3n la prensa capitalista sac\u00f3 a la luz unas declaraciones suyas de noviembre de 2020 en las que exig\u00eda una investigaci\u00f3n en el papel que la Marina de Guerra y el Ej\u00e9rcito hab\u00edan jugado en actos terroristas durante el conflicto con Sendero Luminoso. Ante esta embestida tanto Castillo como Bellido cedieron y propiciaron la salida de B\u00e9jar del gobierno. Aqu\u00ed vimos la actuaci\u00f3n conjunta del aparato del estado, particularmente altos oficiales de la Marina, y de la burgues\u00eda en una ofensiva conjunta con un ministro de un gobierno electo democr\u00e1ticamente.<\/p>\n\n\n\n<p>Como suele suceder, ceder ante la presi\u00f3n de la clase dominante y su opini\u00f3n p\u00fablica no tiene el efecto de aumentar la estabilidad del gobierno, sino al contrario, envalentonar a la oligarqu\u00eda para continuar e incrementar su ofensiva.<\/p>\n\n\n\n<p>El siguiente en el punto de mira fue el ministro de trabajo Iber Marav\u00ed, sindicalista del magisterio y antiguo dirigente del SUTE en Ayacucho. Misteriosamente, unos atestados policiales de 1980, hace m\u00e1s de 40 a\u00f1os, que supuestamente demuestran la participaci\u00f3n de Marav\u00ed en un atentado con bomba, se filtraron al grupo Comercio que los public\u00f3 con todo tipo de acusaciones. La l\u00ednea argumental ya la conocemos: \u201cel ministro es&nbsp;<em>senderista\u201d<\/em>. El objetivo era claro y doble: por una parte deshacerse de un ministro cercano al movimiento sindical y por lo tanto molesto para los empresarios, y al mismo tiempo minar cada vez m\u00e1s la autoridad del propio Castillo. En todo este asunto jug\u00f3 un papel despreciable la directiva del SUTEP, que se uni\u00f3 al coro de la burgues\u00eda contra el Ministro de Trabajo.<\/p>\n\n\n\n<p>Al mismo tiempo que la derecha concentraba el fuego en Marav\u00ed, el aparato del estado prosegu\u00eda la ofensiva por otros derroteros, con la fiscal\u00eda presentando acusaciones por corrupci\u00f3n y terrorismo (!!) contra el premier Bellido, el dirigente de Per\u00fa Libre Vladimir Cerr\u00f3n y decenas de militantes de su partido.<\/p>\n\n\n\n<p>En el caso de Marav\u00ed hubo muchos tiras y afloja, se le oblig\u00f3 a comparecer ante el congreso, present\u00f3 posteriormente su renuncia, el presidente no se la acept\u00f3, la central sindical CGTP se moviliz\u00f3 en su defensa. La oposici\u00f3n de derechas no cejaba en su empe\u00f1o y recogi\u00f3 firmas para una moci\u00f3n de censura. La bancada de Per\u00fa Libre amenaz\u00f3 con muerte cruzada, es decir, si se vota la vacancia presidencial, autom\u00e1ticamente cesar\u00edan tambi\u00e9n los poderes del congreso y habr\u00eda nuevas elecciones.<\/p>\n\n\n\n<p>El 6 de octubre el poder judicial dict\u00f3 prisi\u00f3n preventiva contra varios dirigentes de Per\u00fa Libre investigados por lavado de dinero, incluyendo el secretario nacional de organizaci\u00f3n de Per\u00fa Libre, Arturo C\u00e1rdenas.<\/p>\n\n\n\n<h2 class=\"wp-block-heading\">La ca\u00edda de Bellido<\/h2>\n\n\n\n<figure class=\"wp-block-image size-full\"><img fetchpriority=\"high\" decoding=\"async\" width=\"640\" height=\"360\" src=\"https:\/\/colombiamarxista.com\/wp-content\/uploads\/2021\/10\/Guido-Bellido.jpg\" alt=\"\" class=\"wp-image-2681\" srcset=\"https:\/\/colombiamarxista.com\/wp-content\/uploads\/2021\/10\/Guido-Bellido.jpg 640w, https:\/\/colombiamarxista.com\/wp-content\/uploads\/2021\/10\/Guido-Bellido-300x169.jpg 300w\" sizes=\"(max-width: 640px) 100vw, 640px\" \/><figcaption>Guido Bellido<\/figcaption><\/figure>\n\n\n\n<p><\/p>\n\n\n\n<p>Finalmente el conflicto constitucional entre el congreso y el presidente por el caso Marav\u00ed se resolvi\u00f3 con la renuncia de Bellido (forzada por Castillo) y la propuesta de un nuevo gabinete gubernamental por parte de Castillo del que Iber Marav\u00ed no forma parte. Claramente se trata de una nueva concesi\u00f3n a los capitalistas y las multinacionales por parte de Castillo y en esta ocasi\u00f3n, una concesi\u00f3n bastante importante que representa un cambio cualitativo.<\/p>\n\n\n\n<p>Despu\u00e9s de la renuncia de Bellido, el dirigente de Per\u00fa Libre Vladimir Cerr\u00f3n hizo unas declaraciones bastante duras en las que planteaba que \u201cel Presidente deber\u00e1 elegir ante la disyuntiva de lo conservador o lo revolucionario,\u201d y a\u00f1ad\u00eda: \u201cCambio de gabinete debe excluir a derechistas, caviares y traidores. Es momento que Per\u00fa Libre exija su cuota de poder, garantizando su presencia real o la bancada tomar posici\u00f3n firme.\u201d<\/p>\n\n\n\n<p>Sin embargo, el presidente Castillo hizo justo lo contrario. Presidiendo el gobierno est\u00e1 Mirtha V\u00e1squez diputada de izquierda moderada del Frente Amplio, que durante el estallido de noviembre de 2020 ejerci\u00f3 brevemente como presidenta del congreso, jugando el papel de una figura de izquierda \u201crazonable\u201d que pudiera garantizar la gobernabilidad burguesa en un momento de convulsi\u00f3n.<\/p>\n\n\n\n<p>No solamente sale el ministro Marav\u00ed sino que en el nuevo gobierno no hay ning\u00fan miembro de Per\u00fa Libre, el partido por el que se present\u00f3 Castillo. La \u00fanica excepci\u00f3n, significativamente, es Betssy Ch\u00e1vez Chino, la diputada de PL que hab\u00eda salido p\u00fablicamente a oponerse a la convocatoria de una asamblea constituyente y hab\u00eda sido calificada de traidora por el resto de la bancada. El nuevo ministro de energ\u00eda y minas es el empresario Eduardo Gonz\u00e1lez Toro. Francke, el que garantiza ante los capitalistas que el gobierno no va a salir del cauce, se mantiene en la cartera de Econom\u00eda y Finanzas.<\/p>\n\n\n\n<p>Por si nos queda alguna duda del car\u00e1cter de este cambio de gobierno, veamos lo que piensan los imperialistas. El peri\u00f3dico m\u00e1s serio de la burgues\u00eda brit\u00e1nica, el Financial Times, lo celebra con este titular: \u201cEl presidente de Per\u00fa reorganiza el gabinete&nbsp;<em>en un cambio hacia el centro<\/em>\u201d y en el subt\u00edtulo a\u00f1ade: \u201cPedro Castillo hace siete cambios y destituye al primer ministro marxista\u201d. El art\u00edculo sigue exultante: \u201cuna&nbsp;<em>importante reorganizaci\u00f3n<\/em>&nbsp;del gabinete &#8230; derrocando a su divisivo primer ministro Guido Bellido y&nbsp;<em>distanci\u00e1ndose del partido marxista<\/em>&nbsp;que ayud\u00f3 a ponerlo en el poder.\u201d Y contin\u00faa en la misma l\u00ednea: \u201cEn su movimiento m\u00e1s&nbsp;<em>audaz&nbsp;<\/em>desde que asumi\u00f3 el cargo a fines de julio, Castillo reemplaz\u00f3 a Bellido por Mirtha V\u00e1squez, una joven excongresista e&nbsp;<em>izquierdista moderada<\/em>&nbsp;que no pertenece al partido Marxista Per\u00fa Libre\u201d (<a href=\"https:\/\/www.ft.com\/content\/6486bb2d-c23d-49b5-aba2-c9c74ca49aa5&amp;source=gmail-html&amp;ust=1633777212306000&amp;usg=AFQjCNFVXG4h9oSAlr-p_M7-QnOW0ljCBw\" rel=\"noreferrer noopener\" target=\"_blank\">Financial Times<\/a>, 6 de octubre, \u00e9nfasis nuestro.) En realidad, ni Per\u00fa Libre ni Bellido son marxistas, aunque en realidad as\u00ed se definen. Sin embargo, lo que el Financial Times quiere resaltar es que Castillo&nbsp;<em>rompe&nbsp;<\/em>con estos \u201cmarxistas\u201d.<\/p>\n\n\n\n<h2 class=\"wp-block-heading\">Las cuestiones de fondo: multinacionales y asamblea constituyente<\/h2>\n\n\n\n<p>Est\u00e1 claro que el cambio de gobierno no es simplemente un cambio de nombres sino que refleja un conflicto pol\u00edtico de fondo sobre dos temas centrales. El primero es la cuesti\u00f3n de las multinacionales, la miner\u00eda y el gas. En su programa y en la primera parte de su campa\u00f1a presidencial, Castillo hab\u00eda planteado claramente la nacionalizaci\u00f3n del yacimiento de gas de Camisea, operado por un consorcio de empresas multinacionales (argentinas, estadounidenses, coreanas, y espa\u00f1olas), si este no aceptaba renegociar el contrato en t\u00e9rminos m\u00e1s favorables para Per\u00fa. La misma amenaza (renegociaci\u00f3n en mejores t\u00e9rminos o nacionalizaci\u00f3n) pend\u00eda sobre las operaciones mineras en el pa\u00eds.<\/p>\n\n\n\n<p>Esta amenaza pr\u00e1cticamente desapareci\u00f3 en la segunda ronda de las elecciones. Francke, en nombre de Castillo, hab\u00eda elaborado un comunicado tajante en el que se hablaba de la \u201cseguridad jur\u00eddica\u201d de las inversiones extranjeras. Su mensaje era claro: \u201c<a href=\"https:\/\/elpais.com\/internacional\/2021-06-16\/pedro-francke-no-habra-expropiaciones-ahora-estamos-un-poquito-mas-con-el-mercado.html\" rel=\"noreferrer noopener\" target=\"_blank\">No habr\u00e1 estatizaciones, ni expropiaciones.<\/a>\u201d Durante el reciente viaje del presidente Castillo a M\u00e9xico (a la cumbre de la CELAC) y a EEUU (para asistir a la reuni\u00f3n de la OEA y de la Asamblea General de la ONU), el presidente peruano reiter\u00f3 el mensaje en un intento de convencer a las multinacionales para invertir en el pa\u00eds.<\/p>\n\n\n\n<p>En una reuni\u00f3n con empresarios organizada por la C\u00e1mara de Comercio Americana del Per\u00fa el mandatario reiter\u00f3 \u201c<a href=\"https:\/\/www.infobae.com\/america\/peru\/2021\/09\/20\/pedro-castillo-en-estados-unidos-dio-su-primer-discurso-disculpen-el-frances\/\" rel=\"noreferrer noopener\" target=\"_blank\">el compromiso de su gobierno de garantizar la estabilidad econ\u00f3mica y la seguridad jur\u00eddica del pa\u00eds, para fomentar un adecuado clima de inversiones<\/a>\u201d. Posteriormente en la reuni\u00f3n de la OEA fue incluso m\u00e1s claro: \u201cNo somos comunistas, nosotros no hemos venido a expropiar a nadie, nosotros no hemos venido a ahuyentar las inversiones, por el contrario llamamos a los grandes inversionistas, los empresarios para que vayan al Per\u00fa.\u201d (<a href=\"https:\/\/rpp.pe\/economia\/economia\/pedro-castillo-no-somos-comunistas-no-vamos-a-expropiar-a-nadie-no-vamos-a-ahuyentar-las-inversiones-noticia-1358745\" rel=\"noreferrer noopener\" target=\"_blank\">RPP Not\u00edcias<\/a>). El mensaje era claro, aunque iba acompa\u00f1ado de buenas intenciones, \u201ccrear empleo\u201d, \u201ccombatir la pobreza\u201d, \u201cacabar con la corrupci\u00f3n\u201d, cosas todas ellas que son incompatibles con los intereses de las multinacionales y con el r\u00e9gimen capitalista en crisis en general.<\/p>\n\n\n\n<p>El problema es que mientras Castillo y Francke cortejaban a las multinacionales en EEUU, el premier Bellido insist\u00eda con sus amenazas al Consorcio Camisea: \u201cConvocamos a la empresa explotadora y comercializadora del gas de Camisea, para renegociar el reparto de utilidades a favor del Estado, caso contrario, optaremos por la recuperaci\u00f3n o nacionalizaci\u00f3n de nuestro yacimiento,\u201d declar\u00f3 en&nbsp;<a href=\"https:\/\/twitter.com\/GuidoPuka\/status\/1442140486479745029\" rel=\"noreferrer noopener\" target=\"_blank\">Twitter.<\/a><\/p>\n\n\n\n<p>R\u00e1pidamente sali\u00f3 Castillo a enmendarle la plana a su premier: \u201cTenemos una concepci\u00f3n m\u00e1s clara de lo que es la empresa privada luego que hemos salido al exterior y hemos visto muchos compromisos por parte de la empresa privada y muchos empresarios a los que les hemos tomado las palabras de venir al Per\u00fa a invertir. H\u00e1ganlo con la tranquilidad del caso y&nbsp;<em>si ha habido algunos exabruptos del premier u otra persona la hemos corregido.<\/em>\u201d (<a href=\"https:\/\/rpp.pe\/economia\/economia\/pedro-castillo-no-somos-comunistas-no-vamos-a-expropiar-a-nadie-no-vamos-a-ahuyentar-las-inversiones-noticia-1358745?ref%3Drpp\" rel=\"noreferrer noopener\" target=\"_blank\">RPP Not\u00edcias<\/a>)<\/p>\n\n\n\n<p>El otro asunto subyacente era el tema de la Asamblea Constituyente. Bellido hab\u00eda impulsado la recogida de firmas para un refer\u00e9ndum sobre la constituyente. Aunque el cambio de una constituci\u00f3n burguesa por otra realmente no resuelve los graves problemas a los que se enfrentan obreros y campesinos en el Per\u00fa, lo cierto es que a sus ojos, esta consigna representa el deseo de un cambio profundo, de barrer con todo el r\u00e9gimen que se asienta sobre la constituci\u00f3n de Fujimori. La clase dominante, que ahora tiene controlado a Castillo por los mecanismos de la aritm\u00e9tica parlamentaria, teme que la agitaci\u00f3n alrededor de la asamblea constituyente abra la rendija por la que se cuelen las aspiraciones de las masas a tomar el gobierno de su destino en sus propias manos. De ah\u00ed que se hayan eliminado del gobierno todos los ministros de Per\u00fa Libre, los \u00fanicos que han sido consecuentes con esta promesa electoral, y se haya premiado con un ministerio a Betssy Ch\u00e1vez que rompi\u00f3 con la bancada de PL justamente por su oposici\u00f3n a la Constituyente.<\/p>\n\n\n\n<h2 class=\"wp-block-heading\">No se puede servir a las multinacionales y a la clase trabajadora al mismo tiempo<\/h2>\n\n\n\n<p>En realidad exist\u00eda una contradicci\u00f3n insoluble en el coraz\u00f3n del gobierno entre una pol\u00edtica a favor de la mayor\u00eda de obreros y campesinos que inevitablemente pasa por enfrentar los intereses de las multinacionales y los capitalistas (representada aunque de manera t\u00edmida por Bellido), y una pol\u00edtica de proteger los intereses de las mineras y la CONFIEP pensando que de eso se puede beneficiar el pueblo (representada por el presidente Castillo y sobretodo por Francke y la \u201cizquierda moderada\u201d o caviar). Tal contradicci\u00f3n no pod\u00eda prolongarse por mucho tiempo.<\/p>\n\n\n\n<p>La oligarqu\u00eda capitalista lanz\u00f3 una campa\u00f1a sin cuartel para quebrar al gabinete Bellido, utilizando todos los medios a su alcance: el aparato del estado (incluyendo los servicios secretos, el Ej\u00e9rcito y la Armada, el poder judicial), los medios de comunicaci\u00f3n capitalistas monop\u00f3licos, la opini\u00f3n p\u00fablica burguesa, etc. En esta campa\u00f1a actuaron en un frente \u00fanico un amplio espectro de fuerzas que van desde Keiko Fujimori hasta los partidos de la izquierda \u201cmoderada\u201d (l\u00e9ase burguesa) y sectores de la burocracia sindical.<\/p>\n\n\n\n<p>En su discurso de renuncia el presidente del consejo de ministros Bellido lo explic\u00f3 claramente, y vale la pena citarle de manera extensa: \u201cEl pueblo es testigo que por encima del Poder Ejecutivo existen fuerzas y poderes f\u00e1cticos que gobiernan, presionan, coaccionan y persiguen&#8230; desde el inicio de no querer reconocer el triunfo electoral de Per\u00fa Libre hasta el propio gobierno. Estos poderes financieros, empresariales y econ\u00f3micos, tienen capturados los \u00f3rganos de justicia que, amparados en el eufemismo de la \u201cautonom\u00eda de poderes\u201d, no se someten a elecciones y quieren gobernar criminaliz\u00e1ndolo a todo opositor pol\u00edtico. La renegociaci\u00f3n del Contrato Ley con el Consorcio Camisea, marca el punto de quiebre entre un Estado entreguista, privatizador e individualista y uno nuevo que debiera ser rescatista, solidario, humanista y soberano.\u201d La pregunta es entonces \u00bfpor qu\u00e9 Bellido acept\u00f3 las exigencias de estos poderes f\u00e1cticos sin dar la batalla?<\/p>\n\n\n\n<p>Solamente se pod\u00eda resistir a esta embestida con la movilizaci\u00f3n de obreros y campesinos en la calle. Per\u00fa Libre tiene apenas 37 de los 130 diputados, muy lejos de una mayor\u00eda, y por lo tanto gobierna con el permiso de los partidos de la izquierda moderada, pero sobre todo del centro y el centro derecha burgu\u00e9s.<\/p>\n\n\n\n<p>La amenaza de Bellido de cerrar el congreso si se aprobaba una moci\u00f3n de censura contra el presidente era correcta. El pueblo vot\u00f3 por Castillo, si el congreso no quiere aceptar la voluntad popular, vayamos a nuevas elecciones y que el pueblo decida. Eso es algo que la burgues\u00eda no quiere de ninguna manera, pues una nueva campa\u00f1a electoral, en la que PL se presentara con un programa radical, polarizar\u00eda todav\u00eda m\u00e1s la situaci\u00f3n y pudiera dar lugar a una mayor\u00eda de izquierdas.<\/p>\n\n\n\n<p>Sin embargo, ninguna estrategia de defensa del gobierno Bellido pod\u00eda basarse solamente, ni principalmente, en las maniobras parlamentarias. La movilizaci\u00f3n de las masas obreras y campesinas en las calles era la \u00fanica manera. Ya durante el recuento de votos en la segunda vuelta obreros y campesinos salieron a la calle, organizaron manifestaciones y vigilias para defender su victoria en las urnas. La CGTP, aunque t\u00edmidamente, convoc\u00f3 a defender al ministro de trabajo. Pero nunca hubo por parte de Bellido, y mucho menos por parte de Castillo, ning\u00fan intento serio de enfrentar la ofensiva de los capitalistas y las multinacionales con m\u00e9todos revolucionarios de lucha. Bellido renunci\u00f3 en lugar de luchar, igual que hab\u00eda hecho antes B\u00e9jar.<\/p>\n\n\n\n<p>Adem\u00e1s hay que se\u00f1alar que ni el propio Bellido, ni Per\u00fa Libre, ni Vladimir Cerr\u00f3n plantean en ning\u00fan momento una estrategia socialista y anticapitalista, sino que se aferran a la idea de que es posible una \u201ceconom\u00eda popular con mercados\u201d, en la que supuestamente las mineras multinacionales van a entregar parte de su riqueza para el desarrollo del pa\u00eds. \u00a1Eso es como imaginarse que se puede convencer a un tigre de que se haga vegetariano! En realidad el car\u00e1cter ut\u00f3pico de esta idea se ha demostrado en la pr\u00e1ctica. Al primer intento, t\u00edmido, del gobierno de renegociar el contrato del gas de Camisea \u2026 \u00a1la burgues\u00eda y las multinacionales han tumbado al gobierno democr\u00e1ticamente electo!<\/p>\n\n\n\n<p>Debemos advertir adem\u00e1s que los capitalistas no se quedar\u00e1n satisfechos con haber doblado el brazo de Castillo y cambiado el car\u00e1cter del gobierno. Su victoria en este round no har\u00e1 sino envalentonarles. Van a ir a por m\u00e1s. El&nbsp;<a href=\"https:\/\/elcomercio.pe\/opinion\/editorial\/editorial-cerron-sigue-presente-editorial-vladimir-cerron-pedro-castillo-mirtha-vasquez-luis-barranzuela-noticia\/\" rel=\"noreferrer noopener\" target=\"_blank\">editorial de El Comercio<\/a>&nbsp;(el \u00f3rgano m\u00e1s representativo de la campa\u00f1a burguesa contra el gobierno) que con el t\u00edtulo \u201cCerr\u00f3n sigue presente\u201d celebra que \u201cfinalmente, luego de 69 d\u00edas, en la tarde de ayer cay\u00f3 Guido Bellido. Una persona que nunca debi\u00f3 de llegar a la Presidencia del Consejo de Ministros (PCM) y que envileci\u00f3 un cargo tan importante.\u201d Pero acto seguido \u00a1pasa a exigir las cabezas de otros tres ministros! Nos preguntamos \u00bfa qui\u00e9n corresponde nombrar gobierno, al presidente o al comit\u00e9 de redacci\u00f3n del Comercio?. Es obvio que los capitalistas saben que en una democracia burguesa son ellos los que gobiernan, m\u00e1s all\u00e1 de fachadas parlamentarias.<\/p>\n\n\n\n<p>Es posible que la clase dominante quiera usar a un Castillo domesticado para aplicar la pol\u00edtica que necesitan sin provocar una explosi\u00f3n social. Si se confirma la ruptura con el grupo parlamentario de Per\u00fa Libre, Castillo se convierte en un reh\u00e9n de los partidos burgueses (la izquierda \u201cmoderada\u201d es insignificante en el congreso). Pero en el fondo no conf\u00edan en \u00e9l, no es uno de los suyos. A lo sumo lo exprimir\u00e1n como una lima para luego botarlo a la basura, cuando ya no les sirva.<\/p>\n\n\n\n<p>Cuando celebramos la elecci\u00f3n de Castillo escribimos: \u201cCastillo ahora se enfrentar\u00e1 a un dilema. Por un lado, puede gobernar a favor de las masas de trabajadores y campesinos que lo han elegido, lo que significar\u00eda una ruptura radical con los capitalistas y las multinacionales. Eso solo se puede hacer apoy\u00e1ndose en la movilizaci\u00f3n de masas extraparlamentaria. O puede ceder, suavizar su programa y adaptarse a los intereses de la clase dominante, lo que significa que ser\u00e1 desacreditado entre quienes han votado por \u00e9l, preparando su propia ca\u00edda. Si intenta servir a dos amos (los trabajadores y los capitalistas) al mismo tiempo, no complacer\u00e1 a ninguno de los dos.\u201d (<a href=\"https:\/\/marxismo.mx\/peru-la-victoria-de-castillo-un-terremoto-politico\/\" rel=\"noreferrer noopener\" target=\"_blank\">Peru: la victoria de Castillo un terremoto pol\u00edtico<\/a>, 9 de junio)<\/p>\n\n\n\n<p>Y a\u00f1adimos: \u201cLa lucha apenas ha comenzado. Cada paso adelante que d\u00e9 Castillo debe ser apoyado. Sus vacilaciones o retrocesos deben ser criticados.&nbsp;<em>Los obreros y campesinos s\u00f3lo pueden confiar en sus propias fuerzas<\/em>&nbsp;y estas deben movilizarse para asestar golpes contra la oligarqu\u00eda.\u201d<\/p>\n\n\n\n<h2 class=\"wp-block-heading\">Es necesario sacar lecciones<\/h2>\n\n\n\n<p>La disyuntiva parece haberse resuelto de manera bastante r\u00e1pida, apenas 69 d\u00edas. Puede ser que las amplias masas que votaron por Castillo tarden un tiempo en sacar conclusiones de estos acontecimientos. El v\u00ednculo pol\u00edtico-emocional que se ha establecido entre el Per\u00fa de los oprimidos y Castillo es fuerte, pero inevitablemente la experiencia pr\u00e1ctica se va a imponer. Es crucial que los sectores m\u00e1s avanzados de la clase trabajadora y la juventud saquen las conclusiones necesarias de este episodio. Hay que hablar claro. La ca\u00edda del gobierno Bellido y la entrada del de V\u00e1squez representa la culminaci\u00f3n del giro a la derecha de Castillo y la traici\u00f3n de las esperanzas que levant\u00f3 su campa\u00f1a.<\/p>\n\n\n\n<p>Es necesario agrupar a la vanguardia alrededor de un programa socialista revolucionario claro. No es posible negociar con las multinacionales y los empresarios un pacto mutuamente beneficioso, y menos en el contexto de la crisis global del capitalismo. Solamente la expropiaci\u00f3n revolucionaria de los recursos mineros y energ\u00e9ticos y las grandes empresas peruanas bajo el control democr\u00e1tico de la clase trabajadora puede sentar las bases para que no haya \u201cnunca m\u00e1s pobres en un pa\u00eds rico\u201d. La transformaci\u00f3n revolucionaria del Per\u00fa se convertir\u00eda en un ejemplo para obreros y campesinos del continente, un continente que est\u00e1 en plena efervescencia de la lucha de clases.<\/p>\n","protected":false},"excerpt":{"rendered":"<p>El mi\u00e9rcoles 6 de octubre Guido Bellido renunci\u00f3 a la Presidencia del Consejo de Ministros y el presidente Pedro Castillo anunci\u00f3 un nuevo gabinete ministerial que representa un claro giro a la derecha. Salen los que la prensa burguesa acus\u00f3 de \u201cradicales\u201d y \u201csenderistas&#8221;, entran los empresarios, los \u201cmoderados&#8221;, los de la izquierda caviar, comprometidos [&hellip;]<\/p>\n","protected":false},"author":1,"featured_media":2680,"comment_status":"open","ping_status":"open","sticky":false,"template":"","format":"standard","meta":{"footnotes":""},"categories":[288],"tags":[],"class_list":["post-2679","post","type-post","status-publish","format-standard","has-post-thumbnail","hentry","category-analisis-internacional"],"yoast_head":"<!-- This site is optimized with the Yoast SEO plugin v27.5 - https:\/\/yoast.com\/product\/yoast-seo-wordpress\/ -->\n<title>Per\u00fa: la ca\u00edda del gabinete Bellido \u2013 Castillo se pliega a la ofensiva de los capitalistas - Comunistas Revolucionarios de Colombia<\/title>\n<meta name=\"robots\" content=\"index, follow, max-snippet:-1, max-image-preview:large, max-video-preview:-1\" \/>\n<link rel=\"canonical\" href=\"https:\/\/colombiamarxista.com\/?p=2679\" \/>\n<meta property=\"og:locale\" content=\"es_ES\" \/>\n<meta property=\"og:type\" content=\"article\" \/>\n<meta property=\"og:title\" content=\"Per\u00fa: la ca\u00edda del gabinete Bellido \u2013 Castillo se pliega a la ofensiva de los capitalistas\" \/>\n<meta property=\"og:description\" content=\"El mi\u00e9rcoles 6 de octubre Guido Bellido renunci\u00f3 a la Presidencia del Consejo de Ministros y el presidente Pedro Castillo anunci\u00f3 un nuevo gabinete ministerial que representa un claro giro a la derecha. Salen los que la prensa burguesa acus\u00f3 de \u201cradicales\u201d y \u201csenderistas&#8221;, entran los empresarios, los \u201cmoderados&#8221;, los de la izquierda caviar, comprometidos [&hellip;]\" \/>\n<meta property=\"og:url\" content=\"https:\/\/colombiamarxista.com\/?p=2679\" \/>\n<meta property=\"og:site_name\" content=\"Comunistas Revolucionarios de Colombia\" \/>\n<meta property=\"article:published_time\" content=\"2021-10-11T17:46:17+00:00\" \/>\n<meta property=\"article:modified_time\" content=\"2022-05-26T14:32:27+00:00\" \/>\n<meta property=\"og:image\" content=\"https:\/\/colombiamarxista.com\/wp-content\/uploads\/2021\/10\/castillo_Image_Presidencia_de_la_Republica_del_Peru_Wikimedia_Commons.png\" \/>\n\t<meta property=\"og:image:width\" content=\"472\" \/>\n\t<meta property=\"og:image:height\" content=\"635\" \/>\n\t<meta property=\"og:image:type\" content=\"image\/png\" \/>\n<meta name=\"author\" content=\"Consejo Editorial De Colombia Marxista\" \/>\n<meta name=\"twitter:card\" content=\"summary_large_image\" \/>\n<meta name=\"twitter:title\" content=\"Per\u00fa: la ca\u00edda del gabinete Bellido \u2013 Castillo se pliega a la ofensiva de los capitalistas\" \/>\n<meta name=\"twitter:image\" content=\"https:\/\/colombiamarxista.com\/wp-content\/uploads\/2021\/10\/castillo_Image_Presidencia_de_la_Republica_del_Peru_Wikimedia_Commons.png\" \/>\n<meta name=\"twitter:label1\" content=\"Escrito por\" \/>\n\t<meta name=\"twitter:data1\" content=\"Consejo Editorial De Colombia Marxista\" \/>\n\t<meta name=\"twitter:label2\" content=\"Tiempo de lectura\" \/>\n\t<meta name=\"twitter:data2\" content=\"15 minutos\" \/>\n<script type=\"application\/ld+json\" class=\"yoast-schema-graph\">{\"@context\":\"https:\\\/\\\/schema.org\",\"@graph\":[{\"@type\":\"Article\",\"@id\":\"https:\\\/\\\/colombiamarxista.com\\\/?p=2679#article\",\"isPartOf\":{\"@id\":\"https:\\\/\\\/colombiamarxista.com\\\/?p=2679\"},\"author\":{\"name\":\"Consejo Editorial De Colombia Marxista\",\"@id\":\"https:\\\/\\\/colombiamarxista.com\\\/#\\\/schema\\\/person\\\/e37d02f1454a536d01306cf74ee02c39\"},\"headline\":\"Per\u00fa: la ca\u00edda del gabinete Bellido \u2013 Castillo se pliega a la ofensiva de los capitalistas\",\"datePublished\":\"2021-10-11T17:46:17+00:00\",\"dateModified\":\"2022-05-26T14:32:27+00:00\",\"mainEntityOfPage\":{\"@id\":\"https:\\\/\\\/colombiamarxista.com\\\/?p=2679\"},\"wordCount\":3454,\"commentCount\":0,\"publisher\":{\"@id\":\"https:\\\/\\\/colombiamarxista.com\\\/#organization\"},\"image\":{\"@id\":\"https:\\\/\\\/colombiamarxista.com\\\/?p=2679#primaryimage\"},\"thumbnailUrl\":\"https:\\\/\\\/colombiamarxista.com\\\/wp-content\\\/uploads\\\/2021\\\/10\\\/castillo_Image_Presidencia_de_la_Republica_del_Peru_Wikimedia_Commons.png\",\"articleSection\":[\"Analisis Internacional\"],\"inLanguage\":\"es-CO\",\"potentialAction\":[{\"@type\":\"CommentAction\",\"name\":\"Comment\",\"target\":[\"https:\\\/\\\/colombiamarxista.com\\\/?p=2679#respond\"]}]},{\"@type\":\"WebPage\",\"@id\":\"https:\\\/\\\/colombiamarxista.com\\\/?p=2679\",\"url\":\"https:\\\/\\\/colombiamarxista.com\\\/?p=2679\",\"name\":\"Per\u00fa: la ca\u00edda del gabinete Bellido \u2013 Castillo se pliega a la ofensiva de los capitalistas - Comunistas Revolucionarios de Colombia\",\"isPartOf\":{\"@id\":\"https:\\\/\\\/colombiamarxista.com\\\/#website\"},\"primaryImageOfPage\":{\"@id\":\"https:\\\/\\\/colombiamarxista.com\\\/?p=2679#primaryimage\"},\"image\":{\"@id\":\"https:\\\/\\\/colombiamarxista.com\\\/?p=2679#primaryimage\"},\"thumbnailUrl\":\"https:\\\/\\\/colombiamarxista.com\\\/wp-content\\\/uploads\\\/2021\\\/10\\\/castillo_Image_Presidencia_de_la_Republica_del_Peru_Wikimedia_Commons.png\",\"datePublished\":\"2021-10-11T17:46:17+00:00\",\"dateModified\":\"2022-05-26T14:32:27+00:00\",\"breadcrumb\":{\"@id\":\"https:\\\/\\\/colombiamarxista.com\\\/?p=2679#breadcrumb\"},\"inLanguage\":\"es-CO\",\"potentialAction\":[{\"@type\":\"ReadAction\",\"target\":[\"https:\\\/\\\/colombiamarxista.com\\\/?p=2679\"]}]},{\"@type\":\"ImageObject\",\"inLanguage\":\"es-CO\",\"@id\":\"https:\\\/\\\/colombiamarxista.com\\\/?p=2679#primaryimage\",\"url\":\"https:\\\/\\\/colombiamarxista.com\\\/wp-content\\\/uploads\\\/2021\\\/10\\\/castillo_Image_Presidencia_de_la_Republica_del_Peru_Wikimedia_Commons.png\",\"contentUrl\":\"https:\\\/\\\/colombiamarxista.com\\\/wp-content\\\/uploads\\\/2021\\\/10\\\/castillo_Image_Presidencia_de_la_Republica_del_Peru_Wikimedia_Commons.png\",\"width\":472,\"height\":635},{\"@type\":\"BreadcrumbList\",\"@id\":\"https:\\\/\\\/colombiamarxista.com\\\/?p=2679#breadcrumb\",\"itemListElement\":[{\"@type\":\"ListItem\",\"position\":1,\"name\":\"Home\",\"item\":\"https:\\\/\\\/colombiamarxista.com\\\/\"},{\"@type\":\"ListItem\",\"position\":2,\"name\":\"Per\u00fa: la ca\u00edda del gabinete Bellido \u2013 Castillo se pliega a la ofensiva de los capitalistas\"}]},{\"@type\":\"WebSite\",\"@id\":\"https:\\\/\\\/colombiamarxista.com\\\/#website\",\"url\":\"https:\\\/\\\/colombiamarxista.com\\\/\",\"name\":\"Comunistas Revolucionarios de Colombia\",\"description\":\"\",\"publisher\":{\"@id\":\"https:\\\/\\\/colombiamarxista.com\\\/#organization\"},\"potentialAction\":[{\"@type\":\"SearchAction\",\"target\":{\"@type\":\"EntryPoint\",\"urlTemplate\":\"https:\\\/\\\/colombiamarxista.com\\\/?s={search_term_string}\"},\"query-input\":{\"@type\":\"PropertyValueSpecification\",\"valueRequired\":true,\"valueName\":\"search_term_string\"}}],\"inLanguage\":\"es-CO\"},{\"@type\":\"Organization\",\"@id\":\"https:\\\/\\\/colombiamarxista.com\\\/#organization\",\"name\":\"Comunistas Revolucionarios de Colombia\",\"url\":\"https:\\\/\\\/colombiamarxista.com\\\/\",\"logo\":{\"@type\":\"ImageObject\",\"inLanguage\":\"es-CO\",\"@id\":\"https:\\\/\\\/colombiamarxista.com\\\/#\\\/schema\\\/logo\\\/image\\\/\",\"url\":\"https:\\\/\\\/colombiamarxista.com\\\/wp-content\\\/uploads\\\/2026\\\/04\\\/logo-crc_Mesa-de-trabajo-1-scaled.png\",\"contentUrl\":\"https:\\\/\\\/colombiamarxista.com\\\/wp-content\\\/uploads\\\/2026\\\/04\\\/logo-crc_Mesa-de-trabajo-1-scaled.png\",\"width\":2560,\"height\":1920,\"caption\":\"Comunistas Revolucionarios de Colombia\"},\"image\":{\"@id\":\"https:\\\/\\\/colombiamarxista.com\\\/#\\\/schema\\\/logo\\\/image\\\/\"}},{\"@type\":\"Person\",\"@id\":\"https:\\\/\\\/colombiamarxista.com\\\/#\\\/schema\\\/person\\\/e37d02f1454a536d01306cf74ee02c39\",\"name\":\"Consejo Editorial De Colombia Marxista\",\"image\":{\"@type\":\"ImageObject\",\"inLanguage\":\"es-CO\",\"@id\":\"https:\\\/\\\/secure.gravatar.com\\\/avatar\\\/27d462afb069d4f31317c3decd42f1acedbc140f1342d432b75cc0cb867e5fb1?s=96&d=mm&r=g\",\"url\":\"https:\\\/\\\/secure.gravatar.com\\\/avatar\\\/27d462afb069d4f31317c3decd42f1acedbc140f1342d432b75cc0cb867e5fb1?s=96&d=mm&r=g\",\"contentUrl\":\"https:\\\/\\\/secure.gravatar.com\\\/avatar\\\/27d462afb069d4f31317c3decd42f1acedbc140f1342d432b75cc0cb867e5fb1?s=96&d=mm&r=g\",\"caption\":\"Consejo Editorial De Colombia Marxista\"},\"sameAs\":[\"http:\\\/\\\/colombiamarxista.com\"],\"url\":\"https:\\\/\\\/www.marxist.com\\\/peru-la-caida-del-gabinete-bellido-castillo-se-pliega-a-la-ofensiva-de-los-capitalistas.htm\"}]}<\/script>\n<!-- \/ Yoast SEO plugin. -->","yoast_head_json":{"title":"Per\u00fa: la ca\u00edda del gabinete Bellido \u2013 Castillo se pliega a la ofensiva de los capitalistas - Comunistas Revolucionarios de Colombia","robots":{"index":"index","follow":"follow","max-snippet":"max-snippet:-1","max-image-preview":"max-image-preview:large","max-video-preview":"max-video-preview:-1"},"canonical":"https:\/\/colombiamarxista.com\/?p=2679","og_locale":"es_ES","og_type":"article","og_title":"Per\u00fa: la ca\u00edda del gabinete Bellido \u2013 Castillo se pliega a la ofensiva de los capitalistas","og_description":"El mi\u00e9rcoles 6 de octubre Guido Bellido renunci\u00f3 a la Presidencia del Consejo de Ministros y el presidente Pedro Castillo anunci\u00f3 un nuevo gabinete ministerial que representa un claro giro a la derecha. Salen los que la prensa burguesa acus\u00f3 de \u201cradicales\u201d y \u201csenderistas&#8221;, entran los empresarios, los \u201cmoderados&#8221;, los de la izquierda caviar, comprometidos [&hellip;]","og_url":"https:\/\/colombiamarxista.com\/?p=2679","og_site_name":"Comunistas Revolucionarios de Colombia","article_published_time":"2021-10-11T17:46:17+00:00","article_modified_time":"2022-05-26T14:32:27+00:00","og_image":[{"width":472,"height":635,"url":"https:\/\/colombiamarxista.com\/wp-content\/uploads\/2021\/10\/castillo_Image_Presidencia_de_la_Republica_del_Peru_Wikimedia_Commons.png","type":"image\/png"}],"author":"Consejo Editorial De Colombia Marxista","twitter_card":"summary_large_image","twitter_title":"Per\u00fa: la ca\u00edda del gabinete Bellido \u2013 Castillo se pliega a la ofensiva de los capitalistas","twitter_image":"https:\/\/colombiamarxista.com\/wp-content\/uploads\/2021\/10\/castillo_Image_Presidencia_de_la_Republica_del_Peru_Wikimedia_Commons.png","twitter_misc":{"Escrito por":"Consejo Editorial De Colombia Marxista","Tiempo de lectura":"15 minutos"},"schema":{"@context":"https:\/\/schema.org","@graph":[{"@type":"Article","@id":"https:\/\/colombiamarxista.com\/?p=2679#article","isPartOf":{"@id":"https:\/\/colombiamarxista.com\/?p=2679"},"author":{"name":"Consejo Editorial De Colombia Marxista","@id":"https:\/\/colombiamarxista.com\/#\/schema\/person\/e37d02f1454a536d01306cf74ee02c39"},"headline":"Per\u00fa: la ca\u00edda del gabinete Bellido \u2013 Castillo se pliega a la ofensiva de los capitalistas","datePublished":"2021-10-11T17:46:17+00:00","dateModified":"2022-05-26T14:32:27+00:00","mainEntityOfPage":{"@id":"https:\/\/colombiamarxista.com\/?p=2679"},"wordCount":3454,"commentCount":0,"publisher":{"@id":"https:\/\/colombiamarxista.com\/#organization"},"image":{"@id":"https:\/\/colombiamarxista.com\/?p=2679#primaryimage"},"thumbnailUrl":"https:\/\/colombiamarxista.com\/wp-content\/uploads\/2021\/10\/castillo_Image_Presidencia_de_la_Republica_del_Peru_Wikimedia_Commons.png","articleSection":["Analisis Internacional"],"inLanguage":"es-CO","potentialAction":[{"@type":"CommentAction","name":"Comment","target":["https:\/\/colombiamarxista.com\/?p=2679#respond"]}]},{"@type":"WebPage","@id":"https:\/\/colombiamarxista.com\/?p=2679","url":"https:\/\/colombiamarxista.com\/?p=2679","name":"Per\u00fa: la ca\u00edda del gabinete Bellido \u2013 Castillo se pliega a la ofensiva de los capitalistas - Comunistas Revolucionarios de Colombia","isPartOf":{"@id":"https:\/\/colombiamarxista.com\/#website"},"primaryImageOfPage":{"@id":"https:\/\/colombiamarxista.com\/?p=2679#primaryimage"},"image":{"@id":"https:\/\/colombiamarxista.com\/?p=2679#primaryimage"},"thumbnailUrl":"https:\/\/colombiamarxista.com\/wp-content\/uploads\/2021\/10\/castillo_Image_Presidencia_de_la_Republica_del_Peru_Wikimedia_Commons.png","datePublished":"2021-10-11T17:46:17+00:00","dateModified":"2022-05-26T14:32:27+00:00","breadcrumb":{"@id":"https:\/\/colombiamarxista.com\/?p=2679#breadcrumb"},"inLanguage":"es-CO","potentialAction":[{"@type":"ReadAction","target":["https:\/\/colombiamarxista.com\/?p=2679"]}]},{"@type":"ImageObject","inLanguage":"es-CO","@id":"https:\/\/colombiamarxista.com\/?p=2679#primaryimage","url":"https:\/\/colombiamarxista.com\/wp-content\/uploads\/2021\/10\/castillo_Image_Presidencia_de_la_Republica_del_Peru_Wikimedia_Commons.png","contentUrl":"https:\/\/colombiamarxista.com\/wp-content\/uploads\/2021\/10\/castillo_Image_Presidencia_de_la_Republica_del_Peru_Wikimedia_Commons.png","width":472,"height":635},{"@type":"BreadcrumbList","@id":"https:\/\/colombiamarxista.com\/?p=2679#breadcrumb","itemListElement":[{"@type":"ListItem","position":1,"name":"Home","item":"https:\/\/colombiamarxista.com\/"},{"@type":"ListItem","position":2,"name":"Per\u00fa: la ca\u00edda del gabinete Bellido \u2013 Castillo se pliega a la ofensiva de los capitalistas"}]},{"@type":"WebSite","@id":"https:\/\/colombiamarxista.com\/#website","url":"https:\/\/colombiamarxista.com\/","name":"Comunistas Revolucionarios de Colombia","description":"","publisher":{"@id":"https:\/\/colombiamarxista.com\/#organization"},"potentialAction":[{"@type":"SearchAction","target":{"@type":"EntryPoint","urlTemplate":"https:\/\/colombiamarxista.com\/?s={search_term_string}"},"query-input":{"@type":"PropertyValueSpecification","valueRequired":true,"valueName":"search_term_string"}}],"inLanguage":"es-CO"},{"@type":"Organization","@id":"https:\/\/colombiamarxista.com\/#organization","name":"Comunistas Revolucionarios de Colombia","url":"https:\/\/colombiamarxista.com\/","logo":{"@type":"ImageObject","inLanguage":"es-CO","@id":"https:\/\/colombiamarxista.com\/#\/schema\/logo\/image\/","url":"https:\/\/colombiamarxista.com\/wp-content\/uploads\/2026\/04\/logo-crc_Mesa-de-trabajo-1-scaled.png","contentUrl":"https:\/\/colombiamarxista.com\/wp-content\/uploads\/2026\/04\/logo-crc_Mesa-de-trabajo-1-scaled.png","width":2560,"height":1920,"caption":"Comunistas Revolucionarios de Colombia"},"image":{"@id":"https:\/\/colombiamarxista.com\/#\/schema\/logo\/image\/"}},{"@type":"Person","@id":"https:\/\/colombiamarxista.com\/#\/schema\/person\/e37d02f1454a536d01306cf74ee02c39","name":"Consejo Editorial De Colombia Marxista","image":{"@type":"ImageObject","inLanguage":"es-CO","@id":"https:\/\/secure.gravatar.com\/avatar\/27d462afb069d4f31317c3decd42f1acedbc140f1342d432b75cc0cb867e5fb1?s=96&d=mm&r=g","url":"https:\/\/secure.gravatar.com\/avatar\/27d462afb069d4f31317c3decd42f1acedbc140f1342d432b75cc0cb867e5fb1?s=96&d=mm&r=g","contentUrl":"https:\/\/secure.gravatar.com\/avatar\/27d462afb069d4f31317c3decd42f1acedbc140f1342d432b75cc0cb867e5fb1?s=96&d=mm&r=g","caption":"Consejo Editorial De Colombia Marxista"},"sameAs":["http:\/\/colombiamarxista.com"],"url":"https:\/\/www.marxist.com\/peru-la-caida-del-gabinete-bellido-castillo-se-pliega-a-la-ofensiva-de-los-capitalistas.htm"}]}},"_links":{"self":[{"href":"https:\/\/colombiamarxista.com\/index.php?rest_route=\/wp\/v2\/posts\/2679","targetHints":{"allow":["GET"]}}],"collection":[{"href":"https:\/\/colombiamarxista.com\/index.php?rest_route=\/wp\/v2\/posts"}],"about":[{"href":"https:\/\/colombiamarxista.com\/index.php?rest_route=\/wp\/v2\/types\/post"}],"author":[{"embeddable":true,"href":"https:\/\/colombiamarxista.com\/index.php?rest_route=\/wp\/v2\/users\/1"}],"replies":[{"embeddable":true,"href":"https:\/\/colombiamarxista.com\/index.php?rest_route=%2Fwp%2Fv2%2Fcomments&post=2679"}],"version-history":[{"count":0,"href":"https:\/\/colombiamarxista.com\/index.php?rest_route=\/wp\/v2\/posts\/2679\/revisions"}],"wp:featuredmedia":[{"embeddable":true,"href":"https:\/\/colombiamarxista.com\/index.php?rest_route=\/wp\/v2\/media\/2680"}],"wp:attachment":[{"href":"https:\/\/colombiamarxista.com\/index.php?rest_route=%2Fwp%2Fv2%2Fmedia&parent=2679"}],"wp:term":[{"taxonomy":"category","embeddable":true,"href":"https:\/\/colombiamarxista.com\/index.php?rest_route=%2Fwp%2Fv2%2Fcategories&post=2679"},{"taxonomy":"post_tag","embeddable":true,"href":"https:\/\/colombiamarxista.com\/index.php?rest_route=%2Fwp%2Fv2%2Ftags&post=2679"}],"curies":[{"name":"wp","href":"https:\/\/api.w.org\/{rel}","templated":true}]}}