{"id":2650,"date":"2021-09-13T10:03:11","date_gmt":"2021-09-13T15:03:11","guid":{"rendered":"https:\/\/colombiamarxista.com\/?p=2650"},"modified":"2021-09-15T00:02:20","modified_gmt":"2021-09-15T05:02:20","slug":"del-ensayo-al-hecho-colombia-tiene-un-estado-corrupto-y-asesino","status":"publish","type":"post","link":"https:\/\/colombiamarxista.com\/?p=2650","title":{"rendered":"Del ensayo al hecho: Colombia tiene un Estado corrupto y asesino"},"content":{"rendered":"\n<p>Hace a un poco m\u00e1s de un a\u00f1o, vimos el asesinato en sangre fr\u00eda de Javier Ordo\u00f1ez por la polic\u00eda nacional colombiana. Este evento fue grabado y visto por cientos de miles de Colombianos y desat\u00f3 una explosi\u00f3n social a trav\u00e9s de la capital y varias ciudades colombianas. En cierto sentido, estos eventos se pueden entender como un preludio al paro nacional que ocurrir\u00eda 7 meses despu\u00e9s. Aqu\u00ed republicamos una pieza escrita por Rosa Espinoza para el sitio de la Corriente Marxista Internacional, tanto para conmemorar estos eventos como para traer un an\u00e1lisis marxista a estos. <\/p>\n\n\n\n<hr class=\"wp-block-separator\"\/>\n\n\n\n<p>En la madrugada del 9 de septiembre, el abogado y taxista Javier Humberto Ordo\u00f1ez, padre de dos hijos, fue asesinado por agentes de la Polic\u00eda Nacional despu\u00e9s de 16 descargas de t\u00e1ser y una golpiza mientras rogaba por su vida. Este crimen, que fue filmado por testigos, fue la gota que rebos\u00f3 el vaso y empuj\u00f3 a las calles a la ciudadan\u00eda en denuncia del abuso policial y en demanda de acciones efectivas para problemas como las masacres, el desempleo y el mal manejo de la pandemia.<\/p>\n\n\n\n<p>La respuesta del gobierno a estas demandas fue la represi\u00f3n, en su versi\u00f3n m\u00e1s cruda, con disparos por parte de la polic\u00eda a los manifestantes desarmados, ejecuciones de civiles, arrestos ilegales, violaciones y torturas con todo tipo de vej\u00e1menes. La implementaci\u00f3n del terror como herramienta de control es el sello de nuestra clase dominante y la est\u00e1n aplicando sin piedad.<\/p>\n\n\n\n<figure class=\"wp-block-embed is-type-rich is-provider-twitter wp-block-embed-twitter\"><div class=\"wp-block-embed__wrapper\">\n<blockquote class=\"twitter-tweet\" data-width=\"550\" data-dnt=\"true\"><p lang=\"en\" dir=\"ltr\">Javier Ordo\u00f1ez, 48, was at home drinking with friends and went out to buy beers. Stopped by the police who then proceeded to taser him several times when he was already in the floor and shouting &quot;por favor, por favor&quot; (please, please), was then taken to police station, ended dead <a href=\"https:\/\/t.co\/gKtgIsIGUb\">pic.twitter.com\/gKtgIsIGUb<\/a><\/p>&mdash; Jorge Martin \u262d (@marxistJorge) <a href=\"https:\/\/twitter.com\/marxistJorge\/status\/1304054129006972929?ref_src=twsrc%5Etfw\">September 10, 2020<\/a><\/blockquote><script async src=\"https:\/\/platform.twitter.com\/widgets.js\" charset=\"utf-8\"><\/script>\n<\/div><\/figure>\n\n\n\n<h2 class=\"wp-block-heading\">LA INSURRECCI\u00d3N:<\/h2>\n\n\n\n<p>Estas protestas nacen del clamor popular y responden a un agotamiento social ante la ineptitud soberbia demostrada por el gobierno que ha arrinconado a las clases oprimidas hasta la desesperaci\u00f3n. Por eso, el mismo d\u00eda en que se conoci\u00f3 por redes sociales la noticia del asesinato de Javier<\/p>\n\n\n\n<p> Ordo\u00f1ez, se comenz\u00f3 a citar a manifestaciones pacificas y plantones en frente del CAI (Centro de Atenci\u00f3n Inmediata) o Estaci\u00f3n de Polic\u00eda m\u00e1s cercano. El llamado lo hac\u00edan organizaciones barriales y asambleas comunales creadas durante el&nbsp;<a href=\"https:\/\/www.marxist.com\/colombia-el-paro-sigue-las-calles-dicen-duque-fuera.htm\">Paro Nacional del 21-N<\/a>&nbsp;y se viraliz\u00f3 r\u00e1pidamente por redes, especialmente en Twitter.<\/p>\n\n\n\n<figure class=\"wp-block-embed is-type-rich is-provider-twitter wp-block-embed-twitter\"><div class=\"wp-block-embed__wrapper\">\n<blockquote class=\"twitter-tweet\" data-width=\"550\" data-dnt=\"true\"><p lang=\"en\" dir=\"ltr\">7 people killed and 140 injured in Colombia after a night of protests at death of Javier Ordo\u00f1ez, lawyer and taxi driver, father of 2, killed by Bogot\u00e1 police officers with a taser gun <a href=\"https:\/\/twitter.com\/hashtag\/ColombianLivesMatters?src=hash&amp;ref_src=twsrc%5Etfw\">#ColombianLivesMatters<\/a> <a href=\"https:\/\/twitter.com\/hashtag\/MasacreEnBogota?src=hash&amp;ref_src=twsrc%5Etfw\">#MasacreEnBogota<\/a> <a href=\"https:\/\/twitter.com\/hashtag\/PoliciaCriminal?src=hash&amp;ref_src=twsrc%5Etfw\">#PoliciaCriminal<\/a> <a href=\"https:\/\/twitter.com\/hashtag\/JavierNoMurioAJavierLoMataron?src=hash&amp;ref_src=twsrc%5Etfw\">#JavierNoMurioAJavierLoMataron<\/a> <a href=\"https:\/\/t.co\/rmEv3DXaAj\">pic.twitter.com\/rmEv3DXaAj<\/a><\/p>&mdash; Jorge Martin \u262d (@marxistJorge) <a href=\"https:\/\/twitter.com\/marxistJorge\/status\/1304054126611963908?ref_src=twsrc%5Etfw\">September 10, 2020<\/a><\/blockquote><script async src=\"https:\/\/platform.twitter.com\/widgets.js\" charset=\"utf-8\"><\/script>\n<\/div><\/figure>\n\n\n\n<p>La mayor aglomeraci\u00f3n se dio frente al CAI del barrio Villa Luz, donde Javier Ordo\u00f1ez fue torturado y ejecutado, siendo golpeado con la m\u00e1s cruel sevicia por los patrulleros Harby Dami\u00e1n Rodr\u00edguez D\u00edaz y Juan Camilo Lloreda Cubillos a quienes no les bast\u00f3 con arrestarlo y derribarlo sino que tuvieron que matarlo a golpes hasta dejarle nueve fracturas en el cr\u00e1neo y m\u00faltiples lesiones internas. Pronto fue evidente que el p\u00fablico general no se iba a quedar en quietud y el gobierno, en una maniobra torpe para calmar los \u00e1nimos, envi\u00f3 un autom\u00f3vil del CTI (Cuerpo T\u00e9cnico de Investigaci\u00f3n) con la intenci\u00f3n de empezar investigaciones forenses.<\/p>\n\n\n\n<p>La respuesta de repudio a ese teatrillo fue inmediata y certera, las instalaciones policiales as\u00ed como los veh\u00edculos de investigaci\u00f3n quedaron reducidos a cenizas. En una acci\u00f3n reminiscente al Bogotazo, las masas enardecidas se volcaron a cobrarse toda la violencia policial y la represi\u00f3n del Estado con fuego y rabia, atacando los s\u00edmbolos arquitect\u00f3nicos de poder y control en toda la ciudad. Fue casi un destierro de la fuerza p\u00fablica. La batalla pas\u00f3 a los barrios, sobre todo a los de mayor concentraci\u00f3n de clase trabajadora. Desde las casas se grababan los abusos policiales y se escuchaban las balas asesinas disparadas por la brutalidad de las fuerzas del Estado que se impuso con toda su ferocidad.<\/p>\n\n\n\n<p>El saldo de esa noche fue de al menos 12 personas muertas y m\u00e1s de 80 heridas con arma de fuego, ninguna de ellas polic\u00eda. Entre las v\u00edctimas hab\u00eda un menor de edad de 17 a\u00f1os, Alexander Fonseca. Adem\u00e1s la mayor\u00eda de ellos no participaba directamente de las protestas. Particularmente horrorosa fue la muerte de Cristian Hern\u00e1ndez Yara, joven de 27 a\u00f1os, padre de dos ni\u00f1as, que trabajaba esa noche de domiciliario y a quien, despu\u00e9s de su \u00faltima entrega, le retuvieron arbitrariamente, le pusieron de rodillas y le dispararon en la frente con tiro de gracia. Dos horas dur\u00f3 tirado en v\u00eda p\u00fablica sin asistencia m\u00e9dica, pues sus asesinos no permit\u00edan el paso de la ambulancia.<\/p>\n\n\n\n<p>En \u201cda\u00f1os\u201d materiales quedaron m\u00e1s de 40 CAI quemados y decenas de buses destruidos. Fue esta la noche de inicio de la campa\u00f1a de terror por parte de esta instituci\u00f3n criminal. Enfocada, especialmente, en la capital del pa\u00eds. Toda clase de actos han sido aplicados, como: ataques a casas con piedras y disparos; accesos ilegales a las viviendas de personas que ayudaron a los marchantes para protegerlos; helic\u00f3pteros volando bajo en horas de la noche y madrugada; veh\u00edculos que pasan a toda velocidad con la sirena encendida, deteni\u00e9ndose para hacer disparos al aire; elecci\u00f3n al azar de personas para golpearlas y detenerlas; uso de elementos de civil y paramilitares con armas de uso privado para detener las movilizaciones y un largo y vergonzoso etc\u00e9tera<\/p>\n\n\n\n<figure class=\"wp-block-embed is-type-rich is-provider-twitter wp-block-embed-twitter\"><div class=\"wp-block-embed__wrapper\">\n<blockquote class=\"twitter-tweet\" data-width=\"550\" data-dnt=\"true\"><p lang=\"en\" dir=\"ltr\">over 30 police stations (CAI) were vandalised and set on fire during protests against the police killing of Javier Ordo\u00f1ez in Bogot\u00e1, Colombia, police opened fire against protesters killing 7 <a href=\"https:\/\/twitter.com\/hashtag\/AJavierLoMatoLaPolicia?src=hash&amp;ref_src=twsrc%5Etfw\">#AJavierLoMatoLaPolicia<\/a> <a href=\"https:\/\/twitter.com\/hashtag\/PoliciasAsesinos?src=hash&amp;ref_src=twsrc%5Etfw\">#PoliciasAsesinos<\/a> <a href=\"https:\/\/twitter.com\/hashtag\/MasacreEnBogot%C3%A1?src=hash&amp;ref_src=twsrc%5Etfw\">#MasacreEnBogot\u00e1<\/a> <a href=\"https:\/\/t.co\/PemOZN41br\">pic.twitter.com\/PemOZN41br<\/a><\/p>&mdash; Jorge Martin \u262d (@marxistJorge) <a href=\"https:\/\/twitter.com\/marxistJorge\/status\/1304054133071151104?ref_src=twsrc%5Etfw\">September 10, 2020<\/a><\/blockquote><script async src=\"https:\/\/platform.twitter.com\/widgets.js\" charset=\"utf-8\"><\/script>\n<\/div><\/figure>\n\n\n\n<p>Este sistema fue aplicado igualmente para el segundo y tercer d\u00eda. Para el momento en que se escribe este art\u00edculo van ya trece personas muertas, 403 heridas, tres mujeres violadas en el CAI San Diego (y m\u00faltiples abusadas); y un n\u00famero indeterminado de desaparecidos y torturados. La mayor\u00eda en Bogot\u00e1 que es donde se ha concentrado con m\u00e1s fuerza la resistencia social.<\/p>\n\n\n\n<h2 class=\"wp-block-heading\">EL MOVIMIENTO:<\/h2>\n\n\n\n<p>Es innegable y aleccionadora la inspiraci\u00f3n tomada de los eventos acontecidos en EEUU, despu\u00e9s de los casos de George Floyd y Jacob Blake, por parte de las masas insurreccionales. El proletariado est\u00e1 aprendiendo de s\u00ed mismo, tomando ejemplo de las bases m\u00e1s avanzadas del continente, y comienza a confiar en sus fuerzas. Cada uno de estos agitados d\u00edas ha golpeado como un martillo en las conciencias de la clase trabajadora generando germinales actos revolucionarios que inspiran a m\u00e1s y mejores formas de asumir la lucha. La evoluci\u00f3n del car\u00e1cter del movimiento en Bogota se puede ver en el hecho de que las masas no atacaron edificios cualquiera. Las masas quemaron estaciones de polic\u00eda, espec\u00edficamente, en protesta a la brutalidad policiaca y&nbsp;<a href=\"https:\/\/www.eltiempo.com\/bogota\/bogota-cai-destruidos-son-convertidos-en-bibliotecas-537448\">las convirtieron en bibliotecas barriales.<\/a><\/p>\n\n\n\n<p>Lo que en los dos primeros d\u00edas se dio s\u00f3lo en las principales ciudades, con peque\u00f1os plantones, para el tercero ya estaba sucediendo en casi todo el pa\u00eds, hasta en los pueblos m\u00e1s peque\u00f1os y rec\u00f3nditos, con exigencias de cambio cada vez m\u00e1s radicales. Ciudades como Barranquilla y Neiva vieron a las masas tomando las calles en contra de la represi\u00f3n del Estado Colombiano.<\/p>\n\n\n\n<p>Esto va m\u00e1s all\u00e1 de las prescripciones de los supuestos l\u00edderes de los movimientos de izquierda cuya \u00fanica prescripci\u00f3n para los problemas de la brutalidad policial, represi\u00f3n y austeridad ha sido inculcar la necesidad de votar en las elecciones. Es claro que las masas colombianas entienden de manera intuitiva que la soluci\u00f3n est\u00e1 en su fuerza y la fuerza de la movilizaci\u00f3n masiva en la calle. Tomando ejemplo claro de las movilizaciones en los Estados Unidos en contra de la brutalidad policial al igual que el movimiento en contra de la austeridad en Chile y Puerto Rico, las masas entienden de manera instintiva que todos estos problemas empiezan con la clase dominante.<\/p>\n\n\n\n<p>Debido a la gran movilizaci\u00f3n, el gobierno no tuvo ninguna otra opci\u00f3n que tratar de darle giro a la historia, condenando a los patrulleros Rodr\u00edguez y Lloreda por el asesinato que encendi\u00f3 el fuego de las protestas y declarando que este incidente fue una anomalia causada por el hecho de que los patrulleros no han sido entrenados en el uso correcto del taser &#8211; una excusa cobarde que evade el simple hecho de que los patrulleros actuaron de la manera en que se les habia entrenado.<\/p>\n\n\n\n<h2 class=\"wp-block-heading\">Y LA \u201cIZQUIERDA\u201d:<\/h2>\n\n\n\n<p>La Alcaldesa de Bogot\u00e1, Claudia L\u00f3pez, supuestamente progresista, no ofrece nada distinto a la confianza en las herramientas burguesas que esta misma usa para excusar su comportamiento tirano. Se hace la v\u00edctima y aunque parece ser cierto que la polic\u00eda no responde a sus ordenes, su pasividad y falta de maniobra la convierten en c\u00f3mplice. La derecha le culpa, arguyendo una falta de acci\u00f3n y apoyo a las instituciones y esto resulta impopular hoy, pero puede encontrar apoyos en las bases m\u00e1s atrasadas al ver de verdad una actitud pasiva y arrodillada de la gobernante.<\/p>\n\n\n\n<p>A uno le gustar\u00eda decir que mejor Claudia L\u00f3pez que Pe\u00f1alosa, pero en la pr\u00e1ctica son casi lo mismo. Sus soluciones simb\u00f3licas s\u00f3lo demuestran la poca maniobra que ella tiene y c\u00f3mo el gobierno la ignora, adem\u00e1s muestran que su posici\u00f3n de \u201ccentro\u201d la aleja de las masas. Ella dice que la polic\u00eda est\u00e1 respondiendo a alg\u00fan mandato oscuro pero lo cierto es que responden a quien les manda, al sistema mismo.<\/p>\n\n\n\n<p>Es m\u00e1s, Claudia L\u00f3pez argumenta que la soluci\u00f3n es tener m\u00e1s polic\u00edas y de manera escandalosa ofrece hasta 3 millones de pesos de recompensa para judicializar a los \u201cv\u00e1ndalos\u201d que \u201catacaron a la polic\u00eda y bienes p\u00fablicos\u201d. Se coloca as\u00ed abiertamente del lado de la defensa de los verdugos y en contra de la comprensible rabia de las v\u00edctimas.<\/p>\n\n\n\n<p>Por su parte Gustavo Petro, con cierto oportunismo, trat\u00f3 de tomar alg\u00fan liderazgo de las protestas convocando a marchas masivas, no obstante, las razones adolec\u00edan de objetivos estrat\u00e9gicos o representaban alguna reivindicaci\u00f3n para el movimiento. En una de ellas, por ejemplo, convoc\u00f3 a apoyar a la alcaldesa. A\u00fan as\u00ed para el Estado es este su principal enemigo y lo usan como chivo expiatorio culp\u00e1ndolo por los \u201cdesmanes\u201d ocurridos.<\/p>\n\n\n\n<p>Por otro lado est\u00e1 la UP (Uni\u00f3n Patri\u00f3tica), \u00f3rgano del PCC, que en la actualidad trabaja de la mano con la Colombia Humana de Gustavo Petro, cuya posici\u00f3n no es la de presentarse como una opci\u00f3n revolucionaria sino la de nadar a favor de la corriente, poni\u00e9ndose de acuerdo con lo propuesto por el resto de la \u201cizquierda\u201d: una simple reforma estructural a la polic\u00eda. Esto no hace m\u00e1s que darle la raz\u00f3n a los espurios argumentos gubernamentales que hablan de algunas \u201cmanzanas podridas\u201d y no explica en el fondo el por qu\u00e9 de la violencia institucional, su raz\u00f3n de ser y la ra\u00edz del problema a la que toca atacar: el capitalismo.<\/p>\n\n\n\n<p>La orfandad del movimiento, en t\u00e9rminos de liderazgo, es obvia y eso ha alimentado un poco el miedo a la acci\u00f3n. Son las bases las que han impulsado la intenci\u00f3n de cambio, ya que ning\u00fan l\u00edder sindical o de partido ha podido impulsar o detener lo sucedido.<\/p>\n\n\n\n<h2 class=\"wp-block-heading\">\u00bfCUAL ES LA RAZ\u00d3N DE SER DE LA POLIC\u00cdA?:<\/h2>\n\n\n\n<p>Durante la mayor\u00eda de la historia de la humanidad, en el per\u00edodo que llamamos el comunismo primitivo, los seres humanos vivimos en sociedad sin la necesidad de fuerzas represivas especiales, c\u00e1rceles o instituciones coercitivas. La gente produc\u00eda s\u00f3lo lo suficiente para mantenerse vivos. El dominio humano de la naturaleza aument\u00f3 la productividad del trabajo, llevando a la creaci\u00f3n de la plusval\u00eda y la acumulacion privada de recursos ya que se producia mas alla de lo meramente necesario. Esto desarroll\u00f3 una divisi\u00f3n del trabajo m\u00e1s compleja, dando paso a una etapa superior en la que aparece la divisi\u00f3n de clases: donde una minor\u00eda explotadora vive del trabajo de la mayor\u00eda oprimida. A partir de ah\u00ed aparece la necesidad de proteger los privilegios, riqueza y poder de esa minor\u00eda y se logra a trav\u00e9s de la evoluci\u00f3n de la instituci\u00f3n del Estado.<\/p>\n\n\n\n<figure class=\"wp-block-embed is-type-rich is-provider-twitter wp-block-embed-twitter\"><div class=\"wp-block-embed__wrapper\">\n<blockquote class=\"twitter-tweet\" data-width=\"550\" data-dnt=\"true\"><p lang=\"en\" dir=\"ltr\">the police killing of Javier Ordo\u00f1ez is the latest in a long list of police and military violence in Colombia, in the cities and the countryside, including the killing of Dilan Cruz by ESMAD military police during anti-govt Nov 23, 2019 <a href=\"https:\/\/twitter.com\/hashtag\/PoliciaCriminal?src=hash&amp;ref_src=twsrc%5Etfw\">#PoliciaCriminal<\/a> <a href=\"https:\/\/t.co\/4zaFXzbrsu\">pic.twitter.com\/4zaFXzbrsu<\/a><\/p>&mdash; Jorge Martin \u262d (@marxistJorge) <a href=\"https:\/\/twitter.com\/marxistJorge\/status\/1304054135101231104?ref_src=twsrc%5Etfw\">September 10, 2020<\/a><\/blockquote><script async src=\"https:\/\/platform.twitter.com\/widgets.js\" charset=\"utf-8\"><\/script>\n<\/div><\/figure>\n\n\n\n<p>Engels explic\u00f3 que, en esencia, el Estado son los \u201ccuerpos de hombres armados\u201d en defensa de los intereses de propiedad de la clase dominante. Bajo el capitalismo, esto incluye a los tribunales, las c\u00e1rceles, los militares y la polic\u00eda como parte de una vasta burocracia que existe para mantener las leyes burguesas y el orden burgu\u00e9s. Significa que el Estado defiende y perpet\u00faa a la clase capitalista que posee los medios de producci\u00f3n, es decir, las palancas productivas clave de la econom\u00eda. En nuestro caso una econom\u00eda atrasada y dominada que cada vez va m\u00e1s a pique por la ineptitud de sus gobernantes.<\/p>\n\n\n\n<p>Como instituciones, la polic\u00eda y el ej\u00e9rcito, son instrumentos del Estado que este usa para \u201cmediar\u201d en la irremediable lucha de clases. A pesar de toda la perorata expresada por nuestros gobernantes sobre la necesidad de estas instituciones para mantener la ley y el orden en el pa\u00eds, lo cierto es que su objetivo principal no es ese. Como dec\u00edamos m\u00e1s arriba el detonante principal de las actuales protestas nace de lo acontecido con Javier Ordo\u00f1ez. Sin embargo, este no ha sido el \u00fanico acto de exceso de fuerza demostrado por los agentes de esta instituci\u00f3n, que en su historial tiene un n\u00famero infinito de homicidios y ataques violentos a la poblaci\u00f3n civil y cuya \u00faltima v\u00edctima recordada fue el joven manifestante Dilan Cruz, en los eventos del pasado Paro Nacional.<\/p>\n\n\n\n<p>Desde los eventos del 9 de abril de 1948, cuando la polic\u00eda de aquel entonces se puso del lado de los&nbsp;<a href=\"https:\/\/www.marxist.com\/el-bogotazo-la-ira-popular-aprendizajes-para-nuestro-presente.htm\">manifestantes durante el Bogotazo<\/a>, toda la planta de la polic\u00eda ser\u00eda reemplazada por los elementos m\u00e1s atrasados de la sociedad colombiana para prevenir la solidaridad entre polic\u00edas y trabajadores. Tra\u00eddos principalmente de las zonas campesinas manejadas por la cultura hacendaria conservadora y entrenados con los m\u00e1s crueles procedimientos. Este evento es el origen de una relaci\u00f3n tortuosa entre esta instituci\u00f3n y la poblaci\u00f3n de la capital.<\/p>\n\n\n\n<p>En tiempos de paz, incluso, la polic\u00eda juega un papel cr\u00edtico en la represi\u00f3n de minor\u00edas. Los estudiantes, los campesinos y los ind\u00edgenas han sido los sectores sociales que m\u00e1s han sido asesinados por el ESMAD (el 27% de ellos son ind\u00edgenas, el 27% son campesinos y el 27% son estudiantes). El hecho de que los movimientos m\u00e1s activos en los \u00faltimos veinte a\u00f1os son movimientos ind\u00edgenas, estudiantiles y campesinos no es una coincidencia.<\/p>\n\n\n\n<p>En el \u00faltimo informe de esta misma organizaci\u00f3n se referencia que en los \u00faltimos nueve meses del a\u00f1o 2020 llevamos el registro de al menos 24 personas asesinadas por la Polic\u00eda Nacional, 13 de los cuales sucedieron en un periodo de 24 horas. Lo que lo convierte ya en el a\u00f1o con m\u00e1s asesinatos cometidos por dicha instituci\u00f3n. Adem\u00e1s, hasta el 2019 el 47 % de esos asesinatos fueron cometidos con arma de fuego corta.<\/p>\n\n\n\n<p>Los nombres pueden encontrarse en el informe hecho por la ONG Temblores llamado&nbsp;<a href=\"http:\/\/redepaz.org.co\/informe-silencio-oficial-un-aturdido-grito-de-justicia-por-los-20-anos-del-esmad\/\">\u201cSilencio oficial\u201d<\/a>&nbsp;y en su \u00faltimo comunicado a la opini\u00f3n p\u00fablica, publicado en sus redes. Valga recordar los de Dilan Cruz, Nicol\u00e1s Neira, Carlos Giovany Blanco, Edison Franco Jaimes y muchos m\u00e1s estudiantes, campesinos, ind\u00edgenas y trabajadores asesinados por esta cruenta instituci\u00f3n. (los \u00faltimos dos p\u00e1rrafos son redacci\u00f3n m\u00eda). Seg\u00fan la encuesta Gallup para junio de este a\u00f1o la desfavorabilidad de la Polic\u00eda Nacional era de un 57%.<\/p>\n\n\n\n<p>El Estado y el supuesto liderazgo de la izquierda ha condenado \u201cla violencia de las protestas\u201d. Pero ante estos datos, la violencia de las masas es m\u00e1s que entendible. Sin embargo, como Marxistas, nosotros no deseamos violencia. Si fuera enteramente por nosotros, las clases dominantes simplemente se retirar\u00edan en paz y dejar\u00edan a cargo de la sociedad a la clase obrera que ya de por s\u00ed mantienen a la sociedad en movimiento. Pero sin embargo, como alguna vez dijo Ted Grant los marxistas \u201csabemos que ninguna clase dominante en toda la historia ha abandonado jam\u00e1s su poder y sus privilegios sin una lucha y, normalmente, una lucha sin cuartel.\u201d<\/p>\n\n\n\n<h2 class=\"wp-block-heading\">\u00bfC\u00d3MO CONTINUAR?:<\/h2>\n\n\n\n<figure class=\"wp-block-image\"><img decoding=\"async\" src=\"https:\/\/www.marxist.com\/images\/stories\/colombia\/2020_Sept\/Colombia_protests_2020_2_Image_Emergencia_Bogot%C3%A1.jpg\" alt=\"Colombia protests 2020 2 Image Emergencia Bogot\u00e1\"\/><\/figure>\n\n\n\n<p>Las manifestaciones a trav\u00e9s de todo el pa\u00eds han demostrado que la energ\u00eda de las masas est\u00e1 ah\u00ed. Muchos en la izquierda miraban a Colombia como un pa\u00eds donde la represi\u00f3n era tan brutal y contundente que las masas simplemente nunca se iban a alzar. Sin embargo, a trav\u00e9s de los \u00faltimos a\u00f1os hemos visto m\u00e1s movilizaciones del pueblo trabajador en Colombia para pelear contra la injusticia del capitalismo y sus m\u00faltiples s\u00edntomas. Es claro que la clase trabajadora, la juventud, los campesinos de Colombia quieren una soluci\u00f3n a los problemas causados por el gobierno de Duque y nuestra relaci\u00f3n con el imperio Estadounidense.<\/p>\n\n\n\n<p>Toda la experiencia de las movilizaciones de masas a nivel internacional de Chile a EEUU, del L\u00edbano a Ecuador, nos muestran la importancia de la entrada de la clase trabajadora en el movimiento de manera organizada. Bajo la sociedad capitalista, la clase obrera tiene el poder de paralizar la producci\u00f3n, poniendo sobre la mesa la cuesti\u00f3n de qui\u00e9n manda. Un ejemplo lo vimos en Estados Unidos, donde los trabajadores portuarios de los 29 puertos en toda la costa oeste salieron a la huelga el Junio 19 en solidaridad con el movimiento de Black Lives Matter (\u2018Las Vidas Negras Importan\u2019)<\/p>\n\n\n\n<p>Es tambi\u00e9n importante organizar comit\u00e9s de defensa para poder anticipar las maniobras del Estado y defender el bien de las masas. Estos comit\u00e9s tienen que ser democr\u00e1ticos y subordinados a las masas. Este tipo de organizaci\u00f3n puede ser coordinada por los sindicatos y federaciones obreras trabajadores a trav\u00e9s del pa\u00eds, como la CUT (Central Unitaria de Trabajadores). Con su gran n\u00famero de miembros y alto nivel de organizaci\u00f3n, estas organizaciones podr\u00edan jugar un rol fundamental en la movilizaci\u00f3n de defensa de masas al igual que la coordinaci\u00f3n de huelgas en solidaridad con el movimiento. Y esto ser\u00eda un avance significativo con respecto a las abstractas declaraciones de solidaridad que el liderazgo de estas organizaciones ofrecen. Los recursos y los n\u00fameros los hay para todo esto. La CUT re\u00fane a 500 mil trabajadores a trav\u00e9s de 700 sindicatos. La CUT planea marchar el 21 de Septiembre en contra del pr\u00e9stamo a Avianca de Duque, la contra-reforma laboral y contra la violencia policial que hemos visto. Eso es un paso adelante, pero las marchas y protestas deben de ir acompa\u00f1adas de un llamado al paro nacional, que es lo \u00fanico que puede poner al gobierno capitalista y asesino de Duque contra las cuerdas.<\/p>\n\n\n\n<p>Las masas pueden salir a las calles con sus cacerolas o incluso pueden destruir estaciones de polic\u00eda como la han hecho en la \u00faltima semana. Pero sin un programa claro y una organizaci\u00f3n donde puedan coordinar esta lucha, la energ\u00eda de las masas se disipar\u00e1 y la mayor\u00eda de la gente se ir\u00e1 a sus casas. Es necesario construir una organizaci\u00f3n de la clase obrera que pueda darle a la lucha en las calles el car\u00e1cter pol\u00edtico que se requiere para poder finalmente pararnos de nuestras rodillas y ver a nuestros opresores a los ojos. Debemos vincular la lucha contra la violencia policial con la lucha general contra el capitalismo.<\/p>\n\n\n\n<p>\u00a1Basta de masacres contra el pueblo &#8211; basta de impunidad! \u00a1Juicio y castigo a los culpables!<\/p>\n\n\n\n<p>\u00a1Levantar comit\u00e9s populares en todos los barrios, escuelas, universidades y puestos de trabajo! \u00a1Organizar un paro nacional contra el r\u00e9gimen! \u00a1Abajo la represi\u00f3n &#8211; abajo el capitalismo!<\/p>\n","protected":false},"excerpt":{"rendered":"<p>Hace a un poco m\u00e1s de un a\u00f1o, vimos el asesinato en sangre fr\u00eda de Javier Ordo\u00f1ez por la polic\u00eda nacional colombiana. Este evento fue grabado y visto por cientos de miles de Colombianos y desat\u00f3 una explosi\u00f3n social a trav\u00e9s de la capital y varias ciudades colombianas. En cierto sentido, estos eventos se pueden [&hellip;]<\/p>\n","protected":false},"author":4,"featured_media":2651,"comment_status":"open","ping_status":"open","sticky":false,"template":"","format":"standard","meta":{"footnotes":""},"categories":[238],"tags":[302],"class_list":["post-2650","post","type-post","status-publish","format-standard","has-post-thumbnail","hentry","category-historia","tag-javier-ordonez"],"yoast_head":"<!-- This site is optimized with the Yoast SEO plugin v27.5 - https:\/\/yoast.com\/product\/yoast-seo-wordpress\/ -->\n<title>Del ensayo al hecho: Colombia tiene un Estado corrupto y asesino - Comunistas Revolucionarios de Colombia<\/title>\n<meta name=\"robots\" content=\"index, follow, max-snippet:-1, max-image-preview:large, max-video-preview:-1\" \/>\n<link rel=\"canonical\" href=\"https:\/\/colombiamarxista.com\/?p=2650\" \/>\n<meta property=\"og:locale\" content=\"es_ES\" \/>\n<meta property=\"og:type\" content=\"article\" \/>\n<meta property=\"og:title\" content=\"Del ensayo al hecho: Colombia tiene un Estado corrupto y asesino - Comunistas Revolucionarios de Colombia\" \/>\n<meta property=\"og:description\" content=\"Hace a un poco m\u00e1s de un a\u00f1o, vimos el asesinato en sangre fr\u00eda de Javier Ordo\u00f1ez por la polic\u00eda nacional colombiana. Este evento fue grabado y visto por cientos de miles de Colombianos y desat\u00f3 una explosi\u00f3n social a trav\u00e9s de la capital y varias ciudades colombianas. En cierto sentido, estos eventos se pueden [&hellip;]\" \/>\n<meta property=\"og:url\" content=\"https:\/\/colombiamarxista.com\/?p=2650\" \/>\n<meta property=\"og:site_name\" content=\"Comunistas Revolucionarios de Colombia\" \/>\n<meta property=\"article:published_time\" content=\"2021-09-13T15:03:11+00:00\" \/>\n<meta property=\"article:modified_time\" content=\"2021-09-15T05:02:20+00:00\" \/>\n<meta property=\"og:image\" content=\"https:\/\/colombiamarxista.com\/wp-content\/uploads\/2021\/09\/5f5a08ac8686b.jpeg\" \/>\n\t<meta property=\"og:image:width\" content=\"950\" \/>\n\t<meta property=\"og:image:height\" content=\"534\" \/>\n\t<meta property=\"og:image:type\" content=\"image\/jpeg\" \/>\n<meta name=\"author\" content=\"Camilo Buenaventura\" \/>\n<meta name=\"twitter:card\" content=\"summary_large_image\" \/>\n<meta name=\"twitter:label1\" content=\"Escrito por\" \/>\n\t<meta name=\"twitter:data1\" content=\"Camilo Buenaventura\" \/>\n\t<meta name=\"twitter:label2\" content=\"Tiempo de lectura\" \/>\n\t<meta name=\"twitter:data2\" content=\"14 minutos\" \/>\n<script type=\"application\/ld+json\" class=\"yoast-schema-graph\">{\"@context\":\"https:\\\/\\\/schema.org\",\"@graph\":[{\"@type\":\"Article\",\"@id\":\"https:\\\/\\\/colombiamarxista.com\\\/?p=2650#article\",\"isPartOf\":{\"@id\":\"https:\\\/\\\/colombiamarxista.com\\\/?p=2650\"},\"author\":{\"name\":\"Camilo Buenaventura\",\"@id\":\"https:\\\/\\\/colombiamarxista.com\\\/#\\\/schema\\\/person\\\/0fe6fa48836cbcf2759e0db820141456\"},\"headline\":\"Del ensayo al hecho: Colombia tiene un Estado corrupto y asesino\",\"datePublished\":\"2021-09-13T15:03:11+00:00\",\"dateModified\":\"2021-09-15T05:02:20+00:00\",\"mainEntityOfPage\":{\"@id\":\"https:\\\/\\\/colombiamarxista.com\\\/?p=2650\"},\"wordCount\":3374,\"commentCount\":0,\"publisher\":{\"@id\":\"https:\\\/\\\/colombiamarxista.com\\\/#organization\"},\"image\":{\"@id\":\"https:\\\/\\\/colombiamarxista.com\\\/?p=2650#primaryimage\"},\"thumbnailUrl\":\"https:\\\/\\\/colombiamarxista.com\\\/wp-content\\\/uploads\\\/2021\\\/09\\\/5f5a08ac8686b.jpeg\",\"keywords\":[\"javier ordo\u00f1ez\"],\"articleSection\":[\"Historia\"],\"inLanguage\":\"es-CO\",\"potentialAction\":[{\"@type\":\"CommentAction\",\"name\":\"Comment\",\"target\":[\"https:\\\/\\\/colombiamarxista.com\\\/?p=2650#respond\"]}]},{\"@type\":\"WebPage\",\"@id\":\"https:\\\/\\\/colombiamarxista.com\\\/?p=2650\",\"url\":\"https:\\\/\\\/colombiamarxista.com\\\/?p=2650\",\"name\":\"Del ensayo al hecho: Colombia tiene un Estado corrupto y asesino - Comunistas Revolucionarios de Colombia\",\"isPartOf\":{\"@id\":\"https:\\\/\\\/colombiamarxista.com\\\/#website\"},\"primaryImageOfPage\":{\"@id\":\"https:\\\/\\\/colombiamarxista.com\\\/?p=2650#primaryimage\"},\"image\":{\"@id\":\"https:\\\/\\\/colombiamarxista.com\\\/?p=2650#primaryimage\"},\"thumbnailUrl\":\"https:\\\/\\\/colombiamarxista.com\\\/wp-content\\\/uploads\\\/2021\\\/09\\\/5f5a08ac8686b.jpeg\",\"datePublished\":\"2021-09-13T15:03:11+00:00\",\"dateModified\":\"2021-09-15T05:02:20+00:00\",\"breadcrumb\":{\"@id\":\"https:\\\/\\\/colombiamarxista.com\\\/?p=2650#breadcrumb\"},\"inLanguage\":\"es-CO\",\"potentialAction\":[{\"@type\":\"ReadAction\",\"target\":[\"https:\\\/\\\/colombiamarxista.com\\\/?p=2650\"]}]},{\"@type\":\"ImageObject\",\"inLanguage\":\"es-CO\",\"@id\":\"https:\\\/\\\/colombiamarxista.com\\\/?p=2650#primaryimage\",\"url\":\"https:\\\/\\\/colombiamarxista.com\\\/wp-content\\\/uploads\\\/2021\\\/09\\\/5f5a08ac8686b.jpeg\",\"contentUrl\":\"https:\\\/\\\/colombiamarxista.com\\\/wp-content\\\/uploads\\\/2021\\\/09\\\/5f5a08ac8686b.jpeg\",\"width\":950,\"height\":534},{\"@type\":\"BreadcrumbList\",\"@id\":\"https:\\\/\\\/colombiamarxista.com\\\/?p=2650#breadcrumb\",\"itemListElement\":[{\"@type\":\"ListItem\",\"position\":1,\"name\":\"Home\",\"item\":\"https:\\\/\\\/colombiamarxista.com\\\/\"},{\"@type\":\"ListItem\",\"position\":2,\"name\":\"Del ensayo al hecho: Colombia tiene un Estado corrupto y asesino\"}]},{\"@type\":\"WebSite\",\"@id\":\"https:\\\/\\\/colombiamarxista.com\\\/#website\",\"url\":\"https:\\\/\\\/colombiamarxista.com\\\/\",\"name\":\"Comunistas Revolucionarios de Colombia\",\"description\":\"\",\"publisher\":{\"@id\":\"https:\\\/\\\/colombiamarxista.com\\\/#organization\"},\"potentialAction\":[{\"@type\":\"SearchAction\",\"target\":{\"@type\":\"EntryPoint\",\"urlTemplate\":\"https:\\\/\\\/colombiamarxista.com\\\/?s={search_term_string}\"},\"query-input\":{\"@type\":\"PropertyValueSpecification\",\"valueRequired\":true,\"valueName\":\"search_term_string\"}}],\"inLanguage\":\"es-CO\"},{\"@type\":\"Organization\",\"@id\":\"https:\\\/\\\/colombiamarxista.com\\\/#organization\",\"name\":\"Comunistas Revolucionarios de Colombia\",\"url\":\"https:\\\/\\\/colombiamarxista.com\\\/\",\"logo\":{\"@type\":\"ImageObject\",\"inLanguage\":\"es-CO\",\"@id\":\"https:\\\/\\\/colombiamarxista.com\\\/#\\\/schema\\\/logo\\\/image\\\/\",\"url\":\"https:\\\/\\\/colombiamarxista.com\\\/wp-content\\\/uploads\\\/2026\\\/04\\\/logo-crc_Mesa-de-trabajo-1-scaled.png\",\"contentUrl\":\"https:\\\/\\\/colombiamarxista.com\\\/wp-content\\\/uploads\\\/2026\\\/04\\\/logo-crc_Mesa-de-trabajo-1-scaled.png\",\"width\":2560,\"height\":1920,\"caption\":\"Comunistas Revolucionarios de Colombia\"},\"image\":{\"@id\":\"https:\\\/\\\/colombiamarxista.com\\\/#\\\/schema\\\/logo\\\/image\\\/\"}},{\"@type\":\"Person\",\"@id\":\"https:\\\/\\\/colombiamarxista.com\\\/#\\\/schema\\\/person\\\/0fe6fa48836cbcf2759e0db820141456\",\"name\":\"Camilo Buenaventura\",\"image\":{\"@type\":\"ImageObject\",\"inLanguage\":\"es-CO\",\"@id\":\"https:\\\/\\\/secure.gravatar.com\\\/avatar\\\/0ed8f0f4038ff29891c3dee7dc33fe374ec2a48069d5beb428305f5b448b7e11?s=96&d=mm&r=g\",\"url\":\"https:\\\/\\\/secure.gravatar.com\\\/avatar\\\/0ed8f0f4038ff29891c3dee7dc33fe374ec2a48069d5beb428305f5b448b7e11?s=96&d=mm&r=g\",\"contentUrl\":\"https:\\\/\\\/secure.gravatar.com\\\/avatar\\\/0ed8f0f4038ff29891c3dee7dc33fe374ec2a48069d5beb428305f5b448b7e11?s=96&d=mm&r=g\",\"caption\":\"Camilo Buenaventura\"},\"url\":\"https:\\\/\\\/colombiamarxista.com\\\/?author=4\"}]}<\/script>\n<!-- \/ Yoast SEO plugin. -->","yoast_head_json":{"title":"Del ensayo al hecho: Colombia tiene un Estado corrupto y asesino - Comunistas Revolucionarios de Colombia","robots":{"index":"index","follow":"follow","max-snippet":"max-snippet:-1","max-image-preview":"max-image-preview:large","max-video-preview":"max-video-preview:-1"},"canonical":"https:\/\/colombiamarxista.com\/?p=2650","og_locale":"es_ES","og_type":"article","og_title":"Del ensayo al hecho: Colombia tiene un Estado corrupto y asesino - Comunistas Revolucionarios de Colombia","og_description":"Hace a un poco m\u00e1s de un a\u00f1o, vimos el asesinato en sangre fr\u00eda de Javier Ordo\u00f1ez por la polic\u00eda nacional colombiana. Este evento fue grabado y visto por cientos de miles de Colombianos y desat\u00f3 una explosi\u00f3n social a trav\u00e9s de la capital y varias ciudades colombianas. En cierto sentido, estos eventos se pueden [&hellip;]","og_url":"https:\/\/colombiamarxista.com\/?p=2650","og_site_name":"Comunistas Revolucionarios de Colombia","article_published_time":"2021-09-13T15:03:11+00:00","article_modified_time":"2021-09-15T05:02:20+00:00","og_image":[{"width":950,"height":534,"url":"https:\/\/colombiamarxista.com\/wp-content\/uploads\/2021\/09\/5f5a08ac8686b.jpeg","type":"image\/jpeg"}],"author":"Camilo Buenaventura","twitter_card":"summary_large_image","twitter_misc":{"Escrito por":"Camilo Buenaventura","Tiempo de lectura":"14 minutos"},"schema":{"@context":"https:\/\/schema.org","@graph":[{"@type":"Article","@id":"https:\/\/colombiamarxista.com\/?p=2650#article","isPartOf":{"@id":"https:\/\/colombiamarxista.com\/?p=2650"},"author":{"name":"Camilo Buenaventura","@id":"https:\/\/colombiamarxista.com\/#\/schema\/person\/0fe6fa48836cbcf2759e0db820141456"},"headline":"Del ensayo al hecho: Colombia tiene un Estado corrupto y asesino","datePublished":"2021-09-13T15:03:11+00:00","dateModified":"2021-09-15T05:02:20+00:00","mainEntityOfPage":{"@id":"https:\/\/colombiamarxista.com\/?p=2650"},"wordCount":3374,"commentCount":0,"publisher":{"@id":"https:\/\/colombiamarxista.com\/#organization"},"image":{"@id":"https:\/\/colombiamarxista.com\/?p=2650#primaryimage"},"thumbnailUrl":"https:\/\/colombiamarxista.com\/wp-content\/uploads\/2021\/09\/5f5a08ac8686b.jpeg","keywords":["javier ordo\u00f1ez"],"articleSection":["Historia"],"inLanguage":"es-CO","potentialAction":[{"@type":"CommentAction","name":"Comment","target":["https:\/\/colombiamarxista.com\/?p=2650#respond"]}]},{"@type":"WebPage","@id":"https:\/\/colombiamarxista.com\/?p=2650","url":"https:\/\/colombiamarxista.com\/?p=2650","name":"Del ensayo al hecho: Colombia tiene un Estado corrupto y asesino - Comunistas Revolucionarios de Colombia","isPartOf":{"@id":"https:\/\/colombiamarxista.com\/#website"},"primaryImageOfPage":{"@id":"https:\/\/colombiamarxista.com\/?p=2650#primaryimage"},"image":{"@id":"https:\/\/colombiamarxista.com\/?p=2650#primaryimage"},"thumbnailUrl":"https:\/\/colombiamarxista.com\/wp-content\/uploads\/2021\/09\/5f5a08ac8686b.jpeg","datePublished":"2021-09-13T15:03:11+00:00","dateModified":"2021-09-15T05:02:20+00:00","breadcrumb":{"@id":"https:\/\/colombiamarxista.com\/?p=2650#breadcrumb"},"inLanguage":"es-CO","potentialAction":[{"@type":"ReadAction","target":["https:\/\/colombiamarxista.com\/?p=2650"]}]},{"@type":"ImageObject","inLanguage":"es-CO","@id":"https:\/\/colombiamarxista.com\/?p=2650#primaryimage","url":"https:\/\/colombiamarxista.com\/wp-content\/uploads\/2021\/09\/5f5a08ac8686b.jpeg","contentUrl":"https:\/\/colombiamarxista.com\/wp-content\/uploads\/2021\/09\/5f5a08ac8686b.jpeg","width":950,"height":534},{"@type":"BreadcrumbList","@id":"https:\/\/colombiamarxista.com\/?p=2650#breadcrumb","itemListElement":[{"@type":"ListItem","position":1,"name":"Home","item":"https:\/\/colombiamarxista.com\/"},{"@type":"ListItem","position":2,"name":"Del ensayo al hecho: Colombia tiene un Estado corrupto y asesino"}]},{"@type":"WebSite","@id":"https:\/\/colombiamarxista.com\/#website","url":"https:\/\/colombiamarxista.com\/","name":"Comunistas Revolucionarios de Colombia","description":"","publisher":{"@id":"https:\/\/colombiamarxista.com\/#organization"},"potentialAction":[{"@type":"SearchAction","target":{"@type":"EntryPoint","urlTemplate":"https:\/\/colombiamarxista.com\/?s={search_term_string}"},"query-input":{"@type":"PropertyValueSpecification","valueRequired":true,"valueName":"search_term_string"}}],"inLanguage":"es-CO"},{"@type":"Organization","@id":"https:\/\/colombiamarxista.com\/#organization","name":"Comunistas Revolucionarios de Colombia","url":"https:\/\/colombiamarxista.com\/","logo":{"@type":"ImageObject","inLanguage":"es-CO","@id":"https:\/\/colombiamarxista.com\/#\/schema\/logo\/image\/","url":"https:\/\/colombiamarxista.com\/wp-content\/uploads\/2026\/04\/logo-crc_Mesa-de-trabajo-1-scaled.png","contentUrl":"https:\/\/colombiamarxista.com\/wp-content\/uploads\/2026\/04\/logo-crc_Mesa-de-trabajo-1-scaled.png","width":2560,"height":1920,"caption":"Comunistas Revolucionarios de Colombia"},"image":{"@id":"https:\/\/colombiamarxista.com\/#\/schema\/logo\/image\/"}},{"@type":"Person","@id":"https:\/\/colombiamarxista.com\/#\/schema\/person\/0fe6fa48836cbcf2759e0db820141456","name":"Camilo Buenaventura","image":{"@type":"ImageObject","inLanguage":"es-CO","@id":"https:\/\/secure.gravatar.com\/avatar\/0ed8f0f4038ff29891c3dee7dc33fe374ec2a48069d5beb428305f5b448b7e11?s=96&d=mm&r=g","url":"https:\/\/secure.gravatar.com\/avatar\/0ed8f0f4038ff29891c3dee7dc33fe374ec2a48069d5beb428305f5b448b7e11?s=96&d=mm&r=g","contentUrl":"https:\/\/secure.gravatar.com\/avatar\/0ed8f0f4038ff29891c3dee7dc33fe374ec2a48069d5beb428305f5b448b7e11?s=96&d=mm&r=g","caption":"Camilo Buenaventura"},"url":"https:\/\/colombiamarxista.com\/?author=4"}]}},"_links":{"self":[{"href":"https:\/\/colombiamarxista.com\/index.php?rest_route=\/wp\/v2\/posts\/2650","targetHints":{"allow":["GET"]}}],"collection":[{"href":"https:\/\/colombiamarxista.com\/index.php?rest_route=\/wp\/v2\/posts"}],"about":[{"href":"https:\/\/colombiamarxista.com\/index.php?rest_route=\/wp\/v2\/types\/post"}],"author":[{"embeddable":true,"href":"https:\/\/colombiamarxista.com\/index.php?rest_route=\/wp\/v2\/users\/4"}],"replies":[{"embeddable":true,"href":"https:\/\/colombiamarxista.com\/index.php?rest_route=%2Fwp%2Fv2%2Fcomments&post=2650"}],"version-history":[{"count":0,"href":"https:\/\/colombiamarxista.com\/index.php?rest_route=\/wp\/v2\/posts\/2650\/revisions"}],"wp:featuredmedia":[{"embeddable":true,"href":"https:\/\/colombiamarxista.com\/index.php?rest_route=\/wp\/v2\/media\/2651"}],"wp:attachment":[{"href":"https:\/\/colombiamarxista.com\/index.php?rest_route=%2Fwp%2Fv2%2Fmedia&parent=2650"}],"wp:term":[{"taxonomy":"category","embeddable":true,"href":"https:\/\/colombiamarxista.com\/index.php?rest_route=%2Fwp%2Fv2%2Fcategories&post=2650"},{"taxonomy":"post_tag","embeddable":true,"href":"https:\/\/colombiamarxista.com\/index.php?rest_route=%2Fwp%2Fv2%2Ftags&post=2650"}],"curies":[{"name":"wp","href":"https:\/\/api.w.org\/{rel}","templated":true}]}}