{"id":2618,"date":"2021-08-05T06:09:41","date_gmt":"2021-08-05T11:09:41","guid":{"rendered":"https:\/\/colombiamarxista.com\/?p=2618"},"modified":"2021-08-05T06:09:43","modified_gmt":"2021-08-05T11:09:43","slug":"nueva-etapa-de-america-socialista-en-defensa-del-marxismo-n-24","status":"publish","type":"post","link":"https:\/\/colombiamarxista.com\/?p=2618","title":{"rendered":"Nueva etapa de Am\u00e9rica Socialista \u2013 en defensa del marxismo (n 24)"},"content":{"rendered":"\n<p>Bienvenidos a una nueva edici\u00f3n de Am\u00e9rica Socialista, una que marca el inicio de una nueva etapa. La revista Am\u00e9rica Socialista se ha editado de manera ininterrumpida&nbsp;<a href=\"https:\/\/americasocialista.org\/revistas-anteriores\/\">desde febrero de 2009<\/a>. Han sido doce a\u00f1os de publicaci\u00f3n como revista pol\u00edtica de la Corriente Marxista Internacional en espa\u00f1ol, con distribuci\u00f3n en todo el continente americano y tambi\u00e9n en una edici\u00f3n hermana en el Estado Espa\u00f1ol.<\/p>\n\n\n\n<p>Ahora, la Corriente Marxista Internacional ha decidido lanzar una nueva etapa de la revista&nbsp;<em>In Defence of Marxism<\/em>&nbsp;(En defensa del marxismo), como parte de una campa\u00f1a mundial en defensa de las ideas del marxismo en todos sus aspectos. Hemos decidido incorporar Am\u00e9rica Socialista a ese esfuerzo necesario y este n\u00famero marca el inicio de esta nueva trayectoria. Esperamos conservar los lectores que nos han seguido en estos a\u00f1os y ampliar vastamente el alcance de&nbsp;<strong>Am\u00e9rica Socialista \u2013 En defensa del marxismo<\/strong>.<\/p>\n\n\n\n<p>El primer n\u00famero tiene un&nbsp;<strong>Editorial<\/strong>&nbsp;de&nbsp;<strong>Alan Woods<\/strong>&nbsp;explicando la necesidad de&nbsp;<strong>una revista de combate filos\u00f3fico<\/strong>. Adem\u00e1s la revista (de 40 p\u00e1ginas) contiene los siguientes art\u00edculos:<\/p>\n\n\n\n<p><strong>Marxismo versus Posmodernismo \u2013 jugando al escondite con la realidad.<\/strong>&nbsp;El posmodernismo es una escuela de pensamiento filos\u00f3fico amorfa que salt\u00f3 a la fama en la posguerra. Comenzando como una tendencia marginal, desde entonces ha crecido hasta convertirse en una de las disciplinas dominantes de la filosof\u00eda burguesa, impregnando gran parte, si no la mayor\u00eda, de la academia de hoy en d\u00eda. Aqu\u00ed publicamos un an\u00e1lisis de&nbsp;<strong>Hamid Alizadeh<\/strong>&nbsp;y&nbsp;<strong>Dan Morley<\/strong>, el primero de una serie de art\u00edculos que analizan diferentes aspectos del posmodernismo desde una perspectiva marxista.<\/p>\n\n\n\n<p><strong>\u00bf\u201cNarrativa de izquierdas\u201d o lucha de clases?<\/strong>&nbsp;\u201cLa izquierda necesita una nueva narrativa\u201d. Esa es la idea que se ha apoderado de las mentes de muchos en la izquierda en todo el mundo hoy, cuando se intenta construir alternativas a los partidos burgueses dominantes. \u00bfCu\u00e1l es el fundamento que subyace tras esta idea de una \u201cnueva narrativa\u201d? Y \u00bfpuede de alguna manera ayudar a que la clase trabajadora y los j\u00f3venes avancen?&nbsp;<strong>Yola Kipcak<\/strong>&nbsp;de la Corriente Marxista Internacional en Austria, explica que jugar con las palabras no sustituye a la lucha de clases.<\/p>\n\n\n\n<p><strong>La historia de la filosof\u00eda desde un punto de vista marxista.<\/strong>&nbsp;Fred Weston rese\u00f1a el nuevo libro de Alan Woods que va a aparecer en ingl\u00e9s en setiembre e inmediatamente despu\u00e9s en espa\u00f1ol.<\/p>\n\n\n\n<p><strong>Cuando los comunistas gobernaron Baviera<\/strong>. En noviembre de 1918, la revoluci\u00f3n estall\u00f3 en Alemania. En la primavera de 1919, la clase trabajadora logr\u00f3 tomar el poder y declarar una Rep\u00fablica Sovi\u00e9tica en Baviera. En su breve y heroica vida, la rep\u00fablica tuvo que luchar no solo contra la contrarevoluci\u00f3n abierta, sino tambi\u00e9n contra los resultados de su propia inexperiencia. Sin embargo, como explica&nbsp;<strong>Florian Keller<\/strong>, de la Corriente Marxista Internacional en Austria, estos acontecimientos representan uno de los episodios m\u00e1s inspiradores de la Revoluci\u00f3n Alemana de 1918-1923. Las lecciones que se pueden extraer no tienen precio para los revolucionarios de hoy.<\/p>\n\n\n\n<p><strong>El congreso rojo de 1921 \u2013 la creaci\u00f3n de la CGT de M\u00e9xico y la lucha por la independencia de clase.<\/strong>&nbsp;Hist\u00f3ricamente, el Estado mexicano ha combinado la m\u00e1s salvaje represi\u00f3n para contener la lucha de clases con el soborno y la domesticaci\u00f3n de los movimientos sociales y sindicales. De esta t\u00e1ctica surge el fen\u00f3meno del charrismo sindical. El proletariado consciente de nuestro pa\u00eds siempre ha enarbolado la bandera de la democratizaci\u00f3n de los sindicatos y la purga de los elementos charros vinculados al Estado, requisito previo para poder librar una batalla efectiva contra el capital. Como explica en este art\u00edculo&nbsp;<strong>Sebasti\u00e1n San Vicente<\/strong>, este a\u00f1o se cumple el centenario de la fundaci\u00f3n de la Confederaci\u00f3n General del Trabajo (CGT), que, inspirada por el bolchevismo y extrayendo conclusiones importantes de la experiencia de la Revoluci\u00f3n mexicana, represent\u00f3 un inspirador esfuerzo por dotar a los obreros de M\u00e9xico de una organizaci\u00f3n sindical democr\u00e1tica y socialista, independiente de los gobiernos populistas surgidos de la revoluci\u00f3n.<\/p>\n\n\n\n<p>Puede adquirir la revista Am\u00e9rica Socialista \u2013 en defensa del marxismo 24 a trav\u00e9s de los compa\u00f1eros de la&nbsp;<a href=\"https:\/\/americasocialista.org\/compra-america-socialista-aqui\/\">Corriente Marxista Internacional en su pa\u00eds<\/a>.<\/p>\n","protected":false},"excerpt":{"rendered":"<p>Bienvenidos a una nueva edici\u00f3n de Am\u00e9rica Socialista, una que marca el inicio de una nueva etapa. La revista Am\u00e9rica Socialista se ha editado de manera ininterrumpida&nbsp;desde febrero de 2009. Han sido doce a\u00f1os de publicaci\u00f3n como revista pol\u00edtica de la Corriente Marxista Internacional en espa\u00f1ol, con distribuci\u00f3n en todo el continente americano y tambi\u00e9n [&hellip;]<\/p>\n","protected":false},"author":1,"featured_media":2619,"comment_status":"open","ping_status":"open","sticky":false,"template":"","format":"standard","meta":{"footnotes":""},"categories":[199],"tags":[],"class_list":["post-2618","post","type-post","status-publish","format-standard","has-post-thumbnail","hentry","category-teoria"],"yoast_head":"<!-- This site is optimized with the Yoast SEO plugin v27.5 - https:\/\/yoast.com\/product\/yoast-seo-wordpress\/ -->\n<title>Nueva etapa de Am\u00e9rica Socialista \u2013 en defensa del marxismo (n 24) - Comunistas Revolucionarios de Colombia<\/title>\n<meta name=\"robots\" content=\"index, follow, max-snippet:-1, max-image-preview:large, max-video-preview:-1\" \/>\n<link rel=\"canonical\" href=\"https:\/\/colombiamarxista.com\/?p=2618\" \/>\n<meta property=\"og:locale\" content=\"es_ES\" \/>\n<meta property=\"og:type\" content=\"article\" \/>\n<meta property=\"og:title\" content=\"Nueva etapa de Am\u00e9rica Socialista \u2013 en defensa del marxismo (n 24) - Comunistas Revolucionarios de Colombia\" \/>\n<meta property=\"og:description\" content=\"Bienvenidos a una nueva edici\u00f3n de Am\u00e9rica Socialista, una que marca el inicio de una nueva etapa. La revista Am\u00e9rica Socialista se ha editado de manera ininterrumpida&nbsp;desde febrero de 2009. Han sido doce a\u00f1os de publicaci\u00f3n como revista pol\u00edtica de la Corriente Marxista Internacional en espa\u00f1ol, con distribuci\u00f3n en todo el continente americano y tambi\u00e9n [&hellip;]\" \/>\n<meta property=\"og:url\" content=\"https:\/\/colombiamarxista.com\/?p=2618\" \/>\n<meta property=\"og:site_name\" content=\"Comunistas Revolucionarios de Colombia\" \/>\n<meta property=\"article:published_time\" content=\"2021-08-05T11:09:41+00:00\" \/>\n<meta property=\"article:modified_time\" content=\"2021-08-05T11:09:43+00:00\" \/>\n<meta property=\"og:image\" content=\"https:\/\/colombiamarxista.com\/wp-content\/uploads\/2021\/08\/america-socialista-nueva-etapa.jpg\" \/>\n\t<meta property=\"og:image:width\" content=\"526\" \/>\n\t<meta property=\"og:image:height\" content=\"526\" \/>\n\t<meta property=\"og:image:type\" content=\"image\/jpeg\" \/>\n<meta name=\"author\" content=\"Consejo Editorial De Colombia Marxista\" \/>\n<meta name=\"twitter:card\" content=\"summary_large_image\" \/>\n<meta name=\"twitter:label1\" content=\"Escrito por\" \/>\n\t<meta name=\"twitter:data1\" content=\"Consejo Editorial De Colombia Marxista\" \/>\n\t<meta name=\"twitter:label2\" content=\"Tiempo de lectura\" \/>\n\t<meta name=\"twitter:data2\" content=\"3 minutos\" \/>\n<script type=\"application\/ld+json\" class=\"yoast-schema-graph\">{\"@context\":\"https:\\\/\\\/schema.org\",\"@graph\":[{\"@type\":\"Article\",\"@id\":\"https:\\\/\\\/colombiamarxista.com\\\/?p=2618#article\",\"isPartOf\":{\"@id\":\"https:\\\/\\\/colombiamarxista.com\\\/?p=2618\"},\"author\":{\"name\":\"Consejo Editorial De Colombia Marxista\",\"@id\":\"https:\\\/\\\/colombiamarxista.com\\\/#\\\/schema\\\/person\\\/e37d02f1454a536d01306cf74ee02c39\"},\"headline\":\"Nueva etapa de Am\u00e9rica Socialista \u2013 en defensa del marxismo (n 24)\",\"datePublished\":\"2021-08-05T11:09:41+00:00\",\"dateModified\":\"2021-08-05T11:09:43+00:00\",\"mainEntityOfPage\":{\"@id\":\"https:\\\/\\\/colombiamarxista.com\\\/?p=2618\"},\"wordCount\":767,\"commentCount\":0,\"publisher\":{\"@id\":\"https:\\\/\\\/colombiamarxista.com\\\/#organization\"},\"image\":{\"@id\":\"https:\\\/\\\/colombiamarxista.com\\\/?p=2618#primaryimage\"},\"thumbnailUrl\":\"https:\\\/\\\/colombiamarxista.com\\\/wp-content\\\/uploads\\\/2021\\\/08\\\/america-socialista-nueva-etapa.jpg\",\"articleSection\":[\"Teor\u00eda\"],\"inLanguage\":\"es-CO\",\"potentialAction\":[{\"@type\":\"CommentAction\",\"name\":\"Comment\",\"target\":[\"https:\\\/\\\/colombiamarxista.com\\\/?p=2618#respond\"]}]},{\"@type\":\"WebPage\",\"@id\":\"https:\\\/\\\/colombiamarxista.com\\\/?p=2618\",\"url\":\"https:\\\/\\\/colombiamarxista.com\\\/?p=2618\",\"name\":\"Nueva etapa de Am\u00e9rica Socialista \u2013 en defensa del marxismo (n 24) - Comunistas Revolucionarios de Colombia\",\"isPartOf\":{\"@id\":\"https:\\\/\\\/colombiamarxista.com\\\/#website\"},\"primaryImageOfPage\":{\"@id\":\"https:\\\/\\\/colombiamarxista.com\\\/?p=2618#primaryimage\"},\"image\":{\"@id\":\"https:\\\/\\\/colombiamarxista.com\\\/?p=2618#primaryimage\"},\"thumbnailUrl\":\"https:\\\/\\\/colombiamarxista.com\\\/wp-content\\\/uploads\\\/2021\\\/08\\\/america-socialista-nueva-etapa.jpg\",\"datePublished\":\"2021-08-05T11:09:41+00:00\",\"dateModified\":\"2021-08-05T11:09:43+00:00\",\"breadcrumb\":{\"@id\":\"https:\\\/\\\/colombiamarxista.com\\\/?p=2618#breadcrumb\"},\"inLanguage\":\"es-CO\",\"potentialAction\":[{\"@type\":\"ReadAction\",\"target\":[\"https:\\\/\\\/colombiamarxista.com\\\/?p=2618\"]}]},{\"@type\":\"ImageObject\",\"inLanguage\":\"es-CO\",\"@id\":\"https:\\\/\\\/colombiamarxista.com\\\/?p=2618#primaryimage\",\"url\":\"https:\\\/\\\/colombiamarxista.com\\\/wp-content\\\/uploads\\\/2021\\\/08\\\/america-socialista-nueva-etapa.jpg\",\"contentUrl\":\"https:\\\/\\\/colombiamarxista.com\\\/wp-content\\\/uploads\\\/2021\\\/08\\\/america-socialista-nueva-etapa.jpg\",\"width\":526,\"height\":526},{\"@type\":\"BreadcrumbList\",\"@id\":\"https:\\\/\\\/colombiamarxista.com\\\/?p=2618#breadcrumb\",\"itemListElement\":[{\"@type\":\"ListItem\",\"position\":1,\"name\":\"Home\",\"item\":\"https:\\\/\\\/colombiamarxista.com\\\/\"},{\"@type\":\"ListItem\",\"position\":2,\"name\":\"Nueva etapa de Am\u00e9rica Socialista \u2013 en defensa del marxismo (n 24)\"}]},{\"@type\":\"WebSite\",\"@id\":\"https:\\\/\\\/colombiamarxista.com\\\/#website\",\"url\":\"https:\\\/\\\/colombiamarxista.com\\\/\",\"name\":\"Comunistas Revolucionarios de Colombia\",\"description\":\"\",\"publisher\":{\"@id\":\"https:\\\/\\\/colombiamarxista.com\\\/#organization\"},\"potentialAction\":[{\"@type\":\"SearchAction\",\"target\":{\"@type\":\"EntryPoint\",\"urlTemplate\":\"https:\\\/\\\/colombiamarxista.com\\\/?s={search_term_string}\"},\"query-input\":{\"@type\":\"PropertyValueSpecification\",\"valueRequired\":true,\"valueName\":\"search_term_string\"}}],\"inLanguage\":\"es-CO\"},{\"@type\":\"Organization\",\"@id\":\"https:\\\/\\\/colombiamarxista.com\\\/#organization\",\"name\":\"Comunistas Revolucionarios de Colombia\",\"url\":\"https:\\\/\\\/colombiamarxista.com\\\/\",\"logo\":{\"@type\":\"ImageObject\",\"inLanguage\":\"es-CO\",\"@id\":\"https:\\\/\\\/colombiamarxista.com\\\/#\\\/schema\\\/logo\\\/image\\\/\",\"url\":\"https:\\\/\\\/colombiamarxista.com\\\/wp-content\\\/uploads\\\/2026\\\/04\\\/logo-crc_Mesa-de-trabajo-1-scaled.png\",\"contentUrl\":\"https:\\\/\\\/colombiamarxista.com\\\/wp-content\\\/uploads\\\/2026\\\/04\\\/logo-crc_Mesa-de-trabajo-1-scaled.png\",\"width\":2560,\"height\":1920,\"caption\":\"Comunistas Revolucionarios de Colombia\"},\"image\":{\"@id\":\"https:\\\/\\\/colombiamarxista.com\\\/#\\\/schema\\\/logo\\\/image\\\/\"}},{\"@type\":\"Person\",\"@id\":\"https:\\\/\\\/colombiamarxista.com\\\/#\\\/schema\\\/person\\\/e37d02f1454a536d01306cf74ee02c39\",\"name\":\"Consejo Editorial De Colombia Marxista\",\"image\":{\"@type\":\"ImageObject\",\"inLanguage\":\"es-CO\",\"@id\":\"https:\\\/\\\/secure.gravatar.com\\\/avatar\\\/27d462afb069d4f31317c3decd42f1acedbc140f1342d432b75cc0cb867e5fb1?s=96&d=mm&r=g\",\"url\":\"https:\\\/\\\/secure.gravatar.com\\\/avatar\\\/27d462afb069d4f31317c3decd42f1acedbc140f1342d432b75cc0cb867e5fb1?s=96&d=mm&r=g\",\"contentUrl\":\"https:\\\/\\\/secure.gravatar.com\\\/avatar\\\/27d462afb069d4f31317c3decd42f1acedbc140f1342d432b75cc0cb867e5fb1?s=96&d=mm&r=g\",\"caption\":\"Consejo Editorial De Colombia Marxista\"},\"sameAs\":[\"http:\\\/\\\/colombiamarxista.com\"],\"url\":\"https:\\\/\\\/colombiamarxista.com\\\/?author=1\"}]}<\/script>\n<!-- \/ Yoast SEO plugin. -->","yoast_head_json":{"title":"Nueva etapa de Am\u00e9rica Socialista \u2013 en defensa del marxismo (n 24) - Comunistas Revolucionarios de Colombia","robots":{"index":"index","follow":"follow","max-snippet":"max-snippet:-1","max-image-preview":"max-image-preview:large","max-video-preview":"max-video-preview:-1"},"canonical":"https:\/\/colombiamarxista.com\/?p=2618","og_locale":"es_ES","og_type":"article","og_title":"Nueva etapa de Am\u00e9rica Socialista \u2013 en defensa del marxismo (n 24) - Comunistas Revolucionarios de Colombia","og_description":"Bienvenidos a una nueva edici\u00f3n de Am\u00e9rica Socialista, una que marca el inicio de una nueva etapa. La revista Am\u00e9rica Socialista se ha editado de manera ininterrumpida&nbsp;desde febrero de 2009. Han sido doce a\u00f1os de publicaci\u00f3n como revista pol\u00edtica de la Corriente Marxista Internacional en espa\u00f1ol, con distribuci\u00f3n en todo el continente americano y tambi\u00e9n [&hellip;]","og_url":"https:\/\/colombiamarxista.com\/?p=2618","og_site_name":"Comunistas Revolucionarios de Colombia","article_published_time":"2021-08-05T11:09:41+00:00","article_modified_time":"2021-08-05T11:09:43+00:00","og_image":[{"width":526,"height":526,"url":"https:\/\/colombiamarxista.com\/wp-content\/uploads\/2021\/08\/america-socialista-nueva-etapa.jpg","type":"image\/jpeg"}],"author":"Consejo Editorial De Colombia Marxista","twitter_card":"summary_large_image","twitter_misc":{"Escrito por":"Consejo Editorial De Colombia Marxista","Tiempo de lectura":"3 minutos"},"schema":{"@context":"https:\/\/schema.org","@graph":[{"@type":"Article","@id":"https:\/\/colombiamarxista.com\/?p=2618#article","isPartOf":{"@id":"https:\/\/colombiamarxista.com\/?p=2618"},"author":{"name":"Consejo Editorial De Colombia Marxista","@id":"https:\/\/colombiamarxista.com\/#\/schema\/person\/e37d02f1454a536d01306cf74ee02c39"},"headline":"Nueva etapa de Am\u00e9rica Socialista \u2013 en defensa del marxismo (n 24)","datePublished":"2021-08-05T11:09:41+00:00","dateModified":"2021-08-05T11:09:43+00:00","mainEntityOfPage":{"@id":"https:\/\/colombiamarxista.com\/?p=2618"},"wordCount":767,"commentCount":0,"publisher":{"@id":"https:\/\/colombiamarxista.com\/#organization"},"image":{"@id":"https:\/\/colombiamarxista.com\/?p=2618#primaryimage"},"thumbnailUrl":"https:\/\/colombiamarxista.com\/wp-content\/uploads\/2021\/08\/america-socialista-nueva-etapa.jpg","articleSection":["Teor\u00eda"],"inLanguage":"es-CO","potentialAction":[{"@type":"CommentAction","name":"Comment","target":["https:\/\/colombiamarxista.com\/?p=2618#respond"]}]},{"@type":"WebPage","@id":"https:\/\/colombiamarxista.com\/?p=2618","url":"https:\/\/colombiamarxista.com\/?p=2618","name":"Nueva etapa de Am\u00e9rica Socialista \u2013 en defensa del marxismo (n 24) - Comunistas Revolucionarios de Colombia","isPartOf":{"@id":"https:\/\/colombiamarxista.com\/#website"},"primaryImageOfPage":{"@id":"https:\/\/colombiamarxista.com\/?p=2618#primaryimage"},"image":{"@id":"https:\/\/colombiamarxista.com\/?p=2618#primaryimage"},"thumbnailUrl":"https:\/\/colombiamarxista.com\/wp-content\/uploads\/2021\/08\/america-socialista-nueva-etapa.jpg","datePublished":"2021-08-05T11:09:41+00:00","dateModified":"2021-08-05T11:09:43+00:00","breadcrumb":{"@id":"https:\/\/colombiamarxista.com\/?p=2618#breadcrumb"},"inLanguage":"es-CO","potentialAction":[{"@type":"ReadAction","target":["https:\/\/colombiamarxista.com\/?p=2618"]}]},{"@type":"ImageObject","inLanguage":"es-CO","@id":"https:\/\/colombiamarxista.com\/?p=2618#primaryimage","url":"https:\/\/colombiamarxista.com\/wp-content\/uploads\/2021\/08\/america-socialista-nueva-etapa.jpg","contentUrl":"https:\/\/colombiamarxista.com\/wp-content\/uploads\/2021\/08\/america-socialista-nueva-etapa.jpg","width":526,"height":526},{"@type":"BreadcrumbList","@id":"https:\/\/colombiamarxista.com\/?p=2618#breadcrumb","itemListElement":[{"@type":"ListItem","position":1,"name":"Home","item":"https:\/\/colombiamarxista.com\/"},{"@type":"ListItem","position":2,"name":"Nueva etapa de Am\u00e9rica Socialista \u2013 en defensa del marxismo (n 24)"}]},{"@type":"WebSite","@id":"https:\/\/colombiamarxista.com\/#website","url":"https:\/\/colombiamarxista.com\/","name":"Comunistas Revolucionarios de Colombia","description":"","publisher":{"@id":"https:\/\/colombiamarxista.com\/#organization"},"potentialAction":[{"@type":"SearchAction","target":{"@type":"EntryPoint","urlTemplate":"https:\/\/colombiamarxista.com\/?s={search_term_string}"},"query-input":{"@type":"PropertyValueSpecification","valueRequired":true,"valueName":"search_term_string"}}],"inLanguage":"es-CO"},{"@type":"Organization","@id":"https:\/\/colombiamarxista.com\/#organization","name":"Comunistas Revolucionarios de Colombia","url":"https:\/\/colombiamarxista.com\/","logo":{"@type":"ImageObject","inLanguage":"es-CO","@id":"https:\/\/colombiamarxista.com\/#\/schema\/logo\/image\/","url":"https:\/\/colombiamarxista.com\/wp-content\/uploads\/2026\/04\/logo-crc_Mesa-de-trabajo-1-scaled.png","contentUrl":"https:\/\/colombiamarxista.com\/wp-content\/uploads\/2026\/04\/logo-crc_Mesa-de-trabajo-1-scaled.png","width":2560,"height":1920,"caption":"Comunistas Revolucionarios de Colombia"},"image":{"@id":"https:\/\/colombiamarxista.com\/#\/schema\/logo\/image\/"}},{"@type":"Person","@id":"https:\/\/colombiamarxista.com\/#\/schema\/person\/e37d02f1454a536d01306cf74ee02c39","name":"Consejo Editorial De Colombia Marxista","image":{"@type":"ImageObject","inLanguage":"es-CO","@id":"https:\/\/secure.gravatar.com\/avatar\/27d462afb069d4f31317c3decd42f1acedbc140f1342d432b75cc0cb867e5fb1?s=96&d=mm&r=g","url":"https:\/\/secure.gravatar.com\/avatar\/27d462afb069d4f31317c3decd42f1acedbc140f1342d432b75cc0cb867e5fb1?s=96&d=mm&r=g","contentUrl":"https:\/\/secure.gravatar.com\/avatar\/27d462afb069d4f31317c3decd42f1acedbc140f1342d432b75cc0cb867e5fb1?s=96&d=mm&r=g","caption":"Consejo Editorial De Colombia Marxista"},"sameAs":["http:\/\/colombiamarxista.com"],"url":"https:\/\/colombiamarxista.com\/?author=1"}]}},"_links":{"self":[{"href":"https:\/\/colombiamarxista.com\/index.php?rest_route=\/wp\/v2\/posts\/2618","targetHints":{"allow":["GET"]}}],"collection":[{"href":"https:\/\/colombiamarxista.com\/index.php?rest_route=\/wp\/v2\/posts"}],"about":[{"href":"https:\/\/colombiamarxista.com\/index.php?rest_route=\/wp\/v2\/types\/post"}],"author":[{"embeddable":true,"href":"https:\/\/colombiamarxista.com\/index.php?rest_route=\/wp\/v2\/users\/1"}],"replies":[{"embeddable":true,"href":"https:\/\/colombiamarxista.com\/index.php?rest_route=%2Fwp%2Fv2%2Fcomments&post=2618"}],"version-history":[{"count":0,"href":"https:\/\/colombiamarxista.com\/index.php?rest_route=\/wp\/v2\/posts\/2618\/revisions"}],"wp:featuredmedia":[{"embeddable":true,"href":"https:\/\/colombiamarxista.com\/index.php?rest_route=\/wp\/v2\/media\/2619"}],"wp:attachment":[{"href":"https:\/\/colombiamarxista.com\/index.php?rest_route=%2Fwp%2Fv2%2Fmedia&parent=2618"}],"wp:term":[{"taxonomy":"category","embeddable":true,"href":"https:\/\/colombiamarxista.com\/index.php?rest_route=%2Fwp%2Fv2%2Fcategories&post=2618"},{"taxonomy":"post_tag","embeddable":true,"href":"https:\/\/colombiamarxista.com\/index.php?rest_route=%2Fwp%2Fv2%2Ftags&post=2618"}],"curies":[{"name":"wp","href":"https:\/\/api.w.org\/{rel}","templated":true}]}}