{"id":2571,"date":"2021-07-05T11:06:41","date_gmt":"2021-07-05T16:06:41","guid":{"rendered":"https:\/\/colombiamarxista.com\/?p=2571"},"modified":"2021-07-05T11:08:52","modified_gmt":"2021-07-05T16:08:52","slug":"la-urgencia-de-la-reforma-agraria-en-colombia","status":"publish","type":"post","link":"https:\/\/colombiamarxista.com\/?p=2571","title":{"rendered":"La urgencia de la reforma agraria en Colombia"},"content":{"rendered":"\n<p><a target=\"_blank\" rel=\"noreferrer noopener\" href=\"https:\/\/www.flickr.com\/photos\/14143991@N04\/27081937844\">&#8220;Asamblea en minga el fin del d\u00eda&#8221;<\/a>&nbsp;de&nbsp;<a href=\"https:\/\/www.flickr.com\/photos\/14143991@N04\" target=\"_blank\" rel=\"noreferrer noopener\">caminandolibertad<\/a>&nbsp;esta licenciada a trav\u00e9s de&nbsp;<a href=\"https:\/\/creativecommons.org\/licenses\/by-nc-sa\/2.0\/?ref=ccsearch&amp;atype=rich\" target=\"_blank\" rel=\"noreferrer noopener\">CC BY-NC-SA 2.0<\/a><\/p>\n\n\n\n<p>El acceso a la tierra es un problema para los campesinos colombianos desde que la oligarqu\u00eda de la Rep\u00fablica de la Nueva Granada (1831-1858) decidi\u00f3 reducir la actividad econ\u00f3mica del pa\u00eds a la explotaci\u00f3n del suelo de acuerdo a las necesidades de las grandes potencias capitalistas, y de la mano de obra seg\u00fan la codicia de los hacendados. Este proyecto econ\u00f3mico de tan corta vista y de bajo nivel de productividad explica la creciente miseria que marca la historia de Colombia.<\/p>\n\n\n\n<p><strong>La hacienda: un modelo de atraso<\/strong><\/p>\n\n\n\n<p>La hacienda es la respuesta al fracaso de la encomienda como primer modo de explotaci\u00f3n del trabajo en sus colonias. La hacienda como estructura econ\u00f3mica empieza a configurarse en el siglo siguiente, concentrando los distintos modos de explotaci\u00f3n pre-capitalistas que van imponi\u00e9ndose a partir de la invasi\u00f3n espa\u00f1ola.&nbsp;<\/p>\n\n\n\n<p>El objetivo principal de la incursi\u00f3n ib\u00e9rica en estas tierras era proveer de oro al Reino de Espa\u00f1a. Con esto, su monarqu\u00eda y las capas altas de su nobleza pod\u00edan acceder a los bienes que creaba el naciente capitalismo. En este sentido, no hab\u00eda ning\u00fan inter\u00e9s por parte de ese Reino aqu\u00ed en las Indias por desarrollar los medios de producci\u00f3n. Es diciente, que primero llegase a Am\u00e9rica la mano de obra esclava que los ingenieros. As\u00ed, se imponen formas de explotaci\u00f3n originarias de la Antigua Roma, como la aparcer\u00eda y el arrendamiento. En tanto que el trabajo asalariado s\u00f3lo emplea un m\u00ednimo porcentaje de jornaleros para las cosechas. La autoridad incuestionable del hacendado le permite ejercer todo tipo de enga\u00f1os (manipulaci\u00f3n de cuentas y escrituras, deudas y multas ficticias, etc.) para impedir que el campesino acceda a la tierra y poder seguir explot\u00e1ndolo. Hay tantas fuentes de peque\u00f1os ingresos para el hacendado que le resulta m\u00e1s rentable emplear la violencia para aplacar el obvio descontento que crea ese sistema econ\u00f3mico, que adelantar alg\u00fan intento por revolucionar los medios de producci\u00f3n.&nbsp;<\/p>\n\n\n\n<p>Tras la Independencia definitiva de Espa\u00f1a y tras la desintegraci\u00f3n de la Rep\u00fablica de Colombia que correspond\u00eda a los actuales estados de Colombia, Venezuela, Ecuador y Panam\u00e1, la oligarqu\u00eda colombiana renuncia a la implantaci\u00f3n de un capitalismo desarrollado. A cambio, intenta copiar las formas de los estados burgueses pero conservando a la hacienda como estructura fundamental de la econom\u00eda del pa\u00eds.<\/p>\n\n\n\n<p>\u201cEn las propiedades m\u00e1s extensas la fuerza de trabajo estaba constituida por una mezcla de aparceros, arrendatarios, jornaleros y otros contratados por per\u00edodos mayores o menores y bajo diversas condiciones. Los arreglos laborales obviamente permit\u00edan los abusos, que inclu\u00edan, ocasionalmente, formas de peonaje por deuda.\u201d (David Bushnell. <em>Colombia: Una naci\u00f3n a pesar de s\u00ed misma. <\/em>Bogot\u00e1, D.C.: Planeta, 1994. p. 116.)<\/p>\n\n\n\n<p>El resultado es un retraso&nbsp; enorme de las fuerzas productivas colombianas con respecto a la producci\u00f3n del resto del planeta. La \u00fanica soluci\u00f3n que encuentra la \u00e9lite es poner los recursos naturales del pa\u00eds al servicio de los intereses del gran capital extranjero. Pero la realidad del capitalismo incluye las crisis econ\u00f3micas que, entre otras cosas, afectan los precios de las materias primas. Sin embargo, esta parte de Sudam\u00e9rica ofrece una amplia diversidad de terrenos f\u00e9rtiles. La concentraci\u00f3n de la tierra implica m\u00e1s opciones para que el hacendado pueda participar del mercado internacional: si se cae el precio del tabaco tiene tierras para sembrar algod\u00f3n, si este entra en crisis, la siguiente mercanc\u00eda que se imponga habr\u00e1, igualmente, d\u00f3nde sembrarla. En todo caso, de sus ancestros ib\u00e9ricos ha aprendido que el pago de las p\u00e9rdidas lo han de asumir los pobres.&nbsp;<\/p>\n\n\n\n<p>Sirva de testimonio del estado de la econom\u00eda hacendaria en aquellos tiempos el siguiente fragmento de la novela costumbrista <a href=\"http:\/\/www.cervantesvirtual.com\/obra-visor\/manuela-novela-de-costumbres-colombianas-tomo-primero--0\/html\/ff1e97e4-82b1-11df-acc7-002185ce6064_2.html\"><em>Manuela<\/em><\/a><em> <\/em>(1858)<em>, <\/em>de Eugenio D\u00edaz Castro (1803-1865):<\/p>\n\n\n\n<p>\u201c(&#8230;) ya su merced ver\u00e1 que la pobreza no da campo para estarse una guardada&#8230;<\/p>\n\n\n\n<p>-\u00bfPobreza? con tierras tan f\u00e9rtiles y exuberantes.<\/p>\n\n\n\n<p>-\u00bfY qu\u00e9 hacemos con ellas?<\/p>\n\n\n\n<p>-\u00bfC\u00f3mo qu\u00e9 hacemos con ellas? Descuajar todos estos montes y sembrar plantaciones para la exportaci\u00f3n, como caf\u00e9, a\u00f1il, cacao, algod\u00f3n y vainilla; y no sembrar ma\u00edz exclusivamente como hacen ustedes.<\/p>\n\n\n\n<p>-Muy bueno ser\u00eda todo eso; pero la pobreza no nos deja hacer nada, y que como no hay caminos, ah\u00ed se quedar\u00eda todo botado; y no es eso s\u00f3lo, si no que los due\u00f1os de tierras nos perseguir\u00edan. Es bueno que con lo poco que alcanzamos a tener, a medio descuido ya nos est\u00e1n echando de la estancia, haci\u00e9ndonos perder todo el trabajo \u00bfqu\u00e9 ser\u00eda si nos vieran con labranzas de a\u00f1il, de caf\u00e9 y de todo eso?<\/p>\n\n\n\n<p>-D\u00edgame usted, se\u00f1ora, \u00bftodos los arrendatarios est\u00e1n tan miserables como usted?<\/p>\n\n\n\n<p>-Hay algunos que tienen un palito de platanal, y hasta el completo de seis bestiecitas; pero esos viven en guerra abierta con los patrones, porque no habiendo documento de arriendo, el due\u00f1o de la tierra aprieta por su lado, y el arrendatario trata de escapar al abrigo de los montes, del secreto y de la astucia. La primera obligaci\u00f3n es ir al trabajo el arrendatario, o mandar al hijo o a la hija; y los que se van hallando con platica se tratan de escapar mandando un jornalero, que no sirve de nada, y de esto resultan los pleitos, que son eternos. Mi comadre Estefan\u00eda y mi madrina Patricia son tan pobres como yo y padecen como si fueran esclavas. \u00bfNo conoce usted a Rosa?, preg\u00fantele usted lo que es ser arrendentaria, cuando la vaya a visitar.\u201d<\/p>\n\n\n\n<p>Sobre cuadros de miseria como estos se fundan las fortunas de las familias ilustres. Las fortunas que crea este modelo agro-exportador no se invierten en conocimiento cient\u00edfico, en adquisici\u00f3n de tecnolog\u00eda o cualquier iniciativa que revolucione los modos de producci\u00f3n. El grueso del dinero que entra al pa\u00eds se gasta en lujos particulares. La \u00fanica opci\u00f3n que le queda al hacendado para seguir acumulando fortuna, es seguir acumulando tierra e incrementando la opresi\u00f3n. Aparte de las formas de explotaci\u00f3n econ\u00f3mica, convierte a los peones y a todos sus oprimidos en soldados de un ej\u00e9rcito del que es general y con el que lidera guerras civiles. Por supuesto, mientras se pelea la guerra del patr\u00f3n no hay c\u00f3mo pelear por un pedazo de tierra.<\/p>\n\n\n\n<p><strong>El latifundio<\/strong><\/p>\n\n\n\n<p>El resultado m\u00e1s inmediato del modelo hacendario al someterse a las necesidades del capitalismo mundial es el latifundio. De acuerdo a una<a href=\"https:\/\/oi-files-d8-prod.s3.eu-west-2.amazonaws.com\/s3fs-public\/file_attachments\/radiografia_de_la_desigualdad.pdf\"> investigaci\u00f3n<\/a> de OXFAM de 2017, el resultado de la tradici\u00f3n latifundista ha llevado a que \u201c(&#8230;) en Colombia el 1% de las explotaciones de mayor tama\u00f1o maneja m\u00e1s del 80% de la tierra, mientras que el 99% restante se reparte menos del 20% de la tierra.\u201d El resultado inmediato de esto es un campo atrasado e improductivo a pesar de la particular fertilidad del pa\u00eds. Una evidencia contundente de ello es que en Colombia s\u00f3lo se est\u00e1 usando<a href=\"https:\/\/www.agronegocios.co\/aprenda\/en-colombia-solo-se-esta-usando-18-de-la-tierra-que-tiene-el-aval-para-ser-cultivada-3056696\"> un 18% de la tierra<\/a> que cuenta con aval del Estado para ser cultivada. Esto es, s\u00f3lo siete millones de hect\u00e1reas en un pa\u00eds con una frontera agr\u00edcola de 39,2 millones de hect\u00e1reas. Y no es porque con ese breve porcentaje nos baste;<a href=\"https:\/\/www.elespectador.com\/ambiente\/colombia-importa-el-30-de-los-alimentos-que-consume-article\/\"> el 30% de los alimentos<\/a> que consumimos en Colombia, son importados. Esta contradicci\u00f3n explica la realidad de un sistema que no cuenta con la capacidad para atender las necesidades b\u00e1sicas de las personas.<\/p>\n\n\n\n<p>Podemos mirar como ejemplo un alimento de consumo casi universal como la papa. Hace dos a\u00f1os, el gerente de Fedepapa<a href=\"https:\/\/www.agronegocios.co\/clima\/cultivar-una-hectarea-de-papa-pastusa-en-colombia-cuesta-156-millones-2891288\"> declaraba<\/a> que los costos de producci\u00f3n de una hect\u00e1rea de papa R12 pod\u00edan oscilar entre los diecisiete y veintid\u00f3s millones de pesos (entre $5,254 y $6,790 USD al cambio de la \u00e9poca). En cambio, una gu\u00eda de costos estimados de producci\u00f3n de papa de Manitoba (Canad\u00e1), publicada en 2018 da un estimado de $3,816 CAD por acre. Convertido al d\u00f3lar estadounidense, esto corresponde a poco m\u00e1s de USD $2,000 por hect\u00e1rea. Sobra decir, que ni el clima ni el suelo canadienses tienen las virtudes y diversidad del nuestro, aunque su territorio sea mucho mayor.<\/p>\n\n\n\n<figure class=\"wp-block-image size-large\"><img fetchpriority=\"high\" decoding=\"async\" width=\"1024\" height=\"768\" src=\"https:\/\/colombiamarxista.com\/wp-content\/uploads\/2021\/07\/reforma-agraria-cover-1.jpg\" alt=\"\" class=\"wp-image-2576\" srcset=\"https:\/\/colombiamarxista.com\/wp-content\/uploads\/2021\/07\/reforma-agraria-cover-1.jpg 1024w, https:\/\/colombiamarxista.com\/wp-content\/uploads\/2021\/07\/reforma-agraria-cover-1-300x225.jpg 300w, https:\/\/colombiamarxista.com\/wp-content\/uploads\/2021\/07\/reforma-agraria-cover-1-768x576.jpg 768w\" sizes=\"(max-width: 1024px) 100vw, 1024px\" \/><figcaption><a target=\"_blank\" rel=\"noreferrer noopener\" href=\"https:\/\/www.flickr.com\/photos\/14143991@N04\/27659761456\">&#8220;Practica&#8221;<\/a>&nbsp;by&nbsp;<a href=\"https:\/\/www.flickr.com\/photos\/14143991@N04\" target=\"_blank\" rel=\"noreferrer noopener\">caminandolibertad<\/a>&nbsp;esta licenciada bajo <a href=\"https:\/\/creativecommons.org\/licenses\/by-nc-sa\/2.0\/?ref=ccsearch&amp;atype=rich\" target=\"_blank\" rel=\"noreferrer noopener\">CC BY-NC-SA 2.0<\/a><\/figcaption><\/figure>\n\n\n\n<p><strong>La situaci\u00f3n del campesino<\/strong><\/p>\n\n\n\n<p>El campesino se ve sometido a diferentes formas de explotaci\u00f3n. Aunque en a\u00f1os recientes se ha visto un fuerte incremento de la proletarizaci\u00f3n, esta se ha dado en condiciones de precariedad extrema. Aunque la actividad agr\u00edcola de compa\u00f1\u00edas multinacionales ha aumentado la proletarizaci\u00f3n del campo, esto no ha significado una mejora en sus condiciones de vida. A su vez, el peque\u00f1o propietario capaz de vivir c\u00f3modamente de su parcela es una rara excepci\u00f3n. Mientras, los grandes terratenientes de hoy han dejado los placeres provincianos para convertirse en gente \u201cde mundo\u201d.<\/p>\n\n\n\n<p>Para evaluar la situaci\u00f3n del campesino, podemos comenzar por referirnos a datos tan b\u00e1sicos como la vivienda: En Colombia el Estado cuenta de acuerdo a cifras de octubre del a\u00f1o pasado, un d\u00e9ficit de vivienda de 5,1 millones de colombianos. De estos, 2,3 millones (46,3 %) habitan en suelo rural. En cuanto a nutrici\u00f3n, entre todos los pendientes que deja Iv\u00e1n Duque est\u00e1 la actualizaci\u00f3n de la Encuesta Nacional de Situaci\u00f3n Nutricional. S\u00f3lo hasta septiembre de 2020 se autoriz\u00f3 el convenio con la Universidad Nacional para adelantar dicha investigaci\u00f3n. De hecho, su \u00faltimo<a href=\"https:\/\/www.icbf.gov.co\/sites\/default\/files\/icbf-_informe_de_gestion_2020_vp.pdf\"> informe de gesti\u00f3n<\/a>, descaradamente lo cita como el cuarto de sus principales retos para el 2021.<\/p>\n\n\n\n<p>Pero basta un dato de 2015. Aquel informe reportaba que la desnutrici\u00f3n cr\u00f3nica afectaba al 15,7% de adolescentes que habitan en las zonas rurales. S\u00ed, tambi\u00e9n hay que mencionar que m\u00e1s all\u00e1 de toda tecnolog\u00eda, es dif\u00edcil un campo productivo si el joven campesino trabaja con hambre. Es m\u00e1s dif\u00edcil combatir el hambre si esos campesinos no cuentan con las debidas v\u00edas para comunicarse con los mercados. Para dimensionar el nivel de atraso, t\u00f3mese en cuenta que en noviembre del 2016,<a href=\"https:\/\/www.eltiempo.com\/colombia\/otras-ciudades\/colombia-pueblos-sin-vias-de-comunicacion-46383\"> El Tiempo<\/a> reportaba trece municipios de Colombia, incomunicados por falta de v\u00edas terrestres, entre ellos cuatro capitales de departamento.<\/p>\n\n\n\n<p>Esta situaci\u00f3n de atraso tambi\u00e9n impacta la salud. Los doctores<a href=\"http:\/\/www.scielo.org.co\/pdf\/rfnsp\/v34n3\/0120-386X-rfnsp-34-03-00359.pdf\"> Rodr\u00edguez Triana y Benavides-Pirac\u00f3n<\/a>, en una investigaci\u00f3n de 2016, concluyeron que \u201c(&#8230;) la seguridad social tradicional, asociada al empleo formal, es un mecanismo a\u00fan muy limitado para brindar protecci\u00f3n a la mayor parte de los trabajadores rurales, pues la segmentaci\u00f3n entre el sector formal y el resto de los trabajadores se ahonda entre los mercados de trabajo rurales, por las diferencias de estructura productiva, con estacionalidades y ciclos particulares, y variadas \u201d<\/p>\n\n\n\n<p>Las necesidades urgentes son obvias, incluso para la burgues\u00eda liberal. El exministro de Salud del Gobierno Samper, Augusto Gal\u00e1n Sarmiento, sugiere: \u201cgarantizar agua potable y saneamiento b\u00e1sico, mejorar las v\u00edas terciarias, brindar educaci\u00f3n b\u00e1sica, nutrici\u00f3n y seguridad alimentaria.\u201d Ahora, t\u00f3mese en cuenta que cuando un obrero o un campesino propone este tipo de soluciones ser\u00e1 inmediatamente acusado de socialista.&nbsp;<\/p>\n\n\n\n<p>En cuanto a la educaci\u00f3n y la cultura, nuestra burgues\u00eda ha dejado evidencia innumerable de considerar que esto ser\u00eda una suerte de lujo para el campesino. Es hist\u00f3rico que cuando el Gobierno analiza en qu\u00e9 rubros deber\u00eda gastar su salario el obrero, el resultado<a href=\"https:\/\/www.elespectador.com\/economia\/como-se-distribuye-un-salario-minimo-en-colombia-article-395093\/\"> para cultura y formaci\u00f3n es 0%<\/a>. Si el obrero quiere invertir en su tiempo libre, debe privarse de alguna de sus otras necesidades b\u00e1sicas. A esto s\u00famese que, de acuerdo a cifras oficiales de diciembre de 2019 (antes de que llegara a Colombia el COVID-19), el mismo presidente Iv\u00e1n Duque reconoci\u00f3 que 70 % de los trabajadores del campo no ganaban salario m\u00ednimo. Por supuesto, no ha hecho nada por superar esta situaci\u00f3n. Por el contrario, siguiendo \u00f3rdenes del <a href=\"https:\/\/semanarural.com\/web\/articulo\/insisten-en-la-necesidad-del-salario-integral-agropecuario\/1694\">gremio terrateniente<\/a>, busca que se mantenga esta situaci\u00f3n con un proyecto de ley que, como suele ser propio del uribismo, llama a las cosas por su contrario. As\u00ed, para referirse al robo infame del trabajo campesino, hablan de \u201c<a href=\"https:\/\/caracol.com.co\/programa\/2021\/04\/10\/planeta_caracol\/1618054551_022130.html\">dignificaci\u00f3n del trabajo rural<\/a>\u201d. Con el mismo descaro han llegado a presumir que est\u00e1n por conquistar la cobertura educativa en el campo. Esto, s\u00f3lo puede ser falso. \u00bfSe puede hablar de una aut\u00e9ntica cobertura educativa cuando hay hambre y donde no hay acceso a libros?&nbsp;<\/p>\n\n\n\n<p>El gobierno se llena la boca con cifras de inversi\u00f3n en educaci\u00f3n pero luego resulta que el grueso de esa inversi\u00f3n se pone en infraestructura. Es decir, el dinero de la educaci\u00f3n son contratos para que bancos y grandes compa\u00f1\u00edas constructoras se roben recursos p\u00fablicos con el visto bueno del Estado. No se contempla en ninguna parte el desarrollo de programas educativos coherentes con las complejidades del campo colombiano, no se forman maestros para el trabajo en ruralidad, no hay un plan de compra y distribuci\u00f3n de material educativo y ni hablemos del acceso a la Internet. Baste un ejemplo: los escolares de La Guajira no cuentan en sus aulas con un mapa de su departamento.<\/p>\n\n\n\n<p>La consecuencia natural de la opresi\u00f3n que intentamos describir es la indignaci\u00f3n del campesino. Esta en muy pocas ocasiones ha llegado a expresarse porque la burgues\u00eda colombiana aprendi\u00f3 de la corona espa\u00f1ola el uso de la violencia en todas sus formas. As\u00ed, la historia de nuestro campesinado es una de sufrir los cr\u00edmenes, guerras y abusos de la clase dominante.<\/p>\n\n\n\n<p>Desde los d\u00edas de la Violencia conservadora en los a\u00f1os cuarenta, la oligarqu\u00eda ha hecho de la masacre su marca de f\u00e1brica. El narcotr\u00e1fico solo est\u00e1 replicando&nbsp; esta&nbsp; tradici\u00f3n. As\u00ed, era de esperar que el regreso del narcotraficante \u00c1lvaro Uribe al poder, en la persona de Iv\u00e1n Duque, incrementase esta horrible pr\u00e1ctica. A&nbsp; 3 de mayo de 2021 la ONG Indepaz contabilizaba 35 masacres en lo que va de este a\u00f1o. Sus registros dan cuenta de 91 masacres el a\u00f1o anterior. Claramente el prop\u00f3sito del Gobierno para este a\u00f1o, con Paro o sin \u00e9l, era sobrecumplir sus metas de muertos.<\/p>\n\n\n\n<p>La horrenda combinaci\u00f3n de violencias que el estado, antes que combatir, parece promover, dejan entre varias consecuencias, unas preocupantes cifras de desplazamiento forzado. Con perspectiva hist\u00f3rica, podr\u00edamos sumar en los casos de desplazamiento forzado del \u00faltimo siglo una poblaci\u00f3n superior a la de Bogot\u00e1. De acuerdo a Naciones Unidas, mantenemos el t\u00edtulo de ser el pa\u00eds con el <a href=\"https:\/\/www.wradio.com.co\/noticias\/actualidad\/colombia-sigue-siendo-el-pais-con-mayor-desplazados-internos-en-el-mundo-onu\/20210618\/nota\/4144258.aspx\">mayor n\u00famero de desplazados internos<\/a> en el mundo.<\/p>\n\n\n\n<p>El actual Paro Nacional ha despertado la conciencia del Pueblo sobre diversos problemas y, entre ellos, la cuesti\u00f3n del campo. Una situaci\u00f3n tan cr\u00edtica obliga a asumir la reforma agraria como una medida urgente para garantizar nuestra supervivencia. <a href=\"https:\/\/colombiamarxista.com\/?page_id=2007\">Nuestro programa<\/a> hace de ella su primer punto pero, \u00bfqu\u00e9 significa esta lucha por una reforma agraria?, \u00bfqu\u00e9 buscamos con ella?, \u00bfqu\u00e9 ventajas implica?, \u00bfc\u00f3mo hacerla posible? son preguntas que deberemos atender en una siguiente entrega.<\/p>\n","protected":false},"excerpt":{"rendered":"<p>&#8220;Asamblea en minga el fin del d\u00eda&#8221;&nbsp;de&nbsp;caminandolibertad&nbsp;esta licenciada a trav\u00e9s de&nbsp;CC BY-NC-SA 2.0 El acceso a la tierra es un problema para los campesinos colombianos desde que la oligarqu\u00eda de la Rep\u00fablica de la Nueva Granada (1831-1858) decidi\u00f3 reducir la actividad econ\u00f3mica del pa\u00eds a la explotaci\u00f3n del suelo de acuerdo a las necesidades de [&hellip;]<\/p>\n","protected":false},"author":1,"featured_media":2572,"comment_status":"open","ping_status":"open","sticky":false,"template":"","format":"standard","meta":{"footnotes":""},"categories":[238],"tags":[283],"class_list":["post-2571","post","type-post","status-publish","format-standard","has-post-thumbnail","hentry","category-historia","tag-reforma-agraria"],"yoast_head":"<!-- This site is optimized with the Yoast SEO plugin v27.5 - https:\/\/yoast.com\/product\/yoast-seo-wordpress\/ -->\n<title>La urgencia de la reforma agraria en Colombia - Comunistas Revolucionarios de Colombia<\/title>\n<meta name=\"robots\" content=\"index, follow, max-snippet:-1, max-image-preview:large, max-video-preview:-1\" \/>\n<link rel=\"canonical\" href=\"https:\/\/colombiamarxista.com\/?p=2571\" \/>\n<meta property=\"og:locale\" content=\"es_ES\" \/>\n<meta property=\"og:type\" content=\"article\" \/>\n<meta property=\"og:title\" content=\"La urgencia de la reforma agraria en Colombia\" \/>\n<meta property=\"og:description\" content=\"&#8220;Asamblea en minga el fin del d\u00eda&#8221;&nbsp;de&nbsp;caminandolibertad&nbsp;esta licenciada a trav\u00e9s de&nbsp;CC BY-NC-SA 2.0 El acceso a la tierra es un problema para los campesinos colombianos desde que la oligarqu\u00eda de la Rep\u00fablica de la Nueva Granada (1831-1858) decidi\u00f3 reducir la actividad econ\u00f3mica del pa\u00eds a la explotaci\u00f3n del suelo de acuerdo a las necesidades de [&hellip;]\" \/>\n<meta property=\"og:url\" content=\"https:\/\/colombiamarxista.com\/?p=2571\" \/>\n<meta property=\"og:site_name\" content=\"Comunistas Revolucionarios de Colombia\" \/>\n<meta property=\"article:published_time\" content=\"2021-07-05T16:06:41+00:00\" \/>\n<meta property=\"article:modified_time\" content=\"2021-07-05T16:08:52+00:00\" \/>\n<meta property=\"og:image\" content=\"https:\/\/colombiamarxista.com\/wp-content\/uploads\/2021\/07\/reforma-agraria-cubierta-1.jpg\" \/>\n\t<meta property=\"og:image:width\" content=\"1024\" \/>\n\t<meta property=\"og:image:height\" content=\"768\" \/>\n\t<meta property=\"og:image:type\" content=\"image\/jpeg\" \/>\n<meta name=\"author\" content=\"Consejo Editorial De Colombia Marxista\" \/>\n<meta name=\"twitter:card\" content=\"summary_large_image\" \/>\n<meta name=\"twitter:title\" content=\"La urgencia de la reforma agraria en Colombia\" \/>\n<meta name=\"twitter:image\" content=\"https:\/\/colombiamarxista.com\/wp-content\/uploads\/2021\/07\/reforma-agraria-cubierta-1.jpg\" \/>\n<meta name=\"twitter:label1\" content=\"Escrito por\" \/>\n\t<meta name=\"twitter:data1\" content=\"Consejo Editorial De Colombia Marxista\" \/>\n\t<meta name=\"twitter:label2\" content=\"Tiempo de lectura\" \/>\n\t<meta name=\"twitter:data2\" content=\"11 minutos\" \/>\n<script type=\"application\/ld+json\" class=\"yoast-schema-graph\">{\"@context\":\"https:\\\/\\\/schema.org\",\"@graph\":[{\"@type\":\"Article\",\"@id\":\"https:\\\/\\\/colombiamarxista.com\\\/?p=2571#article\",\"isPartOf\":{\"@id\":\"https:\\\/\\\/colombiamarxista.com\\\/?p=2571\"},\"author\":{\"name\":\"Consejo Editorial De Colombia Marxista\",\"@id\":\"https:\\\/\\\/colombiamarxista.com\\\/#\\\/schema\\\/person\\\/e37d02f1454a536d01306cf74ee02c39\"},\"headline\":\"La urgencia de la reforma agraria en Colombia\",\"datePublished\":\"2021-07-05T16:06:41+00:00\",\"dateModified\":\"2021-07-05T16:08:52+00:00\",\"mainEntityOfPage\":{\"@id\":\"https:\\\/\\\/colombiamarxista.com\\\/?p=2571\"},\"wordCount\":2605,\"commentCount\":0,\"publisher\":{\"@id\":\"https:\\\/\\\/colombiamarxista.com\\\/#organization\"},\"image\":{\"@id\":\"https:\\\/\\\/colombiamarxista.com\\\/?p=2571#primaryimage\"},\"thumbnailUrl\":\"https:\\\/\\\/colombiamarxista.com\\\/wp-content\\\/uploads\\\/2021\\\/07\\\/reforma-agraria-cubierta.jpg\",\"keywords\":[\"reforma agraria\"],\"articleSection\":[\"Historia\"],\"inLanguage\":\"es-CO\",\"potentialAction\":[{\"@type\":\"CommentAction\",\"name\":\"Comment\",\"target\":[\"https:\\\/\\\/colombiamarxista.com\\\/?p=2571#respond\"]}]},{\"@type\":\"WebPage\",\"@id\":\"https:\\\/\\\/colombiamarxista.com\\\/?p=2571\",\"url\":\"https:\\\/\\\/colombiamarxista.com\\\/?p=2571\",\"name\":\"La urgencia de la reforma agraria en Colombia - Comunistas Revolucionarios de Colombia\",\"isPartOf\":{\"@id\":\"https:\\\/\\\/colombiamarxista.com\\\/#website\"},\"primaryImageOfPage\":{\"@id\":\"https:\\\/\\\/colombiamarxista.com\\\/?p=2571#primaryimage\"},\"image\":{\"@id\":\"https:\\\/\\\/colombiamarxista.com\\\/?p=2571#primaryimage\"},\"thumbnailUrl\":\"https:\\\/\\\/colombiamarxista.com\\\/wp-content\\\/uploads\\\/2021\\\/07\\\/reforma-agraria-cubierta.jpg\",\"datePublished\":\"2021-07-05T16:06:41+00:00\",\"dateModified\":\"2021-07-05T16:08:52+00:00\",\"breadcrumb\":{\"@id\":\"https:\\\/\\\/colombiamarxista.com\\\/?p=2571#breadcrumb\"},\"inLanguage\":\"es-CO\",\"potentialAction\":[{\"@type\":\"ReadAction\",\"target\":[\"https:\\\/\\\/colombiamarxista.com\\\/?p=2571\"]}]},{\"@type\":\"ImageObject\",\"inLanguage\":\"es-CO\",\"@id\":\"https:\\\/\\\/colombiamarxista.com\\\/?p=2571#primaryimage\",\"url\":\"https:\\\/\\\/colombiamarxista.com\\\/wp-content\\\/uploads\\\/2021\\\/07\\\/reforma-agraria-cubierta.jpg\",\"contentUrl\":\"https:\\\/\\\/colombiamarxista.com\\\/wp-content\\\/uploads\\\/2021\\\/07\\\/reforma-agraria-cubierta.jpg\",\"width\":1024,\"height\":768},{\"@type\":\"BreadcrumbList\",\"@id\":\"https:\\\/\\\/colombiamarxista.com\\\/?p=2571#breadcrumb\",\"itemListElement\":[{\"@type\":\"ListItem\",\"position\":1,\"name\":\"Home\",\"item\":\"https:\\\/\\\/colombiamarxista.com\\\/\"},{\"@type\":\"ListItem\",\"position\":2,\"name\":\"La urgencia de la reforma agraria en Colombia\"}]},{\"@type\":\"WebSite\",\"@id\":\"https:\\\/\\\/colombiamarxista.com\\\/#website\",\"url\":\"https:\\\/\\\/colombiamarxista.com\\\/\",\"name\":\"Comunistas Revolucionarios de Colombia\",\"description\":\"\",\"publisher\":{\"@id\":\"https:\\\/\\\/colombiamarxista.com\\\/#organization\"},\"potentialAction\":[{\"@type\":\"SearchAction\",\"target\":{\"@type\":\"EntryPoint\",\"urlTemplate\":\"https:\\\/\\\/colombiamarxista.com\\\/?s={search_term_string}\"},\"query-input\":{\"@type\":\"PropertyValueSpecification\",\"valueRequired\":true,\"valueName\":\"search_term_string\"}}],\"inLanguage\":\"es-CO\"},{\"@type\":\"Organization\",\"@id\":\"https:\\\/\\\/colombiamarxista.com\\\/#organization\",\"name\":\"Comunistas Revolucionarios de Colombia\",\"url\":\"https:\\\/\\\/colombiamarxista.com\\\/\",\"logo\":{\"@type\":\"ImageObject\",\"inLanguage\":\"es-CO\",\"@id\":\"https:\\\/\\\/colombiamarxista.com\\\/#\\\/schema\\\/logo\\\/image\\\/\",\"url\":\"https:\\\/\\\/colombiamarxista.com\\\/wp-content\\\/uploads\\\/2026\\\/04\\\/logo-crc_Mesa-de-trabajo-1-scaled.png\",\"contentUrl\":\"https:\\\/\\\/colombiamarxista.com\\\/wp-content\\\/uploads\\\/2026\\\/04\\\/logo-crc_Mesa-de-trabajo-1-scaled.png\",\"width\":2560,\"height\":1920,\"caption\":\"Comunistas Revolucionarios de Colombia\"},\"image\":{\"@id\":\"https:\\\/\\\/colombiamarxista.com\\\/#\\\/schema\\\/logo\\\/image\\\/\"}},{\"@type\":\"Person\",\"@id\":\"https:\\\/\\\/colombiamarxista.com\\\/#\\\/schema\\\/person\\\/e37d02f1454a536d01306cf74ee02c39\",\"name\":\"Consejo Editorial De Colombia Marxista\",\"image\":{\"@type\":\"ImageObject\",\"inLanguage\":\"es-CO\",\"@id\":\"https:\\\/\\\/secure.gravatar.com\\\/avatar\\\/27d462afb069d4f31317c3decd42f1acedbc140f1342d432b75cc0cb867e5fb1?s=96&d=mm&r=g\",\"url\":\"https:\\\/\\\/secure.gravatar.com\\\/avatar\\\/27d462afb069d4f31317c3decd42f1acedbc140f1342d432b75cc0cb867e5fb1?s=96&d=mm&r=g\",\"contentUrl\":\"https:\\\/\\\/secure.gravatar.com\\\/avatar\\\/27d462afb069d4f31317c3decd42f1acedbc140f1342d432b75cc0cb867e5fb1?s=96&d=mm&r=g\",\"caption\":\"Consejo Editorial De Colombia Marxista\"},\"sameAs\":[\"http:\\\/\\\/colombiamarxista.com\"],\"url\":\"https:\\\/\\\/colombiamarxista.com\\\/?author=1\"}]}<\/script>\n<!-- \/ Yoast SEO plugin. -->","yoast_head_json":{"title":"La urgencia de la reforma agraria en Colombia - Comunistas Revolucionarios de Colombia","robots":{"index":"index","follow":"follow","max-snippet":"max-snippet:-1","max-image-preview":"max-image-preview:large","max-video-preview":"max-video-preview:-1"},"canonical":"https:\/\/colombiamarxista.com\/?p=2571","og_locale":"es_ES","og_type":"article","og_title":"La urgencia de la reforma agraria en Colombia","og_description":"&#8220;Asamblea en minga el fin del d\u00eda&#8221;&nbsp;de&nbsp;caminandolibertad&nbsp;esta licenciada a trav\u00e9s de&nbsp;CC BY-NC-SA 2.0 El acceso a la tierra es un problema para los campesinos colombianos desde que la oligarqu\u00eda de la Rep\u00fablica de la Nueva Granada (1831-1858) decidi\u00f3 reducir la actividad econ\u00f3mica del pa\u00eds a la explotaci\u00f3n del suelo de acuerdo a las necesidades de [&hellip;]","og_url":"https:\/\/colombiamarxista.com\/?p=2571","og_site_name":"Comunistas Revolucionarios de Colombia","article_published_time":"2021-07-05T16:06:41+00:00","article_modified_time":"2021-07-05T16:08:52+00:00","og_image":[{"width":1024,"height":768,"url":"https:\/\/colombiamarxista.com\/wp-content\/uploads\/2021\/07\/reforma-agraria-cubierta-1.jpg","type":"image\/jpeg"}],"author":"Consejo Editorial De Colombia Marxista","twitter_card":"summary_large_image","twitter_title":"La urgencia de la reforma agraria en Colombia","twitter_image":"https:\/\/colombiamarxista.com\/wp-content\/uploads\/2021\/07\/reforma-agraria-cubierta-1.jpg","twitter_misc":{"Escrito por":"Consejo Editorial De Colombia Marxista","Tiempo de lectura":"11 minutos"},"schema":{"@context":"https:\/\/schema.org","@graph":[{"@type":"Article","@id":"https:\/\/colombiamarxista.com\/?p=2571#article","isPartOf":{"@id":"https:\/\/colombiamarxista.com\/?p=2571"},"author":{"name":"Consejo Editorial De Colombia Marxista","@id":"https:\/\/colombiamarxista.com\/#\/schema\/person\/e37d02f1454a536d01306cf74ee02c39"},"headline":"La urgencia de la reforma agraria en Colombia","datePublished":"2021-07-05T16:06:41+00:00","dateModified":"2021-07-05T16:08:52+00:00","mainEntityOfPage":{"@id":"https:\/\/colombiamarxista.com\/?p=2571"},"wordCount":2605,"commentCount":0,"publisher":{"@id":"https:\/\/colombiamarxista.com\/#organization"},"image":{"@id":"https:\/\/colombiamarxista.com\/?p=2571#primaryimage"},"thumbnailUrl":"https:\/\/colombiamarxista.com\/wp-content\/uploads\/2021\/07\/reforma-agraria-cubierta.jpg","keywords":["reforma agraria"],"articleSection":["Historia"],"inLanguage":"es-CO","potentialAction":[{"@type":"CommentAction","name":"Comment","target":["https:\/\/colombiamarxista.com\/?p=2571#respond"]}]},{"@type":"WebPage","@id":"https:\/\/colombiamarxista.com\/?p=2571","url":"https:\/\/colombiamarxista.com\/?p=2571","name":"La urgencia de la reforma agraria en Colombia - Comunistas Revolucionarios de Colombia","isPartOf":{"@id":"https:\/\/colombiamarxista.com\/#website"},"primaryImageOfPage":{"@id":"https:\/\/colombiamarxista.com\/?p=2571#primaryimage"},"image":{"@id":"https:\/\/colombiamarxista.com\/?p=2571#primaryimage"},"thumbnailUrl":"https:\/\/colombiamarxista.com\/wp-content\/uploads\/2021\/07\/reforma-agraria-cubierta.jpg","datePublished":"2021-07-05T16:06:41+00:00","dateModified":"2021-07-05T16:08:52+00:00","breadcrumb":{"@id":"https:\/\/colombiamarxista.com\/?p=2571#breadcrumb"},"inLanguage":"es-CO","potentialAction":[{"@type":"ReadAction","target":["https:\/\/colombiamarxista.com\/?p=2571"]}]},{"@type":"ImageObject","inLanguage":"es-CO","@id":"https:\/\/colombiamarxista.com\/?p=2571#primaryimage","url":"https:\/\/colombiamarxista.com\/wp-content\/uploads\/2021\/07\/reforma-agraria-cubierta.jpg","contentUrl":"https:\/\/colombiamarxista.com\/wp-content\/uploads\/2021\/07\/reforma-agraria-cubierta.jpg","width":1024,"height":768},{"@type":"BreadcrumbList","@id":"https:\/\/colombiamarxista.com\/?p=2571#breadcrumb","itemListElement":[{"@type":"ListItem","position":1,"name":"Home","item":"https:\/\/colombiamarxista.com\/"},{"@type":"ListItem","position":2,"name":"La urgencia de la reforma agraria en Colombia"}]},{"@type":"WebSite","@id":"https:\/\/colombiamarxista.com\/#website","url":"https:\/\/colombiamarxista.com\/","name":"Comunistas Revolucionarios de Colombia","description":"","publisher":{"@id":"https:\/\/colombiamarxista.com\/#organization"},"potentialAction":[{"@type":"SearchAction","target":{"@type":"EntryPoint","urlTemplate":"https:\/\/colombiamarxista.com\/?s={search_term_string}"},"query-input":{"@type":"PropertyValueSpecification","valueRequired":true,"valueName":"search_term_string"}}],"inLanguage":"es-CO"},{"@type":"Organization","@id":"https:\/\/colombiamarxista.com\/#organization","name":"Comunistas Revolucionarios de Colombia","url":"https:\/\/colombiamarxista.com\/","logo":{"@type":"ImageObject","inLanguage":"es-CO","@id":"https:\/\/colombiamarxista.com\/#\/schema\/logo\/image\/","url":"https:\/\/colombiamarxista.com\/wp-content\/uploads\/2026\/04\/logo-crc_Mesa-de-trabajo-1-scaled.png","contentUrl":"https:\/\/colombiamarxista.com\/wp-content\/uploads\/2026\/04\/logo-crc_Mesa-de-trabajo-1-scaled.png","width":2560,"height":1920,"caption":"Comunistas Revolucionarios de Colombia"},"image":{"@id":"https:\/\/colombiamarxista.com\/#\/schema\/logo\/image\/"}},{"@type":"Person","@id":"https:\/\/colombiamarxista.com\/#\/schema\/person\/e37d02f1454a536d01306cf74ee02c39","name":"Consejo Editorial De Colombia Marxista","image":{"@type":"ImageObject","inLanguage":"es-CO","@id":"https:\/\/secure.gravatar.com\/avatar\/27d462afb069d4f31317c3decd42f1acedbc140f1342d432b75cc0cb867e5fb1?s=96&d=mm&r=g","url":"https:\/\/secure.gravatar.com\/avatar\/27d462afb069d4f31317c3decd42f1acedbc140f1342d432b75cc0cb867e5fb1?s=96&d=mm&r=g","contentUrl":"https:\/\/secure.gravatar.com\/avatar\/27d462afb069d4f31317c3decd42f1acedbc140f1342d432b75cc0cb867e5fb1?s=96&d=mm&r=g","caption":"Consejo Editorial De Colombia Marxista"},"sameAs":["http:\/\/colombiamarxista.com"],"url":"https:\/\/colombiamarxista.com\/?author=1"}]}},"_links":{"self":[{"href":"https:\/\/colombiamarxista.com\/index.php?rest_route=\/wp\/v2\/posts\/2571","targetHints":{"allow":["GET"]}}],"collection":[{"href":"https:\/\/colombiamarxista.com\/index.php?rest_route=\/wp\/v2\/posts"}],"about":[{"href":"https:\/\/colombiamarxista.com\/index.php?rest_route=\/wp\/v2\/types\/post"}],"author":[{"embeddable":true,"href":"https:\/\/colombiamarxista.com\/index.php?rest_route=\/wp\/v2\/users\/1"}],"replies":[{"embeddable":true,"href":"https:\/\/colombiamarxista.com\/index.php?rest_route=%2Fwp%2Fv2%2Fcomments&post=2571"}],"version-history":[{"count":0,"href":"https:\/\/colombiamarxista.com\/index.php?rest_route=\/wp\/v2\/posts\/2571\/revisions"}],"wp:featuredmedia":[{"embeddable":true,"href":"https:\/\/colombiamarxista.com\/index.php?rest_route=\/wp\/v2\/media\/2572"}],"wp:attachment":[{"href":"https:\/\/colombiamarxista.com\/index.php?rest_route=%2Fwp%2Fv2%2Fmedia&parent=2571"}],"wp:term":[{"taxonomy":"category","embeddable":true,"href":"https:\/\/colombiamarxista.com\/index.php?rest_route=%2Fwp%2Fv2%2Fcategories&post=2571"},{"taxonomy":"post_tag","embeddable":true,"href":"https:\/\/colombiamarxista.com\/index.php?rest_route=%2Fwp%2Fv2%2Ftags&post=2571"}],"curies":[{"name":"wp","href":"https:\/\/api.w.org\/{rel}","templated":true}]}}