{"id":2470,"date":"2021-05-15T06:20:28","date_gmt":"2021-05-15T11:20:28","guid":{"rendered":"https:\/\/colombiamarxista.com\/?p=2470"},"modified":"2021-05-17T21:26:51","modified_gmt":"2021-05-18T02:26:51","slug":"alto-al-bombardeo-de-gaza-terminar-con-la-ocupacion-movilizacion-internacional-en-apoyo-a-la-lucha-palestina","status":"publish","type":"post","link":"https:\/\/colombiamarxista.com\/?p=2470","title":{"rendered":"\u00a1Alto al bombardeo de Gaza! \u00a1Terminar con la ocupaci\u00f3n! &#8211; \u00a1Movilizaci\u00f3n internacional en apoyo a la lucha palestina!"},"content":{"rendered":"\n<p>El bombardeo de Gaza por las Fuerzas de Defensa de Israel (FDI) se est\u00e1 intensificando mientras escribimos. La potencia militar m\u00e1s poderosa de Oriente Medio est\u00e1 lanzando miles de bombas sin pesta\u00f1ear sobre una de las zonas m\u00e1s densamente pobladas y pobres del mundo. Mientras tanto, turbas de linchadores de colonos sionistas de extrema derecha y matones fascistas, act\u00faan con la complicidad o el apoyo abierto de las fuerzas estatales israel\u00edes, atacando barrios palestinos dentro del propio Israel, destruyendo hogares, propiedades, tiendas, golpeando y matando a personas inocentes. porque son palestinos, en una ola de terror racista que solo puede describirse como un Pogromo.<\/p>\n\n\n\n<p>El pueblo de Gaza no tiene otro lugar adonde ir y carece de todo: energ\u00eda, agua potable, suministros hospitalarios b\u00e1sicos, incluso alimentos, ya que ha sido objeto de un bloqueo que ya se ha cobrado cientos de v\u00edctimas en los \u00faltimos meses.<\/p>\n\n\n\n<p>Ni el m\u00e1s m\u00ednimo grado de ultraje o &#8220;indignaci\u00f3n moral&#8221; &#8211; y mucho menos una medida concreta &#8211; ha sido expresado por las potencias imperialistas occidentales, ya sean los EE.UU. o la Europa &#8220;civilizada&#8221;, por el sufrimiento infligido a diario por el gobierno israel\u00ed a la poblaci\u00f3n palestina de Gaza, Cisjordania, Jerusal\u00e9n Este y dentro del propio territorio de Israel. La hipocres\u00eda de los reg\u00edmenes lacayos reaccionarios del imperialismo en Riad, Dubai, Amm\u00e1n, El Cairo tambi\u00e9n est\u00e1 siendo expuesta.<\/p>\n\n\n\n<p>Por el contrario, la pesadilla diaria de d\u00e9cadas de \u201cpaz\u201d imperialista se redobla con una violencia imperialista cada vez m\u00e1s sangrienta, dirigida a quebrar la resistencia del pueblo palestino. La clase dominante israel\u00ed est\u00e1 utilizando tanto la &#8220;paz&#8221; como la guerra para perseguir su objetivo reaccionario de limpiar \u00e9tnicamente lo que consideran suyo. Su lema es \u201cnos quedamos con lo que ocupamos\u201d &#8211; por un \u201cEretz Israel\u201d limpiado de la inc\u00f3moda presencia de la poblaci\u00f3n palestina. Este proyecto de limpieza \u00e9tnica y discriminaci\u00f3n institucional est\u00e1 inscrito en el pre\u00e1mbulo de la racista Ley del Estado de la Naci\u00f3n Jud\u00eda aprobada por Netanyahu en el verano de 2018 y bendecida por el presidente de Estados Unidos, Donald Trump.<\/p>\n\n\n\n<p>Como siempre, la verdad es la primera v\u00edctima de la guerra. Los principales medios de comunicaci\u00f3n internacionales, que est\u00e1n controlados por los capitalistas, se hacen eco del viejo estribillo gastado que llama a &#8220;poner fin a la violencia en ambos lados&#8221;, reconociendo el derecho de Israel a &#8220;defenderse&#8221;, como si los &#8220;dos lados&#8221; pudieran ser incluso remotamente comparados. Pretender ser &#8220;neutral&#8221; en una situaci\u00f3n como esta equivale a ponerse del lado del opresor contra los oprimidos.<\/p>\n\n\n\n<p>Lo llaman guerra, pero esto no es una &#8220;guerra&#8221;. Es el intento unilateral de reducir a escombros las leg\u00edtimas aspiraciones del pueblo palestino a una patria y la defensa de sus derechos humanos fundamentales. Es una caracter\u00edstica normal de la &#8220;paz&#8221; imperialista que cada intento de los trabajadores y j\u00f3venes palestinos de resistir pac\u00edficamente contra la opresi\u00f3n diaria sea criminalizado y confrontado con una represi\u00f3n despiadada y sangrienta.<\/p>\n\n\n\n<p>Esto se ha puesto de manifiesto cada vez m\u00e1s en las \u00faltimas semanas con la represi\u00f3n del movimiento de masas contra los desalojos en el barrio de SheiJ Yarrah de Jerusal\u00e9n oriental. Esto fue seguido por el sangriento ataque de las fuerzas represivas del Estado israel\u00ed contra fieles pac\u00edficos a quienes se les prohibi\u00f3 provocadoramente el acceso al complejo del Monte del Templo Al Aqsa en Jerusal\u00e9n, el centro religioso m\u00e1s importante para los musulmanes, justo al final del Ramad\u00e1n.<\/p>\n\n\n\n<p>Esta \u00faltima provocaci\u00f3n fue dise\u00f1ada para instigar un conflicto con Hamas. Fue una decisi\u00f3n deliberada por parte de Netanyahu, un intento desesperado por renovar sus credenciales como hombre fuerte de Israel y evitar la formaci\u00f3n de un gobierno de coalici\u00f3n del que ser\u00eda excluido. No es la primera vez que Netanyahu ha jugado la carta del odio anti-palestino para unir a la clase dominante israel\u00ed, el Estado y presionar a la masa de la poblaci\u00f3n jud\u00eda en Israel y en el extranjero para que apoye las medidas m\u00e1s reaccionarias tomadas por su gobierno. en nombre de la &#8220;seguridad&#8221;.<\/p>\n\n\n\n<p>Las cifras provisionales de 119 palestinos muertos por bombas israel\u00edes (de los que 31 son ni\u00f1os y 19 mujeres) hablan por s\u00ed mismos. La afirmaci\u00f3n de las FDI de que &#8220;atacan objetivos militares&#8221; es completamente hip\u00f3crita, y queda al descubierto la asimetr\u00eda descarada y el equilibrio desproporcionado de las fuerzas en esta supuesta guerra.<\/p>\n\n\n\n<p>Tambi\u00e9n han muerto siete israel\u00edes (entre ellos 2 palestinos que no ten\u00edan refugios en su barrio) como resultado de los cientos de cohetes lanzados por Hamas contra Israel. El lanzamiento de estos cohetes es completamente contraproducente para la lucha palestina y solo sirve para fortalecer a Netanyahu, empujando a los trabajadores israel\u00edes a los brazos del Estado israel\u00ed.<\/p>\n\n\n\n<p>Como marxistas e internacionalistas no somos neutrales ni estamos por encima de los bandos en tal conflicto. Defendemos el derecho de los palestinos a una patria y su derecho a resistir contra la opresi\u00f3n y a defender sus medios de vida por todos los medios necesarios. La violencia de los oprimidos nunca puede equipararse a la de los opresores.<\/p>\n\n\n\n<p><strong>Un escenario diferente<\/strong><\/p>\n\n\n\n<p>Una caracter\u00edstica muy significativa de las protestas recientes es que han involucrado principalmente a palestinos que residen dentro de la L\u00ednea Verde, en cantidades sin precedentes. Es decir, involucra a aquellos que son ciudadanos israel\u00edes legalmente (de segunda clase). Este movimiento ha sido liderado por una nueva generaci\u00f3n de combatientes que rechazan las estrategias fallidas de la llamada direcci\u00f3n del pueblo palestino, tanto Fatah como Hamas.<\/p>\n\n\n\n<p>Lo que tambi\u00e9n es diferente del pasado es el contexto en el que esto est\u00e1 sucediendo. Cada vez m\u00e1s trabajadores y j\u00f3venes de todo el mundo, incluidos los trabajadores y j\u00f3venes jud\u00edos, han pasado por la escuela de represi\u00f3n estatal de los movimientos de masas en sus propios pa\u00edses durante el per\u00edodo pasado. Debido a su propia experiencia, est\u00e1n comenzando a ver a trav\u00e9s de la nube de mentiras de los principales medios de comunicaci\u00f3n. La resistencia del movimiento de masas del pueblo palestino dentro de Israel ha revelado a los ojos de millones de personas en todo el mundo la naturaleza del mecanismo opresivo que el Estado israel\u00ed ha puesto en marcha para estrangular los medios de vida y las aspiraciones leg\u00edtimas de los palestinos. Esto resuena con el estado de \u00e1nimo revolucionario que se est\u00e1 desarrollando en la sociedad en todas partes.<\/p>\n\n\n\n<p>En todo el mundo se est\u00e1n convocando manifestaciones masivas contra el ataque a Gaza y los pogromos anti-palestinos. Mientras escribimos, miles de palestinos intentan pac\u00edficamente ingresar a Israel a trav\u00e9s de la frontera con Jordania para manifestarse en apoyo de sus hermanos y hermanas en Palestina. Al mismo tiempo, est\u00e1n exponiendo la hipocres\u00eda de los reg\u00edmenes \u00e1rabes y su llamado &#8220;apoyo a la causa palestina&#8221;.<\/p>\n\n\n\n<p>Es deber del movimiento obrero internacional apoyar la resistencia de las masas palestinas y exponer las mentiras e intereses que defienden todos los gobiernos capitalistas, especialmente en los principales pa\u00edses imperialistas. Ninguna defensa de los derechos de los palestinos surgir\u00e1 jam\u00e1s de los hip\u00f3critas llamamientos a la \u201cpaz\u201d ni de las \u201cnegociaciones\u201d emitidas por la ONU o de esta o aquella potencia imperialista. De hecho, nunca podr\u00e1 haber paz y el fin de la pesadilla actual mientras el capitalismo y el imperialismo sigan dominando el planeta. No puede haber una soluci\u00f3n permanente al sufrimiento del pueblo palestino hasta que el capitalismo sea derrocado en los principales pa\u00edses imperialistas de todo el mundo.<\/p>\n\n\n\n<p>Debemos considerar este movimiento como parte del levantamiento revolucionario internacional contra el capitalismo. La apuesta de Netanyahu puede resultar contraproducente debido a la combinaci\u00f3n de las movilizaciones que se desarrollan dentro de Israel e internacionalmente. Preocupados por el movimiento de masas que se est\u00e1 desarrollando entre los palestinos dentro del territorio de Israel, el ej\u00e9rcito de las FDI y la clase dominante israel\u00ed est\u00e1n divididos sobre si continuar o suspender el asalto a Gaza fingiendo que han logrado sus objetivos. Al mismo tiempo, amenazan con enviar al ej\u00e9rcito a Gaza con tropas sobre el terreno, como hicieron en 2014, cuando mataron a m\u00e1s de 2.300 palestinos. Si intentan hacerlo, la matanza indiscriminada aumentar\u00e1 a\u00fan m\u00e1s y se encontrar\u00e1n con una indignaci\u00f3n a\u00fan mayor.<\/p>\n\n\n\n<p><strong>La guerra y los frutos envenenados de la &#8220;paz&#8221; imperialista<\/strong><\/p>\n\n\n\n<p>Lo que estamos presenciando hoy en Israel y Palestina es nada menos que el fruto envenenado de la \u201cpaz\u201d imperialista. La poblaci\u00f3n palestina est\u00e1 siendo expropiada y asfixiada progresivamente por el creciente dominio de un sistema dise\u00f1ado para marginarlos. En el proceso, Netanyahu ha estado confiando en la extrema derecha sionista, incluidas sus franjas fascistas, reuniendo el apoyo de los colonos jud\u00edos. Al darles concesiones, ha apostado su fortuna pol\u00edtica por su causa, envalentonando a\u00fan m\u00e1s sus acciones.<\/p>\n\n\n\n<p>Israel est\u00e1 atrapado en una crisis institucional, con la tercera elecci\u00f3n consecutiva incapaz de lograr una mayor\u00eda clara. Hasta ahora, Netanyahu ha podido para navegar por las aguas tormentosas y sobrevivir a su acusaci\u00f3n por esc\u00e1ndalos de corrupci\u00f3n. Sin embargo, est\u00e1 cada vez m\u00e1s desesperado. Su archienemigo, el general Benny Gantz, perdi\u00f3 toda la credibilidad ganada con su pasada pol\u00e9mica anticorrupci\u00f3n contra Netanyahu, cuando decidi\u00f3 entrar en un gobierno de coalici\u00f3n con \u00e9l. Gantz ahora est\u00e1 tratando de parecer a\u00fan m\u00e1s rabiosamente antipalestino que su rival, enfatizando sus credenciales como ex comandante en jefe de la masacre de Gaza de 2014. Se lanz\u00f3 un intento de superar el estancamiento pol\u00edtico al nombrar a Yair Lapid para formar un nuevo gobierno sin Netanyahu, pero este intento ahora ha sido abandonado.<\/p>\n\n\n\n<p>El Estado israel\u00ed es poderoso, pero hay claros indicios de que se est\u00e1 gestando una crisis en el coraz\u00f3n mismo del Estado sionista.<\/p>\n\n\n\n<p><strong>La hoguera de Trump con 70 a\u00f1os de pol\u00edtica exterior de Estados Unidos<\/strong><\/p>\n\n\n\n<p>El imperialismo estadounidense siempre ha apoyado a Israel en \u00faltima instancia. Esto est\u00e1 atestiguado por los generosos subsidios que Estados Unidos otorg\u00f3 a Israel, sin los cuales la clase dominante israel\u00ed habr\u00eda tenido dificultades para consolidar su supremac\u00eda econ\u00f3mica y militar en la regi\u00f3n. El secretario de Estado estadounidense, general Alexander Haig, describi\u00f3 una vez a Israel como \u201cel portaaviones estadounidense m\u00e1s grande del mundo que no se puede hundir\u201d.<\/p>\n\n\n\n<p>Sin embargo, el poder de Estados Unidos en la regi\u00f3n tambi\u00e9n se bas\u00f3 durante d\u00e9cadas en la pretensi\u00f3n de ser &#8220;imparcial&#8221; en relaci\u00f3n con la cuesti\u00f3n palestina. De esta manera, el imperialismo estadounidense apres\u00f3 con \u00e9xito la lucha palestina por la liberaci\u00f3n nacional, impulsando una serie de acuerdos de &#8220;paz&#8221; con la direcci\u00f3n palestina a trav\u00e9s de la presi\u00f3n de una gran coalici\u00f3n de aliados en la regi\u00f3n (los reaccionarios reg\u00edmenes \u00e1rabes de Jordania, Egipto, Arabia Saudita, los estados del Golfo, etc.). Esto condujo a los Acuerdos de Oslo y Madrid en 1993 y a la formaci\u00f3n de la Autoridad Palestina, que los marxistas advertimos en ese momento como una trampa mortal para las aspiraciones nacionales de las masas palestinas.<\/p>\n\n\n\n<p>El ex presidente de los Estados Unidos, Trump, abandon\u00f3 esa pretensi\u00f3n al reconocer a Jerusal\u00e9n como la capital indivisa de Israel y la ley nacional del Estado jud\u00edo racista. Hizo una hoguera con los 70 a\u00f1os de pol\u00edtica exterior estadounidense en la regi\u00f3n y as\u00ed hundi\u00f3 toda la idea de una soluci\u00f3n de dos Estados (palestino y jud\u00edo) para la cuesti\u00f3n palestina. Este proceso culmin\u00f3 con el grotesco &#8220;Acuerdo del siglo&#8221; de Trump y los llamados Acuerdos de Abraham.<\/p>\n\n\n\n<p>Se transmiti\u00f3 un mensaje contundente a los palestinos: &#8220;Si quer\u00e9is defender vuestros medios de vida, s\u00f3lo pod\u00e9is confiar en vuestras propias fuerzas&#8221;. Esto fue recibido y entendido. Esta es la base de la resistencia inesperada y el recrudecimiento de la lucha frente a las continuas provocaciones de los \u00faltimos meses. Y esta debe ser la base sobre la cual construir el movimiento revolucionario internacional de la juventud y de la clase trabajadora contra el imperialismo, el capitalismo y la opresi\u00f3n en todo el mundo.<\/p>\n\n\n\n<p><strong>\u00a1Ninguna confianza en los planes de &#8220;paz&#8221; imperialistas! \u00a1Por el derecho de los palestinos a una aut\u00e9ntica patria!<\/strong><\/p>\n\n\n\n<p>La Corriente Marxista Internacional se solidariza totalmente con el pueblo palestino que sufre otro ataque b\u00e1rbaro de las fuerzas armadas israel\u00edes y rechaza todas las excusas que el gobierno de Netanyahu ha presentado en un intento de justificar la muerte y destrucci\u00f3n que est\u00e1 infligiendo.<\/p>\n\n\n\n<p>El pueblo palestino tiene derecho a una patria y, mientras no se logre, el conflicto continuar\u00e1. Sin embargo, la clase dominante sionista de Israel nunca otorgar\u00e1 una patria genuina a los palestinos. Por eso hay que derrocarlo. Para que eso suceda, la sociedad israel\u00ed debe dividirse en l\u00edneas de clase.<\/p>\n\n\n\n<p>Israel es una de las sociedades m\u00e1s desiguales del mundo. La misma clase dominante que oprime a los palestinos tambi\u00e9n est\u00e1 atacando el nivel de vida de los trabajadores y j\u00f3venes israel\u00edes. El a\u00f1o pasado vimos protestas masivas contra Netanyahu. La movilizaci\u00f3n revolucionaria de las masas palestinas debe ser apoyada por el movimiento antiimperialista y anticapitalista de la clase trabajadora en todo el mundo.<\/p>\n\n\n\n<p>Los trabajadores y los j\u00f3venes palestinos tambi\u00e9n tienen derecho a defenderse a s\u00ed mismos y a sus vecindarios de los ataques desatados contra ellos por las turbas fascistas de colonos sionistas con la complicidad del Estado israel\u00ed. Esto ya est\u00e1 sucediendo con la creaci\u00f3n de comit\u00e9s c\u00edvicos o populares de autodefensa en Haifa y otras ciudades.<\/p>\n\n\n\n<p>Cualquier paso hacia el desarrollo de la lucha de clases por parte de los trabajadores y j\u00f3venes palestinos y jud\u00edos que rompan con el Estado sionista debe ser alentado y apoyado. S\u00f3lo de esta manera se puede poner fin al dominio sionista y del establishment y lograr la creaci\u00f3n de un Estado que otorgue los mismos derechos a jud\u00edos y palestinos.<\/p>\n\n\n\n<p>Esto, sin embargo, solo ser\u00e1 posible en un Estado que est\u00e9 controlado por trabajadores comunes, tanto jud\u00edos como palestinos, y eso significa un Estado socialista donde no haya una \u00e9lite gobernante privilegiada en el poder.<\/p>\n\n\n\n<p><strong>\u00a1Movilicemos la solidaridad internacional de la clase trabajadora para detener el bombardeo de Gaza!<\/strong><\/p>\n\n\n\n<p><strong>\u00a1Apoyar la resistencia de los palestinos!<\/strong><\/p>\n\n\n\n<p><strong>\u00a1Intifada hasta la victoria!<\/strong><\/p>\n\n\n\n<p><strong>\u00a1Acabemos con la ocupaci\u00f3n!<\/strong><\/p>\n\n\n\n<p><strong>\u00a1Por el derecho tanto de los palestinos como de los jud\u00edos a una patria dentro de una Federaci\u00f3n Socialista de Oriente Medio!<\/strong><\/p>\n\n\n\n<p><strong>Puedes enviarnos tus comentarios y opiniones sobre este u otro art\u00edculo a:&nbsp;<a href=\"mailto:colombiamarxista@gmail.com\">colombiamarxista@gmail.com<\/a><a href=\"mailto:contacto@luchadeclases.org\" target=\"_blank\" rel=\"noreferrer noopener\"><\/a><\/strong><\/p>\n\n\n\n<p><strong>Para conocer m\u00e1s de \u201cColombia Marxista\u201d y la CMI, entra a&nbsp;<a href=\"https:\/\/colombiamarxista.com\/?page_id=2007\" target=\"_blank\" rel=\"noreferrer noopener\">este enlace<\/a><\/strong> <strong>donde puedes leer nuestro programa o contactanos<\/strong><\/p>\n","protected":false},"excerpt":{"rendered":"<p>El bombardeo de Gaza por las Fuerzas de Defensa de Israel (FDI) se est\u00e1 intensificando mientras escribimos. La potencia militar m\u00e1s poderosa de Oriente Medio est\u00e1 lanzando miles de bombas sin pesta\u00f1ear sobre una de las zonas m\u00e1s densamente pobladas y pobres del mundo. Mientras tanto, turbas de linchadores de colonos sionistas de extrema derecha [&hellip;]<\/p>\n","protected":false},"author":1,"featured_media":2471,"comment_status":"open","ping_status":"open","sticky":false,"template":"","format":"standard","meta":{"footnotes":""},"categories":[202],"tags":[270,271,272],"class_list":["post-2470","post","type-post","status-publish","format-standard","has-post-thumbnail","hentry","category-pronunciamientos","tag-gaza","tag-pronunciamiento","tag-israel"],"yoast_head":"<!-- This site is optimized with the Yoast SEO plugin v27.5 - https:\/\/yoast.com\/product\/yoast-seo-wordpress\/ -->\n<title>\u00a1Alto al bombardeo de Gaza! \u00a1Terminar con la ocupaci\u00f3n! - \u00a1Movilizaci\u00f3n internacional en apoyo a la lucha palestina! - Comunistas Revolucionarios de Colombia<\/title>\n<meta name=\"robots\" content=\"index, follow, max-snippet:-1, max-image-preview:large, max-video-preview:-1\" \/>\n<link rel=\"canonical\" href=\"https:\/\/colombiamarxista.com\/?p=2470\" \/>\n<meta property=\"og:locale\" content=\"es_ES\" \/>\n<meta property=\"og:type\" content=\"article\" \/>\n<meta property=\"og:title\" content=\"\u00a1Alto al bombardeo de Gaza! \u00a1Terminar con la ocupaci\u00f3n! - \u00a1Movilizaci\u00f3n internacional en apoyo a la lucha palestina!\" \/>\n<meta property=\"og:description\" content=\"El bombardeo de Gaza por las Fuerzas de Defensa de Israel (FDI) se est\u00e1 intensificando mientras escribimos. La potencia militar m\u00e1s poderosa de Oriente Medio est\u00e1 lanzando miles de bombas sin pesta\u00f1ear sobre una de las zonas m\u00e1s densamente pobladas y pobres del mundo. Mientras tanto, turbas de linchadores de colonos sionistas de extrema derecha [&hellip;]\" \/>\n<meta property=\"og:url\" content=\"https:\/\/colombiamarxista.com\/?p=2470\" \/>\n<meta property=\"og:site_name\" content=\"Comunistas Revolucionarios de Colombia\" \/>\n<meta property=\"article:published_time\" content=\"2021-05-15T11:20:28+00:00\" \/>\n<meta property=\"article:modified_time\" content=\"2021-05-18T02:26:51+00:00\" \/>\n<meta property=\"og:image\" content=\"https:\/\/colombiamarxista.com\/wp-content\/uploads\/2021\/05\/bombardeo-gaza.png\" \/>\n\t<meta property=\"og:image:width\" content=\"514\" \/>\n\t<meta property=\"og:image:height\" content=\"266\" \/>\n\t<meta property=\"og:image:type\" content=\"image\/png\" \/>\n<meta name=\"author\" content=\"Consejo Editorial De Colombia Marxista\" \/>\n<meta name=\"twitter:card\" content=\"summary_large_image\" \/>\n<meta name=\"twitter:title\" content=\"\u00a1Alto al bombardeo de Gaza! \u00a1Terminar con la ocupaci\u00f3n! - \u00a1Movilizaci\u00f3n internacional en apoyo a la lucha palestina!\" \/>\n<meta name=\"twitter:image\" content=\"https:\/\/colombiamarxista.com\/wp-content\/uploads\/2021\/05\/bombardeo-gaza.png\" \/>\n<meta name=\"twitter:label1\" content=\"Escrito por\" \/>\n\t<meta name=\"twitter:data1\" content=\"Consejo Editorial De Colombia Marxista\" \/>\n\t<meta name=\"twitter:label2\" content=\"Tiempo de lectura\" \/>\n\t<meta name=\"twitter:data2\" content=\"11 minutos\" \/>\n<script type=\"application\/ld+json\" class=\"yoast-schema-graph\">{\"@context\":\"https:\\\/\\\/schema.org\",\"@graph\":[{\"@type\":\"Article\",\"@id\":\"https:\\\/\\\/colombiamarxista.com\\\/?p=2470#article\",\"isPartOf\":{\"@id\":\"https:\\\/\\\/colombiamarxista.com\\\/?p=2470\"},\"author\":{\"name\":\"Consejo Editorial De Colombia Marxista\",\"@id\":\"https:\\\/\\\/colombiamarxista.com\\\/#\\\/schema\\\/person\\\/e37d02f1454a536d01306cf74ee02c39\"},\"headline\":\"\u00a1Alto al bombardeo de Gaza! \u00a1Terminar con la ocupaci\u00f3n! &#8211; \u00a1Movilizaci\u00f3n internacional en apoyo a la lucha palestina!\",\"datePublished\":\"2021-05-15T11:20:28+00:00\",\"dateModified\":\"2021-05-18T02:26:51+00:00\",\"mainEntityOfPage\":{\"@id\":\"https:\\\/\\\/colombiamarxista.com\\\/?p=2470\"},\"wordCount\":2559,\"commentCount\":0,\"publisher\":{\"@id\":\"https:\\\/\\\/colombiamarxista.com\\\/#organization\"},\"image\":{\"@id\":\"https:\\\/\\\/colombiamarxista.com\\\/?p=2470#primaryimage\"},\"thumbnailUrl\":\"https:\\\/\\\/colombiamarxista.com\\\/wp-content\\\/uploads\\\/2021\\\/05\\\/bombardeo-gaza.png\",\"keywords\":[\"gaza\",\"pronunciamiento\",\"israel\"],\"articleSection\":[\"Pronunciamientos\"],\"inLanguage\":\"es-CO\",\"potentialAction\":[{\"@type\":\"CommentAction\",\"name\":\"Comment\",\"target\":[\"https:\\\/\\\/colombiamarxista.com\\\/?p=2470#respond\"]}]},{\"@type\":\"WebPage\",\"@id\":\"https:\\\/\\\/colombiamarxista.com\\\/?p=2470\",\"url\":\"https:\\\/\\\/colombiamarxista.com\\\/?p=2470\",\"name\":\"\u00a1Alto al bombardeo de Gaza! \u00a1Terminar con la ocupaci\u00f3n! - \u00a1Movilizaci\u00f3n internacional en apoyo a la lucha palestina! - Comunistas Revolucionarios de Colombia\",\"isPartOf\":{\"@id\":\"https:\\\/\\\/colombiamarxista.com\\\/#website\"},\"primaryImageOfPage\":{\"@id\":\"https:\\\/\\\/colombiamarxista.com\\\/?p=2470#primaryimage\"},\"image\":{\"@id\":\"https:\\\/\\\/colombiamarxista.com\\\/?p=2470#primaryimage\"},\"thumbnailUrl\":\"https:\\\/\\\/colombiamarxista.com\\\/wp-content\\\/uploads\\\/2021\\\/05\\\/bombardeo-gaza.png\",\"datePublished\":\"2021-05-15T11:20:28+00:00\",\"dateModified\":\"2021-05-18T02:26:51+00:00\",\"breadcrumb\":{\"@id\":\"https:\\\/\\\/colombiamarxista.com\\\/?p=2470#breadcrumb\"},\"inLanguage\":\"es-CO\",\"potentialAction\":[{\"@type\":\"ReadAction\",\"target\":[\"https:\\\/\\\/colombiamarxista.com\\\/?p=2470\"]}]},{\"@type\":\"ImageObject\",\"inLanguage\":\"es-CO\",\"@id\":\"https:\\\/\\\/colombiamarxista.com\\\/?p=2470#primaryimage\",\"url\":\"https:\\\/\\\/colombiamarxista.com\\\/wp-content\\\/uploads\\\/2021\\\/05\\\/bombardeo-gaza.png\",\"contentUrl\":\"https:\\\/\\\/colombiamarxista.com\\\/wp-content\\\/uploads\\\/2021\\\/05\\\/bombardeo-gaza.png\",\"width\":514,\"height\":266},{\"@type\":\"BreadcrumbList\",\"@id\":\"https:\\\/\\\/colombiamarxista.com\\\/?p=2470#breadcrumb\",\"itemListElement\":[{\"@type\":\"ListItem\",\"position\":1,\"name\":\"Home\",\"item\":\"https:\\\/\\\/colombiamarxista.com\\\/\"},{\"@type\":\"ListItem\",\"position\":2,\"name\":\"\u00a1Alto al bombardeo de Gaza! \u00a1Terminar con la ocupaci\u00f3n! &#8211; \u00a1Movilizaci\u00f3n internacional en apoyo a la lucha palestina!\"}]},{\"@type\":\"WebSite\",\"@id\":\"https:\\\/\\\/colombiamarxista.com\\\/#website\",\"url\":\"https:\\\/\\\/colombiamarxista.com\\\/\",\"name\":\"Comunistas Revolucionarios de Colombia\",\"description\":\"\",\"publisher\":{\"@id\":\"https:\\\/\\\/colombiamarxista.com\\\/#organization\"},\"potentialAction\":[{\"@type\":\"SearchAction\",\"target\":{\"@type\":\"EntryPoint\",\"urlTemplate\":\"https:\\\/\\\/colombiamarxista.com\\\/?s={search_term_string}\"},\"query-input\":{\"@type\":\"PropertyValueSpecification\",\"valueRequired\":true,\"valueName\":\"search_term_string\"}}],\"inLanguage\":\"es-CO\"},{\"@type\":\"Organization\",\"@id\":\"https:\\\/\\\/colombiamarxista.com\\\/#organization\",\"name\":\"Comunistas Revolucionarios de Colombia\",\"url\":\"https:\\\/\\\/colombiamarxista.com\\\/\",\"logo\":{\"@type\":\"ImageObject\",\"inLanguage\":\"es-CO\",\"@id\":\"https:\\\/\\\/colombiamarxista.com\\\/#\\\/schema\\\/logo\\\/image\\\/\",\"url\":\"https:\\\/\\\/colombiamarxista.com\\\/wp-content\\\/uploads\\\/2026\\\/04\\\/logo-crc_Mesa-de-trabajo-1-scaled.png\",\"contentUrl\":\"https:\\\/\\\/colombiamarxista.com\\\/wp-content\\\/uploads\\\/2026\\\/04\\\/logo-crc_Mesa-de-trabajo-1-scaled.png\",\"width\":2560,\"height\":1920,\"caption\":\"Comunistas Revolucionarios de Colombia\"},\"image\":{\"@id\":\"https:\\\/\\\/colombiamarxista.com\\\/#\\\/schema\\\/logo\\\/image\\\/\"}},{\"@type\":\"Person\",\"@id\":\"https:\\\/\\\/colombiamarxista.com\\\/#\\\/schema\\\/person\\\/e37d02f1454a536d01306cf74ee02c39\",\"name\":\"Consejo Editorial De Colombia Marxista\",\"image\":{\"@type\":\"ImageObject\",\"inLanguage\":\"es-CO\",\"@id\":\"https:\\\/\\\/secure.gravatar.com\\\/avatar\\\/27d462afb069d4f31317c3decd42f1acedbc140f1342d432b75cc0cb867e5fb1?s=96&d=mm&r=g\",\"url\":\"https:\\\/\\\/secure.gravatar.com\\\/avatar\\\/27d462afb069d4f31317c3decd42f1acedbc140f1342d432b75cc0cb867e5fb1?s=96&d=mm&r=g\",\"contentUrl\":\"https:\\\/\\\/secure.gravatar.com\\\/avatar\\\/27d462afb069d4f31317c3decd42f1acedbc140f1342d432b75cc0cb867e5fb1?s=96&d=mm&r=g\",\"caption\":\"Consejo Editorial De Colombia Marxista\"},\"sameAs\":[\"http:\\\/\\\/colombiamarxista.com\"],\"url\":\"https:\\\/\\\/colombiamarxista.com\\\/?author=1\"}]}<\/script>\n<!-- \/ Yoast SEO plugin. -->","yoast_head_json":{"title":"\u00a1Alto al bombardeo de Gaza! \u00a1Terminar con la ocupaci\u00f3n! - \u00a1Movilizaci\u00f3n internacional en apoyo a la lucha palestina! - Comunistas Revolucionarios de Colombia","robots":{"index":"index","follow":"follow","max-snippet":"max-snippet:-1","max-image-preview":"max-image-preview:large","max-video-preview":"max-video-preview:-1"},"canonical":"https:\/\/colombiamarxista.com\/?p=2470","og_locale":"es_ES","og_type":"article","og_title":"\u00a1Alto al bombardeo de Gaza! \u00a1Terminar con la ocupaci\u00f3n! - \u00a1Movilizaci\u00f3n internacional en apoyo a la lucha palestina!","og_description":"El bombardeo de Gaza por las Fuerzas de Defensa de Israel (FDI) se est\u00e1 intensificando mientras escribimos. La potencia militar m\u00e1s poderosa de Oriente Medio est\u00e1 lanzando miles de bombas sin pesta\u00f1ear sobre una de las zonas m\u00e1s densamente pobladas y pobres del mundo. Mientras tanto, turbas de linchadores de colonos sionistas de extrema derecha [&hellip;]","og_url":"https:\/\/colombiamarxista.com\/?p=2470","og_site_name":"Comunistas Revolucionarios de Colombia","article_published_time":"2021-05-15T11:20:28+00:00","article_modified_time":"2021-05-18T02:26:51+00:00","og_image":[{"width":514,"height":266,"url":"https:\/\/colombiamarxista.com\/wp-content\/uploads\/2021\/05\/bombardeo-gaza.png","type":"image\/png"}],"author":"Consejo Editorial De Colombia Marxista","twitter_card":"summary_large_image","twitter_title":"\u00a1Alto al bombardeo de Gaza! \u00a1Terminar con la ocupaci\u00f3n! - \u00a1Movilizaci\u00f3n internacional en apoyo a la lucha palestina!","twitter_image":"https:\/\/colombiamarxista.com\/wp-content\/uploads\/2021\/05\/bombardeo-gaza.png","twitter_misc":{"Escrito por":"Consejo Editorial De Colombia Marxista","Tiempo de lectura":"11 minutos"},"schema":{"@context":"https:\/\/schema.org","@graph":[{"@type":"Article","@id":"https:\/\/colombiamarxista.com\/?p=2470#article","isPartOf":{"@id":"https:\/\/colombiamarxista.com\/?p=2470"},"author":{"name":"Consejo Editorial De Colombia Marxista","@id":"https:\/\/colombiamarxista.com\/#\/schema\/person\/e37d02f1454a536d01306cf74ee02c39"},"headline":"\u00a1Alto al bombardeo de Gaza! \u00a1Terminar con la ocupaci\u00f3n! &#8211; \u00a1Movilizaci\u00f3n internacional en apoyo a la lucha palestina!","datePublished":"2021-05-15T11:20:28+00:00","dateModified":"2021-05-18T02:26:51+00:00","mainEntityOfPage":{"@id":"https:\/\/colombiamarxista.com\/?p=2470"},"wordCount":2559,"commentCount":0,"publisher":{"@id":"https:\/\/colombiamarxista.com\/#organization"},"image":{"@id":"https:\/\/colombiamarxista.com\/?p=2470#primaryimage"},"thumbnailUrl":"https:\/\/colombiamarxista.com\/wp-content\/uploads\/2021\/05\/bombardeo-gaza.png","keywords":["gaza","pronunciamiento","israel"],"articleSection":["Pronunciamientos"],"inLanguage":"es-CO","potentialAction":[{"@type":"CommentAction","name":"Comment","target":["https:\/\/colombiamarxista.com\/?p=2470#respond"]}]},{"@type":"WebPage","@id":"https:\/\/colombiamarxista.com\/?p=2470","url":"https:\/\/colombiamarxista.com\/?p=2470","name":"\u00a1Alto al bombardeo de Gaza! \u00a1Terminar con la ocupaci\u00f3n! - \u00a1Movilizaci\u00f3n internacional en apoyo a la lucha palestina! - Comunistas Revolucionarios de Colombia","isPartOf":{"@id":"https:\/\/colombiamarxista.com\/#website"},"primaryImageOfPage":{"@id":"https:\/\/colombiamarxista.com\/?p=2470#primaryimage"},"image":{"@id":"https:\/\/colombiamarxista.com\/?p=2470#primaryimage"},"thumbnailUrl":"https:\/\/colombiamarxista.com\/wp-content\/uploads\/2021\/05\/bombardeo-gaza.png","datePublished":"2021-05-15T11:20:28+00:00","dateModified":"2021-05-18T02:26:51+00:00","breadcrumb":{"@id":"https:\/\/colombiamarxista.com\/?p=2470#breadcrumb"},"inLanguage":"es-CO","potentialAction":[{"@type":"ReadAction","target":["https:\/\/colombiamarxista.com\/?p=2470"]}]},{"@type":"ImageObject","inLanguage":"es-CO","@id":"https:\/\/colombiamarxista.com\/?p=2470#primaryimage","url":"https:\/\/colombiamarxista.com\/wp-content\/uploads\/2021\/05\/bombardeo-gaza.png","contentUrl":"https:\/\/colombiamarxista.com\/wp-content\/uploads\/2021\/05\/bombardeo-gaza.png","width":514,"height":266},{"@type":"BreadcrumbList","@id":"https:\/\/colombiamarxista.com\/?p=2470#breadcrumb","itemListElement":[{"@type":"ListItem","position":1,"name":"Home","item":"https:\/\/colombiamarxista.com\/"},{"@type":"ListItem","position":2,"name":"\u00a1Alto al bombardeo de Gaza! \u00a1Terminar con la ocupaci\u00f3n! &#8211; \u00a1Movilizaci\u00f3n internacional en apoyo a la lucha palestina!"}]},{"@type":"WebSite","@id":"https:\/\/colombiamarxista.com\/#website","url":"https:\/\/colombiamarxista.com\/","name":"Comunistas Revolucionarios de Colombia","description":"","publisher":{"@id":"https:\/\/colombiamarxista.com\/#organization"},"potentialAction":[{"@type":"SearchAction","target":{"@type":"EntryPoint","urlTemplate":"https:\/\/colombiamarxista.com\/?s={search_term_string}"},"query-input":{"@type":"PropertyValueSpecification","valueRequired":true,"valueName":"search_term_string"}}],"inLanguage":"es-CO"},{"@type":"Organization","@id":"https:\/\/colombiamarxista.com\/#organization","name":"Comunistas Revolucionarios de Colombia","url":"https:\/\/colombiamarxista.com\/","logo":{"@type":"ImageObject","inLanguage":"es-CO","@id":"https:\/\/colombiamarxista.com\/#\/schema\/logo\/image\/","url":"https:\/\/colombiamarxista.com\/wp-content\/uploads\/2026\/04\/logo-crc_Mesa-de-trabajo-1-scaled.png","contentUrl":"https:\/\/colombiamarxista.com\/wp-content\/uploads\/2026\/04\/logo-crc_Mesa-de-trabajo-1-scaled.png","width":2560,"height":1920,"caption":"Comunistas Revolucionarios de Colombia"},"image":{"@id":"https:\/\/colombiamarxista.com\/#\/schema\/logo\/image\/"}},{"@type":"Person","@id":"https:\/\/colombiamarxista.com\/#\/schema\/person\/e37d02f1454a536d01306cf74ee02c39","name":"Consejo Editorial De Colombia Marxista","image":{"@type":"ImageObject","inLanguage":"es-CO","@id":"https:\/\/secure.gravatar.com\/avatar\/27d462afb069d4f31317c3decd42f1acedbc140f1342d432b75cc0cb867e5fb1?s=96&d=mm&r=g","url":"https:\/\/secure.gravatar.com\/avatar\/27d462afb069d4f31317c3decd42f1acedbc140f1342d432b75cc0cb867e5fb1?s=96&d=mm&r=g","contentUrl":"https:\/\/secure.gravatar.com\/avatar\/27d462afb069d4f31317c3decd42f1acedbc140f1342d432b75cc0cb867e5fb1?s=96&d=mm&r=g","caption":"Consejo Editorial De Colombia Marxista"},"sameAs":["http:\/\/colombiamarxista.com"],"url":"https:\/\/colombiamarxista.com\/?author=1"}]}},"_links":{"self":[{"href":"https:\/\/colombiamarxista.com\/index.php?rest_route=\/wp\/v2\/posts\/2470","targetHints":{"allow":["GET"]}}],"collection":[{"href":"https:\/\/colombiamarxista.com\/index.php?rest_route=\/wp\/v2\/posts"}],"about":[{"href":"https:\/\/colombiamarxista.com\/index.php?rest_route=\/wp\/v2\/types\/post"}],"author":[{"embeddable":true,"href":"https:\/\/colombiamarxista.com\/index.php?rest_route=\/wp\/v2\/users\/1"}],"replies":[{"embeddable":true,"href":"https:\/\/colombiamarxista.com\/index.php?rest_route=%2Fwp%2Fv2%2Fcomments&post=2470"}],"version-history":[{"count":0,"href":"https:\/\/colombiamarxista.com\/index.php?rest_route=\/wp\/v2\/posts\/2470\/revisions"}],"wp:featuredmedia":[{"embeddable":true,"href":"https:\/\/colombiamarxista.com\/index.php?rest_route=\/wp\/v2\/media\/2471"}],"wp:attachment":[{"href":"https:\/\/colombiamarxista.com\/index.php?rest_route=%2Fwp%2Fv2%2Fmedia&parent=2470"}],"wp:term":[{"taxonomy":"category","embeddable":true,"href":"https:\/\/colombiamarxista.com\/index.php?rest_route=%2Fwp%2Fv2%2Fcategories&post=2470"},{"taxonomy":"post_tag","embeddable":true,"href":"https:\/\/colombiamarxista.com\/index.php?rest_route=%2Fwp%2Fv2%2Ftags&post=2470"}],"curies":[{"name":"wp","href":"https:\/\/api.w.org\/{rel}","templated":true}]}}