{"id":2325,"date":"2021-04-29T09:29:33","date_gmt":"2021-04-29T14:29:33","guid":{"rendered":"https:\/\/colombiamarxista.com\/?p=2325"},"modified":"2021-06-04T19:16:17","modified_gmt":"2021-06-05T00:16:17","slug":"abril-28-el-gobierno-de-duque-planta-las-semillas-de-su-propia-destruccion","status":"publish","type":"post","link":"https:\/\/colombiamarxista.com\/?p=2325","title":{"rendered":"Abril 28: El gobierno de Duque planta las semillas de su propia destrucci\u00f3n"},"content":{"rendered":"\n<p>Hace tres a\u00f1os la burgues\u00eda colombiana cerr\u00f3 filas alrededor de Iv\u00e1n Duque para hacerle presidente de la Rep\u00fablica; hoy, esa misma burgues\u00eda responde con temblorosa y cobarde violencia a la voz indignada de millones de trabajadores colombianos que no est\u00e1n dispuestos a seguir sufriendo miserias para financiar el peor gobierno de la historia de Colombia.<\/p>\n\n\n\n<p>Duque, ante un r\u00e9gimen en bancarrota (en m\u00e1s de un sentido) busc\u00f3 en su limitado l\u00e9xico las mejores palabras para titular su proyecto de reforma tributaria. Su ministro de Hacienda, Alberto Carrasquilla, hizo todo lo posible por vender las bondades de su proyecto de reforma hasta que se evidenci\u00f3 que el doctor en econom\u00eda de la Universidad de Illinois, el hombre que ha puesto su talento al servicio del Banco Mundial y del Fondo Monetario Internacional, ignora cu\u00e1nto paga una persona trabajadora en Colombia por una docena de huevos. Entendimos que los intereses de Carrasquilla no est\u00e1n en llenar la canasta de mercado de las familias obreras de Colombia sino llenar la canasta de su clase, como lo muestra un reciente <a href=\"https:\/\/colombiamarxista.com\/?p=2315\">art\u00edculo<\/a> publicado aqu\u00ed.<\/p>\n\n\n\n<p>Por supuesto, la pandemia ha sido la hoja de parra que cay\u00f3 para disimular las verg\u00fcenzas del Gobierno de Duque. Antes de que apareciese la noticia del COVID-19, el pa\u00eds estaba condenado a la quiebra, no s\u00f3lo por la p\u00e9sima gesti\u00f3n del anterior presidente. A aquel se le acus\u00f3 de dar \u201cmermelada\u201d (cargos p\u00fablicos, contratos, privilegios, etc.) a los pol\u00edticos profesionales para manejar el poder. Es decir, por hacer lo mismo que sus antecesores, pero si aquello era mermelada, lo de Duque ha de ser caviar. El ejemplo de la co-direcci\u00f3n del banco de la rep\u00fablica que se le otorg\u00f3 a la hija de Alicia Arango, al igual que el otorgo del cargo de viceministra de ciencia a Ana Mar\u00eda Aljure, confidente de Alex Char, oligarca barranquillero por excelencia.&nbsp;<\/p>\n\n\n\n<p><strong>LA BUENA VIDA URIBISTA<\/strong><\/p>\n\n\n\n<p>Quiz\u00e1 lo \u00fanico malo que le trajo el COVID-19 a Duque fue la dr\u00e1stica reducci\u00f3n que sufrieron sus <a href=\"https:\/\/es.wikipedia.org\/wiki\/Anexo:Visitas_oficiales_al_exterior_del_presidente_Iv%C3%A1n_Duque\">viajes al exterior<\/a>. En s\u00f3lo su primer a\u00f1o de gobierno visit\u00f3 oficialmente: Paraguay, Panam\u00e1 (tres veces), Estados Unidos (tres veces), Ciudad del Vaticano, Italia, B\u00e9lgica, Francia (tres veces), M\u00e9xico, Ecuador, Suiza (dos veces), Chile, Per\u00fa (dos veces), El Salvador, Argentina, Reino Unido y China, donde hizo una ofrenda floral a los m\u00e1rtires de la Revoluci\u00f3n China, aunque los miembros de su partido cotidianamente emplean las categor\u00edas y los t\u00e9rminos m\u00e1s viles para referirse a los guerrilleros. Por supuesto, esto no se ve reflejado ni en acuerdos comerciales ventajosos para el pa\u00eds o fortalecimiento de su pol\u00edtica exterior. Por el contrario, su conducta fue siempre la de un peque\u00f1o burgu\u00e9s de provincia que sale a conocer el mundo y ha sido el principal inspirador de memes en redes sociales.<\/p>\n\n\n\n<p>Duque demostr\u00f3 desde su campa\u00f1a su gusto por la far\u00e1ndula. Mientras algunos vieron la pandemia como un motivo contundente para corregir el sistema de salud, el presidente consider\u00f3 m\u00e1s importante presentar un programa de televisi\u00f3n y una serie de piezas de propaganda que, juntas, s\u00f3lo a 10 de diciembre de 2020, sumaban <a href=\"https:\/\/www.rcnradio.com\/politica\/6300-millones-de-pesos-el-costo-de-los-productos-comunicativos-del-presidente-duque-2022\">6.382 millones de pesos<\/a> (m\u00e1s de U$ 1,7 millones).<\/p>\n\n\n\n<p>A la mesa ducal est\u00e1n invitados todos los amigos. Francisco Barbosa, un abogado que llega a fiscal general de la Naci\u00f3n por el m\u00e9rito de ser amigo del presidente, contrat\u00f3 por <a href=\"https:\/\/lasillavacia.com\/barbosa-primer-fiscal-historia-estratega-politico-79719\">$128 millones<\/a> (casi U$350,000) a un estratega pol\u00edtico para promover su imagen. Esto, en un pa\u00eds donde el salario m\u00ednimo es de $908.526 (U$245) y donde la Fiscal\u00eda brilla por su corrupci\u00f3n. Ser\u00eda extensa la relaci\u00f3n de cada uno de los jugosos contratos y cargos p\u00fablicos que ha repartido Duque entre la c\u00fapula uribista, incluso si s\u00f3lo nos limitamos a lo que reporta la prensa. La caracter\u00edstica general de estas acciones es la falta de capacidad y experiencia de los beneficiarios, combinada con sumas exageradas. El caso m\u00e1s reciente que ha indignado a los colombianos es el de la tuitera <a href=\"https:\/\/www.elespectador.com\/noticias\/politica\/polemica-por-contratos-de-la-tuitera-uribista-natalia-bedoya-con-el-estado\/\">Natalia Bedoya<\/a> que recibe cada mes $20.233.000 (casi U$5,500) del Estado (es decir, de nuestros bolsillos) b\u00e1sicamente por coordinar reuniones. Muchos trabajadores contratistas del estado, de mayor formaci\u00f3n acad\u00e9mica que Bedoya, obligados por ley a someterse a toda clase de controles (que supuestamente combaten la corrupci\u00f3n), as\u00ed como a entregar extensos y complejos informes, y que desempe\u00f1an labores m\u00e1s relevantes por sumas bastante menores, expresaron su descontento.&nbsp;<\/p>\n\n\n\n<p>Por encima de todo esto est\u00e1n los m\u00e1s ricos, que presionan al Gobierno a que les ponga todo a su favor a cambio de nada. Debajo, millones de trabajadores del sector que enfrentan el desempleo, otros m\u00e1s que sufren el hecho de que los huevos no est\u00e9n tan baratos como los del ministro Carrasquilla, miles de peque\u00f1oburgueses que proveen la amenaza de su proletarizaci\u00f3n y, sobre todo, una mayor\u00eda j\u00f3venes sin la posibilidad de tener un futuro mejor que sus padres. Cuando esta masa expres\u00f3 su descontento contra Duque el 21 de noviembre de 2019, el jefe de estado y su camarilla desde\u00f1aron sus quejas. Cuando dijeron que no quer\u00edan ser v\u00edctimas de la violencia policial como el compa\u00f1ero <a href=\"https:\/\/www.marxist.com\/del-ensayo-al-hecho-colombia-tiene-un-estado-corrupto-y-asesino.htm\">Javier Ordo\u00f1ez<\/a>, las autoridades dispararon contra los trabajadores. Con la reforma tributaria, Duque, Uribe y Carrasquilla, se burlan del hambre y desesperaci\u00f3n de los obreros, y entre una carcajada y otra, piden m\u00e1s: la intenci\u00f3n de exprimir a los trabajadores con impuestos para sustentar la vida ociosa de unos pocos es m\u00e1s que miserable.<\/p>\n\n\n\n<figure class=\"wp-block-image size-large\"><img fetchpriority=\"high\" decoding=\"async\" width=\"1024\" height=\"403\" src=\"https:\/\/colombiamarxista.com\/wp-content\/uploads\/2021\/04\/natalie-bedoya-contratos-1024x403.jpg\" alt=\"\" class=\"wp-image-2330\" srcset=\"https:\/\/colombiamarxista.com\/wp-content\/uploads\/2021\/04\/natalie-bedoya-contratos-1024x403.jpg 1024w, https:\/\/colombiamarxista.com\/wp-content\/uploads\/2021\/04\/natalie-bedoya-contratos-300x118.jpg 300w, https:\/\/colombiamarxista.com\/wp-content\/uploads\/2021\/04\/natalie-bedoya-contratos-768x302.jpg 768w, https:\/\/colombiamarxista.com\/wp-content\/uploads\/2021\/04\/natalie-bedoya-contratos.jpg 1090w\" sizes=\"(max-width: 1024px) 100vw, 1024px\" \/><figcaption>Los pagos de Natalia Bedoya<\/figcaption><\/figure>\n\n\n\n<p><strong>\u00bfC\u00d3MO ENFRENTAR ESTA SITUACI\u00d3N?<\/strong><\/p>\n\n\n\n<p>Desde que se cumplieron los primeros cien d\u00edas de Duque en el poder, estaba claro que su <a href=\"https:\/\/www.marxist.com\/colombia-tumbar-a-duque-es-salvarnos-del-desastre.htm\">derrocamiento<\/a> era necesario. El devenir de los hechos sigue mostrando lo correcto de esta idea que, en m\u00e1s de un sentido, comparten muchos trabajadores y estudiantes, o por lo menos eso es lo que se percibe de las diferentes expresiones de las jornadas del 28 de abril.<\/p>\n\n\n\n<p>Desde la semana anterior se percib\u00eda el temor de la burgues\u00eda: la Revista Semana, ahora propiedad de los banqueros Gilinsky, y el peri\u00f3dico El Tiempo, propiedad del tambi\u00e9n banquero Luis Carlos Sarmiento Angulo, publicaron sendas entrevistas con el presidente defendiendo la reforma tributaria. Este \u00faltimo medio recibi\u00f3 declaraciones de Uribe sobre su supuesta <a href=\"https:\/\/twitter.com\/AlvaroUribeVel\/status\/1387027166920065026\">alternativa<\/a> a la reforma. Por supuesto, cuando los errores de su elegido resultan impopulares, el expresidente aparenta amigables distancias. El recurso m\u00e1s torpe y desesperado se dio al atardecer del 27: el Tribunal Administrativo de Cundinamarca orden\u00f3 suspender las marchas. No s\u00f3lo el <a href=\"https:\/\/drive.google.com\/file\/d\/1I7c9YFUpPaVB5jCDwP31i6afE9WNR4pu\/view\">fallo<\/a> fue deso\u00eddo por los trabajadores sino que, adem\u00e1s, algunas compa\u00f1eras reportaron errores en \u00e9l, como incluir entre los funcionarios a los que ordena elaborar un protocolo de medidas urgentes al difunto Carlos Holmes Trujillo G.<\/p>\n\n\n\n<p>Los trabajadores no deber\u00edamos dar nuestro brazo a torcer. Mantener las manifestaciones de descontento se hace necesario en estos momentos en los que claramente hay un avance. Detenerse, ser\u00eda abrir la puerta a un contraataque que sabemos que s\u00f3lo puede ser sangriento. Hasta ahora, la respuesta represiva del gobierno ha sido intensa en todos los frentes pero, a la vez, torpe y desorientada. Cada uno de sus excesos s\u00f3lo estimula la indignaci\u00f3n de las masas. Sin embargo, ponen todas sus apuestas en la violencia: hoy tenemos el segundo <a href=\"https:\/\/www.asuntoslegales.com.co\/actualidad\/colombia-es-el-segundo-pais-la-nivel-latinoamerica-con-mas-inversion-en-gasto-militar-3160701\">gasto militar<\/a> m\u00e1s alto de la regi\u00f3n y, por lo que vemos en nuestros barrios, no se usa contra la delincuencia.<\/p>\n\n\n\n<p>Poco efecto hace que los medios burgueses repitan hasta la saciedad la palabra v\u00e1ndalos. Hasta ahora, parece que han \u201cvandalizado\u201d los fortificados e inexpugnables estudios del canal RCN, veh\u00edculos de polic\u00eda y sedes bancarias, b\u00e1sicamente. Nada de importancia, sobre todo ante una ola de masacres y asesinatos selectivos tan dolorosa como insoportable. Por otra parte, que los ind\u00edgenas Misak hayan derribado la estatua del conquistador espa\u00f1ol Sebasti\u00e1n de Belalc\u00e1zar ha despertado, sobre todo, simpat\u00edas. En t\u00e9rminos est\u00e9ticos, como mencionaba alguno en redes, s\u00f3lo sirvi\u00f3 para ser objeto de la s\u00e1tira de Carlos Mayolo y Luis Ospina en su <em>Oiga vea <\/em>(1971).<\/p>\n\n\n\n<p>Hemos manifestado reiteradamente que el gran problema es la ausencia de una direcci\u00f3n efectiva. Es claro el apoyo de Gustavo Petro y el Pacto Hist\u00f3rico a las movilizaciones pero sus metas est\u00e1n puestas en la lucha electoral. Aunque la indignaci\u00f3n de los manifestantes es una, la movilizaci\u00f3n se ha dado entre una compleja diversidad de grupos que no parecen encontrar un proyecto com\u00fan. Sin embargo, la b\u00fasqueda est\u00e1. Hay consciencia de la necesidad de un cambio y que debe construirse unidad para ello. En mayor o menor grado los trabajadores entienden que el Pacto Hist\u00f3rico es un soporte coyuntural que no est\u00e1 lo suficientemente s\u00f3lido.<\/p>\n\n\n\n<p>Hoy, aunque con pocos medios, pudimos ver inter\u00e9s entre los trabajadores por nuestras ideas. Paulatinamente nuestros c\u00edrculos de lectura comienzan a crecer. En contrav\u00eda a los repetidos prejuicios peque\u00f1oburgueses con respecto a la pasividad e ignorancia de las masas, nos encontramos sed de aprendizaje. Por ello, insistimos en nuestra invitaci\u00f3n a que se pongan en contacto con nosotros y se sumen a nuestras actividades y a la vez, les instamos a que al final de cada una de estas jornadas de lucha, encontremos un momento para discutir el resultado de las acciones del d\u00eda y la situaci\u00f3n general del movimiento. Este es un gran momento para formarse, cuando la pr\u00e1ctica diaria pone a prueba la teor\u00eda. En este sentido, proponemos nuestro <a href=\"https:\/\/colombiamarxista.com\/?page_id=2007\">programa<\/a> para que sea tenido en cuenta en sus discusiones.<\/p>\n\n\n\n<p>Les invitamos, finalmente, a que nos compartan a nuestro correo electr\u00f3nico <a href=\"mailto:colombiamarxista@gmail.com\">colombiamarxista@gmail.com<\/a> sus reflexiones sobre el momento que estamos viviendo y, esperamos sea el caso, su inter\u00e9s por unirse a nuestra organizaci\u00f3n y a la lucha por el socialismo internacional. Vivimos momentos de aprendizaje, s\u00f3lo unidos como clase, mantendremos la fuerza para llegar a la victoria.<\/p>\n","protected":false},"excerpt":{"rendered":"<p>Hace tres a\u00f1os la burgues\u00eda colombiana cerr\u00f3 filas alrededor de Iv\u00e1n Duque para hacerle presidente de la Rep\u00fablica; hoy, esa misma burgues\u00eda responde con temblorosa y cobarde violencia a la voz indignada de millones de trabajadores colombianos que no est\u00e1n dispuestos a seguir sufriendo miserias para financiar el peor gobierno de la historia de Colombia. [&hellip;]<\/p>\n","protected":false},"author":1,"featured_media":2327,"comment_status":"open","ping_status":"open","sticky":false,"template":"","format":"standard","meta":{"footnotes":""},"categories":[204,276],"tags":[249,253],"class_list":["post-2325","post","type-post","status-publish","format-standard","has-post-thumbnail","hentry","category-actualidad","category-paro-nacional","tag-reforma-tributaria","tag-protestas"],"yoast_head":"<!-- This site is optimized with the Yoast SEO plugin v27.5 - https:\/\/yoast.com\/product\/yoast-seo-wordpress\/ -->\n<title>Abril 28: El gobierno de Duque planta las semillas de su propia destrucci\u00f3n - Comunistas Revolucionarios de Colombia<\/title>\n<meta name=\"robots\" content=\"index, follow, max-snippet:-1, max-image-preview:large, max-video-preview:-1\" \/>\n<link rel=\"canonical\" href=\"https:\/\/colombiamarxista.com\/?p=2325\" \/>\n<meta property=\"og:locale\" content=\"es_ES\" \/>\n<meta property=\"og:type\" content=\"article\" \/>\n<meta property=\"og:title\" content=\"Abril 28: El gobierno de Duque planta las semillas de su propia destrucci\u00f3n - Comunistas Revolucionarios de Colombia\" \/>\n<meta property=\"og:description\" content=\"Hace tres a\u00f1os la burgues\u00eda colombiana cerr\u00f3 filas alrededor de Iv\u00e1n Duque para hacerle presidente de la Rep\u00fablica; hoy, esa misma burgues\u00eda responde con temblorosa y cobarde violencia a la voz indignada de millones de trabajadores colombianos que no est\u00e1n dispuestos a seguir sufriendo miserias para financiar el peor gobierno de la historia de Colombia. [&hellip;]\" \/>\n<meta property=\"og:url\" content=\"https:\/\/colombiamarxista.com\/?p=2325\" \/>\n<meta property=\"og:site_name\" content=\"Comunistas Revolucionarios de Colombia\" \/>\n<meta property=\"article:published_time\" content=\"2021-04-29T14:29:33+00:00\" \/>\n<meta property=\"article:modified_time\" content=\"2021-06-05T00:16:17+00:00\" \/>\n<meta property=\"og:image\" content=\"https:\/\/colombiamarxista.com\/wp-content\/uploads\/2021\/04\/Alfa-Caribe.jpg\" \/>\n\t<meta property=\"og:image:width\" content=\"1280\" \/>\n\t<meta property=\"og:image:height\" content=\"847\" \/>\n\t<meta property=\"og:image:type\" content=\"image\/jpeg\" \/>\n<meta name=\"author\" content=\"Consejo Editorial De Colombia Marxista\" \/>\n<meta name=\"twitter:card\" content=\"summary_large_image\" \/>\n<meta name=\"twitter:label1\" content=\"Escrito por\" \/>\n\t<meta name=\"twitter:data1\" content=\"Consejo Editorial De Colombia Marxista\" \/>\n\t<meta name=\"twitter:label2\" content=\"Tiempo de lectura\" \/>\n\t<meta name=\"twitter:data2\" content=\"8 minutos\" \/>\n<script type=\"application\/ld+json\" class=\"yoast-schema-graph\">{\"@context\":\"https:\\\/\\\/schema.org\",\"@graph\":[{\"@type\":\"Article\",\"@id\":\"https:\\\/\\\/colombiamarxista.com\\\/?p=2325#article\",\"isPartOf\":{\"@id\":\"https:\\\/\\\/colombiamarxista.com\\\/?p=2325\"},\"author\":{\"name\":\"Consejo Editorial De Colombia Marxista\",\"@id\":\"https:\\\/\\\/colombiamarxista.com\\\/#\\\/schema\\\/person\\\/e37d02f1454a536d01306cf74ee02c39\"},\"headline\":\"Abril 28: El gobierno de Duque planta las semillas de su propia destrucci\u00f3n\",\"datePublished\":\"2021-04-29T14:29:33+00:00\",\"dateModified\":\"2021-06-05T00:16:17+00:00\",\"mainEntityOfPage\":{\"@id\":\"https:\\\/\\\/colombiamarxista.com\\\/?p=2325\"},\"wordCount\":1739,\"commentCount\":0,\"publisher\":{\"@id\":\"https:\\\/\\\/colombiamarxista.com\\\/#organization\"},\"image\":{\"@id\":\"https:\\\/\\\/colombiamarxista.com\\\/?p=2325#primaryimage\"},\"thumbnailUrl\":\"https:\\\/\\\/colombiamarxista.com\\\/wp-content\\\/uploads\\\/2021\\\/04\\\/Alfa-Caribe.jpg\",\"keywords\":[\"reforma tributaria\",\"protestas\"],\"articleSection\":[\"Actualidad\",\"Paro Nacional 2021\"],\"inLanguage\":\"es-CO\",\"potentialAction\":[{\"@type\":\"CommentAction\",\"name\":\"Comment\",\"target\":[\"https:\\\/\\\/colombiamarxista.com\\\/?p=2325#respond\"]}]},{\"@type\":\"WebPage\",\"@id\":\"https:\\\/\\\/colombiamarxista.com\\\/?p=2325\",\"url\":\"https:\\\/\\\/colombiamarxista.com\\\/?p=2325\",\"name\":\"Abril 28: El gobierno de Duque planta las semillas de su propia destrucci\u00f3n - Comunistas Revolucionarios de Colombia\",\"isPartOf\":{\"@id\":\"https:\\\/\\\/colombiamarxista.com\\\/#website\"},\"primaryImageOfPage\":{\"@id\":\"https:\\\/\\\/colombiamarxista.com\\\/?p=2325#primaryimage\"},\"image\":{\"@id\":\"https:\\\/\\\/colombiamarxista.com\\\/?p=2325#primaryimage\"},\"thumbnailUrl\":\"https:\\\/\\\/colombiamarxista.com\\\/wp-content\\\/uploads\\\/2021\\\/04\\\/Alfa-Caribe.jpg\",\"datePublished\":\"2021-04-29T14:29:33+00:00\",\"dateModified\":\"2021-06-05T00:16:17+00:00\",\"breadcrumb\":{\"@id\":\"https:\\\/\\\/colombiamarxista.com\\\/?p=2325#breadcrumb\"},\"inLanguage\":\"es-CO\",\"potentialAction\":[{\"@type\":\"ReadAction\",\"target\":[\"https:\\\/\\\/colombiamarxista.com\\\/?p=2325\"]}]},{\"@type\":\"ImageObject\",\"inLanguage\":\"es-CO\",\"@id\":\"https:\\\/\\\/colombiamarxista.com\\\/?p=2325#primaryimage\",\"url\":\"https:\\\/\\\/colombiamarxista.com\\\/wp-content\\\/uploads\\\/2021\\\/04\\\/Alfa-Caribe.jpg\",\"contentUrl\":\"https:\\\/\\\/colombiamarxista.com\\\/wp-content\\\/uploads\\\/2021\\\/04\\\/Alfa-Caribe.jpg\",\"width\":1280,\"height\":847},{\"@type\":\"BreadcrumbList\",\"@id\":\"https:\\\/\\\/colombiamarxista.com\\\/?p=2325#breadcrumb\",\"itemListElement\":[{\"@type\":\"ListItem\",\"position\":1,\"name\":\"Home\",\"item\":\"https:\\\/\\\/colombiamarxista.com\\\/\"},{\"@type\":\"ListItem\",\"position\":2,\"name\":\"Abril 28: El gobierno de Duque planta las semillas de su propia destrucci\u00f3n\"}]},{\"@type\":\"WebSite\",\"@id\":\"https:\\\/\\\/colombiamarxista.com\\\/#website\",\"url\":\"https:\\\/\\\/colombiamarxista.com\\\/\",\"name\":\"Comunistas Revolucionarios de Colombia\",\"description\":\"\",\"publisher\":{\"@id\":\"https:\\\/\\\/colombiamarxista.com\\\/#organization\"},\"potentialAction\":[{\"@type\":\"SearchAction\",\"target\":{\"@type\":\"EntryPoint\",\"urlTemplate\":\"https:\\\/\\\/colombiamarxista.com\\\/?s={search_term_string}\"},\"query-input\":{\"@type\":\"PropertyValueSpecification\",\"valueRequired\":true,\"valueName\":\"search_term_string\"}}],\"inLanguage\":\"es-CO\"},{\"@type\":\"Organization\",\"@id\":\"https:\\\/\\\/colombiamarxista.com\\\/#organization\",\"name\":\"Comunistas Revolucionarios de Colombia\",\"url\":\"https:\\\/\\\/colombiamarxista.com\\\/\",\"logo\":{\"@type\":\"ImageObject\",\"inLanguage\":\"es-CO\",\"@id\":\"https:\\\/\\\/colombiamarxista.com\\\/#\\\/schema\\\/logo\\\/image\\\/\",\"url\":\"https:\\\/\\\/colombiamarxista.com\\\/wp-content\\\/uploads\\\/2026\\\/04\\\/logo-crc_Mesa-de-trabajo-1-scaled.png\",\"contentUrl\":\"https:\\\/\\\/colombiamarxista.com\\\/wp-content\\\/uploads\\\/2026\\\/04\\\/logo-crc_Mesa-de-trabajo-1-scaled.png\",\"width\":2560,\"height\":1920,\"caption\":\"Comunistas Revolucionarios de Colombia\"},\"image\":{\"@id\":\"https:\\\/\\\/colombiamarxista.com\\\/#\\\/schema\\\/logo\\\/image\\\/\"}},{\"@type\":\"Person\",\"@id\":\"https:\\\/\\\/colombiamarxista.com\\\/#\\\/schema\\\/person\\\/e37d02f1454a536d01306cf74ee02c39\",\"name\":\"Consejo Editorial De Colombia Marxista\",\"image\":{\"@type\":\"ImageObject\",\"inLanguage\":\"es-CO\",\"@id\":\"https:\\\/\\\/secure.gravatar.com\\\/avatar\\\/27d462afb069d4f31317c3decd42f1acedbc140f1342d432b75cc0cb867e5fb1?s=96&d=mm&r=g\",\"url\":\"https:\\\/\\\/secure.gravatar.com\\\/avatar\\\/27d462afb069d4f31317c3decd42f1acedbc140f1342d432b75cc0cb867e5fb1?s=96&d=mm&r=g\",\"contentUrl\":\"https:\\\/\\\/secure.gravatar.com\\\/avatar\\\/27d462afb069d4f31317c3decd42f1acedbc140f1342d432b75cc0cb867e5fb1?s=96&d=mm&r=g\",\"caption\":\"Consejo Editorial De Colombia Marxista\"},\"sameAs\":[\"http:\\\/\\\/colombiamarxista.com\"],\"url\":\"https:\\\/\\\/colombiamarxista.com\\\/?author=1\"}]}<\/script>\n<!-- \/ Yoast SEO plugin. -->","yoast_head_json":{"title":"Abril 28: El gobierno de Duque planta las semillas de su propia destrucci\u00f3n - Comunistas Revolucionarios de Colombia","robots":{"index":"index","follow":"follow","max-snippet":"max-snippet:-1","max-image-preview":"max-image-preview:large","max-video-preview":"max-video-preview:-1"},"canonical":"https:\/\/colombiamarxista.com\/?p=2325","og_locale":"es_ES","og_type":"article","og_title":"Abril 28: El gobierno de Duque planta las semillas de su propia destrucci\u00f3n - Comunistas Revolucionarios de Colombia","og_description":"Hace tres a\u00f1os la burgues\u00eda colombiana cerr\u00f3 filas alrededor de Iv\u00e1n Duque para hacerle presidente de la Rep\u00fablica; hoy, esa misma burgues\u00eda responde con temblorosa y cobarde violencia a la voz indignada de millones de trabajadores colombianos que no est\u00e1n dispuestos a seguir sufriendo miserias para financiar el peor gobierno de la historia de Colombia. [&hellip;]","og_url":"https:\/\/colombiamarxista.com\/?p=2325","og_site_name":"Comunistas Revolucionarios de Colombia","article_published_time":"2021-04-29T14:29:33+00:00","article_modified_time":"2021-06-05T00:16:17+00:00","og_image":[{"width":1280,"height":847,"url":"https:\/\/colombiamarxista.com\/wp-content\/uploads\/2021\/04\/Alfa-Caribe.jpg","type":"image\/jpeg"}],"author":"Consejo Editorial De Colombia Marxista","twitter_card":"summary_large_image","twitter_misc":{"Escrito por":"Consejo Editorial De Colombia Marxista","Tiempo de lectura":"8 minutos"},"schema":{"@context":"https:\/\/schema.org","@graph":[{"@type":"Article","@id":"https:\/\/colombiamarxista.com\/?p=2325#article","isPartOf":{"@id":"https:\/\/colombiamarxista.com\/?p=2325"},"author":{"name":"Consejo Editorial De Colombia Marxista","@id":"https:\/\/colombiamarxista.com\/#\/schema\/person\/e37d02f1454a536d01306cf74ee02c39"},"headline":"Abril 28: El gobierno de Duque planta las semillas de su propia destrucci\u00f3n","datePublished":"2021-04-29T14:29:33+00:00","dateModified":"2021-06-05T00:16:17+00:00","mainEntityOfPage":{"@id":"https:\/\/colombiamarxista.com\/?p=2325"},"wordCount":1739,"commentCount":0,"publisher":{"@id":"https:\/\/colombiamarxista.com\/#organization"},"image":{"@id":"https:\/\/colombiamarxista.com\/?p=2325#primaryimage"},"thumbnailUrl":"https:\/\/colombiamarxista.com\/wp-content\/uploads\/2021\/04\/Alfa-Caribe.jpg","keywords":["reforma tributaria","protestas"],"articleSection":["Actualidad","Paro Nacional 2021"],"inLanguage":"es-CO","potentialAction":[{"@type":"CommentAction","name":"Comment","target":["https:\/\/colombiamarxista.com\/?p=2325#respond"]}]},{"@type":"WebPage","@id":"https:\/\/colombiamarxista.com\/?p=2325","url":"https:\/\/colombiamarxista.com\/?p=2325","name":"Abril 28: El gobierno de Duque planta las semillas de su propia destrucci\u00f3n - Comunistas Revolucionarios de Colombia","isPartOf":{"@id":"https:\/\/colombiamarxista.com\/#website"},"primaryImageOfPage":{"@id":"https:\/\/colombiamarxista.com\/?p=2325#primaryimage"},"image":{"@id":"https:\/\/colombiamarxista.com\/?p=2325#primaryimage"},"thumbnailUrl":"https:\/\/colombiamarxista.com\/wp-content\/uploads\/2021\/04\/Alfa-Caribe.jpg","datePublished":"2021-04-29T14:29:33+00:00","dateModified":"2021-06-05T00:16:17+00:00","breadcrumb":{"@id":"https:\/\/colombiamarxista.com\/?p=2325#breadcrumb"},"inLanguage":"es-CO","potentialAction":[{"@type":"ReadAction","target":["https:\/\/colombiamarxista.com\/?p=2325"]}]},{"@type":"ImageObject","inLanguage":"es-CO","@id":"https:\/\/colombiamarxista.com\/?p=2325#primaryimage","url":"https:\/\/colombiamarxista.com\/wp-content\/uploads\/2021\/04\/Alfa-Caribe.jpg","contentUrl":"https:\/\/colombiamarxista.com\/wp-content\/uploads\/2021\/04\/Alfa-Caribe.jpg","width":1280,"height":847},{"@type":"BreadcrumbList","@id":"https:\/\/colombiamarxista.com\/?p=2325#breadcrumb","itemListElement":[{"@type":"ListItem","position":1,"name":"Home","item":"https:\/\/colombiamarxista.com\/"},{"@type":"ListItem","position":2,"name":"Abril 28: El gobierno de Duque planta las semillas de su propia destrucci\u00f3n"}]},{"@type":"WebSite","@id":"https:\/\/colombiamarxista.com\/#website","url":"https:\/\/colombiamarxista.com\/","name":"Comunistas Revolucionarios de Colombia","description":"","publisher":{"@id":"https:\/\/colombiamarxista.com\/#organization"},"potentialAction":[{"@type":"SearchAction","target":{"@type":"EntryPoint","urlTemplate":"https:\/\/colombiamarxista.com\/?s={search_term_string}"},"query-input":{"@type":"PropertyValueSpecification","valueRequired":true,"valueName":"search_term_string"}}],"inLanguage":"es-CO"},{"@type":"Organization","@id":"https:\/\/colombiamarxista.com\/#organization","name":"Comunistas Revolucionarios de Colombia","url":"https:\/\/colombiamarxista.com\/","logo":{"@type":"ImageObject","inLanguage":"es-CO","@id":"https:\/\/colombiamarxista.com\/#\/schema\/logo\/image\/","url":"https:\/\/colombiamarxista.com\/wp-content\/uploads\/2026\/04\/logo-crc_Mesa-de-trabajo-1-scaled.png","contentUrl":"https:\/\/colombiamarxista.com\/wp-content\/uploads\/2026\/04\/logo-crc_Mesa-de-trabajo-1-scaled.png","width":2560,"height":1920,"caption":"Comunistas Revolucionarios de Colombia"},"image":{"@id":"https:\/\/colombiamarxista.com\/#\/schema\/logo\/image\/"}},{"@type":"Person","@id":"https:\/\/colombiamarxista.com\/#\/schema\/person\/e37d02f1454a536d01306cf74ee02c39","name":"Consejo Editorial De Colombia Marxista","image":{"@type":"ImageObject","inLanguage":"es-CO","@id":"https:\/\/secure.gravatar.com\/avatar\/27d462afb069d4f31317c3decd42f1acedbc140f1342d432b75cc0cb867e5fb1?s=96&d=mm&r=g","url":"https:\/\/secure.gravatar.com\/avatar\/27d462afb069d4f31317c3decd42f1acedbc140f1342d432b75cc0cb867e5fb1?s=96&d=mm&r=g","contentUrl":"https:\/\/secure.gravatar.com\/avatar\/27d462afb069d4f31317c3decd42f1acedbc140f1342d432b75cc0cb867e5fb1?s=96&d=mm&r=g","caption":"Consejo Editorial De Colombia Marxista"},"sameAs":["http:\/\/colombiamarxista.com"],"url":"https:\/\/colombiamarxista.com\/?author=1"}]}},"_links":{"self":[{"href":"https:\/\/colombiamarxista.com\/index.php?rest_route=\/wp\/v2\/posts\/2325","targetHints":{"allow":["GET"]}}],"collection":[{"href":"https:\/\/colombiamarxista.com\/index.php?rest_route=\/wp\/v2\/posts"}],"about":[{"href":"https:\/\/colombiamarxista.com\/index.php?rest_route=\/wp\/v2\/types\/post"}],"author":[{"embeddable":true,"href":"https:\/\/colombiamarxista.com\/index.php?rest_route=\/wp\/v2\/users\/1"}],"replies":[{"embeddable":true,"href":"https:\/\/colombiamarxista.com\/index.php?rest_route=%2Fwp%2Fv2%2Fcomments&post=2325"}],"version-history":[{"count":0,"href":"https:\/\/colombiamarxista.com\/index.php?rest_route=\/wp\/v2\/posts\/2325\/revisions"}],"wp:featuredmedia":[{"embeddable":true,"href":"https:\/\/colombiamarxista.com\/index.php?rest_route=\/wp\/v2\/media\/2327"}],"wp:attachment":[{"href":"https:\/\/colombiamarxista.com\/index.php?rest_route=%2Fwp%2Fv2%2Fmedia&parent=2325"}],"wp:term":[{"taxonomy":"category","embeddable":true,"href":"https:\/\/colombiamarxista.com\/index.php?rest_route=%2Fwp%2Fv2%2Fcategories&post=2325"},{"taxonomy":"post_tag","embeddable":true,"href":"https:\/\/colombiamarxista.com\/index.php?rest_route=%2Fwp%2Fv2%2Ftags&post=2325"}],"curies":[{"name":"wp","href":"https:\/\/api.w.org\/{rel}","templated":true}]}}