{"id":2315,"date":"2021-04-26T11:12:09","date_gmt":"2021-04-26T16:12:09","guid":{"rendered":"https:\/\/colombiamarxista.com\/?p=2315"},"modified":"2021-06-04T19:16:29","modified_gmt":"2021-06-05T00:16:29","slug":"el-paquetazo-de-duque","status":"publish","type":"post","link":"https:\/\/colombiamarxista.com\/?p=2315","title":{"rendered":"El paquetazo de Duque"},"content":{"rendered":"\n<p>A pesar de su posici\u00f3n en 2016 contra la reforma tributaria del gobierno de Santos, y de se\u00f1alamientos a su \u201cgasto excesivo\u201d. Iv\u00e1n Duque, y el Centro Democr\u00e1tico, al llegar al poder se han enfrentado a la misma disyuntiva, reformas tributarias para apuntalar su capacidad de administraci\u00f3n de los recursos del pa\u00eds. Con los efectos de la pandemia en un punto especialmente alto, el Gobierno pretende ahora disfrazar de \u201csolidaridad sostenible\u201d una nueva reforma tributaria, la tercera en su per\u00edodo.<\/p>\n\n\n\n<p>Si se pregunta a los economistas ortodoxos las razones de la reforma tributaria, apuntan a una simple justificaci\u00f3n: La acumulaci\u00f3n de d\u00e9ficits sucesivamente altos que han empujado la deuda a niveles peligrosamente cercanos al l\u00edmite impuesto del Comit\u00e9 de Regla Fiscal. Esto fue de hecho una de las sombras en las elecciones de 2018, con las \u201ccalificadoras de riesgo\u201d como Moody\u2019s y Standard &amp; Poors (que tienen el dudoso honor de haber sido ciegas al riesgo que desat\u00f3 la crisis de 2007-2008 en Estados Unidos, por lo cual Moody\u2019s pag\u00f3 una multa en 2017) expresando que sin una reforma que apuntalara la capacidad de obtener ingresos estatales, Colombia corr\u00eda el riesgo de perder su grado de inversi\u00f3n y por tanto ver\u00eda elevar los costos de su deuda p\u00fablica. Duque lleg\u00f3 al poder declarando que su plan de exenciones tributarias y \u201ceconom\u00eda naranja\u201d desatar\u00eda un c\u00edrculo virtuoso que permitir\u00eda equilibrar esta situaci\u00f3n y potenciar la econom\u00eda.<\/p>\n\n\n\n<p>Esto fue desmentido con los hechos, el hueco fiscal provocado por las exenciones de la primera reforma tributaria, aprobada en 2018, s\u00f3lo se increment\u00f3 con las urgentes necesidades de la pandemia. Esto coincide con la creaci\u00f3n de una comisi\u00f3n de expertos, que dar\u00eda recomendaciones para una \u201cnueva\u201d reforma tributaria que buscar\u00e1 \u201cahora s\u00ed\u201d dejar bases para un s\u00f3lido sistema de tributaci\u00f3n. Esta comisi\u00f3n elabor\u00f3 un informe que mostraba la situaci\u00f3n del sistema tributario colombiano, concluyendo que la progresividad fiscal es a\u00fan una aspiraci\u00f3n, que existen enormes disparidades en la aportaci\u00f3n por ingresos si se ven estos desde la fuente (laborales contra no laborales) y finalmente que se deb\u00edan revisar las estructuras de subsidios y exenciones.<\/p>\n\n\n\n<p>Todo esto nos lleva entonces al texto presentado el jueves 15 de abril de 2021. En plena pandemia, se desata una tormenta medi\u00e1tica, misma que hay que tomar con escepticismo. Como marxistas, se deben ver los hechos y proceder entonces al desmonte de las falacias.<\/p>\n\n\n\n<p>El objetivo central de la reforma es cambiar la composici\u00f3n del origen de los ingresos tributarios, el cual muestra que \u201cel 20% de los tributos son pagados por las personas naturales contra el 80% de las empresas\u201d. \u00bfQu\u00e9 quiere decir eso? En principio que efectivamente la legislaci\u00f3n tributaria permite a las personas asalariadas ciertos beneficios para disminuir su retenci\u00f3n de fuente o declaraci\u00f3n de renta como lo son aportes a cuentas AFC, pensiones voluntarias o medicina prepagada.&nbsp;<\/p>\n\n\n\n<p>El problema es que la poblaci\u00f3n susceptible a esto es una minor\u00eda dentro de los trabajadores y esencialmente son la clase media profesional. Asimismo, las empresas tambi\u00e9n tienen sus propias formas de evasi\u00f3n que una persona natural no puede utilizar. Por tanto, por m\u00e1s que quieran disfrazar esto como \u201cponerse la mano en el coraz\u00f3n\u201d la verdad es m\u00e1s cruda. La clase media (que seg\u00fan los mismos te\u00f3ricos liberales, debiera potenciar la econom\u00eda con su consumo) se ver\u00e1 ahogada por este incremento de sus obligaciones tributarias y la eliminaci\u00f3n de estos m\u00ednimos beneficios. Si a eso se agrega que mucha de esta clase media depende en su mayor\u00eda del cr\u00e9dito para ciertas adquisiciones, el nudo se completa y la ahorca, especialmente para los que son aut\u00f3nomos o en situaci\u00f3n de prestaci\u00f3n de servicios.<\/p>\n\n\n\n<p>Pero, se plantea que hay tributos que tocan a los privilegiados. Una lectura cuidadosa del texto muestra que esto no es cierto. A pesar de que si se busca mantener el impuesto al patrimonio, o a dividendos, esta parte del texto es la que a\u00fan es susceptible de cambios en el Congreso, y la que potencialmente no pasar\u00e1, junto con ciertas medidas del IVA.<\/p>\n\n\n\n<p>Resumiendo, lo que estos modelos t\u00e9cnicos no observan es el contenido de clase detr\u00e1s de la reforma tributaria , que no es m\u00e1s que la muestra de la defensa de los privilegios de clase por parte de las \u00e9lites. De hecho, en los resultados de la Comisi\u00f3n de Expertos una gr\u00e1fica mostraba algo que es un secreto a voces, que el 1% m\u00e1s rico no tributa tanto de sus ingresos en comparaci\u00f3n a esa clase media profesional demostrando que las \u00e9lites, al tiempo que esgrimen el discurso de \u201cEstado eficiente\u201d y \u201cla corrupci\u00f3n es un mal\u201d son las mismas que menos aportan realmente a mantenerlo, por lo que \u201csu conclusi\u00f3n general es que es un sistema tributario disfuncional e injusto, que promueve la inequidad.\u201d&nbsp;&nbsp;<\/p>\n\n\n\n<figure class=\"wp-block-image\"><img decoding=\"async\" src=\"https:\/\/lh6.googleusercontent.com\/YVZR65vGOoMriDc7PGUCTWIaBXw_EF4BFDvWJOUmnCKp40xz-Oeyyy9hl6IQKuiQJU6UpiczdB8tp1rVOWxko344PemuaJ_lmLNmvBWxL987nrWnvQk0v59GmNbSE4cnCeXsYxmt5jXAz8LxMA\" alt=\"\"\/><\/figure>\n\n\n\n<p>Los capitalistas declaran una tributaci\u00f3n efectiva que no afecta realmente sus ingresos anulando la \u201cprogresividad\u201d buscada en los impuestos. As\u00ed, aunque \u201ct\u00e9cnicamente\u201d la propuesta mejorar\u00eda la \u201cprogresividad\u201d al hacer que m\u00e1s personas de altos ingresos laborales paguen, no se plantea gravar los dividendos por ejemplo (que es la mayor fuente de ingreso para los percentiles m\u00e1s altos).&nbsp;<\/p>\n\n\n\n<figure class=\"wp-block-image\"><img decoding=\"async\" src=\"https:\/\/lh3.googleusercontent.com\/YfC6R-kY62P014ut4cxwmorv-v_378jkK6ZR00b9la7P6guTBbaFWFPLk1-CMYfCxqXGi84bJh-M5wVWE_3XCzfY6N2r9W7K7oN7ud5brT-__VXesl9nXUEy-9dbWUKhSZdcTUkTIN3LoHX4bw\" alt=\"\"\/><figcaption>Fuente: La Silla Vac\u00eda<\/figcaption><\/figure>\n\n\n\n<p><a href=\"https:\/\/lasillavacia.com\/asi-pagan-menos-impuesto-renta-los-superricos-80681\">As\u00ed pagan menos impuesto de renta los superricos<\/a>&nbsp;<\/p>\n\n\n\n<p>Pero a la clase trabajadora, \u00bfen que lo afecta esto? Si la reforma pasara como est\u00e1, muchos se ver\u00e1n forzados a presentar una declaraci\u00f3n de renta, por lo que tambi\u00e9n se impactar\u00eda su ingreso disponible. Por el otro lado, como ya anunciaron varios gremios, al encarecerse la cadena de producci\u00f3n, los precios tendr\u00e1n un ajuste al alza. Si de por s\u00ed la disparidad de ingresos es alta (la mayor\u00eda de los trabajadores ganan el m\u00ednimo con solo el 30% recibiendo ingresos superiores a 1,500,000) esto impactar\u00e1 definitivamente los bolsillos. A menos que se diera un ajuste salarial importante, (totalmente improbable dada la ortodoxia de las autoridades econ\u00f3micas) esto solo representa desempleo, menos consumo y pobreza. Aunque los t\u00e9cnicos aleguen, que \u201cesta reforma es mejor a el status quo\u201d porque hace que m\u00e1s personas contribuyan, el hecho central es que no toca a las \u00e9lites en sus ingresos. En suma, si en el papel esto es progresivo, en la pr\u00e1ctica llevar\u00e1 a todo lo contrario.<\/p>\n\n\n\n<p>Este cap\u00edtulo solo demuestra el desgaste en la capacidad de respuesta del sistema econ\u00f3mico capitalista, lo cual no es exclusivo de Colombia. A nivel mundial, varios pa\u00edses est\u00e1n en similares procesos, con la diferencia de que en los pa\u00edses desarrollados se busca \u201ctocar\u201d un poco a los intereses empresariales. Pero en esencia, no es m\u00e1s que el l\u00f3gico resultado de este sistema, donde alguien tiene que pagar por la crisis, siendo que los capitalistas buscar\u00e1n pasar el costo a la clase trabajadora.&nbsp;<\/p>\n\n\n\n<p>Esto es una excelente oportunidad para que los sindicatos y dem\u00e1s organizaciones que est\u00e1n llamando al paro del 28 de abril muestren su militancia. Hay que ser claros en que esta militancia es a\u00fan incipiente, y muy probablemente encuadrada en los \u201cl\u00edmites\u201d aceptados. En estos momentos donde se dan puntos de quiebre y el conflicto entre clases se evidencia es cuando la teor\u00eda debe dar paso a la acci\u00f3n. Las fuerzas vivas de la clase trabajadora tarde o temprano trascender\u00e1n a los liderazgos que permanezcan est\u00e1ticos ante esto.<\/p>\n\n\n\n<p>Nuevamente, esto demuestra la necesidad de trascender al capitalismo. Bajo un sistema de producci\u00f3n socialista, crisis econ\u00f3micas como estas no ocurrir\u00edan, ya que estas ocurren enteramente debido al mantenimiento de la propiedad privada y la anarqu\u00eda en la producci\u00f3n.&nbsp; A trav\u00e9s del \u00faltimo a\u00f1o, ha sido bien claro que la burgues\u00eda Colombiana ha empeorado las condiciones de vida de la gente y le ha dado impulso a la pandemia, a trav\u00e9s de la reapertura inteligente y la pobre vacunaci\u00f3n. En cambio, una econom\u00eda planeada podr\u00eda haber supervisado una propia cuarentena y haber financiado los costos personales de la gente a trav\u00e9s del proceso, sin mencionar la reorganizaci\u00f3n econ\u00f3mica requerida para saber cu\u00e1les sectores de industria se podr\u00edan mantener abiertos o cerrados de acuerdo a las necesidades productivas actuales. Todo esto podr\u00eda ser administrado por los obreros de cada f\u00e1brica y lugar de trabajo.&nbsp;<\/p>\n\n\n\n<p><a href=\"https:\/\/www.scribd.com\/document\/503020782\/Texto-Propuesta-Reforma-Tributaria#from_embed\">Texto Propuesta Reforma Tributaria. | Pensi\u00f3n | Bienestar<\/a>&nbsp;<\/p>\n\n\n\n<p><a href=\"https:\/\/www.dian.gov.co\/dian\/Documents\/Informe-Comite-Expertos-DIAN-OCDE2021.pdf\">Informe de la Comisi\u00f3n de Expertos en Beneficios Tributarios<\/a>&nbsp;<\/p>\n\n\n\n<p><a href=\"https:\/\/www.reuters.com\/article\/us-moody-s-credit-idUSKBN14X2LP\">Moody&#8217;s pays $864 million to U.S., states over pre-crisis ratings<\/a>&nbsp;<\/p>\n\n\n\n<p><a href=\"https:\/\/www.elespectador.com\/noticias\/economia\/la-marcha-de-los-calzoncillos\/\">La marcha de los calzoncillos en la reforma tributaria Econom\u00eda<\/a><\/p>\n\n\n\n<p><a href=\"https:\/\/www.portafolio.co\/economia\/estaremos-mejor-con-esta-reforma-tributaria-aprobada-que-sin-ella-551048\">\u2018Estaremos mejor con esta reforma aprobada que sin ella\u2019<\/a>&nbsp;&nbsp;<\/p>\n","protected":false},"excerpt":{"rendered":"<p>A pesar de su posici\u00f3n en 2016 contra la reforma tributaria del gobierno de Santos, y de se\u00f1alamientos a su \u201cgasto excesivo\u201d. Iv\u00e1n Duque, y el Centro Democr\u00e1tico, al llegar al poder se han enfrentado a la misma disyuntiva, reformas tributarias para apuntalar su capacidad de administraci\u00f3n de los recursos del pa\u00eds. Con los efectos [&hellip;]<\/p>\n","protected":false},"author":6,"featured_media":2316,"comment_status":"open","ping_status":"open","sticky":false,"template":"","format":"standard","meta":{"footnotes":""},"categories":[198,204,276],"tags":[249,250,251,252],"class_list":["post-2315","post","type-post","status-publish","format-standard","has-post-thumbnail","hentry","category-economia","category-actualidad","category-paro-nacional","tag-reforma-tributaria","tag-duque","tag-economia","tag-paquetazo"],"yoast_head":"<!-- This site is optimized with the Yoast SEO plugin v27.4 - https:\/\/yoast.com\/product\/yoast-seo-wordpress\/ -->\n<title>El paquetazo de Duque - Colombia Marxista<\/title>\n<meta name=\"robots\" content=\"index, follow, max-snippet:-1, max-image-preview:large, max-video-preview:-1\" \/>\n<link rel=\"canonical\" href=\"https:\/\/colombiamarxista.com\/?p=2315\" \/>\n<meta property=\"og:locale\" content=\"es_ES\" \/>\n<meta property=\"og:type\" content=\"article\" \/>\n<meta property=\"og:title\" content=\"El paquetazo de Duque - Colombia Marxista\" \/>\n<meta property=\"og:description\" content=\"A pesar de su posici\u00f3n en 2016 contra la reforma tributaria del gobierno de Santos, y de se\u00f1alamientos a su \u201cgasto excesivo\u201d. Iv\u00e1n Duque, y el Centro Democr\u00e1tico, al llegar al poder se han enfrentado a la misma disyuntiva, reformas tributarias para apuntalar su capacidad de administraci\u00f3n de los recursos del pa\u00eds. Con los efectos [&hellip;]\" \/>\n<meta property=\"og:url\" content=\"https:\/\/colombiamarxista.com\/?p=2315\" \/>\n<meta property=\"og:site_name\" content=\"Colombia Marxista\" \/>\n<meta property=\"article:published_time\" content=\"2021-04-26T16:12:09+00:00\" \/>\n<meta property=\"article:modified_time\" content=\"2021-06-05T00:16:29+00:00\" \/>\n<meta property=\"og:image\" content=\"https:\/\/colombiamarxista.com\/wp-content\/uploads\/2021\/04\/ivan-duque-reforma-tributaria.jpg\" \/>\n\t<meta property=\"og:image:width\" content=\"1200\" \/>\n\t<meta property=\"og:image:height\" content=\"675\" \/>\n\t<meta property=\"og:image:type\" content=\"image\/jpeg\" \/>\n<meta name=\"author\" content=\"Luis Aristizabal\" \/>\n<meta name=\"twitter:card\" content=\"summary_large_image\" \/>\n<meta name=\"twitter:label1\" content=\"Escrito por\" \/>\n\t<meta name=\"twitter:data1\" content=\"Luis Aristizabal\" \/>\n\t<meta name=\"twitter:label2\" content=\"Tiempo de lectura\" \/>\n\t<meta name=\"twitter:data2\" content=\"7 minutos\" \/>\n<script type=\"application\/ld+json\" class=\"yoast-schema-graph\">{\"@context\":\"https:\\\/\\\/schema.org\",\"@graph\":[{\"@type\":\"Article\",\"@id\":\"https:\\\/\\\/colombiamarxista.com\\\/?p=2315#article\",\"isPartOf\":{\"@id\":\"https:\\\/\\\/colombiamarxista.com\\\/?p=2315\"},\"author\":{\"name\":\"Luis Aristizabal\",\"@id\":\"https:\\\/\\\/colombiamarxista.com\\\/#\\\/schema\\\/person\\\/5f4ac2c654f67aee109a8edfe94eedf8\"},\"headline\":\"El paquetazo de Duque\",\"datePublished\":\"2021-04-26T16:12:09+00:00\",\"dateModified\":\"2021-06-05T00:16:29+00:00\",\"mainEntityOfPage\":{\"@id\":\"https:\\\/\\\/colombiamarxista.com\\\/?p=2315\"},\"wordCount\":1511,\"commentCount\":0,\"publisher\":{\"@id\":\"https:\\\/\\\/colombiamarxista.com\\\/#organization\"},\"image\":{\"@id\":\"https:\\\/\\\/colombiamarxista.com\\\/?p=2315#primaryimage\"},\"thumbnailUrl\":\"https:\\\/\\\/colombiamarxista.com\\\/wp-content\\\/uploads\\\/2021\\\/04\\\/ivan-duque-reforma-tributaria.jpg\",\"keywords\":[\"reforma tributaria\",\"duque\",\"economia\",\"paquetazo\"],\"articleSection\":[\"Econom\u00eda\",\"Actualidad\",\"Paro Nacional 2021\"],\"inLanguage\":\"es-CO\",\"potentialAction\":[{\"@type\":\"CommentAction\",\"name\":\"Comment\",\"target\":[\"https:\\\/\\\/colombiamarxista.com\\\/?p=2315#respond\"]}]},{\"@type\":\"WebPage\",\"@id\":\"https:\\\/\\\/colombiamarxista.com\\\/?p=2315\",\"url\":\"https:\\\/\\\/colombiamarxista.com\\\/?p=2315\",\"name\":\"El paquetazo de Duque - Colombia Marxista\",\"isPartOf\":{\"@id\":\"https:\\\/\\\/colombiamarxista.com\\\/#website\"},\"primaryImageOfPage\":{\"@id\":\"https:\\\/\\\/colombiamarxista.com\\\/?p=2315#primaryimage\"},\"image\":{\"@id\":\"https:\\\/\\\/colombiamarxista.com\\\/?p=2315#primaryimage\"},\"thumbnailUrl\":\"https:\\\/\\\/colombiamarxista.com\\\/wp-content\\\/uploads\\\/2021\\\/04\\\/ivan-duque-reforma-tributaria.jpg\",\"datePublished\":\"2021-04-26T16:12:09+00:00\",\"dateModified\":\"2021-06-05T00:16:29+00:00\",\"breadcrumb\":{\"@id\":\"https:\\\/\\\/colombiamarxista.com\\\/?p=2315#breadcrumb\"},\"inLanguage\":\"es-CO\",\"potentialAction\":[{\"@type\":\"ReadAction\",\"target\":[\"https:\\\/\\\/colombiamarxista.com\\\/?p=2315\"]}]},{\"@type\":\"ImageObject\",\"inLanguage\":\"es-CO\",\"@id\":\"https:\\\/\\\/colombiamarxista.com\\\/?p=2315#primaryimage\",\"url\":\"https:\\\/\\\/colombiamarxista.com\\\/wp-content\\\/uploads\\\/2021\\\/04\\\/ivan-duque-reforma-tributaria.jpg\",\"contentUrl\":\"https:\\\/\\\/colombiamarxista.com\\\/wp-content\\\/uploads\\\/2021\\\/04\\\/ivan-duque-reforma-tributaria.jpg\",\"width\":1200,\"height\":675},{\"@type\":\"BreadcrumbList\",\"@id\":\"https:\\\/\\\/colombiamarxista.com\\\/?p=2315#breadcrumb\",\"itemListElement\":[{\"@type\":\"ListItem\",\"position\":1,\"name\":\"Home\",\"item\":\"https:\\\/\\\/colombiamarxista.com\\\/\"},{\"@type\":\"ListItem\",\"position\":2,\"name\":\"El paquetazo de Duque\"}]},{\"@type\":\"WebSite\",\"@id\":\"https:\\\/\\\/colombiamarxista.com\\\/#website\",\"url\":\"https:\\\/\\\/colombiamarxista.com\\\/\",\"name\":\"Colombia Marxista\",\"description\":\"\",\"publisher\":{\"@id\":\"https:\\\/\\\/colombiamarxista.com\\\/#organization\"},\"potentialAction\":[{\"@type\":\"SearchAction\",\"target\":{\"@type\":\"EntryPoint\",\"urlTemplate\":\"https:\\\/\\\/colombiamarxista.com\\\/?s={search_term_string}\"},\"query-input\":{\"@type\":\"PropertyValueSpecification\",\"valueRequired\":true,\"valueName\":\"search_term_string\"}}],\"inLanguage\":\"es-CO\"},{\"@type\":\"Organization\",\"@id\":\"https:\\\/\\\/colombiamarxista.com\\\/#organization\",\"name\":\"Colombia Marxista\",\"url\":\"https:\\\/\\\/colombiamarxista.com\\\/\",\"logo\":{\"@type\":\"ImageObject\",\"inLanguage\":\"es-CO\",\"@id\":\"https:\\\/\\\/colombiamarxista.com\\\/#\\\/schema\\\/logo\\\/image\\\/\",\"url\":\"https:\\\/\\\/colombiamarxista.com\\\/wp-content\\\/uploads\\\/2021\\\/04\\\/logo-rojo.-03.png\",\"contentUrl\":\"https:\\\/\\\/colombiamarxista.com\\\/wp-content\\\/uploads\\\/2021\\\/04\\\/logo-rojo.-03.png\",\"width\":7328,\"height\":2601,\"caption\":\"Colombia Marxista\"},\"image\":{\"@id\":\"https:\\\/\\\/colombiamarxista.com\\\/#\\\/schema\\\/logo\\\/image\\\/\"}},{\"@type\":\"Person\",\"@id\":\"https:\\\/\\\/colombiamarxista.com\\\/#\\\/schema\\\/person\\\/5f4ac2c654f67aee109a8edfe94eedf8\",\"name\":\"Luis Aristizabal\",\"image\":{\"@type\":\"ImageObject\",\"inLanguage\":\"es-CO\",\"@id\":\"https:\\\/\\\/secure.gravatar.com\\\/avatar\\\/8265dbda4ab34169a41f123b61623e38c5e9195bad649222ab6b24db27618a22?s=96&d=mm&r=g\",\"url\":\"https:\\\/\\\/secure.gravatar.com\\\/avatar\\\/8265dbda4ab34169a41f123b61623e38c5e9195bad649222ab6b24db27618a22?s=96&d=mm&r=g\",\"contentUrl\":\"https:\\\/\\\/secure.gravatar.com\\\/avatar\\\/8265dbda4ab34169a41f123b61623e38c5e9195bad649222ab6b24db27618a22?s=96&d=mm&r=g\",\"caption\":\"Luis Aristizabal\"},\"url\":\"https:\\\/\\\/colombiamarxista.com\\\/?author=6\"}]}<\/script>\n<!-- \/ Yoast SEO plugin. -->","yoast_head_json":{"title":"El paquetazo de Duque - Colombia Marxista","robots":{"index":"index","follow":"follow","max-snippet":"max-snippet:-1","max-image-preview":"max-image-preview:large","max-video-preview":"max-video-preview:-1"},"canonical":"https:\/\/colombiamarxista.com\/?p=2315","og_locale":"es_ES","og_type":"article","og_title":"El paquetazo de Duque - Colombia Marxista","og_description":"A pesar de su posici\u00f3n en 2016 contra la reforma tributaria del gobierno de Santos, y de se\u00f1alamientos a su \u201cgasto excesivo\u201d. Iv\u00e1n Duque, y el Centro Democr\u00e1tico, al llegar al poder se han enfrentado a la misma disyuntiva, reformas tributarias para apuntalar su capacidad de administraci\u00f3n de los recursos del pa\u00eds. Con los efectos [&hellip;]","og_url":"https:\/\/colombiamarxista.com\/?p=2315","og_site_name":"Colombia Marxista","article_published_time":"2021-04-26T16:12:09+00:00","article_modified_time":"2021-06-05T00:16:29+00:00","og_image":[{"width":1200,"height":675,"url":"https:\/\/colombiamarxista.com\/wp-content\/uploads\/2021\/04\/ivan-duque-reforma-tributaria.jpg","type":"image\/jpeg"}],"author":"Luis Aristizabal","twitter_card":"summary_large_image","twitter_misc":{"Escrito por":"Luis Aristizabal","Tiempo de lectura":"7 minutos"},"schema":{"@context":"https:\/\/schema.org","@graph":[{"@type":"Article","@id":"https:\/\/colombiamarxista.com\/?p=2315#article","isPartOf":{"@id":"https:\/\/colombiamarxista.com\/?p=2315"},"author":{"name":"Luis Aristizabal","@id":"https:\/\/colombiamarxista.com\/#\/schema\/person\/5f4ac2c654f67aee109a8edfe94eedf8"},"headline":"El paquetazo de Duque","datePublished":"2021-04-26T16:12:09+00:00","dateModified":"2021-06-05T00:16:29+00:00","mainEntityOfPage":{"@id":"https:\/\/colombiamarxista.com\/?p=2315"},"wordCount":1511,"commentCount":0,"publisher":{"@id":"https:\/\/colombiamarxista.com\/#organization"},"image":{"@id":"https:\/\/colombiamarxista.com\/?p=2315#primaryimage"},"thumbnailUrl":"https:\/\/colombiamarxista.com\/wp-content\/uploads\/2021\/04\/ivan-duque-reforma-tributaria.jpg","keywords":["reforma tributaria","duque","economia","paquetazo"],"articleSection":["Econom\u00eda","Actualidad","Paro Nacional 2021"],"inLanguage":"es-CO","potentialAction":[{"@type":"CommentAction","name":"Comment","target":["https:\/\/colombiamarxista.com\/?p=2315#respond"]}]},{"@type":"WebPage","@id":"https:\/\/colombiamarxista.com\/?p=2315","url":"https:\/\/colombiamarxista.com\/?p=2315","name":"El paquetazo de Duque - Colombia Marxista","isPartOf":{"@id":"https:\/\/colombiamarxista.com\/#website"},"primaryImageOfPage":{"@id":"https:\/\/colombiamarxista.com\/?p=2315#primaryimage"},"image":{"@id":"https:\/\/colombiamarxista.com\/?p=2315#primaryimage"},"thumbnailUrl":"https:\/\/colombiamarxista.com\/wp-content\/uploads\/2021\/04\/ivan-duque-reforma-tributaria.jpg","datePublished":"2021-04-26T16:12:09+00:00","dateModified":"2021-06-05T00:16:29+00:00","breadcrumb":{"@id":"https:\/\/colombiamarxista.com\/?p=2315#breadcrumb"},"inLanguage":"es-CO","potentialAction":[{"@type":"ReadAction","target":["https:\/\/colombiamarxista.com\/?p=2315"]}]},{"@type":"ImageObject","inLanguage":"es-CO","@id":"https:\/\/colombiamarxista.com\/?p=2315#primaryimage","url":"https:\/\/colombiamarxista.com\/wp-content\/uploads\/2021\/04\/ivan-duque-reforma-tributaria.jpg","contentUrl":"https:\/\/colombiamarxista.com\/wp-content\/uploads\/2021\/04\/ivan-duque-reforma-tributaria.jpg","width":1200,"height":675},{"@type":"BreadcrumbList","@id":"https:\/\/colombiamarxista.com\/?p=2315#breadcrumb","itemListElement":[{"@type":"ListItem","position":1,"name":"Home","item":"https:\/\/colombiamarxista.com\/"},{"@type":"ListItem","position":2,"name":"El paquetazo de Duque"}]},{"@type":"WebSite","@id":"https:\/\/colombiamarxista.com\/#website","url":"https:\/\/colombiamarxista.com\/","name":"Colombia Marxista","description":"","publisher":{"@id":"https:\/\/colombiamarxista.com\/#organization"},"potentialAction":[{"@type":"SearchAction","target":{"@type":"EntryPoint","urlTemplate":"https:\/\/colombiamarxista.com\/?s={search_term_string}"},"query-input":{"@type":"PropertyValueSpecification","valueRequired":true,"valueName":"search_term_string"}}],"inLanguage":"es-CO"},{"@type":"Organization","@id":"https:\/\/colombiamarxista.com\/#organization","name":"Colombia Marxista","url":"https:\/\/colombiamarxista.com\/","logo":{"@type":"ImageObject","inLanguage":"es-CO","@id":"https:\/\/colombiamarxista.com\/#\/schema\/logo\/image\/","url":"https:\/\/colombiamarxista.com\/wp-content\/uploads\/2021\/04\/logo-rojo.-03.png","contentUrl":"https:\/\/colombiamarxista.com\/wp-content\/uploads\/2021\/04\/logo-rojo.-03.png","width":7328,"height":2601,"caption":"Colombia Marxista"},"image":{"@id":"https:\/\/colombiamarxista.com\/#\/schema\/logo\/image\/"}},{"@type":"Person","@id":"https:\/\/colombiamarxista.com\/#\/schema\/person\/5f4ac2c654f67aee109a8edfe94eedf8","name":"Luis Aristizabal","image":{"@type":"ImageObject","inLanguage":"es-CO","@id":"https:\/\/secure.gravatar.com\/avatar\/8265dbda4ab34169a41f123b61623e38c5e9195bad649222ab6b24db27618a22?s=96&d=mm&r=g","url":"https:\/\/secure.gravatar.com\/avatar\/8265dbda4ab34169a41f123b61623e38c5e9195bad649222ab6b24db27618a22?s=96&d=mm&r=g","contentUrl":"https:\/\/secure.gravatar.com\/avatar\/8265dbda4ab34169a41f123b61623e38c5e9195bad649222ab6b24db27618a22?s=96&d=mm&r=g","caption":"Luis Aristizabal"},"url":"https:\/\/colombiamarxista.com\/?author=6"}]}},"_links":{"self":[{"href":"https:\/\/colombiamarxista.com\/index.php?rest_route=\/wp\/v2\/posts\/2315","targetHints":{"allow":["GET"]}}],"collection":[{"href":"https:\/\/colombiamarxista.com\/index.php?rest_route=\/wp\/v2\/posts"}],"about":[{"href":"https:\/\/colombiamarxista.com\/index.php?rest_route=\/wp\/v2\/types\/post"}],"author":[{"embeddable":true,"href":"https:\/\/colombiamarxista.com\/index.php?rest_route=\/wp\/v2\/users\/6"}],"replies":[{"embeddable":true,"href":"https:\/\/colombiamarxista.com\/index.php?rest_route=%2Fwp%2Fv2%2Fcomments&post=2315"}],"version-history":[{"count":0,"href":"https:\/\/colombiamarxista.com\/index.php?rest_route=\/wp\/v2\/posts\/2315\/revisions"}],"wp:featuredmedia":[{"embeddable":true,"href":"https:\/\/colombiamarxista.com\/index.php?rest_route=\/wp\/v2\/media\/2316"}],"wp:attachment":[{"href":"https:\/\/colombiamarxista.com\/index.php?rest_route=%2Fwp%2Fv2%2Fmedia&parent=2315"}],"wp:term":[{"taxonomy":"category","embeddable":true,"href":"https:\/\/colombiamarxista.com\/index.php?rest_route=%2Fwp%2Fv2%2Fcategories&post=2315"},{"taxonomy":"post_tag","embeddable":true,"href":"https:\/\/colombiamarxista.com\/index.php?rest_route=%2Fwp%2Fv2%2Ftags&post=2315"}],"curies":[{"name":"wp","href":"https:\/\/api.w.org\/{rel}","templated":true}]}}